{"id":48154,"date":"2025-03-05T11:39:37","date_gmt":"2025-03-05T10:39:37","guid":{"rendered":"https:\/\/elmawkie.dz\/fr\/?p=48154"},"modified":"2025-03-05T11:48:02","modified_gmt":"2025-03-05T10:48:02","slug":"algerie-poste-le-dg-demis-de-ses-fonctions","status":"publish","type":"post","link":"https:\/\/elmawkie.dz\/fr\/algerie-poste-le-dg-demis-de-ses-fonctions\/","title":{"rendered":"Alg\u00e9rie Poste\u00a0: le DG d\u00e9mis de ses fonctions"},"content":{"rendered":"\n<p>Le Pr\u00e9sident de la R\u00e9publique, Abdelmadjid Tebboune, a pris la d\u00e9cision de mettre fin aux fonctions de Louai Zaidi, le Directeur g\u00e9n\u00e9ral de l\u2019entreprise publique Alg\u00e9rie Poste.<\/p>\n\n\n\n<p>En effet, selon le Journal officiel n\u00b014, paru le 2 mars 2025, un d\u00e9cret pr\u00e9sidentiel officialise la fin de fonctions de M.Zaidi \u00e0 la t\u00eate de cette entreprise publique \u00e0 caract\u00e8re industriel et commercial.<\/p>\n\n\n\n<p>Pour rappel, Louai Zaidi avait \u00e9t\u00e9 nomm\u00e9 \u00e0 ce poste en f\u00e9vrier 2022, succ\u00e9dant \u00e0 ses pr\u00e9d\u00e9cesseurs dans le cadre des efforts de modernisation du secteur postal en Alg\u00e9rie. Aucune information suppl\u00e9mentaire n\u2019a \u00e9t\u00e9 communiqu\u00e9e quant aux raisons de cette d\u00e9cision ni sur l\u2019identit\u00e9 de son successeur.<\/p>\n\n\n\n<figure class=\"wp-block-image size-full\"><img decoding=\"async\" width=\"913\" height=\"629\" src=\"https:\/\/elmawkie.dz\/fr\/wp-content\/uploads\/2025\/03\/IMG_0800-1.jpeg\" alt=\"\" class=\"wp-image-48173\" srcset=\"https:\/\/elmawkie.dz\/fr\/wp-content\/uploads\/2025\/03\/IMG_0800-1.jpeg 913w, https:\/\/elmawkie.dz\/fr\/wp-content\/uploads\/2025\/03\/IMG_0800-1-300x207.jpeg 300w, https:\/\/elmawkie.dz\/fr\/wp-content\/uploads\/2025\/03\/IMG_0800-1-768x529.jpeg 768w\" sizes=\"(max-width: 913px) 100vw, 913px\" \/><\/figure>\n","protected":false},"excerpt":{"rendered":"<p>Le Pr\u00e9sident de la R\u00e9publique, Abdelmadjid Tebboune, a pris la d\u00e9cision de mettre fin aux fonctions de Louai Zaidi, le Directeur g\u00e9n\u00e9ral de l\u2019entreprise publique Alg\u00e9rie Poste. En effet, selon le Journal officiel n\u00b014, paru le 2 mars 2025, un d\u00e9cret pr\u00e9sidentiel officialise la fin de fonctions de M.Zaidi \u00e0 la t\u00eate de cette entreprise &hellip;<\/p>\n","protected":false},"author":8,"featured_media":48169,"comment_status":"open","ping_status":"open","sticky":false,"template":"","format":"standard","meta":{"footnotes":""},"categories":[47],"tags":[1217,2905,2906],"class_list":["post-48154","post","type-post","status-publish","format-standard","has-post-thumbnail","hentry","category-national","tag-algerie-poste","tag-dg","tag-louai-zaidi"],"yoast_head":"<!-- This site is optimized with the Yoast SEO Premium plugin v22.6 (Yoast SEO v22.6) - https:\/\/yoast.com\/wordpress\/plugins\/seo\/ -->\n<title>Alg\u00e9rie Poste\u00a0: le DG d\u00e9mis de ses fonctions - El Mawkie<\/title>\n<meta name=\"robots\" content=\"index, follow, max-snippet:-1, max-image-preview:large, max-video-preview:-1\" \/>\n<link rel=\"canonical\" href=\"https:\/\/elmawkie.dz\/fr\/algerie-poste-le-dg-demis-de-ses-fonctions\/\" \/>\n<meta property=\"og:locale\" content=\"fr_FR\" \/>\n<meta property=\"og:type\" content=\"article\" \/>\n<meta property=\"og:title\" content=\"Alg\u00e9rie Poste\u00a0: le DG d\u00e9mis de ses fonctions\" \/>\n<meta property=\"og:description\" content=\"Le Pr\u00e9sident de la R\u00e9publique, Abdelmadjid Tebboune, a pris la d\u00e9cision de mettre fin aux fonctions de Louai Zaidi, le Directeur g\u00e9n\u00e9ral de l\u2019entreprise publique Alg\u00e9rie Poste. En effet, selon le Journal officiel n\u00b014, paru le 2 mars 2025, un d\u00e9cret pr\u00e9sidentiel officialise la fin de fonctions de M.Zaidi \u00e0 la t\u00eate de cette entreprise &hellip;\" \/>\n<meta property=\"og:url\" content=\"https:\/\/elmawkie.dz\/fr\/algerie-poste-le-dg-demis-de-ses-fonctions\/\" \/>\n<meta property=\"og:site_name\" content=\"El Mawkie\" \/>\n<meta property=\"article:publisher\" content=\"https:\/\/www.facebook.com\/profile.php?id=100088407094989&amp;locale=fr_FR\" \/>\n<meta property=\"article:published_time\" content=\"2025-03-05T10:39:37+00:00\" \/>\n<meta property=\"article:modified_time\" content=\"2025-03-05T10:48:02+00:00\" \/>\n<meta property=\"og:image\" content=\"https:\/\/elmawkie.dz\/fr\/wp-content\/uploads\/2025\/03\/IMG_0799.webp\" \/>\n\t<meta property=\"og:image:width\" content=\"296\" \/>\n\t<meta property=\"og:image:height\" content=\"198\" \/>\n\t<meta property=\"og:image:type\" content=\"image\/webp\" \/>\n<meta name=\"author\" content=\"khayro\" \/>\n<meta name=\"twitter:card\" content=\"summary_large_image\" \/>\n<meta name=\"twitter:label1\" content=\"Written by\" \/>\n\t<meta name=\"twitter:data1\" content=\"khayro\" \/>\n\t<meta name=\"twitter:label2\" content=\"Est. reading time\" \/>\n\t<meta name=\"twitter:data2\" content=\"1 minute\" \/>\n<script type=\"application\/ld+json\" class=\"yoast-schema-graph\">{\"@context\":\"https:\/\/schema.org\",\"@graph\":[{\"@type\":\"Article\",\"@id\":\"https:\/\/elmawkie.dz\/fr\/algerie-poste-le-dg-demis-de-ses-fonctions\/#article\",\"isPartOf\":{\"@id\":\"https:\/\/elmawkie.dz\/fr\/algerie-poste-le-dg-demis-de-ses-fonctions\/\"},\"author\":{\"name\":\"khayro\",\"@id\":\"https:\/\/elmawkie.dz\/fr\/#\/schema\/person\/15cb7eba76e08e2d2d0ad4b4c4fbb6cb\"},\"headline\":\"Alg\u00e9rie Poste\u00a0: le DG d\u00e9mis de ses fonctions\",\"datePublished\":\"2025-03-05T10:39:37+00:00\",\"dateModified\":\"2025-03-05T10:48:02+00:00\",\"mainEntityOfPage\":{\"@id\":\"https:\/\/elmawkie.dz\/fr\/algerie-poste-le-dg-demis-de-ses-fonctions\/\"},\"wordCount\":133,\"commentCount\":0,\"publisher\":{\"@id\":\"https:\/\/elmawkie.dz\/fr\/#organization\"},\"image\":{\"@id\":\"https:\/\/elmawkie.dz\/fr\/algerie-poste-le-dg-demis-de-ses-fonctions\/#primaryimage\"},\"thumbnailUrl\":\"https:\/\/elmawkie.dz\/fr\/wp-content\/uploads\/2025\/03\/IMG_0799.webp\",\"keywords\":[\"Alg\u00e9rie poste\",\"DG\",\"Louai Zaidi\"],\"articleSection\":[\"National\"],\"inLanguage\":\"fr-FR\",\"potentialAction\":[{\"@type\":\"CommentAction\",\"name\":\"Comment\",\"target\":[\"https:\/\/elmawkie.dz\/fr\/algerie-poste-le-dg-demis-de-ses-fonctions\/#respond\"]}]},{\"@type\":\"WebPage\",\"@id\":\"https:\/\/elmawkie.dz\/fr\/algerie-poste-le-dg-demis-de-ses-fonctions\/\",\"url\":\"https:\/\/elmawkie.dz\/fr\/algerie-poste-le-dg-demis-de-ses-fonctions\/\",\"name\":\"Alg\u00e9rie Poste\u00a0: le DG d\u00e9mis de ses fonctions - El Mawkie\",\"isPartOf\":{\"@id\":\"https:\/\/elmawkie.dz\/fr\/#website\"},\"primaryImageOfPage\":{\"@id\":\"https:\/\/elmawkie.dz\/fr\/algerie-poste-le-dg-demis-de-ses-fonctions\/#primaryimage\"},\"image\":{\"@id\":\"https:\/\/elmawkie.dz\/fr\/algerie-poste-le-dg-demis-de-ses-fonctions\/#primaryimage\"},\"thumbnailUrl\":\"https:\/\/elmawkie.dz\/fr\/wp-content\/uploads\/2025\/03\/IMG_0799.webp\",\"datePublished\":\"2025-03-05T10:39:37+00:00\",\"dateModified\":\"2025-03-05T10:48:02+00:00\",\"breadcrumb\":{\"@id\":\"https:\/\/elmawkie.dz\/fr\/algerie-poste-le-dg-demis-de-ses-fonctions\/#breadcrumb\"},\"inLanguage\":\"fr-FR\",\"potentialAction\":[{\"@type\":\"ReadAction\",\"target\":[\"https:\/\/elmawkie.dz\/fr\/algerie-poste-le-dg-demis-de-ses-fonctions\/\"]}]},{\"@type\":\"ImageObject\",\"inLanguage\":\"fr-FR\",\"@id\":\"https:\/\/elmawkie.dz\/fr\/algerie-poste-le-dg-demis-de-ses-fonctions\/#primaryimage\",\"url\":\"https:\/\/elmawkie.dz\/fr\/wp-content\/uploads\/2025\/03\/IMG_0799.webp\",\"contentUrl\":\"https:\/\/elmawkie.dz\/fr\/wp-content\/uploads\/2025\/03\/IMG_0799.webp\",\"width\":296,\"height\":198},{\"@type\":\"BreadcrumbList\",\"@id\":\"https:\/\/elmawkie.dz\/fr\/algerie-poste-le-dg-demis-de-ses-fonctions\/#breadcrumb\",\"itemListElement\":[{\"@type\":\"ListItem\",\"position\":1,\"name\":\"Home\",\"item\":\"https:\/\/elmawkie.dz\/fr\/\"},{\"@type\":\"ListItem\",\"position\":2,\"name\":\"Alg\u00e9rie Poste\u00a0: le DG d\u00e9mis de ses fonctions\"}]},{\"@type\":\"WebSite\",\"@id\":\"https:\/\/elmawkie.dz\/fr\/#website\",\"url\":\"https:\/\/elmawkie.dz\/fr\/\",\"name\":\"EL MAWKIE\",\"description\":\"Journal \u00c9lectronique Alg\u00e9rien\",\"publisher\":{\"@id\":\"https:\/\/elmawkie.dz\/fr\/#organization\"},\"potentialAction\":[{\"@type\":\"SearchAction\",\"target\":{\"@type\":\"EntryPoint\",\"urlTemplate\":\"https:\/\/elmawkie.dz\/fr\/?s={search_term_string}\"},\"query-input\":\"required name=search_term_string\"}],\"inLanguage\":\"fr-FR\"},{\"@type\":\"Organization\",\"@id\":\"https:\/\/elmawkie.dz\/fr\/#organization\",\"name\":\"EL MAWKIE\",\"url\":\"https:\/\/elmawkie.dz\/fr\/\",\"logo\":{\"@type\":\"ImageObject\",\"inLanguage\":\"fr-FR\",\"@id\":\"https:\/\/elmawkie.dz\/fr\/#\/schema\/logo\/image\/\",\"url\":\"https:\/\/elmawkie.dz\/fr\/wp-content\/uploads\/2024\/05\/logo1.png\",\"contentUrl\":\"https:\/\/elmawkie.dz\/fr\/wp-content\/uploads\/2024\/05\/logo1.png\",\"width\":1648,\"height\":652,\"caption\":\"EL MAWKIE\"},\"image\":{\"@id\":\"https:\/\/elmawkie.dz\/fr\/#\/schema\/logo\/image\/\"},\"sameAs\":[\"https:\/\/www.facebook.com\/profile.php?id=100088407094989&locale=fr_FR\"]},{\"@type\":\"Person\",\"@id\":\"https:\/\/elmawkie.dz\/fr\/#\/schema\/person\/15cb7eba76e08e2d2d0ad4b4c4fbb6cb\",\"name\":\"khayro\",\"image\":{\"@type\":\"ImageObject\",\"inLanguage\":\"fr-FR\",\"@id\":\"https:\/\/elmawkie.dz\/fr\/#\/schema\/person\/image\/\",\"url\":\"https:\/\/secure.gravatar.com\/avatar\/5d609f726f02f77f0ff2a1483fc81992?s=96&d=mm&r=g\",\"contentUrl\":\"https:\/\/secure.gravatar.com\/avatar\/5d609f726f02f77f0ff2a1483fc81992?s=96&d=mm&r=g\",\"caption\":\"khayro\"},\"url\":\"https:\/\/elmawkie.dz\/fr\/author\/khayro\/\"}]}<\/script>\n<!-- \/ Yoast SEO Premium plugin. -->","yoast_head_json":{"title":"Alg\u00e9rie Poste\u00a0: le DG d\u00e9mis de ses fonctions - El Mawkie","robots":{"index":"index","follow":"follow","max-snippet":"max-snippet:-1","max-image-preview":"max-image-preview:large","max-video-preview":"max-video-preview:-1"},"canonical":"https:\/\/elmawkie.dz\/fr\/algerie-poste-le-dg-demis-de-ses-fonctions\/","og_locale":"fr_FR","og_type":"article","og_title":"Alg\u00e9rie Poste\u00a0: le DG d\u00e9mis de ses fonctions","og_description":"Le Pr\u00e9sident de la R\u00e9publique, Abdelmadjid Tebboune, a pris la d\u00e9cision de mettre fin aux fonctions de Louai Zaidi, le Directeur g\u00e9n\u00e9ral de l\u2019entreprise publique Alg\u00e9rie Poste. En effet, selon le Journal officiel n\u00b014, paru le 2 mars 2025, un d\u00e9cret pr\u00e9sidentiel officialise la fin de fonctions de M.Zaidi \u00e0 la t\u00eate de cette entreprise &hellip;","og_url":"https:\/\/elmawkie.dz\/fr\/algerie-poste-le-dg-demis-de-ses-fonctions\/","og_site_name":"El Mawkie","article_publisher":"https:\/\/www.facebook.com\/profile.php?id=100088407094989&locale=fr_FR","article_published_time":"2025-03-05T10:39:37+00:00","article_modified_time":"2025-03-05T10:48:02+00:00","og_image":[{"width":296,"height":198,"url":"https:\/\/elmawkie.dz\/fr\/wp-content\/uploads\/2025\/03\/IMG_0799.webp","type":"image\/webp"}],"author":"khayro","twitter_card":"summary_large_image","twitter_misc":{"Written by":"khayro","Est. reading time":"1 minute"},"schema":{"@context":"https:\/\/schema.org","@graph":[{"@type":"Article","@id":"https:\/\/elmawkie.dz\/fr\/algerie-poste-le-dg-demis-de-ses-fonctions\/#article","isPartOf":{"@id":"https:\/\/elmawkie.dz\/fr\/algerie-poste-le-dg-demis-de-ses-fonctions\/"},"author":{"name":"khayro","@id":"https:\/\/elmawkie.dz\/fr\/#\/schema\/person\/15cb7eba76e08e2d2d0ad4b4c4fbb6cb"},"headline":"Alg\u00e9rie Poste\u00a0: le DG d\u00e9mis de ses fonctions","datePublished":"2025-03-05T10:39:37+00:00","dateModified":"2025-03-05T10:48:02+00:00","mainEntityOfPage":{"@id":"https:\/\/elmawkie.dz\/fr\/algerie-poste-le-dg-demis-de-ses-fonctions\/"},"wordCount":133,"commentCount":0,"publisher":{"@id":"https:\/\/elmawkie.dz\/fr\/#organization"},"image":{"@id":"https:\/\/elmawkie.dz\/fr\/algerie-poste-le-dg-demis-de-ses-fonctions\/#primaryimage"},"thumbnailUrl":"https:\/\/elmawkie.dz\/fr\/wp-content\/uploads\/2025\/03\/IMG_0799.webp","keywords":["Alg\u00e9rie poste","DG","Louai Zaidi"],"articleSection":["National"],"inLanguage":"fr-FR","potentialAction":[{"@type":"CommentAction","name":"Comment","target":["https:\/\/elmawkie.dz\/fr\/algerie-poste-le-dg-demis-de-ses-fonctions\/#respond"]}]},{"@type":"WebPage","@id":"https:\/\/elmawkie.dz\/fr\/algerie-poste-le-dg-demis-de-ses-fonctions\/","url":"https:\/\/elmawkie.dz\/fr\/algerie-poste-le-dg-demis-de-ses-fonctions\/","name":"Alg\u00e9rie Poste\u00a0: le DG d\u00e9mis de ses fonctions - El Mawkie","isPartOf":{"@id":"https:\/\/elmawkie.dz\/fr\/#website"},"primaryImageOfPage":{"@id":"https:\/\/elmawkie.dz\/fr\/algerie-poste-le-dg-demis-de-ses-fonctions\/#primaryimage"},"image":{"@id":"https:\/\/elmawkie.dz\/fr\/algerie-poste-le-dg-demis-de-ses-fonctions\/#primaryimage"},"thumbnailUrl":"https:\/\/elmawkie.dz\/fr\/wp-content\/uploads\/2025\/03\/IMG_0799.webp","datePublished":"2025-03-05T10:39:37+00:00","dateModified":"2025-03-05T10:48:02+00:00","breadcrumb":{"@id":"https:\/\/elmawkie.dz\/fr\/algerie-poste-le-dg-demis-de-ses-fonctions\/#breadcrumb"},"inLanguage":"fr-FR","potentialAction":[{"@type":"ReadAction","target":["https:\/\/elmawkie.dz\/fr\/algerie-poste-le-dg-demis-de-ses-fonctions\/"]}]},{"@type":"ImageObject","inLanguage":"fr-FR","@id":"https:\/\/elmawkie.dz\/fr\/algerie-poste-le-dg-demis-de-ses-fonctions\/#primaryimage","url":"https:\/\/elmawkie.dz\/fr\/wp-content\/uploads\/2025\/03\/IMG_0799.webp","contentUrl":"https:\/\/elmawkie.dz\/fr\/wp-content\/uploads\/2025\/03\/IMG_0799.webp","width":296,"height":198},{"@type":"BreadcrumbList","@id":"https:\/\/elmawkie.dz\/fr\/algerie-poste-le-dg-demis-de-ses-fonctions\/#breadcrumb","itemListElement":[{"@type":"ListItem","position":1,"name":"Home","item":"https:\/\/elmawkie.dz\/fr\/"},{"@type":"ListItem","position":2,"name":"Alg\u00e9rie Poste\u00a0: le DG d\u00e9mis de ses fonctions"}]},{"@type":"WebSite","@id":"https:\/\/elmawkie.dz\/fr\/#website","url":"https:\/\/elmawkie.dz\/fr\/","name":"EL MAWKIE","description":"Journal \u00c9lectronique Alg\u00e9rien","publisher":{"@id":"https:\/\/elmawkie.dz\/fr\/#organization"},"potentialAction":[{"@type":"SearchAction","target":{"@type":"EntryPoint","urlTemplate":"https:\/\/elmawkie.dz\/fr\/?s={search_term_string}"},"query-input":"required name=search_term_string"}],"inLanguage":"fr-FR"},{"@type":"Organization","@id":"https:\/\/elmawkie.dz\/fr\/#organization","name":"EL MAWKIE","url":"https:\/\/elmawkie.dz\/fr\/","logo":{"@type":"ImageObject","inLanguage":"fr-FR","@id":"https:\/\/elmawkie.dz\/fr\/#\/schema\/logo\/image\/","url":"https:\/\/elmawkie.dz\/fr\/wp-content\/uploads\/2024\/05\/logo1.png","contentUrl":"https:\/\/elmawkie.dz\/fr\/wp-content\/uploads\/2024\/05\/logo1.png","width":1648,"height":652,"caption":"EL MAWKIE"},"image":{"@id":"https:\/\/elmawkie.dz\/fr\/#\/schema\/logo\/image\/"},"sameAs":["https:\/\/www.facebook.com\/profile.php?id=100088407094989&locale=fr_FR"]},{"@type":"Person","@id":"https:\/\/elmawkie.dz\/fr\/#\/schema\/person\/15cb7eba76e08e2d2d0ad4b4c4fbb6cb","name":"khayro","image":{"@type":"ImageObject","inLanguage":"fr-FR","@id":"https:\/\/elmawkie.dz\/fr\/#\/schema\/person\/image\/","url":"https:\/\/secure.gravatar.com\/avatar\/5d609f726f02f77f0ff2a1483fc81992?s=96&d=mm&r=g","contentUrl":"https:\/\/secure.gravatar.com\/avatar\/5d609f726f02f77f0ff2a1483fc81992?s=96&d=mm&r=g","caption":"khayro"},"url":"https:\/\/elmawkie.dz\/fr\/author\/khayro\/"}]}},"_links":{"self":[{"href":"https:\/\/elmawkie.dz\/fr\/wp-json\/wp\/v2\/posts\/48154","targetHints":{"allow":["GET"]}}],"collection":[{"href":"https:\/\/elmawkie.dz\/fr\/wp-json\/wp\/v2\/posts"}],"about":[{"href":"https:\/\/elmawkie.dz\/fr\/wp-json\/wp\/v2\/types\/post"}],"author":[{"embeddable":true,"href":"https:\/\/elmawkie.dz\/fr\/wp-json\/wp\/v2\/users\/8"}],"replies":[{"embeddable":true,"href":"https:\/\/elmawkie.dz\/fr\/wp-json\/wp\/v2\/comments?post=48154"}],"version-history":[{"count":3,"href":"https:\/\/elmawkie.dz\/fr\/wp-json\/wp\/v2\/posts\/48154\/revisions"}],"predecessor-version":[{"id":48174,"href":"https:\/\/elmawkie.dz\/fr\/wp-json\/wp\/v2\/posts\/48154\/revisions\/48174"}],"wp:featuredmedia":[{"embeddable":true,"href":"https:\/\/elmawkie.dz\/fr\/wp-json\/wp\/v2\/media\/48169"}],"wp:attachment":[{"href":"https:\/\/elmawkie.dz\/fr\/wp-json\/wp\/v2\/media?parent=48154"}],"wp:term":[{"taxonomy":"category","embeddable":true,"href":"https:\/\/elmawkie.dz\/fr\/wp-json\/wp\/v2\/categories?post=48154"},{"taxonomy":"post_tag","embeddable":true,"href":"https:\/\/elmawkie.dz\/fr\/wp-json\/wp\/v2\/tags?post=48154"}],"curies":[{"name":"wp","href":"https:\/\/api.w.org\/{rel}","templated":true}]}}