{"id":48026,"date":"2025-03-02T22:16:20","date_gmt":"2025-03-02T21:16:20","guid":{"rendered":"https:\/\/elmawkie.dz\/fr\/?p=48026"},"modified":"2025-03-02T22:16:20","modified_gmt":"2025-03-02T21:16:20","slug":"le-president-de-la-republique-abdelmadjid-tebboune-decide-de-ne-pas-participer-personnellement-au-sommet-arabe-durgence","status":"publish","type":"post","link":"https:\/\/elmawkie.dz\/fr\/le-president-de-la-republique-abdelmadjid-tebboune-decide-de-ne-pas-participer-personnellement-au-sommet-arabe-durgence\/","title":{"rendered":"Le pr\u00e9sident de la R\u00e9publique Abdelmadjid Tebboune d\u00e9cide de ne pas participer personnellement au sommet arabe d&rsquo;urgence"},"content":{"rendered":"\n<p>Le pr\u00e9sident de la R\u00e9publique, Monsieur Abdelmadjid Tebboune, a d\u00e9cid\u00e9 de ne pas participer personnellement au sommet arabe d&rsquo;urgence qu&rsquo;abritera la R\u00e9publique arabe d&rsquo;Egypte le 4 mars pour discuter des d\u00e9veloppements de la question palestinienne, a appris l&rsquo;APS de source bien inform\u00e9e. Le pr\u00e9sident de la R\u00e9publique a charg\u00e9 le ministre d&rsquo;Etat, ministre des Affaires \u00e9trang\u00e8res, de la Communaut\u00e9 nationale \u00e0 l&rsquo;\u00e9tranger et des Affaires africaines, Monsieur Ahmed Attaf, de repr\u00e9senter l&rsquo;Alg\u00e9rie \u00e0 ce sommet. Cette d\u00e9cision intervient dans le contexte des d\u00e9s\u00e9quilibres et des lacunes qui ont entach\u00e9 le processus de pr\u00e9paration de ce sommet, dans la mesure o\u00f9 ce processus a \u00e9t\u00e9 monopolis\u00e9 par un groupe limit\u00e9 et \u00e9troit de pays arabes qui ont accapar\u00e9 la pr\u00e9paration des outcomes du prochain sommet du Caire sans aucune coordination avec le reste des pays arabes, qui sont tous concern\u00e9s par la question palestinienne. Notre source a soulign\u00e9 que le Pr\u00e9sident de la R\u00e9publique \u00e9prouve un sentiment d\u2019insatisfaction par rapport \u00e0 cette fa\u00e7on de faire, bas\u00e9e sur l&rsquo;inclusion de pays et l&rsquo;exclusion d&rsquo;autres, comme si le soutien de la cause palestinienne \u00e9tait devenu aujourd\u2019hui le monopole de certains et pas d&rsquo;autres. Alors que la logique des choses a \u00e9t\u00e9 et demeure toujours de consolider l&rsquo;unit\u00e9 arabe et de renforcer le rassemblement de tous les pays arabes autour de la cause palestinienne qui reste leur cause centrale, d&rsquo;autant plus que cette derni\u00e8re est confront\u00e9e \u00e0 des d\u00e9fis existentiels qui visent \u00e0 s\u2019attaquer au projet national palestinien dans son essence. C&rsquo;est-l\u00e0 l&rsquo;approche que l&rsquo;Alg\u00e9rie a toujours appel\u00e9 \u00e0 en faire le r\u00e9f\u00e9rant et la boussole, et notre pays continue de consacrer son mandat au Conseil de S\u00e9curit\u00e9 \u00e0 la d\u00e9fense de la cause palestinienne, une voix arabe qui dit la v\u00e9rit\u00e9, une voix arabe qui d\u00e9fend les droits des opprim\u00e9s, et une voix arabe qui n&rsquo;attend aucune r\u00e9compense ou reconnaissance de ses fr\u00e8res, mais qui se lamente et d\u00e9plore l&rsquo;\u00e9tat actuel de la nation arabe.<\/p>\n","protected":false},"excerpt":{"rendered":"<p>Le pr\u00e9sident de la R\u00e9publique, Monsieur Abdelmadjid Tebboune, a d\u00e9cid\u00e9 de ne pas participer personnellement au sommet arabe d&rsquo;urgence qu&rsquo;abritera la R\u00e9publique arabe d&rsquo;Egypte le 4 mars pour discuter des d\u00e9veloppements de la question palestinienne, a appris l&rsquo;APS de source bien inform\u00e9e. Le pr\u00e9sident de la R\u00e9publique a charg\u00e9 le ministre d&rsquo;Etat, ministre des Affaires &hellip;<\/p>\n","protected":false},"author":9,"featured_media":8015,"comment_status":"open","ping_status":"open","sticky":false,"template":"","format":"standard","meta":{"footnotes":""},"categories":[47],"tags":[213,596,2856],"class_list":["post-48026","post","type-post","status-publish","format-standard","has-post-thumbnail","hentry","category-national","tag-abdelmadjid-tebboune","tag-le-president-de-la-republique","tag-sommet-arabe-durgence"],"yoast_head":"<!-- This site is optimized with the Yoast SEO Premium plugin v22.6 (Yoast SEO v22.6) - https:\/\/yoast.com\/wordpress\/plugins\/seo\/ -->\n<title>Le pr\u00e9sident de la R\u00e9publique Abdelmadjid Tebboune d\u00e9cide de ne pas participer personnellement au sommet arabe d&#039;urgence - El Mawkie<\/title>\n<meta name=\"robots\" content=\"index, follow, max-snippet:-1, max-image-preview:large, max-video-preview:-1\" \/>\n<link rel=\"canonical\" href=\"https:\/\/elmawkie.dz\/fr\/le-president-de-la-republique-abdelmadjid-tebboune-decide-de-ne-pas-participer-personnellement-au-sommet-arabe-durgence\/\" \/>\n<meta property=\"og:locale\" content=\"fr_FR\" \/>\n<meta property=\"og:type\" content=\"article\" \/>\n<meta property=\"og:title\" content=\"Le pr\u00e9sident de la R\u00e9publique Abdelmadjid Tebboune d\u00e9cide de ne pas participer personnellement au sommet arabe d&#039;urgence\" \/>\n<meta property=\"og:description\" content=\"Le pr\u00e9sident de la R\u00e9publique, Monsieur Abdelmadjid Tebboune, a d\u00e9cid\u00e9 de ne pas participer personnellement au sommet arabe d&rsquo;urgence qu&rsquo;abritera la R\u00e9publique arabe d&rsquo;Egypte le 4 mars pour discuter des d\u00e9veloppements de la question palestinienne, a appris l&rsquo;APS de source bien inform\u00e9e. Le pr\u00e9sident de la R\u00e9publique a charg\u00e9 le ministre d&rsquo;Etat, ministre des Affaires &hellip;\" \/>\n<meta property=\"og:url\" content=\"https:\/\/elmawkie.dz\/fr\/le-president-de-la-republique-abdelmadjid-tebboune-decide-de-ne-pas-participer-personnellement-au-sommet-arabe-durgence\/\" \/>\n<meta property=\"og:site_name\" content=\"El Mawkie\" \/>\n<meta property=\"article:publisher\" content=\"https:\/\/www.facebook.com\/profile.php?id=100088407094989&amp;locale=fr_FR\" \/>\n<meta property=\"article:published_time\" content=\"2025-03-02T21:16:20+00:00\" \/>\n<meta property=\"og:image\" content=\"https:\/\/elmawkie.dz\/fr\/wp-content\/uploads\/2025\/01\/IMG_8076.jpeg\" \/>\n\t<meta property=\"og:image:width\" content=\"666\" \/>\n\t<meta property=\"og:image:height\" content=\"461\" \/>\n\t<meta property=\"og:image:type\" content=\"image\/jpeg\" \/>\n<meta name=\"author\" content=\"R\u00e9daction\" \/>\n<meta name=\"twitter:card\" content=\"summary_large_image\" \/>\n<meta name=\"twitter:label1\" content=\"Written by\" \/>\n\t<meta name=\"twitter:data1\" content=\"R\u00e9daction\" \/>\n\t<meta name=\"twitter:label2\" content=\"Est. reading time\" \/>\n\t<meta name=\"twitter:data2\" content=\"2 minutes\" \/>\n<script type=\"application\/ld+json\" class=\"yoast-schema-graph\">{\"@context\":\"https:\/\/schema.org\",\"@graph\":[{\"@type\":\"Article\",\"@id\":\"https:\/\/elmawkie.dz\/fr\/le-president-de-la-republique-abdelmadjid-tebboune-decide-de-ne-pas-participer-personnellement-au-sommet-arabe-durgence\/#article\",\"isPartOf\":{\"@id\":\"https:\/\/elmawkie.dz\/fr\/le-president-de-la-republique-abdelmadjid-tebboune-decide-de-ne-pas-participer-personnellement-au-sommet-arabe-durgence\/\"},\"author\":{\"name\":\"R\u00e9daction\",\"@id\":\"https:\/\/elmawkie.dz\/fr\/#\/schema\/person\/e7bd59d6467874ba5c4723d8a9f0a63c\"},\"headline\":\"Le pr\u00e9sident de la R\u00e9publique Abdelmadjid Tebboune d\u00e9cide de ne pas participer personnellement au sommet arabe d&rsquo;urgence\",\"datePublished\":\"2025-03-02T21:16:20+00:00\",\"dateModified\":\"2025-03-02T21:16:20+00:00\",\"mainEntityOfPage\":{\"@id\":\"https:\/\/elmawkie.dz\/fr\/le-president-de-la-republique-abdelmadjid-tebboune-decide-de-ne-pas-participer-personnellement-au-sommet-arabe-durgence\/\"},\"wordCount\":391,\"commentCount\":0,\"publisher\":{\"@id\":\"https:\/\/elmawkie.dz\/fr\/#organization\"},\"image\":{\"@id\":\"https:\/\/elmawkie.dz\/fr\/le-president-de-la-republique-abdelmadjid-tebboune-decide-de-ne-pas-participer-personnellement-au-sommet-arabe-durgence\/#primaryimage\"},\"thumbnailUrl\":\"https:\/\/elmawkie.dz\/fr\/wp-content\/uploads\/2025\/01\/IMG_8076.jpeg\",\"keywords\":[\"Abdelmadjid Tebboune\",\"le pr\u00e9sident de la R\u00e9publique\",\"sommet arabe d'urgence\"],\"articleSection\":[\"National\"],\"inLanguage\":\"fr-FR\",\"potentialAction\":[{\"@type\":\"CommentAction\",\"name\":\"Comment\",\"target\":[\"https:\/\/elmawkie.dz\/fr\/le-president-de-la-republique-abdelmadjid-tebboune-decide-de-ne-pas-participer-personnellement-au-sommet-arabe-durgence\/#respond\"]}]},{\"@type\":\"WebPage\",\"@id\":\"https:\/\/elmawkie.dz\/fr\/le-president-de-la-republique-abdelmadjid-tebboune-decide-de-ne-pas-participer-personnellement-au-sommet-arabe-durgence\/\",\"url\":\"https:\/\/elmawkie.dz\/fr\/le-president-de-la-republique-abdelmadjid-tebboune-decide-de-ne-pas-participer-personnellement-au-sommet-arabe-durgence\/\",\"name\":\"Le pr\u00e9sident de la R\u00e9publique Abdelmadjid Tebboune d\u00e9cide de ne pas participer personnellement au sommet arabe d'urgence - El Mawkie\",\"isPartOf\":{\"@id\":\"https:\/\/elmawkie.dz\/fr\/#website\"},\"primaryImageOfPage\":{\"@id\":\"https:\/\/elmawkie.dz\/fr\/le-president-de-la-republique-abdelmadjid-tebboune-decide-de-ne-pas-participer-personnellement-au-sommet-arabe-durgence\/#primaryimage\"},\"image\":{\"@id\":\"https:\/\/elmawkie.dz\/fr\/le-president-de-la-republique-abdelmadjid-tebboune-decide-de-ne-pas-participer-personnellement-au-sommet-arabe-durgence\/#primaryimage\"},\"thumbnailUrl\":\"https:\/\/elmawkie.dz\/fr\/wp-content\/uploads\/2025\/01\/IMG_8076.jpeg\",\"datePublished\":\"2025-03-02T21:16:20+00:00\",\"dateModified\":\"2025-03-02T21:16:20+00:00\",\"breadcrumb\":{\"@id\":\"https:\/\/elmawkie.dz\/fr\/le-president-de-la-republique-abdelmadjid-tebboune-decide-de-ne-pas-participer-personnellement-au-sommet-arabe-durgence\/#breadcrumb\"},\"inLanguage\":\"fr-FR\",\"potentialAction\":[{\"@type\":\"ReadAction\",\"target\":[\"https:\/\/elmawkie.dz\/fr\/le-president-de-la-republique-abdelmadjid-tebboune-decide-de-ne-pas-participer-personnellement-au-sommet-arabe-durgence\/\"]}]},{\"@type\":\"ImageObject\",\"inLanguage\":\"fr-FR\",\"@id\":\"https:\/\/elmawkie.dz\/fr\/le-president-de-la-republique-abdelmadjid-tebboune-decide-de-ne-pas-participer-personnellement-au-sommet-arabe-durgence\/#primaryimage\",\"url\":\"https:\/\/elmawkie.dz\/fr\/wp-content\/uploads\/2025\/01\/IMG_8076.jpeg\",\"contentUrl\":\"https:\/\/elmawkie.dz\/fr\/wp-content\/uploads\/2025\/01\/IMG_8076.jpeg\",\"width\":666,\"height\":461},{\"@type\":\"BreadcrumbList\",\"@id\":\"https:\/\/elmawkie.dz\/fr\/le-president-de-la-republique-abdelmadjid-tebboune-decide-de-ne-pas-participer-personnellement-au-sommet-arabe-durgence\/#breadcrumb\",\"itemListElement\":[{\"@type\":\"ListItem\",\"position\":1,\"name\":\"Home\",\"item\":\"https:\/\/elmawkie.dz\/fr\/\"},{\"@type\":\"ListItem\",\"position\":2,\"name\":\"Le pr\u00e9sident de la R\u00e9publique Abdelmadjid Tebboune d\u00e9cide de ne pas participer personnellement au sommet arabe d&rsquo;urgence\"}]},{\"@type\":\"WebSite\",\"@id\":\"https:\/\/elmawkie.dz\/fr\/#website\",\"url\":\"https:\/\/elmawkie.dz\/fr\/\",\"name\":\"EL MAWKIE\",\"description\":\"Journal \u00c9lectronique Alg\u00e9rien\",\"publisher\":{\"@id\":\"https:\/\/elmawkie.dz\/fr\/#organization\"},\"potentialAction\":[{\"@type\":\"SearchAction\",\"target\":{\"@type\":\"EntryPoint\",\"urlTemplate\":\"https:\/\/elmawkie.dz\/fr\/?s={search_term_string}\"},\"query-input\":\"required name=search_term_string\"}],\"inLanguage\":\"fr-FR\"},{\"@type\":\"Organization\",\"@id\":\"https:\/\/elmawkie.dz\/fr\/#organization\",\"name\":\"EL MAWKIE\",\"url\":\"https:\/\/elmawkie.dz\/fr\/\",\"logo\":{\"@type\":\"ImageObject\",\"inLanguage\":\"fr-FR\",\"@id\":\"https:\/\/elmawkie.dz\/fr\/#\/schema\/logo\/image\/\",\"url\":\"https:\/\/elmawkie.dz\/fr\/wp-content\/uploads\/2024\/05\/logo1.png\",\"contentUrl\":\"https:\/\/elmawkie.dz\/fr\/wp-content\/uploads\/2024\/05\/logo1.png\",\"width\":1648,\"height\":652,\"caption\":\"EL MAWKIE\"},\"image\":{\"@id\":\"https:\/\/elmawkie.dz\/fr\/#\/schema\/logo\/image\/\"},\"sameAs\":[\"https:\/\/www.facebook.com\/profile.php?id=100088407094989&locale=fr_FR\"]},{\"@type\":\"Person\",\"@id\":\"https:\/\/elmawkie.dz\/fr\/#\/schema\/person\/e7bd59d6467874ba5c4723d8a9f0a63c\",\"name\":\"R\u00e9daction\",\"image\":{\"@type\":\"ImageObject\",\"inLanguage\":\"fr-FR\",\"@id\":\"https:\/\/elmawkie.dz\/fr\/#\/schema\/person\/image\/\",\"url\":\"https:\/\/secure.gravatar.com\/avatar\/f0f773456344da4d2788c054a3d30a0c?s=96&d=mm&r=g\",\"contentUrl\":\"https:\/\/secure.gravatar.com\/avatar\/f0f773456344da4d2788c054a3d30a0c?s=96&d=mm&r=g\",\"caption\":\"R\u00e9daction\"},\"url\":\"https:\/\/elmawkie.dz\/fr\/author\/redaction\/\"}]}<\/script>\n<!-- \/ Yoast SEO Premium plugin. -->","yoast_head_json":{"title":"Le pr\u00e9sident de la R\u00e9publique Abdelmadjid Tebboune d\u00e9cide de ne pas participer personnellement au sommet arabe d'urgence - El Mawkie","robots":{"index":"index","follow":"follow","max-snippet":"max-snippet:-1","max-image-preview":"max-image-preview:large","max-video-preview":"max-video-preview:-1"},"canonical":"https:\/\/elmawkie.dz\/fr\/le-president-de-la-republique-abdelmadjid-tebboune-decide-de-ne-pas-participer-personnellement-au-sommet-arabe-durgence\/","og_locale":"fr_FR","og_type":"article","og_title":"Le pr\u00e9sident de la R\u00e9publique Abdelmadjid Tebboune d\u00e9cide de ne pas participer personnellement au sommet arabe d'urgence","og_description":"Le pr\u00e9sident de la R\u00e9publique, Monsieur Abdelmadjid Tebboune, a d\u00e9cid\u00e9 de ne pas participer personnellement au sommet arabe d&rsquo;urgence qu&rsquo;abritera la R\u00e9publique arabe d&rsquo;Egypte le 4 mars pour discuter des d\u00e9veloppements de la question palestinienne, a appris l&rsquo;APS de source bien inform\u00e9e. Le pr\u00e9sident de la R\u00e9publique a charg\u00e9 le ministre d&rsquo;Etat, ministre des Affaires &hellip;","og_url":"https:\/\/elmawkie.dz\/fr\/le-president-de-la-republique-abdelmadjid-tebboune-decide-de-ne-pas-participer-personnellement-au-sommet-arabe-durgence\/","og_site_name":"El Mawkie","article_publisher":"https:\/\/www.facebook.com\/profile.php?id=100088407094989&locale=fr_FR","article_published_time":"2025-03-02T21:16:20+00:00","og_image":[{"width":666,"height":461,"url":"https:\/\/elmawkie.dz\/fr\/wp-content\/uploads\/2025\/01\/IMG_8076.jpeg","type":"image\/jpeg"}],"author":"R\u00e9daction","twitter_card":"summary_large_image","twitter_misc":{"Written by":"R\u00e9daction","Est. reading time":"2 minutes"},"schema":{"@context":"https:\/\/schema.org","@graph":[{"@type":"Article","@id":"https:\/\/elmawkie.dz\/fr\/le-president-de-la-republique-abdelmadjid-tebboune-decide-de-ne-pas-participer-personnellement-au-sommet-arabe-durgence\/#article","isPartOf":{"@id":"https:\/\/elmawkie.dz\/fr\/le-president-de-la-republique-abdelmadjid-tebboune-decide-de-ne-pas-participer-personnellement-au-sommet-arabe-durgence\/"},"author":{"name":"R\u00e9daction","@id":"https:\/\/elmawkie.dz\/fr\/#\/schema\/person\/e7bd59d6467874ba5c4723d8a9f0a63c"},"headline":"Le pr\u00e9sident de la R\u00e9publique Abdelmadjid Tebboune d\u00e9cide de ne pas participer personnellement au sommet arabe d&rsquo;urgence","datePublished":"2025-03-02T21:16:20+00:00","dateModified":"2025-03-02T21:16:20+00:00","mainEntityOfPage":{"@id":"https:\/\/elmawkie.dz\/fr\/le-president-de-la-republique-abdelmadjid-tebboune-decide-de-ne-pas-participer-personnellement-au-sommet-arabe-durgence\/"},"wordCount":391,"commentCount":0,"publisher":{"@id":"https:\/\/elmawkie.dz\/fr\/#organization"},"image":{"@id":"https:\/\/elmawkie.dz\/fr\/le-president-de-la-republique-abdelmadjid-tebboune-decide-de-ne-pas-participer-personnellement-au-sommet-arabe-durgence\/#primaryimage"},"thumbnailUrl":"https:\/\/elmawkie.dz\/fr\/wp-content\/uploads\/2025\/01\/IMG_8076.jpeg","keywords":["Abdelmadjid Tebboune","le pr\u00e9sident de la R\u00e9publique","sommet arabe d'urgence"],"articleSection":["National"],"inLanguage":"fr-FR","potentialAction":[{"@type":"CommentAction","name":"Comment","target":["https:\/\/elmawkie.dz\/fr\/le-president-de-la-republique-abdelmadjid-tebboune-decide-de-ne-pas-participer-personnellement-au-sommet-arabe-durgence\/#respond"]}]},{"@type":"WebPage","@id":"https:\/\/elmawkie.dz\/fr\/le-president-de-la-republique-abdelmadjid-tebboune-decide-de-ne-pas-participer-personnellement-au-sommet-arabe-durgence\/","url":"https:\/\/elmawkie.dz\/fr\/le-president-de-la-republique-abdelmadjid-tebboune-decide-de-ne-pas-participer-personnellement-au-sommet-arabe-durgence\/","name":"Le pr\u00e9sident de la R\u00e9publique Abdelmadjid Tebboune d\u00e9cide de ne pas participer personnellement au sommet arabe d'urgence - El Mawkie","isPartOf":{"@id":"https:\/\/elmawkie.dz\/fr\/#website"},"primaryImageOfPage":{"@id":"https:\/\/elmawkie.dz\/fr\/le-president-de-la-republique-abdelmadjid-tebboune-decide-de-ne-pas-participer-personnellement-au-sommet-arabe-durgence\/#primaryimage"},"image":{"@id":"https:\/\/elmawkie.dz\/fr\/le-president-de-la-republique-abdelmadjid-tebboune-decide-de-ne-pas-participer-personnellement-au-sommet-arabe-durgence\/#primaryimage"},"thumbnailUrl":"https:\/\/elmawkie.dz\/fr\/wp-content\/uploads\/2025\/01\/IMG_8076.jpeg","datePublished":"2025-03-02T21:16:20+00:00","dateModified":"2025-03-02T21:16:20+00:00","breadcrumb":{"@id":"https:\/\/elmawkie.dz\/fr\/le-president-de-la-republique-abdelmadjid-tebboune-decide-de-ne-pas-participer-personnellement-au-sommet-arabe-durgence\/#breadcrumb"},"inLanguage":"fr-FR","potentialAction":[{"@type":"ReadAction","target":["https:\/\/elmawkie.dz\/fr\/le-president-de-la-republique-abdelmadjid-tebboune-decide-de-ne-pas-participer-personnellement-au-sommet-arabe-durgence\/"]}]},{"@type":"ImageObject","inLanguage":"fr-FR","@id":"https:\/\/elmawkie.dz\/fr\/le-president-de-la-republique-abdelmadjid-tebboune-decide-de-ne-pas-participer-personnellement-au-sommet-arabe-durgence\/#primaryimage","url":"https:\/\/elmawkie.dz\/fr\/wp-content\/uploads\/2025\/01\/IMG_8076.jpeg","contentUrl":"https:\/\/elmawkie.dz\/fr\/wp-content\/uploads\/2025\/01\/IMG_8076.jpeg","width":666,"height":461},{"@type":"BreadcrumbList","@id":"https:\/\/elmawkie.dz\/fr\/le-president-de-la-republique-abdelmadjid-tebboune-decide-de-ne-pas-participer-personnellement-au-sommet-arabe-durgence\/#breadcrumb","itemListElement":[{"@type":"ListItem","position":1,"name":"Home","item":"https:\/\/elmawkie.dz\/fr\/"},{"@type":"ListItem","position":2,"name":"Le pr\u00e9sident de la R\u00e9publique Abdelmadjid Tebboune d\u00e9cide de ne pas participer personnellement au sommet arabe d&rsquo;urgence"}]},{"@type":"WebSite","@id":"https:\/\/elmawkie.dz\/fr\/#website","url":"https:\/\/elmawkie.dz\/fr\/","name":"EL MAWKIE","description":"Journal \u00c9lectronique Alg\u00e9rien","publisher":{"@id":"https:\/\/elmawkie.dz\/fr\/#organization"},"potentialAction":[{"@type":"SearchAction","target":{"@type":"EntryPoint","urlTemplate":"https:\/\/elmawkie.dz\/fr\/?s={search_term_string}"},"query-input":"required name=search_term_string"}],"inLanguage":"fr-FR"},{"@type":"Organization","@id":"https:\/\/elmawkie.dz\/fr\/#organization","name":"EL MAWKIE","url":"https:\/\/elmawkie.dz\/fr\/","logo":{"@type":"ImageObject","inLanguage":"fr-FR","@id":"https:\/\/elmawkie.dz\/fr\/#\/schema\/logo\/image\/","url":"https:\/\/elmawkie.dz\/fr\/wp-content\/uploads\/2024\/05\/logo1.png","contentUrl":"https:\/\/elmawkie.dz\/fr\/wp-content\/uploads\/2024\/05\/logo1.png","width":1648,"height":652,"caption":"EL MAWKIE"},"image":{"@id":"https:\/\/elmawkie.dz\/fr\/#\/schema\/logo\/image\/"},"sameAs":["https:\/\/www.facebook.com\/profile.php?id=100088407094989&locale=fr_FR"]},{"@type":"Person","@id":"https:\/\/elmawkie.dz\/fr\/#\/schema\/person\/e7bd59d6467874ba5c4723d8a9f0a63c","name":"R\u00e9daction","image":{"@type":"ImageObject","inLanguage":"fr-FR","@id":"https:\/\/elmawkie.dz\/fr\/#\/schema\/person\/image\/","url":"https:\/\/secure.gravatar.com\/avatar\/f0f773456344da4d2788c054a3d30a0c?s=96&d=mm&r=g","contentUrl":"https:\/\/secure.gravatar.com\/avatar\/f0f773456344da4d2788c054a3d30a0c?s=96&d=mm&r=g","caption":"R\u00e9daction"},"url":"https:\/\/elmawkie.dz\/fr\/author\/redaction\/"}]}},"_links":{"self":[{"href":"https:\/\/elmawkie.dz\/fr\/wp-json\/wp\/v2\/posts\/48026","targetHints":{"allow":["GET"]}}],"collection":[{"href":"https:\/\/elmawkie.dz\/fr\/wp-json\/wp\/v2\/posts"}],"about":[{"href":"https:\/\/elmawkie.dz\/fr\/wp-json\/wp\/v2\/types\/post"}],"author":[{"embeddable":true,"href":"https:\/\/elmawkie.dz\/fr\/wp-json\/wp\/v2\/users\/9"}],"replies":[{"embeddable":true,"href":"https:\/\/elmawkie.dz\/fr\/wp-json\/wp\/v2\/comments?post=48026"}],"version-history":[{"count":1,"href":"https:\/\/elmawkie.dz\/fr\/wp-json\/wp\/v2\/posts\/48026\/revisions"}],"predecessor-version":[{"id":48028,"href":"https:\/\/elmawkie.dz\/fr\/wp-json\/wp\/v2\/posts\/48026\/revisions\/48028"}],"wp:featuredmedia":[{"embeddable":true,"href":"https:\/\/elmawkie.dz\/fr\/wp-json\/wp\/v2\/media\/8015"}],"wp:attachment":[{"href":"https:\/\/elmawkie.dz\/fr\/wp-json\/wp\/v2\/media?parent=48026"}],"wp:term":[{"taxonomy":"category","embeddable":true,"href":"https:\/\/elmawkie.dz\/fr\/wp-json\/wp\/v2\/categories?post=48026"},{"taxonomy":"post_tag","embeddable":true,"href":"https:\/\/elmawkie.dz\/fr\/wp-json\/wp\/v2\/tags?post=48026"}],"curies":[{"name":"wp","href":"https:\/\/api.w.org\/{rel}","templated":true}]}}