{"id":47884,"date":"2025-02-28T09:38:28","date_gmt":"2025-02-28T08:38:28","guid":{"rendered":"https:\/\/elmawkie.dz\/fr\/?p=47884"},"modified":"2025-02-28T09:38:29","modified_gmt":"2025-02-28T08:38:29","slug":"49eme-anniversaire-de-la-proclamation-de-la-rasd-le-peuple-sahraoui-determine-a-poursuivre-la-lutte","status":"publish","type":"post","link":"https:\/\/elmawkie.dz\/fr\/49eme-anniversaire-de-la-proclamation-de-la-rasd-le-peuple-sahraoui-determine-a-poursuivre-la-lutte\/","title":{"rendered":"49\u00e8me anniversaire de la proclamation de la RASD : le peuple sahraoui d\u00e9termin\u00e9 \u00e0 poursuivre la lutte"},"content":{"rendered":"\n<p><em>Le membre du Secr\u00e9tariat national du Front Polisario, ministre de l\u2019Education et de l\u2019Enseignement professionnel, Khatri Addouh, a affirm\u00e9, jeudi au camp de Smara des r\u00e9fugi\u00e9s sahraouis, que \u00ab\u00a0le peuple sahraoui comm\u00e9more le 49\u00e8me anniversaire de la proclamation de la R\u00e9publique arabe sahraouie d\u00e9mocratique (RASD) avec une d\u00e9termination \u00e0 poursuivre sa lutte, usant de tous les moyens pour asseoir sa souverainet\u00e9 sur l\u2019ensemble de son territoire\u00a0\u00bb. S\u2019exprimant \u00e0 l\u2019APS en marge des festivit\u00e9s comm\u00e9moratives du 49\u00e8me anniversaire de la proclamation de la RASD, plac\u00e9es sous le signe \u00ab\u00a0Fid\u00e9lit\u00e9 \u00e0 la souverainet\u00e9 nationale\u00a0\u00bb, M. Khatri a indiqu\u00e9 que \u00ab\u00a0le peuple sahraoui a fait preuve, \u00e0 travers ces festivit\u00e9s, de cette d\u00e9termination qui exprime un fort attachement \u00e0 ses droits l\u00e9gitimes, son autod\u00e9termination et sa libert\u00e9, son ind\u00e9pendance et l\u2019extension de la souverainet\u00e9 de la RASD sur l\u2019ensemble de son territoire national\u00a0\u00bb. Et d\u2019ajouter : le peuple sahraoui a arrach\u00e9 d\u2019innombrables acquis, notamment la reconnaissance consensuelle internationale de son droit \u00e0 l\u2019autod\u00e9termination et \u00e0 l&rsquo;ind\u00e9pendance, que l\u2019occupant marocain, et ses alli\u00e9s, tentent de brouiller par des d\u00e9clarations et des positions hostiles, en violation m\u00eame du droit international, en soutenant l\u2019occupant et ses politiques par l\u2019organisation de visites aux territoires occup\u00e9s de la RASD. Le membre du Secr\u00e9tariat national du Front Polisario a soulign\u00e9 que \u00ab\u00a0ces actes condamnables visent \u00e0 secourir l\u2019occupant dans ses derniers moments, de donner un nouveau souffle \u00e0 sa politique expansionniste dans la r\u00e9gion, et que le peuple sahraoui est d\u00e9termin\u00e9, appuy\u00e9s par d\u2019autres peuples militants et des forces pour la paix et la justice, \u00e0 continuer la lutte pour endiguer l\u2019id\u00e9ologie et la politique d\u2019agression et d\u2019expansion au d\u00e9triment des peuples\u00a0\u00bb. Les festivit\u00e9s comm\u00e9moratives du 49\u00e8me anniversaire de la proclamation de la RASD ont \u00e9t\u00e9 lanc\u00e9es au camp de Smara des r\u00e9fugi\u00e9s sahraouis, en pr\u00e9sence de d\u00e9l\u00e9gations \u00e9trang\u00e8res solidaires avec la cause sahraouie, avec plus de 400 participants issus de 32 pays.<\/em><\/p>\n","protected":false},"excerpt":{"rendered":"<p>Le membre du Secr\u00e9tariat national du Front Polisario, ministre de l\u2019Education et de l\u2019Enseignement professionnel, Khatri Addouh, a affirm\u00e9, jeudi au camp de Smara des r\u00e9fugi\u00e9s sahraouis, que \u00ab\u00a0le peuple sahraoui comm\u00e9more le 49\u00e8me anniversaire de la proclamation de la R\u00e9publique arabe sahraouie d\u00e9mocratique (RASD) avec une d\u00e9termination \u00e0 poursuivre sa lutte, usant de tous &hellip;<\/p>\n","protected":false},"author":9,"featured_media":47886,"comment_status":"open","ping_status":"open","sticky":false,"template":"","format":"standard","meta":{"footnotes":""},"categories":[44],"tags":[2802,2804,2803,922],"class_list":["post-47884","post","type-post","status-publish","format-standard","has-post-thumbnail","hentry","category-international","tag-49eme-anniversaire","tag-la-lutte","tag-la-rasd","tag-le-peuple-sahraoui"],"yoast_head":"<!-- This site is optimized with the Yoast SEO Premium plugin v22.6 (Yoast SEO v22.6) - https:\/\/yoast.com\/wordpress\/plugins\/seo\/ -->\n<title>49\u00e8me anniversaire de la proclamation de la RASD : le peuple sahraoui d\u00e9termin\u00e9 \u00e0 poursuivre la lutte - El Mawkie<\/title>\n<meta name=\"robots\" content=\"index, follow, max-snippet:-1, max-image-preview:large, max-video-preview:-1\" \/>\n<link rel=\"canonical\" href=\"https:\/\/elmawkie.dz\/fr\/49eme-anniversaire-de-la-proclamation-de-la-rasd-le-peuple-sahraoui-determine-a-poursuivre-la-lutte\/\" \/>\n<meta property=\"og:locale\" content=\"fr_FR\" \/>\n<meta property=\"og:type\" content=\"article\" \/>\n<meta property=\"og:title\" content=\"49\u00e8me anniversaire de la proclamation de la RASD : le peuple sahraoui d\u00e9termin\u00e9 \u00e0 poursuivre la lutte\" \/>\n<meta property=\"og:description\" content=\"Le membre du Secr\u00e9tariat national du Front Polisario, ministre de l\u2019Education et de l\u2019Enseignement professionnel, Khatri Addouh, a affirm\u00e9, jeudi au camp de Smara des r\u00e9fugi\u00e9s sahraouis, que \u00ab\u00a0le peuple sahraoui comm\u00e9more le 49\u00e8me anniversaire de la proclamation de la R\u00e9publique arabe sahraouie d\u00e9mocratique (RASD) avec une d\u00e9termination \u00e0 poursuivre sa lutte, usant de tous &hellip;\" \/>\n<meta property=\"og:url\" content=\"https:\/\/elmawkie.dz\/fr\/49eme-anniversaire-de-la-proclamation-de-la-rasd-le-peuple-sahraoui-determine-a-poursuivre-la-lutte\/\" \/>\n<meta property=\"og:site_name\" content=\"El Mawkie\" \/>\n<meta property=\"article:publisher\" content=\"https:\/\/www.facebook.com\/profile.php?id=100088407094989&amp;locale=fr_FR\" \/>\n<meta property=\"article:published_time\" content=\"2025-02-28T08:38:28+00:00\" \/>\n<meta property=\"article:modified_time\" content=\"2025-02-28T08:38:29+00:00\" \/>\n<meta property=\"og:image\" content=\"https:\/\/elmawkie.dz\/fr\/wp-content\/uploads\/2025\/02\/IMG_0493.jpeg\" \/>\n\t<meta property=\"og:image:width\" content=\"512\" \/>\n\t<meta property=\"og:image:height\" content=\"342\" \/>\n\t<meta property=\"og:image:type\" content=\"image\/jpeg\" \/>\n<meta name=\"author\" content=\"R\u00e9daction\" \/>\n<meta name=\"twitter:card\" content=\"summary_large_image\" \/>\n<meta name=\"twitter:label1\" content=\"Written by\" \/>\n\t<meta name=\"twitter:data1\" content=\"R\u00e9daction\" \/>\n\t<meta name=\"twitter:label2\" content=\"Est. reading time\" \/>\n\t<meta name=\"twitter:data2\" content=\"2 minutes\" \/>\n<script type=\"application\/ld+json\" class=\"yoast-schema-graph\">{\"@context\":\"https:\/\/schema.org\",\"@graph\":[{\"@type\":\"Article\",\"@id\":\"https:\/\/elmawkie.dz\/fr\/49eme-anniversaire-de-la-proclamation-de-la-rasd-le-peuple-sahraoui-determine-a-poursuivre-la-lutte\/#article\",\"isPartOf\":{\"@id\":\"https:\/\/elmawkie.dz\/fr\/49eme-anniversaire-de-la-proclamation-de-la-rasd-le-peuple-sahraoui-determine-a-poursuivre-la-lutte\/\"},\"author\":{\"name\":\"R\u00e9daction\",\"@id\":\"https:\/\/elmawkie.dz\/fr\/#\/schema\/person\/e7bd59d6467874ba5c4723d8a9f0a63c\"},\"headline\":\"49\u00e8me anniversaire de la proclamation de la RASD : le peuple sahraoui d\u00e9termin\u00e9 \u00e0 poursuivre la lutte\",\"datePublished\":\"2025-02-28T08:38:28+00:00\",\"dateModified\":\"2025-02-28T08:38:29+00:00\",\"mainEntityOfPage\":{\"@id\":\"https:\/\/elmawkie.dz\/fr\/49eme-anniversaire-de-la-proclamation-de-la-rasd-le-peuple-sahraoui-determine-a-poursuivre-la-lutte\/\"},\"wordCount\":373,\"commentCount\":0,\"publisher\":{\"@id\":\"https:\/\/elmawkie.dz\/fr\/#organization\"},\"image\":{\"@id\":\"https:\/\/elmawkie.dz\/fr\/49eme-anniversaire-de-la-proclamation-de-la-rasd-le-peuple-sahraoui-determine-a-poursuivre-la-lutte\/#primaryimage\"},\"thumbnailUrl\":\"https:\/\/elmawkie.dz\/fr\/wp-content\/uploads\/2025\/02\/IMG_0493.jpeg\",\"keywords\":[\"49\u00e8me anniversaire\",\"la lutte\",\"la RASD\",\"Le peuple sahraoui\"],\"articleSection\":[\"International\"],\"inLanguage\":\"fr-FR\",\"potentialAction\":[{\"@type\":\"CommentAction\",\"name\":\"Comment\",\"target\":[\"https:\/\/elmawkie.dz\/fr\/49eme-anniversaire-de-la-proclamation-de-la-rasd-le-peuple-sahraoui-determine-a-poursuivre-la-lutte\/#respond\"]}]},{\"@type\":\"WebPage\",\"@id\":\"https:\/\/elmawkie.dz\/fr\/49eme-anniversaire-de-la-proclamation-de-la-rasd-le-peuple-sahraoui-determine-a-poursuivre-la-lutte\/\",\"url\":\"https:\/\/elmawkie.dz\/fr\/49eme-anniversaire-de-la-proclamation-de-la-rasd-le-peuple-sahraoui-determine-a-poursuivre-la-lutte\/\",\"name\":\"49\u00e8me anniversaire de la proclamation de la RASD : le peuple sahraoui d\u00e9termin\u00e9 \u00e0 poursuivre la lutte - El Mawkie\",\"isPartOf\":{\"@id\":\"https:\/\/elmawkie.dz\/fr\/#website\"},\"primaryImageOfPage\":{\"@id\":\"https:\/\/elmawkie.dz\/fr\/49eme-anniversaire-de-la-proclamation-de-la-rasd-le-peuple-sahraoui-determine-a-poursuivre-la-lutte\/#primaryimage\"},\"image\":{\"@id\":\"https:\/\/elmawkie.dz\/fr\/49eme-anniversaire-de-la-proclamation-de-la-rasd-le-peuple-sahraoui-determine-a-poursuivre-la-lutte\/#primaryimage\"},\"thumbnailUrl\":\"https:\/\/elmawkie.dz\/fr\/wp-content\/uploads\/2025\/02\/IMG_0493.jpeg\",\"datePublished\":\"2025-02-28T08:38:28+00:00\",\"dateModified\":\"2025-02-28T08:38:29+00:00\",\"breadcrumb\":{\"@id\":\"https:\/\/elmawkie.dz\/fr\/49eme-anniversaire-de-la-proclamation-de-la-rasd-le-peuple-sahraoui-determine-a-poursuivre-la-lutte\/#breadcrumb\"},\"inLanguage\":\"fr-FR\",\"potentialAction\":[{\"@type\":\"ReadAction\",\"target\":[\"https:\/\/elmawkie.dz\/fr\/49eme-anniversaire-de-la-proclamation-de-la-rasd-le-peuple-sahraoui-determine-a-poursuivre-la-lutte\/\"]}]},{\"@type\":\"ImageObject\",\"inLanguage\":\"fr-FR\",\"@id\":\"https:\/\/elmawkie.dz\/fr\/49eme-anniversaire-de-la-proclamation-de-la-rasd-le-peuple-sahraoui-determine-a-poursuivre-la-lutte\/#primaryimage\",\"url\":\"https:\/\/elmawkie.dz\/fr\/wp-content\/uploads\/2025\/02\/IMG_0493.jpeg\",\"contentUrl\":\"https:\/\/elmawkie.dz\/fr\/wp-content\/uploads\/2025\/02\/IMG_0493.jpeg\",\"width\":512,\"height\":342},{\"@type\":\"BreadcrumbList\",\"@id\":\"https:\/\/elmawkie.dz\/fr\/49eme-anniversaire-de-la-proclamation-de-la-rasd-le-peuple-sahraoui-determine-a-poursuivre-la-lutte\/#breadcrumb\",\"itemListElement\":[{\"@type\":\"ListItem\",\"position\":1,\"name\":\"Home\",\"item\":\"https:\/\/elmawkie.dz\/fr\/\"},{\"@type\":\"ListItem\",\"position\":2,\"name\":\"49\u00e8me anniversaire de la proclamation de la RASD : le peuple sahraoui d\u00e9termin\u00e9 \u00e0 poursuivre la lutte\"}]},{\"@type\":\"WebSite\",\"@id\":\"https:\/\/elmawkie.dz\/fr\/#website\",\"url\":\"https:\/\/elmawkie.dz\/fr\/\",\"name\":\"EL MAWKIE\",\"description\":\"Journal \u00c9lectronique Alg\u00e9rien\",\"publisher\":{\"@id\":\"https:\/\/elmawkie.dz\/fr\/#organization\"},\"potentialAction\":[{\"@type\":\"SearchAction\",\"target\":{\"@type\":\"EntryPoint\",\"urlTemplate\":\"https:\/\/elmawkie.dz\/fr\/?s={search_term_string}\"},\"query-input\":\"required name=search_term_string\"}],\"inLanguage\":\"fr-FR\"},{\"@type\":\"Organization\",\"@id\":\"https:\/\/elmawkie.dz\/fr\/#organization\",\"name\":\"EL MAWKIE\",\"url\":\"https:\/\/elmawkie.dz\/fr\/\",\"logo\":{\"@type\":\"ImageObject\",\"inLanguage\":\"fr-FR\",\"@id\":\"https:\/\/elmawkie.dz\/fr\/#\/schema\/logo\/image\/\",\"url\":\"https:\/\/elmawkie.dz\/fr\/wp-content\/uploads\/2024\/05\/logo1.png\",\"contentUrl\":\"https:\/\/elmawkie.dz\/fr\/wp-content\/uploads\/2024\/05\/logo1.png\",\"width\":1648,\"height\":652,\"caption\":\"EL MAWKIE\"},\"image\":{\"@id\":\"https:\/\/elmawkie.dz\/fr\/#\/schema\/logo\/image\/\"},\"sameAs\":[\"https:\/\/www.facebook.com\/profile.php?id=100088407094989&locale=fr_FR\"]},{\"@type\":\"Person\",\"@id\":\"https:\/\/elmawkie.dz\/fr\/#\/schema\/person\/e7bd59d6467874ba5c4723d8a9f0a63c\",\"name\":\"R\u00e9daction\",\"image\":{\"@type\":\"ImageObject\",\"inLanguage\":\"fr-FR\",\"@id\":\"https:\/\/elmawkie.dz\/fr\/#\/schema\/person\/image\/\",\"url\":\"https:\/\/secure.gravatar.com\/avatar\/f0f773456344da4d2788c054a3d30a0c?s=96&d=mm&r=g\",\"contentUrl\":\"https:\/\/secure.gravatar.com\/avatar\/f0f773456344da4d2788c054a3d30a0c?s=96&d=mm&r=g\",\"caption\":\"R\u00e9daction\"},\"url\":\"https:\/\/elmawkie.dz\/fr\/author\/redaction\/\"}]}<\/script>\n<!-- \/ Yoast SEO Premium plugin. -->","yoast_head_json":{"title":"49\u00e8me anniversaire de la proclamation de la RASD : le peuple sahraoui d\u00e9termin\u00e9 \u00e0 poursuivre la lutte - El Mawkie","robots":{"index":"index","follow":"follow","max-snippet":"max-snippet:-1","max-image-preview":"max-image-preview:large","max-video-preview":"max-video-preview:-1"},"canonical":"https:\/\/elmawkie.dz\/fr\/49eme-anniversaire-de-la-proclamation-de-la-rasd-le-peuple-sahraoui-determine-a-poursuivre-la-lutte\/","og_locale":"fr_FR","og_type":"article","og_title":"49\u00e8me anniversaire de la proclamation de la RASD : le peuple sahraoui d\u00e9termin\u00e9 \u00e0 poursuivre la lutte","og_description":"Le membre du Secr\u00e9tariat national du Front Polisario, ministre de l\u2019Education et de l\u2019Enseignement professionnel, Khatri Addouh, a affirm\u00e9, jeudi au camp de Smara des r\u00e9fugi\u00e9s sahraouis, que \u00ab\u00a0le peuple sahraoui comm\u00e9more le 49\u00e8me anniversaire de la proclamation de la R\u00e9publique arabe sahraouie d\u00e9mocratique (RASD) avec une d\u00e9termination \u00e0 poursuivre sa lutte, usant de tous &hellip;","og_url":"https:\/\/elmawkie.dz\/fr\/49eme-anniversaire-de-la-proclamation-de-la-rasd-le-peuple-sahraoui-determine-a-poursuivre-la-lutte\/","og_site_name":"El Mawkie","article_publisher":"https:\/\/www.facebook.com\/profile.php?id=100088407094989&locale=fr_FR","article_published_time":"2025-02-28T08:38:28+00:00","article_modified_time":"2025-02-28T08:38:29+00:00","og_image":[{"width":512,"height":342,"url":"https:\/\/elmawkie.dz\/fr\/wp-content\/uploads\/2025\/02\/IMG_0493.jpeg","type":"image\/jpeg"}],"author":"R\u00e9daction","twitter_card":"summary_large_image","twitter_misc":{"Written by":"R\u00e9daction","Est. reading time":"2 minutes"},"schema":{"@context":"https:\/\/schema.org","@graph":[{"@type":"Article","@id":"https:\/\/elmawkie.dz\/fr\/49eme-anniversaire-de-la-proclamation-de-la-rasd-le-peuple-sahraoui-determine-a-poursuivre-la-lutte\/#article","isPartOf":{"@id":"https:\/\/elmawkie.dz\/fr\/49eme-anniversaire-de-la-proclamation-de-la-rasd-le-peuple-sahraoui-determine-a-poursuivre-la-lutte\/"},"author":{"name":"R\u00e9daction","@id":"https:\/\/elmawkie.dz\/fr\/#\/schema\/person\/e7bd59d6467874ba5c4723d8a9f0a63c"},"headline":"49\u00e8me anniversaire de la proclamation de la RASD : le peuple sahraoui d\u00e9termin\u00e9 \u00e0 poursuivre la lutte","datePublished":"2025-02-28T08:38:28+00:00","dateModified":"2025-02-28T08:38:29+00:00","mainEntityOfPage":{"@id":"https:\/\/elmawkie.dz\/fr\/49eme-anniversaire-de-la-proclamation-de-la-rasd-le-peuple-sahraoui-determine-a-poursuivre-la-lutte\/"},"wordCount":373,"commentCount":0,"publisher":{"@id":"https:\/\/elmawkie.dz\/fr\/#organization"},"image":{"@id":"https:\/\/elmawkie.dz\/fr\/49eme-anniversaire-de-la-proclamation-de-la-rasd-le-peuple-sahraoui-determine-a-poursuivre-la-lutte\/#primaryimage"},"thumbnailUrl":"https:\/\/elmawkie.dz\/fr\/wp-content\/uploads\/2025\/02\/IMG_0493.jpeg","keywords":["49\u00e8me anniversaire","la lutte","la RASD","Le peuple sahraoui"],"articleSection":["International"],"inLanguage":"fr-FR","potentialAction":[{"@type":"CommentAction","name":"Comment","target":["https:\/\/elmawkie.dz\/fr\/49eme-anniversaire-de-la-proclamation-de-la-rasd-le-peuple-sahraoui-determine-a-poursuivre-la-lutte\/#respond"]}]},{"@type":"WebPage","@id":"https:\/\/elmawkie.dz\/fr\/49eme-anniversaire-de-la-proclamation-de-la-rasd-le-peuple-sahraoui-determine-a-poursuivre-la-lutte\/","url":"https:\/\/elmawkie.dz\/fr\/49eme-anniversaire-de-la-proclamation-de-la-rasd-le-peuple-sahraoui-determine-a-poursuivre-la-lutte\/","name":"49\u00e8me anniversaire de la proclamation de la RASD : le peuple sahraoui d\u00e9termin\u00e9 \u00e0 poursuivre la lutte - El Mawkie","isPartOf":{"@id":"https:\/\/elmawkie.dz\/fr\/#website"},"primaryImageOfPage":{"@id":"https:\/\/elmawkie.dz\/fr\/49eme-anniversaire-de-la-proclamation-de-la-rasd-le-peuple-sahraoui-determine-a-poursuivre-la-lutte\/#primaryimage"},"image":{"@id":"https:\/\/elmawkie.dz\/fr\/49eme-anniversaire-de-la-proclamation-de-la-rasd-le-peuple-sahraoui-determine-a-poursuivre-la-lutte\/#primaryimage"},"thumbnailUrl":"https:\/\/elmawkie.dz\/fr\/wp-content\/uploads\/2025\/02\/IMG_0493.jpeg","datePublished":"2025-02-28T08:38:28+00:00","dateModified":"2025-02-28T08:38:29+00:00","breadcrumb":{"@id":"https:\/\/elmawkie.dz\/fr\/49eme-anniversaire-de-la-proclamation-de-la-rasd-le-peuple-sahraoui-determine-a-poursuivre-la-lutte\/#breadcrumb"},"inLanguage":"fr-FR","potentialAction":[{"@type":"ReadAction","target":["https:\/\/elmawkie.dz\/fr\/49eme-anniversaire-de-la-proclamation-de-la-rasd-le-peuple-sahraoui-determine-a-poursuivre-la-lutte\/"]}]},{"@type":"ImageObject","inLanguage":"fr-FR","@id":"https:\/\/elmawkie.dz\/fr\/49eme-anniversaire-de-la-proclamation-de-la-rasd-le-peuple-sahraoui-determine-a-poursuivre-la-lutte\/#primaryimage","url":"https:\/\/elmawkie.dz\/fr\/wp-content\/uploads\/2025\/02\/IMG_0493.jpeg","contentUrl":"https:\/\/elmawkie.dz\/fr\/wp-content\/uploads\/2025\/02\/IMG_0493.jpeg","width":512,"height":342},{"@type":"BreadcrumbList","@id":"https:\/\/elmawkie.dz\/fr\/49eme-anniversaire-de-la-proclamation-de-la-rasd-le-peuple-sahraoui-determine-a-poursuivre-la-lutte\/#breadcrumb","itemListElement":[{"@type":"ListItem","position":1,"name":"Home","item":"https:\/\/elmawkie.dz\/fr\/"},{"@type":"ListItem","position":2,"name":"49\u00e8me anniversaire de la proclamation de la RASD : le peuple sahraoui d\u00e9termin\u00e9 \u00e0 poursuivre la lutte"}]},{"@type":"WebSite","@id":"https:\/\/elmawkie.dz\/fr\/#website","url":"https:\/\/elmawkie.dz\/fr\/","name":"EL MAWKIE","description":"Journal \u00c9lectronique Alg\u00e9rien","publisher":{"@id":"https:\/\/elmawkie.dz\/fr\/#organization"},"potentialAction":[{"@type":"SearchAction","target":{"@type":"EntryPoint","urlTemplate":"https:\/\/elmawkie.dz\/fr\/?s={search_term_string}"},"query-input":"required name=search_term_string"}],"inLanguage":"fr-FR"},{"@type":"Organization","@id":"https:\/\/elmawkie.dz\/fr\/#organization","name":"EL MAWKIE","url":"https:\/\/elmawkie.dz\/fr\/","logo":{"@type":"ImageObject","inLanguage":"fr-FR","@id":"https:\/\/elmawkie.dz\/fr\/#\/schema\/logo\/image\/","url":"https:\/\/elmawkie.dz\/fr\/wp-content\/uploads\/2024\/05\/logo1.png","contentUrl":"https:\/\/elmawkie.dz\/fr\/wp-content\/uploads\/2024\/05\/logo1.png","width":1648,"height":652,"caption":"EL MAWKIE"},"image":{"@id":"https:\/\/elmawkie.dz\/fr\/#\/schema\/logo\/image\/"},"sameAs":["https:\/\/www.facebook.com\/profile.php?id=100088407094989&locale=fr_FR"]},{"@type":"Person","@id":"https:\/\/elmawkie.dz\/fr\/#\/schema\/person\/e7bd59d6467874ba5c4723d8a9f0a63c","name":"R\u00e9daction","image":{"@type":"ImageObject","inLanguage":"fr-FR","@id":"https:\/\/elmawkie.dz\/fr\/#\/schema\/person\/image\/","url":"https:\/\/secure.gravatar.com\/avatar\/f0f773456344da4d2788c054a3d30a0c?s=96&d=mm&r=g","contentUrl":"https:\/\/secure.gravatar.com\/avatar\/f0f773456344da4d2788c054a3d30a0c?s=96&d=mm&r=g","caption":"R\u00e9daction"},"url":"https:\/\/elmawkie.dz\/fr\/author\/redaction\/"}]}},"_links":{"self":[{"href":"https:\/\/elmawkie.dz\/fr\/wp-json\/wp\/v2\/posts\/47884","targetHints":{"allow":["GET"]}}],"collection":[{"href":"https:\/\/elmawkie.dz\/fr\/wp-json\/wp\/v2\/posts"}],"about":[{"href":"https:\/\/elmawkie.dz\/fr\/wp-json\/wp\/v2\/types\/post"}],"author":[{"embeddable":true,"href":"https:\/\/elmawkie.dz\/fr\/wp-json\/wp\/v2\/users\/9"}],"replies":[{"embeddable":true,"href":"https:\/\/elmawkie.dz\/fr\/wp-json\/wp\/v2\/comments?post=47884"}],"version-history":[{"count":1,"href":"https:\/\/elmawkie.dz\/fr\/wp-json\/wp\/v2\/posts\/47884\/revisions"}],"predecessor-version":[{"id":47887,"href":"https:\/\/elmawkie.dz\/fr\/wp-json\/wp\/v2\/posts\/47884\/revisions\/47887"}],"wp:featuredmedia":[{"embeddable":true,"href":"https:\/\/elmawkie.dz\/fr\/wp-json\/wp\/v2\/media\/47886"}],"wp:attachment":[{"href":"https:\/\/elmawkie.dz\/fr\/wp-json\/wp\/v2\/media?parent=47884"}],"wp:term":[{"taxonomy":"category","embeddable":true,"href":"https:\/\/elmawkie.dz\/fr\/wp-json\/wp\/v2\/categories?post=47884"},{"taxonomy":"post_tag","embeddable":true,"href":"https:\/\/elmawkie.dz\/fr\/wp-json\/wp\/v2\/tags?post=47884"}],"curies":[{"name":"wp","href":"https:\/\/api.w.org\/{rel}","templated":true}]}}