{"id":47879,"date":"2025-02-28T09:32:56","date_gmt":"2025-02-28T08:32:56","guid":{"rendered":"https:\/\/elmawkie.dz\/fr\/?p=47879"},"modified":"2025-02-28T09:33:31","modified_gmt":"2025-02-28T08:33:31","slug":"inaugure-la-mosquee-pole-de-tipasa","status":"publish","type":"post","link":"https:\/\/elmawkie.dz\/fr\/inaugure-la-mosquee-pole-de-tipasa\/","title":{"rendered":"M.Belmehdi inaugure la mosqu\u00e9e-p\u00f4le de Tipasa"},"content":{"rendered":"\n<p><em>Le ministre des Affaires religieuses et des Wakfs, Youcef Belmehdi , a inaugur\u00e9, jeudi, la mosqu\u00e9e-p\u00f4le de Tipasa, un \u00e9difice religieux et culturel qui vient renforcer la vie spirituelle dans la wilaya. Dans une d\u00e9claration \u00e0 la presse au terme de sa visite de travail dans la wilaya, le ministre a fait savoir que cette mosqu\u00e9e, s&rsquo;inscrivant dans le cadre d&rsquo;un projet gouvernemental visant la construction de 10 mosqu\u00e9es-p\u00f4les \u00e0 travers le pays, \u00ab\u00a0renforcera la vie spirituelle et culturelle de toute la r\u00e9gion ce qui consolidera les valeurs de mod\u00e9ration et de juste milieu\u00a0\u00bb. Cette mosqu\u00e9e-p\u00f4le est \u00ab\u00a0un important \u00e9difice religieux dot\u00e9 de structures de formation \u00e0 m\u00eame de dynamiser la vie religieuse et culturelle\u00a0\u00bb, a-t-il indiqu\u00e9, saluant les efforts des autorit\u00e9s locales pour sa mise en service \u00e0 la veille du mois sacr\u00e9 de Ramadhan. D&rsquo;une capacit\u00e9 d&rsquo;accueil de 15.000 fid\u00e8les, cette mosqu\u00e9e-p\u00f4le, construite dans un style architectural islamique, s&rsquo;\u00e9tend sur une superficie totale de 15.000 m2. Apr\u00e8s avoir accus\u00e9 un retard, le projet a \u00e9t\u00e9 relanc\u00e9 par les pouvoirs publics en 2022 pour enfin \u00eatre parachev\u00e9. Outre la salle de pri\u00e8re, cet \u00e9difice religieux comprend un espace p\u00e9dagogique, une biblioth\u00e8que, 7 salles d&rsquo;enseignement, une salle de conf\u00e9rences, un restaurant, un internat pour les \u00e9tudiants, un jardin ext\u00e9rieur et un parking d&rsquo;une capacit\u00e9 de 150 v\u00e9hicules. La mosqu\u00e9e-p\u00f4le a \u00e9t\u00e9 construite \u00e0 l&rsquo;ouest de la ville de Tipasa sur un site surplombant la mer et \u00e0 proximit\u00e9 d&rsquo;une place publique tr\u00e8s fr\u00e9quent\u00e9e par les habitants locaux et les touristes. Elle est \u00e9galement mitoyenne au centre culturel islamique et \u00e0 une \u00e9cole coranique. Par ailleurs, le ministre, accompagn\u00e9 du wali de Tipasa, Ali Moulay, a donn\u00e9 le coup d&rsquo;envoi d&rsquo;une caravane de solidarit\u00e9 \u00e0 l&rsquo;occasion du mois sacr\u00e9 de Ramadhan, destin\u00e9e aux familles d\u00e9munies des communes d&rsquo;Aghbal et de Beni Mileuk, situ\u00e9es \u00e0 l&rsquo;extr\u00eame ouest de la wilaya.<\/em><\/p>\n","protected":false},"excerpt":{"rendered":"<p>Le ministre des Affaires religieuses et des Wakfs, Youcef Belmehdi , a inaugur\u00e9, jeudi, la mosqu\u00e9e-p\u00f4le de Tipasa, un \u00e9difice religieux et culturel qui vient renforcer la vie spirituelle dans la wilaya. Dans une d\u00e9claration \u00e0 la presse au terme de sa visite de travail dans la wilaya, le ministre a fait savoir que cette &hellip;<\/p>\n","protected":false},"author":9,"featured_media":47881,"comment_status":"open","ping_status":"open","sticky":false,"template":"","format":"standard","meta":{"footnotes":""},"categories":[47],"tags":[2801,2800,1058],"class_list":["post-47879","post","type-post","status-publish","format-standard","has-post-thumbnail","hentry","category-national","tag-la-mosquee-pole","tag-m-belmehdi-2","tag-tipasa"],"yoast_head":"<!-- This site is optimized with the Yoast SEO Premium plugin v22.6 (Yoast SEO v22.6) - https:\/\/yoast.com\/wordpress\/plugins\/seo\/ -->\n<title>M.Belmehdi inaugure la mosqu\u00e9e-p\u00f4le de Tipasa - El Mawkie<\/title>\n<meta name=\"robots\" content=\"index, follow, max-snippet:-1, max-image-preview:large, max-video-preview:-1\" \/>\n<link rel=\"canonical\" href=\"https:\/\/elmawkie.dz\/fr\/inaugure-la-mosquee-pole-de-tipasa\/\" \/>\n<meta property=\"og:locale\" content=\"fr_FR\" \/>\n<meta property=\"og:type\" content=\"article\" \/>\n<meta property=\"og:title\" content=\"M.Belmehdi inaugure la mosqu\u00e9e-p\u00f4le de Tipasa\" \/>\n<meta property=\"og:description\" content=\"Le ministre des Affaires religieuses et des Wakfs, Youcef Belmehdi , a inaugur\u00e9, jeudi, la mosqu\u00e9e-p\u00f4le de Tipasa, un \u00e9difice religieux et culturel qui vient renforcer la vie spirituelle dans la wilaya. Dans une d\u00e9claration \u00e0 la presse au terme de sa visite de travail dans la wilaya, le ministre a fait savoir que cette &hellip;\" \/>\n<meta property=\"og:url\" content=\"https:\/\/elmawkie.dz\/fr\/inaugure-la-mosquee-pole-de-tipasa\/\" \/>\n<meta property=\"og:site_name\" content=\"El Mawkie\" \/>\n<meta property=\"article:publisher\" content=\"https:\/\/www.facebook.com\/profile.php?id=100088407094989&amp;locale=fr_FR\" \/>\n<meta property=\"article:published_time\" content=\"2025-02-28T08:32:56+00:00\" \/>\n<meta property=\"article:modified_time\" content=\"2025-02-28T08:33:31+00:00\" \/>\n<meta property=\"og:image\" content=\"https:\/\/elmawkie.dz\/fr\/wp-content\/uploads\/2025\/02\/IMG_0492.jpeg\" \/>\n\t<meta property=\"og:image:width\" content=\"2048\" \/>\n\t<meta property=\"og:image:height\" content=\"1152\" \/>\n\t<meta property=\"og:image:type\" content=\"image\/jpeg\" \/>\n<meta name=\"author\" content=\"R\u00e9daction\" \/>\n<meta name=\"twitter:card\" content=\"summary_large_image\" \/>\n<meta name=\"twitter:label1\" content=\"Written by\" \/>\n\t<meta name=\"twitter:data1\" content=\"R\u00e9daction\" \/>\n\t<meta name=\"twitter:label2\" content=\"Est. reading time\" \/>\n\t<meta name=\"twitter:data2\" content=\"2 minutes\" \/>\n<script type=\"application\/ld+json\" class=\"yoast-schema-graph\">{\"@context\":\"https:\/\/schema.org\",\"@graph\":[{\"@type\":\"Article\",\"@id\":\"https:\/\/elmawkie.dz\/fr\/inaugure-la-mosquee-pole-de-tipasa\/#article\",\"isPartOf\":{\"@id\":\"https:\/\/elmawkie.dz\/fr\/inaugure-la-mosquee-pole-de-tipasa\/\"},\"author\":{\"name\":\"R\u00e9daction\",\"@id\":\"https:\/\/elmawkie.dz\/fr\/#\/schema\/person\/e7bd59d6467874ba5c4723d8a9f0a63c\"},\"headline\":\"M.Belmehdi inaugure la mosqu\u00e9e-p\u00f4le de Tipasa\",\"datePublished\":\"2025-02-28T08:32:56+00:00\",\"dateModified\":\"2025-02-28T08:33:31+00:00\",\"mainEntityOfPage\":{\"@id\":\"https:\/\/elmawkie.dz\/fr\/inaugure-la-mosquee-pole-de-tipasa\/\"},\"wordCount\":346,\"commentCount\":0,\"publisher\":{\"@id\":\"https:\/\/elmawkie.dz\/fr\/#organization\"},\"image\":{\"@id\":\"https:\/\/elmawkie.dz\/fr\/inaugure-la-mosquee-pole-de-tipasa\/#primaryimage\"},\"thumbnailUrl\":\"https:\/\/elmawkie.dz\/fr\/wp-content\/uploads\/2025\/02\/IMG_0492.jpeg\",\"keywords\":[\"La mosqu\u00e9e p\u00f4le\",\"M. Belmehdi\",\"Tipasa\"],\"articleSection\":[\"National\"],\"inLanguage\":\"fr-FR\",\"potentialAction\":[{\"@type\":\"CommentAction\",\"name\":\"Comment\",\"target\":[\"https:\/\/elmawkie.dz\/fr\/inaugure-la-mosquee-pole-de-tipasa\/#respond\"]}]},{\"@type\":\"WebPage\",\"@id\":\"https:\/\/elmawkie.dz\/fr\/inaugure-la-mosquee-pole-de-tipasa\/\",\"url\":\"https:\/\/elmawkie.dz\/fr\/inaugure-la-mosquee-pole-de-tipasa\/\",\"name\":\"M.Belmehdi inaugure la mosqu\u00e9e-p\u00f4le de Tipasa - El Mawkie\",\"isPartOf\":{\"@id\":\"https:\/\/elmawkie.dz\/fr\/#website\"},\"primaryImageOfPage\":{\"@id\":\"https:\/\/elmawkie.dz\/fr\/inaugure-la-mosquee-pole-de-tipasa\/#primaryimage\"},\"image\":{\"@id\":\"https:\/\/elmawkie.dz\/fr\/inaugure-la-mosquee-pole-de-tipasa\/#primaryimage\"},\"thumbnailUrl\":\"https:\/\/elmawkie.dz\/fr\/wp-content\/uploads\/2025\/02\/IMG_0492.jpeg\",\"datePublished\":\"2025-02-28T08:32:56+00:00\",\"dateModified\":\"2025-02-28T08:33:31+00:00\",\"breadcrumb\":{\"@id\":\"https:\/\/elmawkie.dz\/fr\/inaugure-la-mosquee-pole-de-tipasa\/#breadcrumb\"},\"inLanguage\":\"fr-FR\",\"potentialAction\":[{\"@type\":\"ReadAction\",\"target\":[\"https:\/\/elmawkie.dz\/fr\/inaugure-la-mosquee-pole-de-tipasa\/\"]}]},{\"@type\":\"ImageObject\",\"inLanguage\":\"fr-FR\",\"@id\":\"https:\/\/elmawkie.dz\/fr\/inaugure-la-mosquee-pole-de-tipasa\/#primaryimage\",\"url\":\"https:\/\/elmawkie.dz\/fr\/wp-content\/uploads\/2025\/02\/IMG_0492.jpeg\",\"contentUrl\":\"https:\/\/elmawkie.dz\/fr\/wp-content\/uploads\/2025\/02\/IMG_0492.jpeg\",\"width\":2048,\"height\":1152},{\"@type\":\"BreadcrumbList\",\"@id\":\"https:\/\/elmawkie.dz\/fr\/inaugure-la-mosquee-pole-de-tipasa\/#breadcrumb\",\"itemListElement\":[{\"@type\":\"ListItem\",\"position\":1,\"name\":\"Home\",\"item\":\"https:\/\/elmawkie.dz\/fr\/\"},{\"@type\":\"ListItem\",\"position\":2,\"name\":\"M.Belmehdi inaugure la mosqu\u00e9e-p\u00f4le de Tipasa\"}]},{\"@type\":\"WebSite\",\"@id\":\"https:\/\/elmawkie.dz\/fr\/#website\",\"url\":\"https:\/\/elmawkie.dz\/fr\/\",\"name\":\"EL MAWKIE\",\"description\":\"Journal \u00c9lectronique Alg\u00e9rien\",\"publisher\":{\"@id\":\"https:\/\/elmawkie.dz\/fr\/#organization\"},\"potentialAction\":[{\"@type\":\"SearchAction\",\"target\":{\"@type\":\"EntryPoint\",\"urlTemplate\":\"https:\/\/elmawkie.dz\/fr\/?s={search_term_string}\"},\"query-input\":\"required name=search_term_string\"}],\"inLanguage\":\"fr-FR\"},{\"@type\":\"Organization\",\"@id\":\"https:\/\/elmawkie.dz\/fr\/#organization\",\"name\":\"EL MAWKIE\",\"url\":\"https:\/\/elmawkie.dz\/fr\/\",\"logo\":{\"@type\":\"ImageObject\",\"inLanguage\":\"fr-FR\",\"@id\":\"https:\/\/elmawkie.dz\/fr\/#\/schema\/logo\/image\/\",\"url\":\"https:\/\/elmawkie.dz\/fr\/wp-content\/uploads\/2024\/05\/logo1.png\",\"contentUrl\":\"https:\/\/elmawkie.dz\/fr\/wp-content\/uploads\/2024\/05\/logo1.png\",\"width\":1648,\"height\":652,\"caption\":\"EL MAWKIE\"},\"image\":{\"@id\":\"https:\/\/elmawkie.dz\/fr\/#\/schema\/logo\/image\/\"},\"sameAs\":[\"https:\/\/www.facebook.com\/profile.php?id=100088407094989&locale=fr_FR\"]},{\"@type\":\"Person\",\"@id\":\"https:\/\/elmawkie.dz\/fr\/#\/schema\/person\/e7bd59d6467874ba5c4723d8a9f0a63c\",\"name\":\"R\u00e9daction\",\"image\":{\"@type\":\"ImageObject\",\"inLanguage\":\"fr-FR\",\"@id\":\"https:\/\/elmawkie.dz\/fr\/#\/schema\/person\/image\/\",\"url\":\"https:\/\/secure.gravatar.com\/avatar\/f0f773456344da4d2788c054a3d30a0c?s=96&d=mm&r=g\",\"contentUrl\":\"https:\/\/secure.gravatar.com\/avatar\/f0f773456344da4d2788c054a3d30a0c?s=96&d=mm&r=g\",\"caption\":\"R\u00e9daction\"},\"url\":\"https:\/\/elmawkie.dz\/fr\/author\/redaction\/\"}]}<\/script>\n<!-- \/ Yoast SEO Premium plugin. -->","yoast_head_json":{"title":"M.Belmehdi inaugure la mosqu\u00e9e-p\u00f4le de Tipasa - El Mawkie","robots":{"index":"index","follow":"follow","max-snippet":"max-snippet:-1","max-image-preview":"max-image-preview:large","max-video-preview":"max-video-preview:-1"},"canonical":"https:\/\/elmawkie.dz\/fr\/inaugure-la-mosquee-pole-de-tipasa\/","og_locale":"fr_FR","og_type":"article","og_title":"M.Belmehdi inaugure la mosqu\u00e9e-p\u00f4le de Tipasa","og_description":"Le ministre des Affaires religieuses et des Wakfs, Youcef Belmehdi , a inaugur\u00e9, jeudi, la mosqu\u00e9e-p\u00f4le de Tipasa, un \u00e9difice religieux et culturel qui vient renforcer la vie spirituelle dans la wilaya. Dans une d\u00e9claration \u00e0 la presse au terme de sa visite de travail dans la wilaya, le ministre a fait savoir que cette &hellip;","og_url":"https:\/\/elmawkie.dz\/fr\/inaugure-la-mosquee-pole-de-tipasa\/","og_site_name":"El Mawkie","article_publisher":"https:\/\/www.facebook.com\/profile.php?id=100088407094989&locale=fr_FR","article_published_time":"2025-02-28T08:32:56+00:00","article_modified_time":"2025-02-28T08:33:31+00:00","og_image":[{"width":2048,"height":1152,"url":"https:\/\/elmawkie.dz\/fr\/wp-content\/uploads\/2025\/02\/IMG_0492.jpeg","type":"image\/jpeg"}],"author":"R\u00e9daction","twitter_card":"summary_large_image","twitter_misc":{"Written by":"R\u00e9daction","Est. reading time":"2 minutes"},"schema":{"@context":"https:\/\/schema.org","@graph":[{"@type":"Article","@id":"https:\/\/elmawkie.dz\/fr\/inaugure-la-mosquee-pole-de-tipasa\/#article","isPartOf":{"@id":"https:\/\/elmawkie.dz\/fr\/inaugure-la-mosquee-pole-de-tipasa\/"},"author":{"name":"R\u00e9daction","@id":"https:\/\/elmawkie.dz\/fr\/#\/schema\/person\/e7bd59d6467874ba5c4723d8a9f0a63c"},"headline":"M.Belmehdi inaugure la mosqu\u00e9e-p\u00f4le de Tipasa","datePublished":"2025-02-28T08:32:56+00:00","dateModified":"2025-02-28T08:33:31+00:00","mainEntityOfPage":{"@id":"https:\/\/elmawkie.dz\/fr\/inaugure-la-mosquee-pole-de-tipasa\/"},"wordCount":346,"commentCount":0,"publisher":{"@id":"https:\/\/elmawkie.dz\/fr\/#organization"},"image":{"@id":"https:\/\/elmawkie.dz\/fr\/inaugure-la-mosquee-pole-de-tipasa\/#primaryimage"},"thumbnailUrl":"https:\/\/elmawkie.dz\/fr\/wp-content\/uploads\/2025\/02\/IMG_0492.jpeg","keywords":["La mosqu\u00e9e p\u00f4le","M. Belmehdi","Tipasa"],"articleSection":["National"],"inLanguage":"fr-FR","potentialAction":[{"@type":"CommentAction","name":"Comment","target":["https:\/\/elmawkie.dz\/fr\/inaugure-la-mosquee-pole-de-tipasa\/#respond"]}]},{"@type":"WebPage","@id":"https:\/\/elmawkie.dz\/fr\/inaugure-la-mosquee-pole-de-tipasa\/","url":"https:\/\/elmawkie.dz\/fr\/inaugure-la-mosquee-pole-de-tipasa\/","name":"M.Belmehdi inaugure la mosqu\u00e9e-p\u00f4le de Tipasa - El Mawkie","isPartOf":{"@id":"https:\/\/elmawkie.dz\/fr\/#website"},"primaryImageOfPage":{"@id":"https:\/\/elmawkie.dz\/fr\/inaugure-la-mosquee-pole-de-tipasa\/#primaryimage"},"image":{"@id":"https:\/\/elmawkie.dz\/fr\/inaugure-la-mosquee-pole-de-tipasa\/#primaryimage"},"thumbnailUrl":"https:\/\/elmawkie.dz\/fr\/wp-content\/uploads\/2025\/02\/IMG_0492.jpeg","datePublished":"2025-02-28T08:32:56+00:00","dateModified":"2025-02-28T08:33:31+00:00","breadcrumb":{"@id":"https:\/\/elmawkie.dz\/fr\/inaugure-la-mosquee-pole-de-tipasa\/#breadcrumb"},"inLanguage":"fr-FR","potentialAction":[{"@type":"ReadAction","target":["https:\/\/elmawkie.dz\/fr\/inaugure-la-mosquee-pole-de-tipasa\/"]}]},{"@type":"ImageObject","inLanguage":"fr-FR","@id":"https:\/\/elmawkie.dz\/fr\/inaugure-la-mosquee-pole-de-tipasa\/#primaryimage","url":"https:\/\/elmawkie.dz\/fr\/wp-content\/uploads\/2025\/02\/IMG_0492.jpeg","contentUrl":"https:\/\/elmawkie.dz\/fr\/wp-content\/uploads\/2025\/02\/IMG_0492.jpeg","width":2048,"height":1152},{"@type":"BreadcrumbList","@id":"https:\/\/elmawkie.dz\/fr\/inaugure-la-mosquee-pole-de-tipasa\/#breadcrumb","itemListElement":[{"@type":"ListItem","position":1,"name":"Home","item":"https:\/\/elmawkie.dz\/fr\/"},{"@type":"ListItem","position":2,"name":"M.Belmehdi inaugure la mosqu\u00e9e-p\u00f4le de Tipasa"}]},{"@type":"WebSite","@id":"https:\/\/elmawkie.dz\/fr\/#website","url":"https:\/\/elmawkie.dz\/fr\/","name":"EL MAWKIE","description":"Journal \u00c9lectronique Alg\u00e9rien","publisher":{"@id":"https:\/\/elmawkie.dz\/fr\/#organization"},"potentialAction":[{"@type":"SearchAction","target":{"@type":"EntryPoint","urlTemplate":"https:\/\/elmawkie.dz\/fr\/?s={search_term_string}"},"query-input":"required name=search_term_string"}],"inLanguage":"fr-FR"},{"@type":"Organization","@id":"https:\/\/elmawkie.dz\/fr\/#organization","name":"EL MAWKIE","url":"https:\/\/elmawkie.dz\/fr\/","logo":{"@type":"ImageObject","inLanguage":"fr-FR","@id":"https:\/\/elmawkie.dz\/fr\/#\/schema\/logo\/image\/","url":"https:\/\/elmawkie.dz\/fr\/wp-content\/uploads\/2024\/05\/logo1.png","contentUrl":"https:\/\/elmawkie.dz\/fr\/wp-content\/uploads\/2024\/05\/logo1.png","width":1648,"height":652,"caption":"EL MAWKIE"},"image":{"@id":"https:\/\/elmawkie.dz\/fr\/#\/schema\/logo\/image\/"},"sameAs":["https:\/\/www.facebook.com\/profile.php?id=100088407094989&locale=fr_FR"]},{"@type":"Person","@id":"https:\/\/elmawkie.dz\/fr\/#\/schema\/person\/e7bd59d6467874ba5c4723d8a9f0a63c","name":"R\u00e9daction","image":{"@type":"ImageObject","inLanguage":"fr-FR","@id":"https:\/\/elmawkie.dz\/fr\/#\/schema\/person\/image\/","url":"https:\/\/secure.gravatar.com\/avatar\/f0f773456344da4d2788c054a3d30a0c?s=96&d=mm&r=g","contentUrl":"https:\/\/secure.gravatar.com\/avatar\/f0f773456344da4d2788c054a3d30a0c?s=96&d=mm&r=g","caption":"R\u00e9daction"},"url":"https:\/\/elmawkie.dz\/fr\/author\/redaction\/"}]}},"_links":{"self":[{"href":"https:\/\/elmawkie.dz\/fr\/wp-json\/wp\/v2\/posts\/47879","targetHints":{"allow":["GET"]}}],"collection":[{"href":"https:\/\/elmawkie.dz\/fr\/wp-json\/wp\/v2\/posts"}],"about":[{"href":"https:\/\/elmawkie.dz\/fr\/wp-json\/wp\/v2\/types\/post"}],"author":[{"embeddable":true,"href":"https:\/\/elmawkie.dz\/fr\/wp-json\/wp\/v2\/users\/9"}],"replies":[{"embeddable":true,"href":"https:\/\/elmawkie.dz\/fr\/wp-json\/wp\/v2\/comments?post=47879"}],"version-history":[{"count":2,"href":"https:\/\/elmawkie.dz\/fr\/wp-json\/wp\/v2\/posts\/47879\/revisions"}],"predecessor-version":[{"id":47883,"href":"https:\/\/elmawkie.dz\/fr\/wp-json\/wp\/v2\/posts\/47879\/revisions\/47883"}],"wp:featuredmedia":[{"embeddable":true,"href":"https:\/\/elmawkie.dz\/fr\/wp-json\/wp\/v2\/media\/47881"}],"wp:attachment":[{"href":"https:\/\/elmawkie.dz\/fr\/wp-json\/wp\/v2\/media?parent=47879"}],"wp:term":[{"taxonomy":"category","embeddable":true,"href":"https:\/\/elmawkie.dz\/fr\/wp-json\/wp\/v2\/categories?post=47879"},{"taxonomy":"post_tag","embeddable":true,"href":"https:\/\/elmawkie.dz\/fr\/wp-json\/wp\/v2\/tags?post=47879"}],"curies":[{"name":"wp","href":"https:\/\/api.w.org\/{rel}","templated":true}]}}