{"id":47868,"date":"2025-02-28T09:22:13","date_gmt":"2025-02-28T08:22:13","guid":{"rendered":"https:\/\/elmawkie.dz\/fr\/?p=47868"},"modified":"2025-02-28T09:22:14","modified_gmt":"2025-02-28T08:22:14","slug":"afghanistan-plus-de-500-000-deplaces-climatiques-en-2024","status":"publish","type":"post","link":"https:\/\/elmawkie.dz\/fr\/afghanistan-plus-de-500-000-deplaces-climatiques-en-2024\/","title":{"rendered":"Afghanistan: plus de 500.000 d\u00e9plac\u00e9s climatiques en 2024"},"content":{"rendered":"\n<p><em>Plus de 500.000 Afghans ont \u00e9t\u00e9 d\u00e9plac\u00e9s en 2024 du fait d&rsquo;inondations, de la s\u00e9cheresse ou d&rsquo;autres catastrophes climatiques, a annonc\u00e9 jeudi l&rsquo;Organisation internationale pour les migrations (OIM). D&rsquo;apr\u00e8s un nouveau rapport de l&rsquo;agence onusienne, pr\u00e8s de neuf millions de personnes ont \u00e9t\u00e9 affect\u00e9es l&rsquo;an dernier par des al\u00e9as climatiques dans le pays, l&rsquo;un des plus pauvres au monde mais aussi l&rsquo;un des plus vuln\u00e9rables aux effets du changement climatique. En 2024, \u00ab\u00a0pr\u00e8s de neuf millions d&rsquo;individus ont \u00e9t\u00e9 affect\u00e9s par des al\u00e9as climatiques (&#8230;) et plus de 500.000 ont \u00e9t\u00e9 d\u00e9plac\u00e9s par des inondations, la s\u00e9cheresse et d&rsquo;autres catastrophes\u00a0\u00bb, indique le rapport de l&rsquo;OIM. Selon cette source, 59% des d\u00e9plac\u00e9s se sont \u00e9tablis dans leur province d&rsquo;origine et la plupart d&rsquo;entre eux proviennent des r\u00e9gions de H\u00e9rat et de Farah (ouest). Dans le sud-ouest du pays, des inondations ont caus\u00e9 la mort de 39 personnes en deux jours, d&rsquo;apr\u00e8s les autorit\u00e9s locales. L&rsquo;OIM indique que 96% des villages afghans manquent d&rsquo;\u00e9quipements pour alerter les habitants de catastrophes, mais \u00e9galement pour leur porter secours, et 92% ont un acc\u00e8s limit\u00e9 aux services d&rsquo;urgence. Plus de 11 millions de personnes risquent \u00e0 l&rsquo;avenir d&rsquo;\u00eatre gravement affect\u00e9s par des d\u00e9sastres climatiques, particuli\u00e8rement dans les provinces de Ghor (ouest), Khost (est) et Jawzjan (nord). L&rsquo;Afghanistan subit r\u00e9guli\u00e8rement des temp\u00eates et des crues soudaines meurtri\u00e8res. En mai 2024, des crues subites d\u00e9vastatrices avaient fait en quelques jours au moins 300 morts et de tr\u00e8s nombreux disparus dans la province septentrionale de Baghlan.<\/em><\/p>\n","protected":false},"excerpt":{"rendered":"<p>Plus de 500.000 Afghans ont \u00e9t\u00e9 d\u00e9plac\u00e9s en 2024 du fait d&rsquo;inondations, de la s\u00e9cheresse ou d&rsquo;autres catastrophes climatiques, a annonc\u00e9 jeudi l&rsquo;Organisation internationale pour les migrations (OIM). D&rsquo;apr\u00e8s un nouveau rapport de l&rsquo;agence onusienne, pr\u00e8s de neuf millions de personnes ont \u00e9t\u00e9 affect\u00e9es l&rsquo;an dernier par des al\u00e9as climatiques dans le pays, l&rsquo;un des &hellip;<\/p>\n","protected":false},"author":9,"featured_media":47870,"comment_status":"open","ping_status":"open","sticky":false,"template":"","format":"standard","meta":{"footnotes":""},"categories":[44],"tags":[137,2796,1595,2797],"class_list":["post-47868","post","type-post","status-publish","format-standard","has-post-thumbnail","hentry","category-international","tag-137","tag-500-000","tag-afghanistan","tag-climatiques"],"yoast_head":"<!-- This site is optimized with the Yoast SEO Premium plugin v22.6 (Yoast SEO v22.6) - https:\/\/yoast.com\/wordpress\/plugins\/seo\/ -->\n<title>Afghanistan: plus de 500.000 d\u00e9plac\u00e9s climatiques en 2024 - El Mawkie<\/title>\n<meta name=\"robots\" content=\"index, follow, max-snippet:-1, max-image-preview:large, max-video-preview:-1\" \/>\n<link rel=\"canonical\" href=\"https:\/\/elmawkie.dz\/fr\/afghanistan-plus-de-500-000-deplaces-climatiques-en-2024\/\" \/>\n<meta property=\"og:locale\" content=\"fr_FR\" \/>\n<meta property=\"og:type\" content=\"article\" \/>\n<meta property=\"og:title\" content=\"Afghanistan: plus de 500.000 d\u00e9plac\u00e9s climatiques en 2024\" \/>\n<meta property=\"og:description\" content=\"Plus de 500.000 Afghans ont \u00e9t\u00e9 d\u00e9plac\u00e9s en 2024 du fait d&rsquo;inondations, de la s\u00e9cheresse ou d&rsquo;autres catastrophes climatiques, a annonc\u00e9 jeudi l&rsquo;Organisation internationale pour les migrations (OIM). D&rsquo;apr\u00e8s un nouveau rapport de l&rsquo;agence onusienne, pr\u00e8s de neuf millions de personnes ont \u00e9t\u00e9 affect\u00e9es l&rsquo;an dernier par des al\u00e9as climatiques dans le pays, l&rsquo;un des &hellip;\" \/>\n<meta property=\"og:url\" content=\"https:\/\/elmawkie.dz\/fr\/afghanistan-plus-de-500-000-deplaces-climatiques-en-2024\/\" \/>\n<meta property=\"og:site_name\" content=\"El Mawkie\" \/>\n<meta property=\"article:publisher\" content=\"https:\/\/www.facebook.com\/profile.php?id=100088407094989&amp;locale=fr_FR\" \/>\n<meta property=\"article:published_time\" content=\"2025-02-28T08:22:13+00:00\" \/>\n<meta property=\"article:modified_time\" content=\"2025-02-28T08:22:14+00:00\" \/>\n<meta property=\"og:image\" content=\"https:\/\/elmawkie.dz\/fr\/wp-content\/uploads\/2025\/02\/IMG_0490.jpeg\" \/>\n\t<meta property=\"og:image:width\" content=\"783\" \/>\n\t<meta property=\"og:image:height\" content=\"391\" \/>\n\t<meta property=\"og:image:type\" content=\"image\/jpeg\" \/>\n<meta name=\"author\" content=\"R\u00e9daction\" \/>\n<meta name=\"twitter:card\" content=\"summary_large_image\" \/>\n<meta name=\"twitter:label1\" content=\"Written by\" \/>\n\t<meta name=\"twitter:data1\" content=\"R\u00e9daction\" \/>\n\t<meta name=\"twitter:label2\" content=\"Est. reading time\" \/>\n\t<meta name=\"twitter:data2\" content=\"2 minutes\" \/>\n<script type=\"application\/ld+json\" class=\"yoast-schema-graph\">{\"@context\":\"https:\/\/schema.org\",\"@graph\":[{\"@type\":\"Article\",\"@id\":\"https:\/\/elmawkie.dz\/fr\/afghanistan-plus-de-500-000-deplaces-climatiques-en-2024\/#article\",\"isPartOf\":{\"@id\":\"https:\/\/elmawkie.dz\/fr\/afghanistan-plus-de-500-000-deplaces-climatiques-en-2024\/\"},\"author\":{\"name\":\"R\u00e9daction\",\"@id\":\"https:\/\/elmawkie.dz\/fr\/#\/schema\/person\/e7bd59d6467874ba5c4723d8a9f0a63c\"},\"headline\":\"Afghanistan: plus de 500.000 d\u00e9plac\u00e9s climatiques en 2024\",\"datePublished\":\"2025-02-28T08:22:13+00:00\",\"dateModified\":\"2025-02-28T08:22:14+00:00\",\"mainEntityOfPage\":{\"@id\":\"https:\/\/elmawkie.dz\/fr\/afghanistan-plus-de-500-000-deplaces-climatiques-en-2024\/\"},\"wordCount\":293,\"commentCount\":0,\"publisher\":{\"@id\":\"https:\/\/elmawkie.dz\/fr\/#organization\"},\"image\":{\"@id\":\"https:\/\/elmawkie.dz\/fr\/afghanistan-plus-de-500-000-deplaces-climatiques-en-2024\/#primaryimage\"},\"thumbnailUrl\":\"https:\/\/elmawkie.dz\/fr\/wp-content\/uploads\/2025\/02\/IMG_0490.jpeg\",\"keywords\":[\"2024\",\"500.000\",\"Afghanistan\",\"Climatiques\"],\"articleSection\":[\"International\"],\"inLanguage\":\"fr-FR\",\"potentialAction\":[{\"@type\":\"CommentAction\",\"name\":\"Comment\",\"target\":[\"https:\/\/elmawkie.dz\/fr\/afghanistan-plus-de-500-000-deplaces-climatiques-en-2024\/#respond\"]}]},{\"@type\":\"WebPage\",\"@id\":\"https:\/\/elmawkie.dz\/fr\/afghanistan-plus-de-500-000-deplaces-climatiques-en-2024\/\",\"url\":\"https:\/\/elmawkie.dz\/fr\/afghanistan-plus-de-500-000-deplaces-climatiques-en-2024\/\",\"name\":\"Afghanistan: plus de 500.000 d\u00e9plac\u00e9s climatiques en 2024 - El Mawkie\",\"isPartOf\":{\"@id\":\"https:\/\/elmawkie.dz\/fr\/#website\"},\"primaryImageOfPage\":{\"@id\":\"https:\/\/elmawkie.dz\/fr\/afghanistan-plus-de-500-000-deplaces-climatiques-en-2024\/#primaryimage\"},\"image\":{\"@id\":\"https:\/\/elmawkie.dz\/fr\/afghanistan-plus-de-500-000-deplaces-climatiques-en-2024\/#primaryimage\"},\"thumbnailUrl\":\"https:\/\/elmawkie.dz\/fr\/wp-content\/uploads\/2025\/02\/IMG_0490.jpeg\",\"datePublished\":\"2025-02-28T08:22:13+00:00\",\"dateModified\":\"2025-02-28T08:22:14+00:00\",\"breadcrumb\":{\"@id\":\"https:\/\/elmawkie.dz\/fr\/afghanistan-plus-de-500-000-deplaces-climatiques-en-2024\/#breadcrumb\"},\"inLanguage\":\"fr-FR\",\"potentialAction\":[{\"@type\":\"ReadAction\",\"target\":[\"https:\/\/elmawkie.dz\/fr\/afghanistan-plus-de-500-000-deplaces-climatiques-en-2024\/\"]}]},{\"@type\":\"ImageObject\",\"inLanguage\":\"fr-FR\",\"@id\":\"https:\/\/elmawkie.dz\/fr\/afghanistan-plus-de-500-000-deplaces-climatiques-en-2024\/#primaryimage\",\"url\":\"https:\/\/elmawkie.dz\/fr\/wp-content\/uploads\/2025\/02\/IMG_0490.jpeg\",\"contentUrl\":\"https:\/\/elmawkie.dz\/fr\/wp-content\/uploads\/2025\/02\/IMG_0490.jpeg\",\"width\":783,\"height\":391},{\"@type\":\"BreadcrumbList\",\"@id\":\"https:\/\/elmawkie.dz\/fr\/afghanistan-plus-de-500-000-deplaces-climatiques-en-2024\/#breadcrumb\",\"itemListElement\":[{\"@type\":\"ListItem\",\"position\":1,\"name\":\"Home\",\"item\":\"https:\/\/elmawkie.dz\/fr\/\"},{\"@type\":\"ListItem\",\"position\":2,\"name\":\"Afghanistan: plus de 500.000 d\u00e9plac\u00e9s climatiques en 2024\"}]},{\"@type\":\"WebSite\",\"@id\":\"https:\/\/elmawkie.dz\/fr\/#website\",\"url\":\"https:\/\/elmawkie.dz\/fr\/\",\"name\":\"EL MAWKIE\",\"description\":\"Journal \u00c9lectronique Alg\u00e9rien\",\"publisher\":{\"@id\":\"https:\/\/elmawkie.dz\/fr\/#organization\"},\"potentialAction\":[{\"@type\":\"SearchAction\",\"target\":{\"@type\":\"EntryPoint\",\"urlTemplate\":\"https:\/\/elmawkie.dz\/fr\/?s={search_term_string}\"},\"query-input\":\"required name=search_term_string\"}],\"inLanguage\":\"fr-FR\"},{\"@type\":\"Organization\",\"@id\":\"https:\/\/elmawkie.dz\/fr\/#organization\",\"name\":\"EL MAWKIE\",\"url\":\"https:\/\/elmawkie.dz\/fr\/\",\"logo\":{\"@type\":\"ImageObject\",\"inLanguage\":\"fr-FR\",\"@id\":\"https:\/\/elmawkie.dz\/fr\/#\/schema\/logo\/image\/\",\"url\":\"https:\/\/elmawkie.dz\/fr\/wp-content\/uploads\/2024\/05\/logo1.png\",\"contentUrl\":\"https:\/\/elmawkie.dz\/fr\/wp-content\/uploads\/2024\/05\/logo1.png\",\"width\":1648,\"height\":652,\"caption\":\"EL MAWKIE\"},\"image\":{\"@id\":\"https:\/\/elmawkie.dz\/fr\/#\/schema\/logo\/image\/\"},\"sameAs\":[\"https:\/\/www.facebook.com\/profile.php?id=100088407094989&locale=fr_FR\"]},{\"@type\":\"Person\",\"@id\":\"https:\/\/elmawkie.dz\/fr\/#\/schema\/person\/e7bd59d6467874ba5c4723d8a9f0a63c\",\"name\":\"R\u00e9daction\",\"image\":{\"@type\":\"ImageObject\",\"inLanguage\":\"fr-FR\",\"@id\":\"https:\/\/elmawkie.dz\/fr\/#\/schema\/person\/image\/\",\"url\":\"https:\/\/secure.gravatar.com\/avatar\/f0f773456344da4d2788c054a3d30a0c?s=96&d=mm&r=g\",\"contentUrl\":\"https:\/\/secure.gravatar.com\/avatar\/f0f773456344da4d2788c054a3d30a0c?s=96&d=mm&r=g\",\"caption\":\"R\u00e9daction\"},\"url\":\"https:\/\/elmawkie.dz\/fr\/author\/redaction\/\"}]}<\/script>\n<!-- \/ Yoast SEO Premium plugin. -->","yoast_head_json":{"title":"Afghanistan: plus de 500.000 d\u00e9plac\u00e9s climatiques en 2024 - El Mawkie","robots":{"index":"index","follow":"follow","max-snippet":"max-snippet:-1","max-image-preview":"max-image-preview:large","max-video-preview":"max-video-preview:-1"},"canonical":"https:\/\/elmawkie.dz\/fr\/afghanistan-plus-de-500-000-deplaces-climatiques-en-2024\/","og_locale":"fr_FR","og_type":"article","og_title":"Afghanistan: plus de 500.000 d\u00e9plac\u00e9s climatiques en 2024","og_description":"Plus de 500.000 Afghans ont \u00e9t\u00e9 d\u00e9plac\u00e9s en 2024 du fait d&rsquo;inondations, de la s\u00e9cheresse ou d&rsquo;autres catastrophes climatiques, a annonc\u00e9 jeudi l&rsquo;Organisation internationale pour les migrations (OIM). D&rsquo;apr\u00e8s un nouveau rapport de l&rsquo;agence onusienne, pr\u00e8s de neuf millions de personnes ont \u00e9t\u00e9 affect\u00e9es l&rsquo;an dernier par des al\u00e9as climatiques dans le pays, l&rsquo;un des &hellip;","og_url":"https:\/\/elmawkie.dz\/fr\/afghanistan-plus-de-500-000-deplaces-climatiques-en-2024\/","og_site_name":"El Mawkie","article_publisher":"https:\/\/www.facebook.com\/profile.php?id=100088407094989&locale=fr_FR","article_published_time":"2025-02-28T08:22:13+00:00","article_modified_time":"2025-02-28T08:22:14+00:00","og_image":[{"width":783,"height":391,"url":"https:\/\/elmawkie.dz\/fr\/wp-content\/uploads\/2025\/02\/IMG_0490.jpeg","type":"image\/jpeg"}],"author":"R\u00e9daction","twitter_card":"summary_large_image","twitter_misc":{"Written by":"R\u00e9daction","Est. reading time":"2 minutes"},"schema":{"@context":"https:\/\/schema.org","@graph":[{"@type":"Article","@id":"https:\/\/elmawkie.dz\/fr\/afghanistan-plus-de-500-000-deplaces-climatiques-en-2024\/#article","isPartOf":{"@id":"https:\/\/elmawkie.dz\/fr\/afghanistan-plus-de-500-000-deplaces-climatiques-en-2024\/"},"author":{"name":"R\u00e9daction","@id":"https:\/\/elmawkie.dz\/fr\/#\/schema\/person\/e7bd59d6467874ba5c4723d8a9f0a63c"},"headline":"Afghanistan: plus de 500.000 d\u00e9plac\u00e9s climatiques en 2024","datePublished":"2025-02-28T08:22:13+00:00","dateModified":"2025-02-28T08:22:14+00:00","mainEntityOfPage":{"@id":"https:\/\/elmawkie.dz\/fr\/afghanistan-plus-de-500-000-deplaces-climatiques-en-2024\/"},"wordCount":293,"commentCount":0,"publisher":{"@id":"https:\/\/elmawkie.dz\/fr\/#organization"},"image":{"@id":"https:\/\/elmawkie.dz\/fr\/afghanistan-plus-de-500-000-deplaces-climatiques-en-2024\/#primaryimage"},"thumbnailUrl":"https:\/\/elmawkie.dz\/fr\/wp-content\/uploads\/2025\/02\/IMG_0490.jpeg","keywords":["2024","500.000","Afghanistan","Climatiques"],"articleSection":["International"],"inLanguage":"fr-FR","potentialAction":[{"@type":"CommentAction","name":"Comment","target":["https:\/\/elmawkie.dz\/fr\/afghanistan-plus-de-500-000-deplaces-climatiques-en-2024\/#respond"]}]},{"@type":"WebPage","@id":"https:\/\/elmawkie.dz\/fr\/afghanistan-plus-de-500-000-deplaces-climatiques-en-2024\/","url":"https:\/\/elmawkie.dz\/fr\/afghanistan-plus-de-500-000-deplaces-climatiques-en-2024\/","name":"Afghanistan: plus de 500.000 d\u00e9plac\u00e9s climatiques en 2024 - El Mawkie","isPartOf":{"@id":"https:\/\/elmawkie.dz\/fr\/#website"},"primaryImageOfPage":{"@id":"https:\/\/elmawkie.dz\/fr\/afghanistan-plus-de-500-000-deplaces-climatiques-en-2024\/#primaryimage"},"image":{"@id":"https:\/\/elmawkie.dz\/fr\/afghanistan-plus-de-500-000-deplaces-climatiques-en-2024\/#primaryimage"},"thumbnailUrl":"https:\/\/elmawkie.dz\/fr\/wp-content\/uploads\/2025\/02\/IMG_0490.jpeg","datePublished":"2025-02-28T08:22:13+00:00","dateModified":"2025-02-28T08:22:14+00:00","breadcrumb":{"@id":"https:\/\/elmawkie.dz\/fr\/afghanistan-plus-de-500-000-deplaces-climatiques-en-2024\/#breadcrumb"},"inLanguage":"fr-FR","potentialAction":[{"@type":"ReadAction","target":["https:\/\/elmawkie.dz\/fr\/afghanistan-plus-de-500-000-deplaces-climatiques-en-2024\/"]}]},{"@type":"ImageObject","inLanguage":"fr-FR","@id":"https:\/\/elmawkie.dz\/fr\/afghanistan-plus-de-500-000-deplaces-climatiques-en-2024\/#primaryimage","url":"https:\/\/elmawkie.dz\/fr\/wp-content\/uploads\/2025\/02\/IMG_0490.jpeg","contentUrl":"https:\/\/elmawkie.dz\/fr\/wp-content\/uploads\/2025\/02\/IMG_0490.jpeg","width":783,"height":391},{"@type":"BreadcrumbList","@id":"https:\/\/elmawkie.dz\/fr\/afghanistan-plus-de-500-000-deplaces-climatiques-en-2024\/#breadcrumb","itemListElement":[{"@type":"ListItem","position":1,"name":"Home","item":"https:\/\/elmawkie.dz\/fr\/"},{"@type":"ListItem","position":2,"name":"Afghanistan: plus de 500.000 d\u00e9plac\u00e9s climatiques en 2024"}]},{"@type":"WebSite","@id":"https:\/\/elmawkie.dz\/fr\/#website","url":"https:\/\/elmawkie.dz\/fr\/","name":"EL MAWKIE","description":"Journal \u00c9lectronique Alg\u00e9rien","publisher":{"@id":"https:\/\/elmawkie.dz\/fr\/#organization"},"potentialAction":[{"@type":"SearchAction","target":{"@type":"EntryPoint","urlTemplate":"https:\/\/elmawkie.dz\/fr\/?s={search_term_string}"},"query-input":"required name=search_term_string"}],"inLanguage":"fr-FR"},{"@type":"Organization","@id":"https:\/\/elmawkie.dz\/fr\/#organization","name":"EL MAWKIE","url":"https:\/\/elmawkie.dz\/fr\/","logo":{"@type":"ImageObject","inLanguage":"fr-FR","@id":"https:\/\/elmawkie.dz\/fr\/#\/schema\/logo\/image\/","url":"https:\/\/elmawkie.dz\/fr\/wp-content\/uploads\/2024\/05\/logo1.png","contentUrl":"https:\/\/elmawkie.dz\/fr\/wp-content\/uploads\/2024\/05\/logo1.png","width":1648,"height":652,"caption":"EL MAWKIE"},"image":{"@id":"https:\/\/elmawkie.dz\/fr\/#\/schema\/logo\/image\/"},"sameAs":["https:\/\/www.facebook.com\/profile.php?id=100088407094989&locale=fr_FR"]},{"@type":"Person","@id":"https:\/\/elmawkie.dz\/fr\/#\/schema\/person\/e7bd59d6467874ba5c4723d8a9f0a63c","name":"R\u00e9daction","image":{"@type":"ImageObject","inLanguage":"fr-FR","@id":"https:\/\/elmawkie.dz\/fr\/#\/schema\/person\/image\/","url":"https:\/\/secure.gravatar.com\/avatar\/f0f773456344da4d2788c054a3d30a0c?s=96&d=mm&r=g","contentUrl":"https:\/\/secure.gravatar.com\/avatar\/f0f773456344da4d2788c054a3d30a0c?s=96&d=mm&r=g","caption":"R\u00e9daction"},"url":"https:\/\/elmawkie.dz\/fr\/author\/redaction\/"}]}},"_links":{"self":[{"href":"https:\/\/elmawkie.dz\/fr\/wp-json\/wp\/v2\/posts\/47868","targetHints":{"allow":["GET"]}}],"collection":[{"href":"https:\/\/elmawkie.dz\/fr\/wp-json\/wp\/v2\/posts"}],"about":[{"href":"https:\/\/elmawkie.dz\/fr\/wp-json\/wp\/v2\/types\/post"}],"author":[{"embeddable":true,"href":"https:\/\/elmawkie.dz\/fr\/wp-json\/wp\/v2\/users\/9"}],"replies":[{"embeddable":true,"href":"https:\/\/elmawkie.dz\/fr\/wp-json\/wp\/v2\/comments?post=47868"}],"version-history":[{"count":1,"href":"https:\/\/elmawkie.dz\/fr\/wp-json\/wp\/v2\/posts\/47868\/revisions"}],"predecessor-version":[{"id":47871,"href":"https:\/\/elmawkie.dz\/fr\/wp-json\/wp\/v2\/posts\/47868\/revisions\/47871"}],"wp:featuredmedia":[{"embeddable":true,"href":"https:\/\/elmawkie.dz\/fr\/wp-json\/wp\/v2\/media\/47870"}],"wp:attachment":[{"href":"https:\/\/elmawkie.dz\/fr\/wp-json\/wp\/v2\/media?parent=47868"}],"wp:term":[{"taxonomy":"category","embeddable":true,"href":"https:\/\/elmawkie.dz\/fr\/wp-json\/wp\/v2\/categories?post=47868"},{"taxonomy":"post_tag","embeddable":true,"href":"https:\/\/elmawkie.dz\/fr\/wp-json\/wp\/v2\/tags?post=47868"}],"curies":[{"name":"wp","href":"https:\/\/api.w.org\/{rel}","templated":true}]}}