{"id":47830,"date":"2025-02-26T22:28:40","date_gmt":"2025-02-26T21:28:40","guid":{"rendered":"https:\/\/elmawkie.dz\/fr\/?p=47830"},"modified":"2025-02-26T22:29:01","modified_gmt":"2025-02-26T21:29:01","slug":"deces-de-mohamed-abdelatif-belkaid-cheikh-de-la-zaouia-belkaidia-el-hebria-le-president-de-la-republique-presente-ses-condoleances","status":"publish","type":"post","link":"https:\/\/elmawkie.dz\/fr\/deces-de-mohamed-abdelatif-belkaid-cheikh-de-la-zaouia-belkaidia-el-hebria-le-president-de-la-republique-presente-ses-condoleances\/","title":{"rendered":"D\u00e9c\u00e8s de Mohamed Abdelatif Belka\u00efd Cheikh de la Zaou\u00efa Belka\u00efdia El Hebria : le pr\u00e9sident de la R\u00e9publique pr\u00e9sente ses condol\u00e9ances"},"content":{"rendered":"\n<p><em>Le pr\u00e9sident de la R\u00e9publique, M. Abdelmadjid Tebboune, a pr\u00e9sent\u00e9, mercredi, ses sinc\u00e8res condol\u00e9ances \u00e0 la famille, aux proches et aux disciples du Cheikh Mohamed Abdellatif Belka\u00efd Al Idrissi Al Hassani, Cheikh de la Zaou\u00efa Belka\u00efdia El Hebria, d\u00e9c\u00e9d\u00e9 \u00e0 l&rsquo;\u00e2ge de 88 ans. \u00ab\u00a0Au nom d&rsquo;Allah le Cl\u00e9ment et le Mis\u00e9ricordieux, il est, parmi les croyants, des hommes qui ont \u00e9t\u00e9 sinc\u00e8res dans leur engagement envers Allah. Certains d&rsquo;entre eux ont atteint leur fin, et d&rsquo;autres attendent encore, et ils n&rsquo;ont d\u00e9vi\u00e9 aucunement dans leur engagement. L&rsquo;Alg\u00e9rie a perdu aujourd&rsquo;hui l&rsquo;\u00e9minent Cheikh, le savant Mohamed Abdellatif Belka\u00efd Al Idrissi Al Hassani, serviteur du soufisme et imam des savants, Cheikh de la Zaou\u00efa Belka\u00efdia El Hebria, rempart du Saint Coran et phare du savoir sacr\u00e9\u00a0\u00bb, a \u00e9crit le pr\u00e9sident de la R\u00e9publique dans son message de condol\u00e9ances. \u00ab\u00a0En faisant ses adieux \u00e0 notre regrett\u00e9 \u00e9rudit, le peuple alg\u00e9rien rend hommage \u00e0 un imam \u00e9ducateur, enseignant et guide sur la voie de notre bien-aim\u00e9 proph\u00e8te Mohammed (QSSSL). Il a consacr\u00e9 sa vie au service de la religion et de la patrie, pr\u00e9servant le r\u00e9f\u00e9rent religieux national. Les Dourous Mohammadia qu&rsquo;il a institu\u00e9s il y a deux d\u00e9cennies, t\u00e9moignent du r\u00f4le pr\u00e9pond\u00e9rant des zaou\u00efas en Alg\u00e9rie, devenues des lieux de p\u00e8lerinage pour les savants et le phare de la mod\u00e9ration et de la tol\u00e9rance\u00a0\u00bb, a-t-il ajout\u00e9. \u00ab\u00a0En cette douloureuse \u00e9preuve, je pr\u00e9sente \u00e0 sa famille, \u00e0 ses proches, \u00e0 ses disciples en Alg\u00e9rie et dans de nombreux pays \u00e0 travers le monde, mes plus sinc\u00e8res condol\u00e9ances en les assurant de ma profonde sympathie, priant Dieu Tout Puissant de l&rsquo;accueillir en Son vaste paradis aux c\u00f4t\u00e9s des croyants et des pieux. \u00ab\u00a0toi \u00e2me apais\u00e9e retourne vers ton Seigneur, satisfaite et agr\u00e9\u00e9e, entre donc parmi Mes serviteurs et entre dans Mon paradis\u00a0\u00bb.<\/em><\/p>\n","protected":false},"excerpt":{"rendered":"<p>Le pr\u00e9sident de la R\u00e9publique, M. Abdelmadjid Tebboune, a pr\u00e9sent\u00e9, mercredi, ses sinc\u00e8res condol\u00e9ances \u00e0 la famille, aux proches et aux disciples du Cheikh Mohamed Abdellatif Belka\u00efd Al Idrissi Al Hassani, Cheikh de la Zaou\u00efa Belka\u00efdia El Hebria, d\u00e9c\u00e9d\u00e9 \u00e0 l&rsquo;\u00e2ge de 88 ans. \u00ab\u00a0Au nom d&rsquo;Allah le Cl\u00e9ment et le Mis\u00e9ricordieux, il est, parmi &hellip;<\/p>\n","protected":false},"author":9,"featured_media":47832,"comment_status":"open","ping_status":"open","sticky":false,"template":"","format":"standard","meta":{"footnotes":""},"categories":[47],"tags":[2783,1557,596,2782],"class_list":["post-47830","post","type-post","status-publish","format-standard","has-post-thumbnail","hentry","category-national","tag-cheikh","tag-condoleances","tag-le-president-de-la-republique","tag-mohamed-abdelatif-belkaid"],"yoast_head":"<!-- This site is optimized with the Yoast SEO Premium plugin v22.6 (Yoast SEO v22.6) - https:\/\/yoast.com\/wordpress\/plugins\/seo\/ -->\n<title>D\u00e9c\u00e8s de Mohamed Abdelatif Belka\u00efd Cheikh de la Zaou\u00efa Belka\u00efdia El Hebria : le pr\u00e9sident de la R\u00e9publique pr\u00e9sente ses condol\u00e9ances - El Mawkie<\/title>\n<meta name=\"robots\" content=\"index, follow, max-snippet:-1, max-image-preview:large, max-video-preview:-1\" \/>\n<link rel=\"canonical\" href=\"https:\/\/elmawkie.dz\/fr\/deces-de-mohamed-abdelatif-belkaid-cheikh-de-la-zaouia-belkaidia-el-hebria-le-president-de-la-republique-presente-ses-condoleances\/\" \/>\n<meta property=\"og:locale\" content=\"fr_FR\" \/>\n<meta property=\"og:type\" content=\"article\" \/>\n<meta property=\"og:title\" content=\"D\u00e9c\u00e8s de Mohamed Abdelatif Belka\u00efd Cheikh de la Zaou\u00efa Belka\u00efdia El Hebria : le pr\u00e9sident de la R\u00e9publique pr\u00e9sente ses condol\u00e9ances\" \/>\n<meta property=\"og:description\" content=\"Le pr\u00e9sident de la R\u00e9publique, M. Abdelmadjid Tebboune, a pr\u00e9sent\u00e9, mercredi, ses sinc\u00e8res condol\u00e9ances \u00e0 la famille, aux proches et aux disciples du Cheikh Mohamed Abdellatif Belka\u00efd Al Idrissi Al Hassani, Cheikh de la Zaou\u00efa Belka\u00efdia El Hebria, d\u00e9c\u00e9d\u00e9 \u00e0 l&rsquo;\u00e2ge de 88 ans. \u00ab\u00a0Au nom d&rsquo;Allah le Cl\u00e9ment et le Mis\u00e9ricordieux, il est, parmi &hellip;\" \/>\n<meta property=\"og:url\" content=\"https:\/\/elmawkie.dz\/fr\/deces-de-mohamed-abdelatif-belkaid-cheikh-de-la-zaouia-belkaidia-el-hebria-le-president-de-la-republique-presente-ses-condoleances\/\" \/>\n<meta property=\"og:site_name\" content=\"El Mawkie\" \/>\n<meta property=\"article:publisher\" content=\"https:\/\/www.facebook.com\/profile.php?id=100088407094989&amp;locale=fr_FR\" \/>\n<meta property=\"article:published_time\" content=\"2025-02-26T21:28:40+00:00\" \/>\n<meta property=\"article:modified_time\" content=\"2025-02-26T21:29:01+00:00\" \/>\n<meta property=\"og:image\" content=\"https:\/\/elmawkie.dz\/fr\/wp-content\/uploads\/2025\/02\/IMG_0398.jpeg\" \/>\n\t<meta property=\"og:image:width\" content=\"580\" \/>\n\t<meta property=\"og:image:height\" content=\"350\" \/>\n\t<meta property=\"og:image:type\" content=\"image\/jpeg\" \/>\n<meta name=\"author\" content=\"R\u00e9daction\" \/>\n<meta name=\"twitter:card\" content=\"summary_large_image\" \/>\n<meta name=\"twitter:label1\" content=\"Written by\" \/>\n\t<meta name=\"twitter:data1\" content=\"R\u00e9daction\" \/>\n\t<meta name=\"twitter:label2\" content=\"Est. reading time\" \/>\n\t<meta name=\"twitter:data2\" content=\"2 minutes\" \/>\n<script type=\"application\/ld+json\" class=\"yoast-schema-graph\">{\"@context\":\"https:\/\/schema.org\",\"@graph\":[{\"@type\":\"Article\",\"@id\":\"https:\/\/elmawkie.dz\/fr\/deces-de-mohamed-abdelatif-belkaid-cheikh-de-la-zaouia-belkaidia-el-hebria-le-president-de-la-republique-presente-ses-condoleances\/#article\",\"isPartOf\":{\"@id\":\"https:\/\/elmawkie.dz\/fr\/deces-de-mohamed-abdelatif-belkaid-cheikh-de-la-zaouia-belkaidia-el-hebria-le-president-de-la-republique-presente-ses-condoleances\/\"},\"author\":{\"name\":\"R\u00e9daction\",\"@id\":\"https:\/\/elmawkie.dz\/fr\/#\/schema\/person\/e7bd59d6467874ba5c4723d8a9f0a63c\"},\"headline\":\"D\u00e9c\u00e8s de Mohamed Abdelatif Belka\u00efd Cheikh de la Zaou\u00efa Belka\u00efdia El Hebria : le pr\u00e9sident de la R\u00e9publique pr\u00e9sente ses condol\u00e9ances\",\"datePublished\":\"2025-02-26T21:28:40+00:00\",\"dateModified\":\"2025-02-26T21:29:01+00:00\",\"mainEntityOfPage\":{\"@id\":\"https:\/\/elmawkie.dz\/fr\/deces-de-mohamed-abdelatif-belkaid-cheikh-de-la-zaouia-belkaidia-el-hebria-le-president-de-la-republique-presente-ses-condoleances\/\"},\"wordCount\":373,\"commentCount\":0,\"publisher\":{\"@id\":\"https:\/\/elmawkie.dz\/fr\/#organization\"},\"image\":{\"@id\":\"https:\/\/elmawkie.dz\/fr\/deces-de-mohamed-abdelatif-belkaid-cheikh-de-la-zaouia-belkaidia-el-hebria-le-president-de-la-republique-presente-ses-condoleances\/#primaryimage\"},\"thumbnailUrl\":\"https:\/\/elmawkie.dz\/fr\/wp-content\/uploads\/2025\/02\/IMG_0398.jpeg\",\"keywords\":[\"Che\u00efkh\",\"condol\u00e9ances\",\"le pr\u00e9sident de la R\u00e9publique\",\"Mohamed Abdelatif Belka\u00efd\"],\"articleSection\":[\"National\"],\"inLanguage\":\"fr-FR\",\"potentialAction\":[{\"@type\":\"CommentAction\",\"name\":\"Comment\",\"target\":[\"https:\/\/elmawkie.dz\/fr\/deces-de-mohamed-abdelatif-belkaid-cheikh-de-la-zaouia-belkaidia-el-hebria-le-president-de-la-republique-presente-ses-condoleances\/#respond\"]}]},{\"@type\":\"WebPage\",\"@id\":\"https:\/\/elmawkie.dz\/fr\/deces-de-mohamed-abdelatif-belkaid-cheikh-de-la-zaouia-belkaidia-el-hebria-le-president-de-la-republique-presente-ses-condoleances\/\",\"url\":\"https:\/\/elmawkie.dz\/fr\/deces-de-mohamed-abdelatif-belkaid-cheikh-de-la-zaouia-belkaidia-el-hebria-le-president-de-la-republique-presente-ses-condoleances\/\",\"name\":\"D\u00e9c\u00e8s de Mohamed Abdelatif Belka\u00efd Cheikh de la Zaou\u00efa Belka\u00efdia El Hebria : le pr\u00e9sident de la R\u00e9publique pr\u00e9sente ses condol\u00e9ances - El Mawkie\",\"isPartOf\":{\"@id\":\"https:\/\/elmawkie.dz\/fr\/#website\"},\"primaryImageOfPage\":{\"@id\":\"https:\/\/elmawkie.dz\/fr\/deces-de-mohamed-abdelatif-belkaid-cheikh-de-la-zaouia-belkaidia-el-hebria-le-president-de-la-republique-presente-ses-condoleances\/#primaryimage\"},\"image\":{\"@id\":\"https:\/\/elmawkie.dz\/fr\/deces-de-mohamed-abdelatif-belkaid-cheikh-de-la-zaouia-belkaidia-el-hebria-le-president-de-la-republique-presente-ses-condoleances\/#primaryimage\"},\"thumbnailUrl\":\"https:\/\/elmawkie.dz\/fr\/wp-content\/uploads\/2025\/02\/IMG_0398.jpeg\",\"datePublished\":\"2025-02-26T21:28:40+00:00\",\"dateModified\":\"2025-02-26T21:29:01+00:00\",\"breadcrumb\":{\"@id\":\"https:\/\/elmawkie.dz\/fr\/deces-de-mohamed-abdelatif-belkaid-cheikh-de-la-zaouia-belkaidia-el-hebria-le-president-de-la-republique-presente-ses-condoleances\/#breadcrumb\"},\"inLanguage\":\"fr-FR\",\"potentialAction\":[{\"@type\":\"ReadAction\",\"target\":[\"https:\/\/elmawkie.dz\/fr\/deces-de-mohamed-abdelatif-belkaid-cheikh-de-la-zaouia-belkaidia-el-hebria-le-president-de-la-republique-presente-ses-condoleances\/\"]}]},{\"@type\":\"ImageObject\",\"inLanguage\":\"fr-FR\",\"@id\":\"https:\/\/elmawkie.dz\/fr\/deces-de-mohamed-abdelatif-belkaid-cheikh-de-la-zaouia-belkaidia-el-hebria-le-president-de-la-republique-presente-ses-condoleances\/#primaryimage\",\"url\":\"https:\/\/elmawkie.dz\/fr\/wp-content\/uploads\/2025\/02\/IMG_0398.jpeg\",\"contentUrl\":\"https:\/\/elmawkie.dz\/fr\/wp-content\/uploads\/2025\/02\/IMG_0398.jpeg\",\"width\":580,\"height\":350},{\"@type\":\"BreadcrumbList\",\"@id\":\"https:\/\/elmawkie.dz\/fr\/deces-de-mohamed-abdelatif-belkaid-cheikh-de-la-zaouia-belkaidia-el-hebria-le-president-de-la-republique-presente-ses-condoleances\/#breadcrumb\",\"itemListElement\":[{\"@type\":\"ListItem\",\"position\":1,\"name\":\"Home\",\"item\":\"https:\/\/elmawkie.dz\/fr\/\"},{\"@type\":\"ListItem\",\"position\":2,\"name\":\"D\u00e9c\u00e8s de Mohamed Abdelatif Belka\u00efd Cheikh de la Zaou\u00efa Belka\u00efdia El Hebria : le pr\u00e9sident de la R\u00e9publique pr\u00e9sente ses condol\u00e9ances\"}]},{\"@type\":\"WebSite\",\"@id\":\"https:\/\/elmawkie.dz\/fr\/#website\",\"url\":\"https:\/\/elmawkie.dz\/fr\/\",\"name\":\"EL MAWKIE\",\"description\":\"Journal \u00c9lectronique Alg\u00e9rien\",\"publisher\":{\"@id\":\"https:\/\/elmawkie.dz\/fr\/#organization\"},\"potentialAction\":[{\"@type\":\"SearchAction\",\"target\":{\"@type\":\"EntryPoint\",\"urlTemplate\":\"https:\/\/elmawkie.dz\/fr\/?s={search_term_string}\"},\"query-input\":\"required name=search_term_string\"}],\"inLanguage\":\"fr-FR\"},{\"@type\":\"Organization\",\"@id\":\"https:\/\/elmawkie.dz\/fr\/#organization\",\"name\":\"EL MAWKIE\",\"url\":\"https:\/\/elmawkie.dz\/fr\/\",\"logo\":{\"@type\":\"ImageObject\",\"inLanguage\":\"fr-FR\",\"@id\":\"https:\/\/elmawkie.dz\/fr\/#\/schema\/logo\/image\/\",\"url\":\"https:\/\/elmawkie.dz\/fr\/wp-content\/uploads\/2024\/05\/logo1.png\",\"contentUrl\":\"https:\/\/elmawkie.dz\/fr\/wp-content\/uploads\/2024\/05\/logo1.png\",\"width\":1648,\"height\":652,\"caption\":\"EL MAWKIE\"},\"image\":{\"@id\":\"https:\/\/elmawkie.dz\/fr\/#\/schema\/logo\/image\/\"},\"sameAs\":[\"https:\/\/www.facebook.com\/profile.php?id=100088407094989&locale=fr_FR\"]},{\"@type\":\"Person\",\"@id\":\"https:\/\/elmawkie.dz\/fr\/#\/schema\/person\/e7bd59d6467874ba5c4723d8a9f0a63c\",\"name\":\"R\u00e9daction\",\"image\":{\"@type\":\"ImageObject\",\"inLanguage\":\"fr-FR\",\"@id\":\"https:\/\/elmawkie.dz\/fr\/#\/schema\/person\/image\/\",\"url\":\"https:\/\/secure.gravatar.com\/avatar\/f0f773456344da4d2788c054a3d30a0c?s=96&d=mm&r=g\",\"contentUrl\":\"https:\/\/secure.gravatar.com\/avatar\/f0f773456344da4d2788c054a3d30a0c?s=96&d=mm&r=g\",\"caption\":\"R\u00e9daction\"},\"url\":\"https:\/\/elmawkie.dz\/fr\/author\/redaction\/\"}]}<\/script>\n<!-- \/ Yoast SEO Premium plugin. -->","yoast_head_json":{"title":"D\u00e9c\u00e8s de Mohamed Abdelatif Belka\u00efd Cheikh de la Zaou\u00efa Belka\u00efdia El Hebria : le pr\u00e9sident de la R\u00e9publique pr\u00e9sente ses condol\u00e9ances - El Mawkie","robots":{"index":"index","follow":"follow","max-snippet":"max-snippet:-1","max-image-preview":"max-image-preview:large","max-video-preview":"max-video-preview:-1"},"canonical":"https:\/\/elmawkie.dz\/fr\/deces-de-mohamed-abdelatif-belkaid-cheikh-de-la-zaouia-belkaidia-el-hebria-le-president-de-la-republique-presente-ses-condoleances\/","og_locale":"fr_FR","og_type":"article","og_title":"D\u00e9c\u00e8s de Mohamed Abdelatif Belka\u00efd Cheikh de la Zaou\u00efa Belka\u00efdia El Hebria : le pr\u00e9sident de la R\u00e9publique pr\u00e9sente ses condol\u00e9ances","og_description":"Le pr\u00e9sident de la R\u00e9publique, M. Abdelmadjid Tebboune, a pr\u00e9sent\u00e9, mercredi, ses sinc\u00e8res condol\u00e9ances \u00e0 la famille, aux proches et aux disciples du Cheikh Mohamed Abdellatif Belka\u00efd Al Idrissi Al Hassani, Cheikh de la Zaou\u00efa Belka\u00efdia El Hebria, d\u00e9c\u00e9d\u00e9 \u00e0 l&rsquo;\u00e2ge de 88 ans. \u00ab\u00a0Au nom d&rsquo;Allah le Cl\u00e9ment et le Mis\u00e9ricordieux, il est, parmi &hellip;","og_url":"https:\/\/elmawkie.dz\/fr\/deces-de-mohamed-abdelatif-belkaid-cheikh-de-la-zaouia-belkaidia-el-hebria-le-president-de-la-republique-presente-ses-condoleances\/","og_site_name":"El Mawkie","article_publisher":"https:\/\/www.facebook.com\/profile.php?id=100088407094989&locale=fr_FR","article_published_time":"2025-02-26T21:28:40+00:00","article_modified_time":"2025-02-26T21:29:01+00:00","og_image":[{"width":580,"height":350,"url":"https:\/\/elmawkie.dz\/fr\/wp-content\/uploads\/2025\/02\/IMG_0398.jpeg","type":"image\/jpeg"}],"author":"R\u00e9daction","twitter_card":"summary_large_image","twitter_misc":{"Written by":"R\u00e9daction","Est. reading time":"2 minutes"},"schema":{"@context":"https:\/\/schema.org","@graph":[{"@type":"Article","@id":"https:\/\/elmawkie.dz\/fr\/deces-de-mohamed-abdelatif-belkaid-cheikh-de-la-zaouia-belkaidia-el-hebria-le-president-de-la-republique-presente-ses-condoleances\/#article","isPartOf":{"@id":"https:\/\/elmawkie.dz\/fr\/deces-de-mohamed-abdelatif-belkaid-cheikh-de-la-zaouia-belkaidia-el-hebria-le-president-de-la-republique-presente-ses-condoleances\/"},"author":{"name":"R\u00e9daction","@id":"https:\/\/elmawkie.dz\/fr\/#\/schema\/person\/e7bd59d6467874ba5c4723d8a9f0a63c"},"headline":"D\u00e9c\u00e8s de Mohamed Abdelatif Belka\u00efd Cheikh de la Zaou\u00efa Belka\u00efdia El Hebria : le pr\u00e9sident de la R\u00e9publique pr\u00e9sente ses condol\u00e9ances","datePublished":"2025-02-26T21:28:40+00:00","dateModified":"2025-02-26T21:29:01+00:00","mainEntityOfPage":{"@id":"https:\/\/elmawkie.dz\/fr\/deces-de-mohamed-abdelatif-belkaid-cheikh-de-la-zaouia-belkaidia-el-hebria-le-president-de-la-republique-presente-ses-condoleances\/"},"wordCount":373,"commentCount":0,"publisher":{"@id":"https:\/\/elmawkie.dz\/fr\/#organization"},"image":{"@id":"https:\/\/elmawkie.dz\/fr\/deces-de-mohamed-abdelatif-belkaid-cheikh-de-la-zaouia-belkaidia-el-hebria-le-president-de-la-republique-presente-ses-condoleances\/#primaryimage"},"thumbnailUrl":"https:\/\/elmawkie.dz\/fr\/wp-content\/uploads\/2025\/02\/IMG_0398.jpeg","keywords":["Che\u00efkh","condol\u00e9ances","le pr\u00e9sident de la R\u00e9publique","Mohamed Abdelatif Belka\u00efd"],"articleSection":["National"],"inLanguage":"fr-FR","potentialAction":[{"@type":"CommentAction","name":"Comment","target":["https:\/\/elmawkie.dz\/fr\/deces-de-mohamed-abdelatif-belkaid-cheikh-de-la-zaouia-belkaidia-el-hebria-le-president-de-la-republique-presente-ses-condoleances\/#respond"]}]},{"@type":"WebPage","@id":"https:\/\/elmawkie.dz\/fr\/deces-de-mohamed-abdelatif-belkaid-cheikh-de-la-zaouia-belkaidia-el-hebria-le-president-de-la-republique-presente-ses-condoleances\/","url":"https:\/\/elmawkie.dz\/fr\/deces-de-mohamed-abdelatif-belkaid-cheikh-de-la-zaouia-belkaidia-el-hebria-le-president-de-la-republique-presente-ses-condoleances\/","name":"D\u00e9c\u00e8s de Mohamed Abdelatif Belka\u00efd Cheikh de la Zaou\u00efa Belka\u00efdia El Hebria : le pr\u00e9sident de la R\u00e9publique pr\u00e9sente ses condol\u00e9ances - El Mawkie","isPartOf":{"@id":"https:\/\/elmawkie.dz\/fr\/#website"},"primaryImageOfPage":{"@id":"https:\/\/elmawkie.dz\/fr\/deces-de-mohamed-abdelatif-belkaid-cheikh-de-la-zaouia-belkaidia-el-hebria-le-president-de-la-republique-presente-ses-condoleances\/#primaryimage"},"image":{"@id":"https:\/\/elmawkie.dz\/fr\/deces-de-mohamed-abdelatif-belkaid-cheikh-de-la-zaouia-belkaidia-el-hebria-le-president-de-la-republique-presente-ses-condoleances\/#primaryimage"},"thumbnailUrl":"https:\/\/elmawkie.dz\/fr\/wp-content\/uploads\/2025\/02\/IMG_0398.jpeg","datePublished":"2025-02-26T21:28:40+00:00","dateModified":"2025-02-26T21:29:01+00:00","breadcrumb":{"@id":"https:\/\/elmawkie.dz\/fr\/deces-de-mohamed-abdelatif-belkaid-cheikh-de-la-zaouia-belkaidia-el-hebria-le-president-de-la-republique-presente-ses-condoleances\/#breadcrumb"},"inLanguage":"fr-FR","potentialAction":[{"@type":"ReadAction","target":["https:\/\/elmawkie.dz\/fr\/deces-de-mohamed-abdelatif-belkaid-cheikh-de-la-zaouia-belkaidia-el-hebria-le-president-de-la-republique-presente-ses-condoleances\/"]}]},{"@type":"ImageObject","inLanguage":"fr-FR","@id":"https:\/\/elmawkie.dz\/fr\/deces-de-mohamed-abdelatif-belkaid-cheikh-de-la-zaouia-belkaidia-el-hebria-le-president-de-la-republique-presente-ses-condoleances\/#primaryimage","url":"https:\/\/elmawkie.dz\/fr\/wp-content\/uploads\/2025\/02\/IMG_0398.jpeg","contentUrl":"https:\/\/elmawkie.dz\/fr\/wp-content\/uploads\/2025\/02\/IMG_0398.jpeg","width":580,"height":350},{"@type":"BreadcrumbList","@id":"https:\/\/elmawkie.dz\/fr\/deces-de-mohamed-abdelatif-belkaid-cheikh-de-la-zaouia-belkaidia-el-hebria-le-president-de-la-republique-presente-ses-condoleances\/#breadcrumb","itemListElement":[{"@type":"ListItem","position":1,"name":"Home","item":"https:\/\/elmawkie.dz\/fr\/"},{"@type":"ListItem","position":2,"name":"D\u00e9c\u00e8s de Mohamed Abdelatif Belka\u00efd Cheikh de la Zaou\u00efa Belka\u00efdia El Hebria : le pr\u00e9sident de la R\u00e9publique pr\u00e9sente ses condol\u00e9ances"}]},{"@type":"WebSite","@id":"https:\/\/elmawkie.dz\/fr\/#website","url":"https:\/\/elmawkie.dz\/fr\/","name":"EL MAWKIE","description":"Journal \u00c9lectronique Alg\u00e9rien","publisher":{"@id":"https:\/\/elmawkie.dz\/fr\/#organization"},"potentialAction":[{"@type":"SearchAction","target":{"@type":"EntryPoint","urlTemplate":"https:\/\/elmawkie.dz\/fr\/?s={search_term_string}"},"query-input":"required name=search_term_string"}],"inLanguage":"fr-FR"},{"@type":"Organization","@id":"https:\/\/elmawkie.dz\/fr\/#organization","name":"EL MAWKIE","url":"https:\/\/elmawkie.dz\/fr\/","logo":{"@type":"ImageObject","inLanguage":"fr-FR","@id":"https:\/\/elmawkie.dz\/fr\/#\/schema\/logo\/image\/","url":"https:\/\/elmawkie.dz\/fr\/wp-content\/uploads\/2024\/05\/logo1.png","contentUrl":"https:\/\/elmawkie.dz\/fr\/wp-content\/uploads\/2024\/05\/logo1.png","width":1648,"height":652,"caption":"EL MAWKIE"},"image":{"@id":"https:\/\/elmawkie.dz\/fr\/#\/schema\/logo\/image\/"},"sameAs":["https:\/\/www.facebook.com\/profile.php?id=100088407094989&locale=fr_FR"]},{"@type":"Person","@id":"https:\/\/elmawkie.dz\/fr\/#\/schema\/person\/e7bd59d6467874ba5c4723d8a9f0a63c","name":"R\u00e9daction","image":{"@type":"ImageObject","inLanguage":"fr-FR","@id":"https:\/\/elmawkie.dz\/fr\/#\/schema\/person\/image\/","url":"https:\/\/secure.gravatar.com\/avatar\/f0f773456344da4d2788c054a3d30a0c?s=96&d=mm&r=g","contentUrl":"https:\/\/secure.gravatar.com\/avatar\/f0f773456344da4d2788c054a3d30a0c?s=96&d=mm&r=g","caption":"R\u00e9daction"},"url":"https:\/\/elmawkie.dz\/fr\/author\/redaction\/"}]}},"_links":{"self":[{"href":"https:\/\/elmawkie.dz\/fr\/wp-json\/wp\/v2\/posts\/47830","targetHints":{"allow":["GET"]}}],"collection":[{"href":"https:\/\/elmawkie.dz\/fr\/wp-json\/wp\/v2\/posts"}],"about":[{"href":"https:\/\/elmawkie.dz\/fr\/wp-json\/wp\/v2\/types\/post"}],"author":[{"embeddable":true,"href":"https:\/\/elmawkie.dz\/fr\/wp-json\/wp\/v2\/users\/9"}],"replies":[{"embeddable":true,"href":"https:\/\/elmawkie.dz\/fr\/wp-json\/wp\/v2\/comments?post=47830"}],"version-history":[{"count":1,"href":"https:\/\/elmawkie.dz\/fr\/wp-json\/wp\/v2\/posts\/47830\/revisions"}],"predecessor-version":[{"id":47833,"href":"https:\/\/elmawkie.dz\/fr\/wp-json\/wp\/v2\/posts\/47830\/revisions\/47833"}],"wp:featuredmedia":[{"embeddable":true,"href":"https:\/\/elmawkie.dz\/fr\/wp-json\/wp\/v2\/media\/47832"}],"wp:attachment":[{"href":"https:\/\/elmawkie.dz\/fr\/wp-json\/wp\/v2\/media?parent=47830"}],"wp:term":[{"taxonomy":"category","embeddable":true,"href":"https:\/\/elmawkie.dz\/fr\/wp-json\/wp\/v2\/categories?post=47830"},{"taxonomy":"post_tag","embeddable":true,"href":"https:\/\/elmawkie.dz\/fr\/wp-json\/wp\/v2\/tags?post=47830"}],"curies":[{"name":"wp","href":"https:\/\/api.w.org\/{rel}","templated":true}]}}