{"id":47826,"date":"2025-02-26T22:20:31","date_gmt":"2025-02-26T21:20:31","guid":{"rendered":"https:\/\/elmawkie.dz\/fr\/?p=47826"},"modified":"2025-02-26T22:20:31","modified_gmt":"2025-02-26T21:20:31","slug":"constantine-ouverture-du-2eme-seminaire-national-sur-la-ville-le-patrimoine-et-le-developpement","status":"publish","type":"post","link":"https:\/\/elmawkie.dz\/fr\/constantine-ouverture-du-2eme-seminaire-national-sur-la-ville-le-patrimoine-et-le-developpement\/","title":{"rendered":"Constantine : ouverture du 2\u00e8me s\u00e9minaire national sur \u00ab\u00a0la ville, le patrimoine et le d\u00e9veloppement\u00a0\u00bb"},"content":{"rendered":"\n<p>La deuxi\u00e8me \u00e9dition du s\u00e9minaire national sur \u00ab\u00a0la ville, le patrimoine et le d\u00e9veloppement\u00a0\u00bb a \u00e9t\u00e9 ouverte mercredi \u00e0 la maison de la culture Malek Haddad de Constantine. Les intervenants durant cette rencontre de deux jours, organis\u00e9e \u00e0 l\u2019occasion de la journ\u00e9e arabe du patrimoine culturel (27 f\u00e9vrier), ont mis en lumi\u00e8re l\u2019identit\u00e9 culturelle de la ville de Constantine et sa richesse qui est le fruit des accumulations historiques pr\u00e9serv\u00e9es par les monuments et les vestiges arch\u00e9ologiques, t\u00e9moins de cette m\u00e9moire et des d\u00e9fis de leur classification. Ils ont \u00e9galement relev\u00e9 \u00ab\u00a0l\u2019importance d\u2019\u00e9lever Constantine en ville durable offrant une qualit\u00e9 de vie meilleure respectueuse de son identit\u00e9 environnementale et culturelle et pr\u00e9servatrice de l\u2019\u00e9quilibre de son patrimoine urbain et culturel\u00a0\u00bb. Dans sa communication sur \u00ab\u00a0le patrimoine urbain et le tourisme \u00e0 Constantine\u00a0\u00bb, Pr. Assia Lifa, de la Facult\u00e9 des sciences de la terre de l\u2019universit\u00e9 de Constantine 1, a affirm\u00e9 \u00ab\u00a0la n\u00e9cessaire ouverture de l\u2019universit\u00e9 sur son environnement ext\u00e9rieur par la proposition de solutions durables alliant la protection du patrimoine \u00e0 un d\u00e9veloppement socio\u00e9conomique \u00e9quilibr\u00e9\u00a0\u00bb, estimant que cela requiert la consolidation de la coop\u00e9ration entre les intervenants pour mettre en \u0153uvre des strat\u00e9gies r\u00e9ussies de planification urbaine. De son c\u00f4t\u00e9, Dr. Hocine Taoutaou, chercheur au Centre national des recherches pr\u00e9historiques, anthropologiques et historiques, a plaid\u00e9 pour davantage d\u2019int\u00e9r\u00eat pour les atouts patrimoniaux et touristiques de la ville \u00e0 travers la restauration des sites arch\u00e9ologiques pour les pr\u00e9server en tant que pans de l\u2019identit\u00e9 culturelle et du d\u00e9veloppement de moyens modernes de transport et des infrastructures touristiques dont des h\u00f4tels \u00e0 caract\u00e8re traditionnel. L\u2019occasion a donn\u00e9 lieu \u00e0 la tenue de trois expositions sur les anciennes villes, la c\u00e9ramique d\u2019art et le patrimoine immat\u00e9riel.<\/p>\n","protected":false},"excerpt":{"rendered":"<p>La deuxi\u00e8me \u00e9dition du s\u00e9minaire national sur \u00ab\u00a0la ville, le patrimoine et le d\u00e9veloppement\u00a0\u00bb a \u00e9t\u00e9 ouverte mercredi \u00e0 la maison de la culture Malek Haddad de Constantine. Les intervenants durant cette rencontre de deux jours, organis\u00e9e \u00e0 l\u2019occasion de la journ\u00e9e arabe du patrimoine culturel (27 f\u00e9vrier), ont mis en lumi\u00e8re l\u2019identit\u00e9 culturelle de &hellip;<\/p>\n","protected":false},"author":9,"featured_media":47828,"comment_status":"open","ping_status":"open","sticky":false,"template":"","format":"standard","meta":{"footnotes":""},"categories":[50],"tags":[293,2781,2780,1722],"class_list":["post-47826","post","type-post","status-publish","format-standard","has-post-thumbnail","hentry","category-region","tag-constantine","tag-la-ville","tag-seminaire-national","tag-universite"],"yoast_head":"<!-- This site is optimized with the Yoast SEO Premium plugin v22.6 (Yoast SEO v22.6) - https:\/\/yoast.com\/wordpress\/plugins\/seo\/ -->\n<title>Constantine : ouverture du 2\u00e8me s\u00e9minaire national sur &quot;la ville, le patrimoine et le d\u00e9veloppement&quot; - El Mawkie<\/title>\n<meta name=\"robots\" content=\"index, follow, max-snippet:-1, max-image-preview:large, max-video-preview:-1\" \/>\n<link rel=\"canonical\" href=\"https:\/\/elmawkie.dz\/fr\/constantine-ouverture-du-2eme-seminaire-national-sur-la-ville-le-patrimoine-et-le-developpement\/\" \/>\n<meta property=\"og:locale\" content=\"fr_FR\" \/>\n<meta property=\"og:type\" content=\"article\" \/>\n<meta property=\"og:title\" content=\"Constantine : ouverture du 2\u00e8me s\u00e9minaire national sur &quot;la ville, le patrimoine et le d\u00e9veloppement&quot;\" \/>\n<meta property=\"og:description\" content=\"La deuxi\u00e8me \u00e9dition du s\u00e9minaire national sur \u00ab\u00a0la ville, le patrimoine et le d\u00e9veloppement\u00a0\u00bb a \u00e9t\u00e9 ouverte mercredi \u00e0 la maison de la culture Malek Haddad de Constantine. Les intervenants durant cette rencontre de deux jours, organis\u00e9e \u00e0 l\u2019occasion de la journ\u00e9e arabe du patrimoine culturel (27 f\u00e9vrier), ont mis en lumi\u00e8re l\u2019identit\u00e9 culturelle de &hellip;\" \/>\n<meta property=\"og:url\" content=\"https:\/\/elmawkie.dz\/fr\/constantine-ouverture-du-2eme-seminaire-national-sur-la-ville-le-patrimoine-et-le-developpement\/\" \/>\n<meta property=\"og:site_name\" content=\"El Mawkie\" \/>\n<meta property=\"article:publisher\" content=\"https:\/\/www.facebook.com\/profile.php?id=100088407094989&amp;locale=fr_FR\" \/>\n<meta property=\"article:published_time\" content=\"2025-02-26T21:20:31+00:00\" \/>\n<meta property=\"og:image\" content=\"https:\/\/elmawkie.dz\/fr\/wp-content\/uploads\/2025\/02\/IMG_0397.jpeg\" \/>\n\t<meta property=\"og:image:width\" content=\"275\" \/>\n\t<meta property=\"og:image:height\" content=\"183\" \/>\n\t<meta property=\"og:image:type\" content=\"image\/jpeg\" \/>\n<meta name=\"author\" content=\"R\u00e9daction\" \/>\n<meta name=\"twitter:card\" content=\"summary_large_image\" \/>\n<meta name=\"twitter:label1\" content=\"Written by\" \/>\n\t<meta name=\"twitter:data1\" content=\"R\u00e9daction\" \/>\n\t<meta name=\"twitter:label2\" content=\"Est. reading time\" \/>\n\t<meta name=\"twitter:data2\" content=\"2 minutes\" \/>\n<script type=\"application\/ld+json\" class=\"yoast-schema-graph\">{\"@context\":\"https:\/\/schema.org\",\"@graph\":[{\"@type\":\"Article\",\"@id\":\"https:\/\/elmawkie.dz\/fr\/constantine-ouverture-du-2eme-seminaire-national-sur-la-ville-le-patrimoine-et-le-developpement\/#article\",\"isPartOf\":{\"@id\":\"https:\/\/elmawkie.dz\/fr\/constantine-ouverture-du-2eme-seminaire-national-sur-la-ville-le-patrimoine-et-le-developpement\/\"},\"author\":{\"name\":\"R\u00e9daction\",\"@id\":\"https:\/\/elmawkie.dz\/fr\/#\/schema\/person\/e7bd59d6467874ba5c4723d8a9f0a63c\"},\"headline\":\"Constantine : ouverture du 2\u00e8me s\u00e9minaire national sur \u00ab\u00a0la ville, le patrimoine et le d\u00e9veloppement\u00a0\u00bb\",\"datePublished\":\"2025-02-26T21:20:31+00:00\",\"dateModified\":\"2025-02-26T21:20:31+00:00\",\"mainEntityOfPage\":{\"@id\":\"https:\/\/elmawkie.dz\/fr\/constantine-ouverture-du-2eme-seminaire-national-sur-la-ville-le-patrimoine-et-le-developpement\/\"},\"wordCount\":333,\"commentCount\":0,\"publisher\":{\"@id\":\"https:\/\/elmawkie.dz\/fr\/#organization\"},\"image\":{\"@id\":\"https:\/\/elmawkie.dz\/fr\/constantine-ouverture-du-2eme-seminaire-national-sur-la-ville-le-patrimoine-et-le-developpement\/#primaryimage\"},\"thumbnailUrl\":\"https:\/\/elmawkie.dz\/fr\/wp-content\/uploads\/2025\/02\/IMG_0397.jpeg\",\"keywords\":[\"Constantine\",\"La ville\",\"S\u00e9minaire national\",\"Universit\u00e9\"],\"articleSection\":[\"R\u00e9gion\"],\"inLanguage\":\"fr-FR\",\"potentialAction\":[{\"@type\":\"CommentAction\",\"name\":\"Comment\",\"target\":[\"https:\/\/elmawkie.dz\/fr\/constantine-ouverture-du-2eme-seminaire-national-sur-la-ville-le-patrimoine-et-le-developpement\/#respond\"]}]},{\"@type\":\"WebPage\",\"@id\":\"https:\/\/elmawkie.dz\/fr\/constantine-ouverture-du-2eme-seminaire-national-sur-la-ville-le-patrimoine-et-le-developpement\/\",\"url\":\"https:\/\/elmawkie.dz\/fr\/constantine-ouverture-du-2eme-seminaire-national-sur-la-ville-le-patrimoine-et-le-developpement\/\",\"name\":\"Constantine : ouverture du 2\u00e8me s\u00e9minaire national sur \\\"la ville, le patrimoine et le d\u00e9veloppement\\\" - El Mawkie\",\"isPartOf\":{\"@id\":\"https:\/\/elmawkie.dz\/fr\/#website\"},\"primaryImageOfPage\":{\"@id\":\"https:\/\/elmawkie.dz\/fr\/constantine-ouverture-du-2eme-seminaire-national-sur-la-ville-le-patrimoine-et-le-developpement\/#primaryimage\"},\"image\":{\"@id\":\"https:\/\/elmawkie.dz\/fr\/constantine-ouverture-du-2eme-seminaire-national-sur-la-ville-le-patrimoine-et-le-developpement\/#primaryimage\"},\"thumbnailUrl\":\"https:\/\/elmawkie.dz\/fr\/wp-content\/uploads\/2025\/02\/IMG_0397.jpeg\",\"datePublished\":\"2025-02-26T21:20:31+00:00\",\"dateModified\":\"2025-02-26T21:20:31+00:00\",\"breadcrumb\":{\"@id\":\"https:\/\/elmawkie.dz\/fr\/constantine-ouverture-du-2eme-seminaire-national-sur-la-ville-le-patrimoine-et-le-developpement\/#breadcrumb\"},\"inLanguage\":\"fr-FR\",\"potentialAction\":[{\"@type\":\"ReadAction\",\"target\":[\"https:\/\/elmawkie.dz\/fr\/constantine-ouverture-du-2eme-seminaire-national-sur-la-ville-le-patrimoine-et-le-developpement\/\"]}]},{\"@type\":\"ImageObject\",\"inLanguage\":\"fr-FR\",\"@id\":\"https:\/\/elmawkie.dz\/fr\/constantine-ouverture-du-2eme-seminaire-national-sur-la-ville-le-patrimoine-et-le-developpement\/#primaryimage\",\"url\":\"https:\/\/elmawkie.dz\/fr\/wp-content\/uploads\/2025\/02\/IMG_0397.jpeg\",\"contentUrl\":\"https:\/\/elmawkie.dz\/fr\/wp-content\/uploads\/2025\/02\/IMG_0397.jpeg\",\"width\":275,\"height\":183},{\"@type\":\"BreadcrumbList\",\"@id\":\"https:\/\/elmawkie.dz\/fr\/constantine-ouverture-du-2eme-seminaire-national-sur-la-ville-le-patrimoine-et-le-developpement\/#breadcrumb\",\"itemListElement\":[{\"@type\":\"ListItem\",\"position\":1,\"name\":\"Home\",\"item\":\"https:\/\/elmawkie.dz\/fr\/\"},{\"@type\":\"ListItem\",\"position\":2,\"name\":\"Constantine : ouverture du 2\u00e8me s\u00e9minaire national sur \u00ab\u00a0la ville, le patrimoine et le d\u00e9veloppement\u00a0\u00bb\"}]},{\"@type\":\"WebSite\",\"@id\":\"https:\/\/elmawkie.dz\/fr\/#website\",\"url\":\"https:\/\/elmawkie.dz\/fr\/\",\"name\":\"EL MAWKIE\",\"description\":\"Journal \u00c9lectronique Alg\u00e9rien\",\"publisher\":{\"@id\":\"https:\/\/elmawkie.dz\/fr\/#organization\"},\"potentialAction\":[{\"@type\":\"SearchAction\",\"target\":{\"@type\":\"EntryPoint\",\"urlTemplate\":\"https:\/\/elmawkie.dz\/fr\/?s={search_term_string}\"},\"query-input\":\"required name=search_term_string\"}],\"inLanguage\":\"fr-FR\"},{\"@type\":\"Organization\",\"@id\":\"https:\/\/elmawkie.dz\/fr\/#organization\",\"name\":\"EL MAWKIE\",\"url\":\"https:\/\/elmawkie.dz\/fr\/\",\"logo\":{\"@type\":\"ImageObject\",\"inLanguage\":\"fr-FR\",\"@id\":\"https:\/\/elmawkie.dz\/fr\/#\/schema\/logo\/image\/\",\"url\":\"https:\/\/elmawkie.dz\/fr\/wp-content\/uploads\/2024\/05\/logo1.png\",\"contentUrl\":\"https:\/\/elmawkie.dz\/fr\/wp-content\/uploads\/2024\/05\/logo1.png\",\"width\":1648,\"height\":652,\"caption\":\"EL MAWKIE\"},\"image\":{\"@id\":\"https:\/\/elmawkie.dz\/fr\/#\/schema\/logo\/image\/\"},\"sameAs\":[\"https:\/\/www.facebook.com\/profile.php?id=100088407094989&locale=fr_FR\"]},{\"@type\":\"Person\",\"@id\":\"https:\/\/elmawkie.dz\/fr\/#\/schema\/person\/e7bd59d6467874ba5c4723d8a9f0a63c\",\"name\":\"R\u00e9daction\",\"image\":{\"@type\":\"ImageObject\",\"inLanguage\":\"fr-FR\",\"@id\":\"https:\/\/elmawkie.dz\/fr\/#\/schema\/person\/image\/\",\"url\":\"https:\/\/secure.gravatar.com\/avatar\/f0f773456344da4d2788c054a3d30a0c?s=96&d=mm&r=g\",\"contentUrl\":\"https:\/\/secure.gravatar.com\/avatar\/f0f773456344da4d2788c054a3d30a0c?s=96&d=mm&r=g\",\"caption\":\"R\u00e9daction\"},\"url\":\"https:\/\/elmawkie.dz\/fr\/author\/redaction\/\"}]}<\/script>\n<!-- \/ Yoast SEO Premium plugin. -->","yoast_head_json":{"title":"Constantine : ouverture du 2\u00e8me s\u00e9minaire national sur \"la ville, le patrimoine et le d\u00e9veloppement\" - El Mawkie","robots":{"index":"index","follow":"follow","max-snippet":"max-snippet:-1","max-image-preview":"max-image-preview:large","max-video-preview":"max-video-preview:-1"},"canonical":"https:\/\/elmawkie.dz\/fr\/constantine-ouverture-du-2eme-seminaire-national-sur-la-ville-le-patrimoine-et-le-developpement\/","og_locale":"fr_FR","og_type":"article","og_title":"Constantine : ouverture du 2\u00e8me s\u00e9minaire national sur \"la ville, le patrimoine et le d\u00e9veloppement\"","og_description":"La deuxi\u00e8me \u00e9dition du s\u00e9minaire national sur \u00ab\u00a0la ville, le patrimoine et le d\u00e9veloppement\u00a0\u00bb a \u00e9t\u00e9 ouverte mercredi \u00e0 la maison de la culture Malek Haddad de Constantine. Les intervenants durant cette rencontre de deux jours, organis\u00e9e \u00e0 l\u2019occasion de la journ\u00e9e arabe du patrimoine culturel (27 f\u00e9vrier), ont mis en lumi\u00e8re l\u2019identit\u00e9 culturelle de &hellip;","og_url":"https:\/\/elmawkie.dz\/fr\/constantine-ouverture-du-2eme-seminaire-national-sur-la-ville-le-patrimoine-et-le-developpement\/","og_site_name":"El Mawkie","article_publisher":"https:\/\/www.facebook.com\/profile.php?id=100088407094989&locale=fr_FR","article_published_time":"2025-02-26T21:20:31+00:00","og_image":[{"width":275,"height":183,"url":"https:\/\/elmawkie.dz\/fr\/wp-content\/uploads\/2025\/02\/IMG_0397.jpeg","type":"image\/jpeg"}],"author":"R\u00e9daction","twitter_card":"summary_large_image","twitter_misc":{"Written by":"R\u00e9daction","Est. reading time":"2 minutes"},"schema":{"@context":"https:\/\/schema.org","@graph":[{"@type":"Article","@id":"https:\/\/elmawkie.dz\/fr\/constantine-ouverture-du-2eme-seminaire-national-sur-la-ville-le-patrimoine-et-le-developpement\/#article","isPartOf":{"@id":"https:\/\/elmawkie.dz\/fr\/constantine-ouverture-du-2eme-seminaire-national-sur-la-ville-le-patrimoine-et-le-developpement\/"},"author":{"name":"R\u00e9daction","@id":"https:\/\/elmawkie.dz\/fr\/#\/schema\/person\/e7bd59d6467874ba5c4723d8a9f0a63c"},"headline":"Constantine : ouverture du 2\u00e8me s\u00e9minaire national sur \u00ab\u00a0la ville, le patrimoine et le d\u00e9veloppement\u00a0\u00bb","datePublished":"2025-02-26T21:20:31+00:00","dateModified":"2025-02-26T21:20:31+00:00","mainEntityOfPage":{"@id":"https:\/\/elmawkie.dz\/fr\/constantine-ouverture-du-2eme-seminaire-national-sur-la-ville-le-patrimoine-et-le-developpement\/"},"wordCount":333,"commentCount":0,"publisher":{"@id":"https:\/\/elmawkie.dz\/fr\/#organization"},"image":{"@id":"https:\/\/elmawkie.dz\/fr\/constantine-ouverture-du-2eme-seminaire-national-sur-la-ville-le-patrimoine-et-le-developpement\/#primaryimage"},"thumbnailUrl":"https:\/\/elmawkie.dz\/fr\/wp-content\/uploads\/2025\/02\/IMG_0397.jpeg","keywords":["Constantine","La ville","S\u00e9minaire national","Universit\u00e9"],"articleSection":["R\u00e9gion"],"inLanguage":"fr-FR","potentialAction":[{"@type":"CommentAction","name":"Comment","target":["https:\/\/elmawkie.dz\/fr\/constantine-ouverture-du-2eme-seminaire-national-sur-la-ville-le-patrimoine-et-le-developpement\/#respond"]}]},{"@type":"WebPage","@id":"https:\/\/elmawkie.dz\/fr\/constantine-ouverture-du-2eme-seminaire-national-sur-la-ville-le-patrimoine-et-le-developpement\/","url":"https:\/\/elmawkie.dz\/fr\/constantine-ouverture-du-2eme-seminaire-national-sur-la-ville-le-patrimoine-et-le-developpement\/","name":"Constantine : ouverture du 2\u00e8me s\u00e9minaire national sur \"la ville, le patrimoine et le d\u00e9veloppement\" - El Mawkie","isPartOf":{"@id":"https:\/\/elmawkie.dz\/fr\/#website"},"primaryImageOfPage":{"@id":"https:\/\/elmawkie.dz\/fr\/constantine-ouverture-du-2eme-seminaire-national-sur-la-ville-le-patrimoine-et-le-developpement\/#primaryimage"},"image":{"@id":"https:\/\/elmawkie.dz\/fr\/constantine-ouverture-du-2eme-seminaire-national-sur-la-ville-le-patrimoine-et-le-developpement\/#primaryimage"},"thumbnailUrl":"https:\/\/elmawkie.dz\/fr\/wp-content\/uploads\/2025\/02\/IMG_0397.jpeg","datePublished":"2025-02-26T21:20:31+00:00","dateModified":"2025-02-26T21:20:31+00:00","breadcrumb":{"@id":"https:\/\/elmawkie.dz\/fr\/constantine-ouverture-du-2eme-seminaire-national-sur-la-ville-le-patrimoine-et-le-developpement\/#breadcrumb"},"inLanguage":"fr-FR","potentialAction":[{"@type":"ReadAction","target":["https:\/\/elmawkie.dz\/fr\/constantine-ouverture-du-2eme-seminaire-national-sur-la-ville-le-patrimoine-et-le-developpement\/"]}]},{"@type":"ImageObject","inLanguage":"fr-FR","@id":"https:\/\/elmawkie.dz\/fr\/constantine-ouverture-du-2eme-seminaire-national-sur-la-ville-le-patrimoine-et-le-developpement\/#primaryimage","url":"https:\/\/elmawkie.dz\/fr\/wp-content\/uploads\/2025\/02\/IMG_0397.jpeg","contentUrl":"https:\/\/elmawkie.dz\/fr\/wp-content\/uploads\/2025\/02\/IMG_0397.jpeg","width":275,"height":183},{"@type":"BreadcrumbList","@id":"https:\/\/elmawkie.dz\/fr\/constantine-ouverture-du-2eme-seminaire-national-sur-la-ville-le-patrimoine-et-le-developpement\/#breadcrumb","itemListElement":[{"@type":"ListItem","position":1,"name":"Home","item":"https:\/\/elmawkie.dz\/fr\/"},{"@type":"ListItem","position":2,"name":"Constantine : ouverture du 2\u00e8me s\u00e9minaire national sur \u00ab\u00a0la ville, le patrimoine et le d\u00e9veloppement\u00a0\u00bb"}]},{"@type":"WebSite","@id":"https:\/\/elmawkie.dz\/fr\/#website","url":"https:\/\/elmawkie.dz\/fr\/","name":"EL MAWKIE","description":"Journal \u00c9lectronique Alg\u00e9rien","publisher":{"@id":"https:\/\/elmawkie.dz\/fr\/#organization"},"potentialAction":[{"@type":"SearchAction","target":{"@type":"EntryPoint","urlTemplate":"https:\/\/elmawkie.dz\/fr\/?s={search_term_string}"},"query-input":"required name=search_term_string"}],"inLanguage":"fr-FR"},{"@type":"Organization","@id":"https:\/\/elmawkie.dz\/fr\/#organization","name":"EL MAWKIE","url":"https:\/\/elmawkie.dz\/fr\/","logo":{"@type":"ImageObject","inLanguage":"fr-FR","@id":"https:\/\/elmawkie.dz\/fr\/#\/schema\/logo\/image\/","url":"https:\/\/elmawkie.dz\/fr\/wp-content\/uploads\/2024\/05\/logo1.png","contentUrl":"https:\/\/elmawkie.dz\/fr\/wp-content\/uploads\/2024\/05\/logo1.png","width":1648,"height":652,"caption":"EL MAWKIE"},"image":{"@id":"https:\/\/elmawkie.dz\/fr\/#\/schema\/logo\/image\/"},"sameAs":["https:\/\/www.facebook.com\/profile.php?id=100088407094989&locale=fr_FR"]},{"@type":"Person","@id":"https:\/\/elmawkie.dz\/fr\/#\/schema\/person\/e7bd59d6467874ba5c4723d8a9f0a63c","name":"R\u00e9daction","image":{"@type":"ImageObject","inLanguage":"fr-FR","@id":"https:\/\/elmawkie.dz\/fr\/#\/schema\/person\/image\/","url":"https:\/\/secure.gravatar.com\/avatar\/f0f773456344da4d2788c054a3d30a0c?s=96&d=mm&r=g","contentUrl":"https:\/\/secure.gravatar.com\/avatar\/f0f773456344da4d2788c054a3d30a0c?s=96&d=mm&r=g","caption":"R\u00e9daction"},"url":"https:\/\/elmawkie.dz\/fr\/author\/redaction\/"}]}},"_links":{"self":[{"href":"https:\/\/elmawkie.dz\/fr\/wp-json\/wp\/v2\/posts\/47826","targetHints":{"allow":["GET"]}}],"collection":[{"href":"https:\/\/elmawkie.dz\/fr\/wp-json\/wp\/v2\/posts"}],"about":[{"href":"https:\/\/elmawkie.dz\/fr\/wp-json\/wp\/v2\/types\/post"}],"author":[{"embeddable":true,"href":"https:\/\/elmawkie.dz\/fr\/wp-json\/wp\/v2\/users\/9"}],"replies":[{"embeddable":true,"href":"https:\/\/elmawkie.dz\/fr\/wp-json\/wp\/v2\/comments?post=47826"}],"version-history":[{"count":1,"href":"https:\/\/elmawkie.dz\/fr\/wp-json\/wp\/v2\/posts\/47826\/revisions"}],"predecessor-version":[{"id":47829,"href":"https:\/\/elmawkie.dz\/fr\/wp-json\/wp\/v2\/posts\/47826\/revisions\/47829"}],"wp:featuredmedia":[{"embeddable":true,"href":"https:\/\/elmawkie.dz\/fr\/wp-json\/wp\/v2\/media\/47828"}],"wp:attachment":[{"href":"https:\/\/elmawkie.dz\/fr\/wp-json\/wp\/v2\/media?parent=47826"}],"wp:term":[{"taxonomy":"category","embeddable":true,"href":"https:\/\/elmawkie.dz\/fr\/wp-json\/wp\/v2\/categories?post=47826"},{"taxonomy":"post_tag","embeddable":true,"href":"https:\/\/elmawkie.dz\/fr\/wp-json\/wp\/v2\/tags?post=47826"}],"curies":[{"name":"wp","href":"https:\/\/api.w.org\/{rel}","templated":true}]}}