{"id":47805,"date":"2025-02-26T16:59:58","date_gmt":"2025-02-26T15:59:58","guid":{"rendered":"https:\/\/elmawkie.dz\/fr\/?p=47805"},"modified":"2025-02-26T16:59:59","modified_gmt":"2025-02-26T15:59:59","slug":"glissement-de-terrain-a-oulad-aissa-une-delegation-ministerielle-se-rend-sur-place-pour-evaluer-les-degats","status":"publish","type":"post","link":"https:\/\/elmawkie.dz\/fr\/glissement-de-terrain-a-oulad-aissa-une-delegation-ministerielle-se-rend-sur-place-pour-evaluer-les-degats\/","title":{"rendered":"Glissement de terrain \u00e0 Oulad A\u00efssa : Une d\u00e9l\u00e9gation minist\u00e9rielle se rend sur place pour \u00e9valuer les d\u00e9g\u00e2ts"},"content":{"rendered":"\n<p><strong><em>\u00c0 la suite du tragique incident de glissement de terrain qui a frapp\u00e9 le village d&rsquo;Oulad A\u00efssa dans la commune de Dra\u00e2 El-Mizan, situ\u00e9e dans la wilaya de Tizi Ouzou, une d\u00e9l\u00e9gation minist\u00e9rielle a \u00e9t\u00e9 d\u00e9p\u00each\u00e9e ce mercredi sur place pour \u00e9valuer la situation et apporter une aide imm\u00e9diate aux victimes.<\/em><\/strong><\/p>\n\n\n\n<p><em>Ainsi, selon un communiqu\u00e9 du minist\u00e8re de l\u2019int\u00e9rieur, la d\u00e9l\u00e9gation dirig\u00e9e par M. Mohamed Charef-Eddine Boudiaf, charg\u00e9 de la gestion du secr\u00e9tariat g\u00e9n\u00e9rale du minist\u00e8re, a \u00e9t\u00e9 d\u00e9p\u00e9ch\u00e9 sur place par le ministre de l&rsquo;Int\u00e9rieur, des Collectivit\u00e9s locales et de l&rsquo;Am\u00e9nagement du territoire, M. Brahim Merad. La d\u00e9l\u00e9gation comprenait \u00e9galement le directeur g\u00e9n\u00e9ral des collectivit\u00e9s locales et le d\u00e9l\u00e9gu\u00e9 national aux risques majeurs.<\/em><\/p>\n\n\n\n<p><em>Lors de cette visite, la d\u00e9l\u00e9gation a inspect\u00e9 l&rsquo;\u00e9tendue des d\u00e9g\u00e2ts en compagnie du wali de la wilaya de Tizi Ouzou ainsi que des autorit\u00e9s locales. L\u2019objectif \u00e9tait d\u2019\u00e9valuer pr\u00e9cis\u00e9ment les pertes humaines et mat\u00e9rielles caus\u00e9es par cet \u00e9boulement d\u00e9vastateu<\/em>r.<\/p>\n\n\n\n<p><em>Conform\u00e9ment \u00e0 la situation d&rsquo;urgence, le travail d\u2019\u00e9valuation des familles sinistr\u00e9es a \u00e9t\u00e9 lanc\u00e9 d\u00e8s hier par la cellule de crise install\u00e9e au niveau local. Cette op\u00e9ration vise \u00e0 dresser un inventaire pr\u00e9cis des personnes touch\u00e9es par la catastrophe afin de faciliter leur relogement dans les plus brefs d\u00e9lais. La coordination entre la cellule de crise de la wilaya et les autorit\u00e9s locales de la commune de Dra\u00e2 El-Mizan se poursuit activement.<\/em><\/p>\n\n\n\n<p><em>A cette occasion, M.Boudiaf a soulign\u00e9 l\u2019importance d\u2019un d\u00e9ploiement rapide et efficace des ressources disponibles pour garantir un soutien imm\u00e9diat aux familles sinistr\u00e9es. L&rsquo;ensemble des efforts sera concentr\u00e9 selon M.Boudiaf sur l&rsquo;am\u00e9lioration des conditions de vie des victimes et leur prise en charge dans les meilleurs d\u00e9lais.<\/em><\/p>\n","protected":false},"excerpt":{"rendered":"<p>\u00c0 la suite du tragique incident de glissement de terrain qui a frapp\u00e9 le village d&rsquo;Oulad A\u00efssa dans la commune de Dra\u00e2 El-Mizan, situ\u00e9e dans la wilaya de Tizi Ouzou, une d\u00e9l\u00e9gation minist\u00e9rielle a \u00e9t\u00e9 d\u00e9p\u00each\u00e9e ce mercredi sur place pour \u00e9valuer la situation et apporter une aide imm\u00e9diate aux victimes. Ainsi, selon un communiqu\u00e9 &hellip;<\/p>\n","protected":false},"author":8,"featured_media":47808,"comment_status":"open","ping_status":"open","sticky":false,"template":"","format":"standard","meta":{"footnotes":""},"categories":[47],"tags":[2774],"class_list":["post-47805","post","type-post","status-publish","format-standard","has-post-thumbnail","hentry","category-national","tag-tizi-ouzou-2"],"yoast_head":"<!-- This site is optimized with the Yoast SEO Premium plugin v22.6 (Yoast SEO v22.6) - https:\/\/yoast.com\/wordpress\/plugins\/seo\/ -->\n<title>Glissement de terrain \u00e0 Oulad A\u00efssa : Une d\u00e9l\u00e9gation minist\u00e9rielle se rend sur place pour \u00e9valuer les d\u00e9g\u00e2ts - El Mawkie<\/title>\n<meta name=\"robots\" content=\"index, follow, max-snippet:-1, max-image-preview:large, max-video-preview:-1\" \/>\n<link rel=\"canonical\" href=\"https:\/\/elmawkie.dz\/fr\/glissement-de-terrain-a-oulad-aissa-une-delegation-ministerielle-se-rend-sur-place-pour-evaluer-les-degats\/\" \/>\n<meta property=\"og:locale\" content=\"fr_FR\" \/>\n<meta property=\"og:type\" content=\"article\" \/>\n<meta property=\"og:title\" content=\"Glissement de terrain \u00e0 Oulad A\u00efssa : Une d\u00e9l\u00e9gation minist\u00e9rielle se rend sur place pour \u00e9valuer les d\u00e9g\u00e2ts\" \/>\n<meta property=\"og:description\" content=\"\u00c0 la suite du tragique incident de glissement de terrain qui a frapp\u00e9 le village d&rsquo;Oulad A\u00efssa dans la commune de Dra\u00e2 El-Mizan, situ\u00e9e dans la wilaya de Tizi Ouzou, une d\u00e9l\u00e9gation minist\u00e9rielle a \u00e9t\u00e9 d\u00e9p\u00each\u00e9e ce mercredi sur place pour \u00e9valuer la situation et apporter une aide imm\u00e9diate aux victimes. Ainsi, selon un communiqu\u00e9 &hellip;\" \/>\n<meta property=\"og:url\" content=\"https:\/\/elmawkie.dz\/fr\/glissement-de-terrain-a-oulad-aissa-une-delegation-ministerielle-se-rend-sur-place-pour-evaluer-les-degats\/\" \/>\n<meta property=\"og:site_name\" content=\"El Mawkie\" \/>\n<meta property=\"article:publisher\" content=\"https:\/\/www.facebook.com\/profile.php?id=100088407094989&amp;locale=fr_FR\" \/>\n<meta property=\"article:published_time\" content=\"2025-02-26T15:59:58+00:00\" \/>\n<meta property=\"article:modified_time\" content=\"2025-02-26T15:59:59+00:00\" \/>\n<meta property=\"og:image\" content=\"https:\/\/elmawkie.dz\/fr\/wp-content\/uploads\/2025\/02\/4d894d79-ee1d-4cb1-b780-dd1c1a5c1654.jpeg\" \/>\n\t<meta property=\"og:image:width\" content=\"1600\" \/>\n\t<meta property=\"og:image:height\" content=\"719\" \/>\n\t<meta property=\"og:image:type\" content=\"image\/jpeg\" \/>\n<meta name=\"author\" content=\"khayro\" \/>\n<meta name=\"twitter:card\" content=\"summary_large_image\" \/>\n<meta name=\"twitter:label1\" content=\"Written by\" \/>\n\t<meta name=\"twitter:data1\" content=\"khayro\" \/>\n\t<meta name=\"twitter:label2\" content=\"Est. reading time\" \/>\n\t<meta name=\"twitter:data2\" content=\"2 minutes\" \/>\n<script type=\"application\/ld+json\" class=\"yoast-schema-graph\">{\"@context\":\"https:\/\/schema.org\",\"@graph\":[{\"@type\":\"Article\",\"@id\":\"https:\/\/elmawkie.dz\/fr\/glissement-de-terrain-a-oulad-aissa-une-delegation-ministerielle-se-rend-sur-place-pour-evaluer-les-degats\/#article\",\"isPartOf\":{\"@id\":\"https:\/\/elmawkie.dz\/fr\/glissement-de-terrain-a-oulad-aissa-une-delegation-ministerielle-se-rend-sur-place-pour-evaluer-les-degats\/\"},\"author\":{\"name\":\"khayro\",\"@id\":\"https:\/\/elmawkie.dz\/fr\/#\/schema\/person\/15cb7eba76e08e2d2d0ad4b4c4fbb6cb\"},\"headline\":\"Glissement de terrain \u00e0 Oulad A\u00efssa : Une d\u00e9l\u00e9gation minist\u00e9rielle se rend sur place pour \u00e9valuer les d\u00e9g\u00e2ts\",\"datePublished\":\"2025-02-26T15:59:58+00:00\",\"dateModified\":\"2025-02-26T15:59:59+00:00\",\"mainEntityOfPage\":{\"@id\":\"https:\/\/elmawkie.dz\/fr\/glissement-de-terrain-a-oulad-aissa-une-delegation-ministerielle-se-rend-sur-place-pour-evaluer-les-degats\/\"},\"wordCount\":361,\"commentCount\":0,\"publisher\":{\"@id\":\"https:\/\/elmawkie.dz\/fr\/#organization\"},\"image\":{\"@id\":\"https:\/\/elmawkie.dz\/fr\/glissement-de-terrain-a-oulad-aissa-une-delegation-ministerielle-se-rend-sur-place-pour-evaluer-les-degats\/#primaryimage\"},\"thumbnailUrl\":\"https:\/\/elmawkie.dz\/fr\/wp-content\/uploads\/2025\/02\/4d894d79-ee1d-4cb1-b780-dd1c1a5c1654.jpeg\",\"keywords\":[\"Tizi OUzou\"],\"articleSection\":[\"National\"],\"inLanguage\":\"fr-FR\",\"potentialAction\":[{\"@type\":\"CommentAction\",\"name\":\"Comment\",\"target\":[\"https:\/\/elmawkie.dz\/fr\/glissement-de-terrain-a-oulad-aissa-une-delegation-ministerielle-se-rend-sur-place-pour-evaluer-les-degats\/#respond\"]}]},{\"@type\":\"WebPage\",\"@id\":\"https:\/\/elmawkie.dz\/fr\/glissement-de-terrain-a-oulad-aissa-une-delegation-ministerielle-se-rend-sur-place-pour-evaluer-les-degats\/\",\"url\":\"https:\/\/elmawkie.dz\/fr\/glissement-de-terrain-a-oulad-aissa-une-delegation-ministerielle-se-rend-sur-place-pour-evaluer-les-degats\/\",\"name\":\"Glissement de terrain \u00e0 Oulad A\u00efssa : Une d\u00e9l\u00e9gation minist\u00e9rielle se rend sur place pour \u00e9valuer les d\u00e9g\u00e2ts - El Mawkie\",\"isPartOf\":{\"@id\":\"https:\/\/elmawkie.dz\/fr\/#website\"},\"primaryImageOfPage\":{\"@id\":\"https:\/\/elmawkie.dz\/fr\/glissement-de-terrain-a-oulad-aissa-une-delegation-ministerielle-se-rend-sur-place-pour-evaluer-les-degats\/#primaryimage\"},\"image\":{\"@id\":\"https:\/\/elmawkie.dz\/fr\/glissement-de-terrain-a-oulad-aissa-une-delegation-ministerielle-se-rend-sur-place-pour-evaluer-les-degats\/#primaryimage\"},\"thumbnailUrl\":\"https:\/\/elmawkie.dz\/fr\/wp-content\/uploads\/2025\/02\/4d894d79-ee1d-4cb1-b780-dd1c1a5c1654.jpeg\",\"datePublished\":\"2025-02-26T15:59:58+00:00\",\"dateModified\":\"2025-02-26T15:59:59+00:00\",\"breadcrumb\":{\"@id\":\"https:\/\/elmawkie.dz\/fr\/glissement-de-terrain-a-oulad-aissa-une-delegation-ministerielle-se-rend-sur-place-pour-evaluer-les-degats\/#breadcrumb\"},\"inLanguage\":\"fr-FR\",\"potentialAction\":[{\"@type\":\"ReadAction\",\"target\":[\"https:\/\/elmawkie.dz\/fr\/glissement-de-terrain-a-oulad-aissa-une-delegation-ministerielle-se-rend-sur-place-pour-evaluer-les-degats\/\"]}]},{\"@type\":\"ImageObject\",\"inLanguage\":\"fr-FR\",\"@id\":\"https:\/\/elmawkie.dz\/fr\/glissement-de-terrain-a-oulad-aissa-une-delegation-ministerielle-se-rend-sur-place-pour-evaluer-les-degats\/#primaryimage\",\"url\":\"https:\/\/elmawkie.dz\/fr\/wp-content\/uploads\/2025\/02\/4d894d79-ee1d-4cb1-b780-dd1c1a5c1654.jpeg\",\"contentUrl\":\"https:\/\/elmawkie.dz\/fr\/wp-content\/uploads\/2025\/02\/4d894d79-ee1d-4cb1-b780-dd1c1a5c1654.jpeg\",\"width\":1600,\"height\":719},{\"@type\":\"BreadcrumbList\",\"@id\":\"https:\/\/elmawkie.dz\/fr\/glissement-de-terrain-a-oulad-aissa-une-delegation-ministerielle-se-rend-sur-place-pour-evaluer-les-degats\/#breadcrumb\",\"itemListElement\":[{\"@type\":\"ListItem\",\"position\":1,\"name\":\"Home\",\"item\":\"https:\/\/elmawkie.dz\/fr\/\"},{\"@type\":\"ListItem\",\"position\":2,\"name\":\"Glissement de terrain \u00e0 Oulad A\u00efssa : Une d\u00e9l\u00e9gation minist\u00e9rielle se rend sur place pour \u00e9valuer les d\u00e9g\u00e2ts\"}]},{\"@type\":\"WebSite\",\"@id\":\"https:\/\/elmawkie.dz\/fr\/#website\",\"url\":\"https:\/\/elmawkie.dz\/fr\/\",\"name\":\"EL MAWKIE\",\"description\":\"Journal \u00c9lectronique Alg\u00e9rien\",\"publisher\":{\"@id\":\"https:\/\/elmawkie.dz\/fr\/#organization\"},\"potentialAction\":[{\"@type\":\"SearchAction\",\"target\":{\"@type\":\"EntryPoint\",\"urlTemplate\":\"https:\/\/elmawkie.dz\/fr\/?s={search_term_string}\"},\"query-input\":\"required name=search_term_string\"}],\"inLanguage\":\"fr-FR\"},{\"@type\":\"Organization\",\"@id\":\"https:\/\/elmawkie.dz\/fr\/#organization\",\"name\":\"EL MAWKIE\",\"url\":\"https:\/\/elmawkie.dz\/fr\/\",\"logo\":{\"@type\":\"ImageObject\",\"inLanguage\":\"fr-FR\",\"@id\":\"https:\/\/elmawkie.dz\/fr\/#\/schema\/logo\/image\/\",\"url\":\"https:\/\/elmawkie.dz\/fr\/wp-content\/uploads\/2024\/05\/logo1.png\",\"contentUrl\":\"https:\/\/elmawkie.dz\/fr\/wp-content\/uploads\/2024\/05\/logo1.png\",\"width\":1648,\"height\":652,\"caption\":\"EL MAWKIE\"},\"image\":{\"@id\":\"https:\/\/elmawkie.dz\/fr\/#\/schema\/logo\/image\/\"},\"sameAs\":[\"https:\/\/www.facebook.com\/profile.php?id=100088407094989&locale=fr_FR\"]},{\"@type\":\"Person\",\"@id\":\"https:\/\/elmawkie.dz\/fr\/#\/schema\/person\/15cb7eba76e08e2d2d0ad4b4c4fbb6cb\",\"name\":\"khayro\",\"image\":{\"@type\":\"ImageObject\",\"inLanguage\":\"fr-FR\",\"@id\":\"https:\/\/elmawkie.dz\/fr\/#\/schema\/person\/image\/\",\"url\":\"https:\/\/secure.gravatar.com\/avatar\/5d609f726f02f77f0ff2a1483fc81992?s=96&d=mm&r=g\",\"contentUrl\":\"https:\/\/secure.gravatar.com\/avatar\/5d609f726f02f77f0ff2a1483fc81992?s=96&d=mm&r=g\",\"caption\":\"khayro\"},\"url\":\"https:\/\/elmawkie.dz\/fr\/author\/khayro\/\"}]}<\/script>\n<!-- \/ Yoast SEO Premium plugin. -->","yoast_head_json":{"title":"Glissement de terrain \u00e0 Oulad A\u00efssa : Une d\u00e9l\u00e9gation minist\u00e9rielle se rend sur place pour \u00e9valuer les d\u00e9g\u00e2ts - El Mawkie","robots":{"index":"index","follow":"follow","max-snippet":"max-snippet:-1","max-image-preview":"max-image-preview:large","max-video-preview":"max-video-preview:-1"},"canonical":"https:\/\/elmawkie.dz\/fr\/glissement-de-terrain-a-oulad-aissa-une-delegation-ministerielle-se-rend-sur-place-pour-evaluer-les-degats\/","og_locale":"fr_FR","og_type":"article","og_title":"Glissement de terrain \u00e0 Oulad A\u00efssa : Une d\u00e9l\u00e9gation minist\u00e9rielle se rend sur place pour \u00e9valuer les d\u00e9g\u00e2ts","og_description":"\u00c0 la suite du tragique incident de glissement de terrain qui a frapp\u00e9 le village d&rsquo;Oulad A\u00efssa dans la commune de Dra\u00e2 El-Mizan, situ\u00e9e dans la wilaya de Tizi Ouzou, une d\u00e9l\u00e9gation minist\u00e9rielle a \u00e9t\u00e9 d\u00e9p\u00each\u00e9e ce mercredi sur place pour \u00e9valuer la situation et apporter une aide imm\u00e9diate aux victimes. Ainsi, selon un communiqu\u00e9 &hellip;","og_url":"https:\/\/elmawkie.dz\/fr\/glissement-de-terrain-a-oulad-aissa-une-delegation-ministerielle-se-rend-sur-place-pour-evaluer-les-degats\/","og_site_name":"El Mawkie","article_publisher":"https:\/\/www.facebook.com\/profile.php?id=100088407094989&locale=fr_FR","article_published_time":"2025-02-26T15:59:58+00:00","article_modified_time":"2025-02-26T15:59:59+00:00","og_image":[{"width":1600,"height":719,"url":"https:\/\/elmawkie.dz\/fr\/wp-content\/uploads\/2025\/02\/4d894d79-ee1d-4cb1-b780-dd1c1a5c1654.jpeg","type":"image\/jpeg"}],"author":"khayro","twitter_card":"summary_large_image","twitter_misc":{"Written by":"khayro","Est. reading time":"2 minutes"},"schema":{"@context":"https:\/\/schema.org","@graph":[{"@type":"Article","@id":"https:\/\/elmawkie.dz\/fr\/glissement-de-terrain-a-oulad-aissa-une-delegation-ministerielle-se-rend-sur-place-pour-evaluer-les-degats\/#article","isPartOf":{"@id":"https:\/\/elmawkie.dz\/fr\/glissement-de-terrain-a-oulad-aissa-une-delegation-ministerielle-se-rend-sur-place-pour-evaluer-les-degats\/"},"author":{"name":"khayro","@id":"https:\/\/elmawkie.dz\/fr\/#\/schema\/person\/15cb7eba76e08e2d2d0ad4b4c4fbb6cb"},"headline":"Glissement de terrain \u00e0 Oulad A\u00efssa : Une d\u00e9l\u00e9gation minist\u00e9rielle se rend sur place pour \u00e9valuer les d\u00e9g\u00e2ts","datePublished":"2025-02-26T15:59:58+00:00","dateModified":"2025-02-26T15:59:59+00:00","mainEntityOfPage":{"@id":"https:\/\/elmawkie.dz\/fr\/glissement-de-terrain-a-oulad-aissa-une-delegation-ministerielle-se-rend-sur-place-pour-evaluer-les-degats\/"},"wordCount":361,"commentCount":0,"publisher":{"@id":"https:\/\/elmawkie.dz\/fr\/#organization"},"image":{"@id":"https:\/\/elmawkie.dz\/fr\/glissement-de-terrain-a-oulad-aissa-une-delegation-ministerielle-se-rend-sur-place-pour-evaluer-les-degats\/#primaryimage"},"thumbnailUrl":"https:\/\/elmawkie.dz\/fr\/wp-content\/uploads\/2025\/02\/4d894d79-ee1d-4cb1-b780-dd1c1a5c1654.jpeg","keywords":["Tizi OUzou"],"articleSection":["National"],"inLanguage":"fr-FR","potentialAction":[{"@type":"CommentAction","name":"Comment","target":["https:\/\/elmawkie.dz\/fr\/glissement-de-terrain-a-oulad-aissa-une-delegation-ministerielle-se-rend-sur-place-pour-evaluer-les-degats\/#respond"]}]},{"@type":"WebPage","@id":"https:\/\/elmawkie.dz\/fr\/glissement-de-terrain-a-oulad-aissa-une-delegation-ministerielle-se-rend-sur-place-pour-evaluer-les-degats\/","url":"https:\/\/elmawkie.dz\/fr\/glissement-de-terrain-a-oulad-aissa-une-delegation-ministerielle-se-rend-sur-place-pour-evaluer-les-degats\/","name":"Glissement de terrain \u00e0 Oulad A\u00efssa : Une d\u00e9l\u00e9gation minist\u00e9rielle se rend sur place pour \u00e9valuer les d\u00e9g\u00e2ts - El Mawkie","isPartOf":{"@id":"https:\/\/elmawkie.dz\/fr\/#website"},"primaryImageOfPage":{"@id":"https:\/\/elmawkie.dz\/fr\/glissement-de-terrain-a-oulad-aissa-une-delegation-ministerielle-se-rend-sur-place-pour-evaluer-les-degats\/#primaryimage"},"image":{"@id":"https:\/\/elmawkie.dz\/fr\/glissement-de-terrain-a-oulad-aissa-une-delegation-ministerielle-se-rend-sur-place-pour-evaluer-les-degats\/#primaryimage"},"thumbnailUrl":"https:\/\/elmawkie.dz\/fr\/wp-content\/uploads\/2025\/02\/4d894d79-ee1d-4cb1-b780-dd1c1a5c1654.jpeg","datePublished":"2025-02-26T15:59:58+00:00","dateModified":"2025-02-26T15:59:59+00:00","breadcrumb":{"@id":"https:\/\/elmawkie.dz\/fr\/glissement-de-terrain-a-oulad-aissa-une-delegation-ministerielle-se-rend-sur-place-pour-evaluer-les-degats\/#breadcrumb"},"inLanguage":"fr-FR","potentialAction":[{"@type":"ReadAction","target":["https:\/\/elmawkie.dz\/fr\/glissement-de-terrain-a-oulad-aissa-une-delegation-ministerielle-se-rend-sur-place-pour-evaluer-les-degats\/"]}]},{"@type":"ImageObject","inLanguage":"fr-FR","@id":"https:\/\/elmawkie.dz\/fr\/glissement-de-terrain-a-oulad-aissa-une-delegation-ministerielle-se-rend-sur-place-pour-evaluer-les-degats\/#primaryimage","url":"https:\/\/elmawkie.dz\/fr\/wp-content\/uploads\/2025\/02\/4d894d79-ee1d-4cb1-b780-dd1c1a5c1654.jpeg","contentUrl":"https:\/\/elmawkie.dz\/fr\/wp-content\/uploads\/2025\/02\/4d894d79-ee1d-4cb1-b780-dd1c1a5c1654.jpeg","width":1600,"height":719},{"@type":"BreadcrumbList","@id":"https:\/\/elmawkie.dz\/fr\/glissement-de-terrain-a-oulad-aissa-une-delegation-ministerielle-se-rend-sur-place-pour-evaluer-les-degats\/#breadcrumb","itemListElement":[{"@type":"ListItem","position":1,"name":"Home","item":"https:\/\/elmawkie.dz\/fr\/"},{"@type":"ListItem","position":2,"name":"Glissement de terrain \u00e0 Oulad A\u00efssa : Une d\u00e9l\u00e9gation minist\u00e9rielle se rend sur place pour \u00e9valuer les d\u00e9g\u00e2ts"}]},{"@type":"WebSite","@id":"https:\/\/elmawkie.dz\/fr\/#website","url":"https:\/\/elmawkie.dz\/fr\/","name":"EL MAWKIE","description":"Journal \u00c9lectronique Alg\u00e9rien","publisher":{"@id":"https:\/\/elmawkie.dz\/fr\/#organization"},"potentialAction":[{"@type":"SearchAction","target":{"@type":"EntryPoint","urlTemplate":"https:\/\/elmawkie.dz\/fr\/?s={search_term_string}"},"query-input":"required name=search_term_string"}],"inLanguage":"fr-FR"},{"@type":"Organization","@id":"https:\/\/elmawkie.dz\/fr\/#organization","name":"EL MAWKIE","url":"https:\/\/elmawkie.dz\/fr\/","logo":{"@type":"ImageObject","inLanguage":"fr-FR","@id":"https:\/\/elmawkie.dz\/fr\/#\/schema\/logo\/image\/","url":"https:\/\/elmawkie.dz\/fr\/wp-content\/uploads\/2024\/05\/logo1.png","contentUrl":"https:\/\/elmawkie.dz\/fr\/wp-content\/uploads\/2024\/05\/logo1.png","width":1648,"height":652,"caption":"EL MAWKIE"},"image":{"@id":"https:\/\/elmawkie.dz\/fr\/#\/schema\/logo\/image\/"},"sameAs":["https:\/\/www.facebook.com\/profile.php?id=100088407094989&locale=fr_FR"]},{"@type":"Person","@id":"https:\/\/elmawkie.dz\/fr\/#\/schema\/person\/15cb7eba76e08e2d2d0ad4b4c4fbb6cb","name":"khayro","image":{"@type":"ImageObject","inLanguage":"fr-FR","@id":"https:\/\/elmawkie.dz\/fr\/#\/schema\/person\/image\/","url":"https:\/\/secure.gravatar.com\/avatar\/5d609f726f02f77f0ff2a1483fc81992?s=96&d=mm&r=g","contentUrl":"https:\/\/secure.gravatar.com\/avatar\/5d609f726f02f77f0ff2a1483fc81992?s=96&d=mm&r=g","caption":"khayro"},"url":"https:\/\/elmawkie.dz\/fr\/author\/khayro\/"}]}},"_links":{"self":[{"href":"https:\/\/elmawkie.dz\/fr\/wp-json\/wp\/v2\/posts\/47805","targetHints":{"allow":["GET"]}}],"collection":[{"href":"https:\/\/elmawkie.dz\/fr\/wp-json\/wp\/v2\/posts"}],"about":[{"href":"https:\/\/elmawkie.dz\/fr\/wp-json\/wp\/v2\/types\/post"}],"author":[{"embeddable":true,"href":"https:\/\/elmawkie.dz\/fr\/wp-json\/wp\/v2\/users\/8"}],"replies":[{"embeddable":true,"href":"https:\/\/elmawkie.dz\/fr\/wp-json\/wp\/v2\/comments?post=47805"}],"version-history":[{"count":2,"href":"https:\/\/elmawkie.dz\/fr\/wp-json\/wp\/v2\/posts\/47805\/revisions"}],"predecessor-version":[{"id":47809,"href":"https:\/\/elmawkie.dz\/fr\/wp-json\/wp\/v2\/posts\/47805\/revisions\/47809"}],"wp:featuredmedia":[{"embeddable":true,"href":"https:\/\/elmawkie.dz\/fr\/wp-json\/wp\/v2\/media\/47808"}],"wp:attachment":[{"href":"https:\/\/elmawkie.dz\/fr\/wp-json\/wp\/v2\/media?parent=47805"}],"wp:term":[{"taxonomy":"category","embeddable":true,"href":"https:\/\/elmawkie.dz\/fr\/wp-json\/wp\/v2\/categories?post=47805"},{"taxonomy":"post_tag","embeddable":true,"href":"https:\/\/elmawkie.dz\/fr\/wp-json\/wp\/v2\/tags?post=47805"}],"curies":[{"name":"wp","href":"https:\/\/api.w.org\/{rel}","templated":true}]}}