{"id":47799,"date":"2025-02-26T14:58:07","date_gmt":"2025-02-26T13:58:07","guid":{"rendered":"https:\/\/elmawkie.dz\/fr\/?p=47799"},"modified":"2025-02-26T14:58:08","modified_gmt":"2025-02-26T13:58:08","slug":"koudiet-draouch-le-president-de-la-republique-met-en-avant-un-projet-vital-pour-lalgerie","status":"publish","type":"post","link":"https:\/\/elmawkie.dz\/fr\/koudiet-draouch-le-president-de-la-republique-met-en-avant-un-projet-vital-pour-lalgerie\/","title":{"rendered":"Koudiet Draouch : Le pr\u00e9sident de la r\u00e9publique met en avant un projet vital pour l&rsquo;Alg\u00e9rie"},"content":{"rendered":"\n<p><strong><em>Le pr\u00e9sident de la R\u00e9publique, Abdelmadjid Tebboune, a effectu\u00e9 ce mercredi une visite au complexe de dessalement d&rsquo;eau de mer \u00ab\u00a0Koudiet Draouch\u00bb, situ\u00e9 dans la wilaya de Tarf, o\u00f9 il a suivi avec attention un expos\u00e9 technique d\u00e9taillant les diff\u00e9rentes \u00e9tapes de la r\u00e9alisation de cette infrastructure vitale.<\/em><\/strong><\/p>\n\n\n\n<p><em>En effet, lors de cette visite, le pr\u00e9sident Tebboune a \u00e9galement assist\u00e9 \u00e0 un autre expos\u00e9, mettant en lumi\u00e8re les d\u00e9fis techniques rencontr\u00e9s par les comp\u00e9tences alg\u00e9riennes dans l&rsquo;ex\u00e9cution de ce projet, consid\u00e9r\u00e9 comme l&rsquo;un des plus grands projets strat\u00e9giques du pays. Le projet \u00ab\u00a0Kodiet Draouch\u00a0\u00bb est ainsi devenu le troisi\u00e8me plus grand site de dessalement d&rsquo;eau de mer en Alg\u00e9rie, avec une capacit\u00e9 de production impressionnante de 300 millions de litres d&rsquo;eau potable par jour.<\/em><\/p>\n\n\n\n<p><em>A cette occasion, le pr\u00e9sident a soulign\u00e9 l&rsquo;importance de ces projets en mati\u00e8re de dessalement, affirmant qu&rsquo;ils repr\u00e9sentent un v\u00e9ritable \u00ab\u00a0honneur pour l&rsquo;Alg\u00e9rie victorieuse\u00a0\u00bb. Apr\u00e8s avoir pris connaissance des d\u00e9tails des diff\u00e9rents travaux, il a ajout\u00e9 que \u00ab\u00a0ce qui a \u00e9t\u00e9 accompli pour fournir de l&rsquo;eau aux Alg\u00e9riens sera grav\u00e9 dans l&rsquo;histoire\u00a0\u00bb.<\/em><\/p>\n\n\n\n<p><em>Le pr\u00e9sident a \u00e9galement exprim\u00e9 sa profonde reconnaissance envers toutes les \u00e9quipes ayant particip\u00e9 \u00e0 ce succ\u00e8s, que ce soit de mani\u00e8re directe ou indirecte. \u00ab\u00a0Vous m\u00e9ritez des remerciements bien m\u00e9rit\u00e9s. Je suis tr\u00e8s fier de l&rsquo;harmonie et de la coordination parfaite entre les travailleurs et les cadres qui ont permis cet exploit historique\u00a0\u00bb, a-t-il d\u00e9clar\u00e9.<\/em><\/p>\n\n\n\n<p><em>Enfin, le pr\u00e9sident a \u00e9voqu\u00e9 l&rsquo;ach\u00e8vement imminent des deux autres projets de dessalement en cours, promettant que \u00ab\u00a0l&rsquo;ensemble du projet sera achev\u00e9 prochainement, allant d&rsquo;est en ouest, pour garantir l&rsquo;approvisionnement en eau de toute l&rsquo;Alg\u00e9rie\u00a0\u00bb.<\/em><\/p>\n","protected":false},"excerpt":{"rendered":"<p>Le pr\u00e9sident de la R\u00e9publique, Abdelmadjid Tebboune, a effectu\u00e9 ce mercredi une visite au complexe de dessalement d&rsquo;eau de mer \u00ab\u00a0Koudiet Draouch\u00bb, situ\u00e9 dans la wilaya de Tarf, o\u00f9 il a suivi avec attention un expos\u00e9 technique d\u00e9taillant les diff\u00e9rentes \u00e9tapes de la r\u00e9alisation de cette infrastructure vitale. En effet, lors de cette visite, le &hellip;<\/p>\n","protected":false},"author":8,"featured_media":47803,"comment_status":"open","ping_status":"open","sticky":false,"template":"","format":"standard","meta":{"footnotes":""},"categories":[47],"tags":[313],"class_list":["post-47799","post","type-post","status-publish","format-standard","has-post-thumbnail","hentry","category-national","tag-tebboune"],"yoast_head":"<!-- This site is optimized with the Yoast SEO Premium plugin v22.6 (Yoast SEO v22.6) - https:\/\/yoast.com\/wordpress\/plugins\/seo\/ -->\n<title>Koudiet Draouch : Le pr\u00e9sident de la r\u00e9publique met en avant un projet vital pour l&#039;Alg\u00e9rie - El Mawkie<\/title>\n<meta name=\"robots\" content=\"index, follow, max-snippet:-1, max-image-preview:large, max-video-preview:-1\" \/>\n<link rel=\"canonical\" href=\"https:\/\/elmawkie.dz\/fr\/koudiet-draouch-le-president-de-la-republique-met-en-avant-un-projet-vital-pour-lalgerie\/\" \/>\n<meta property=\"og:locale\" content=\"fr_FR\" \/>\n<meta property=\"og:type\" content=\"article\" \/>\n<meta property=\"og:title\" content=\"Koudiet Draouch : Le pr\u00e9sident de la r\u00e9publique met en avant un projet vital pour l&#039;Alg\u00e9rie\" \/>\n<meta property=\"og:description\" content=\"Le pr\u00e9sident de la R\u00e9publique, Abdelmadjid Tebboune, a effectu\u00e9 ce mercredi une visite au complexe de dessalement d&rsquo;eau de mer \u00ab\u00a0Koudiet Draouch\u00bb, situ\u00e9 dans la wilaya de Tarf, o\u00f9 il a suivi avec attention un expos\u00e9 technique d\u00e9taillant les diff\u00e9rentes \u00e9tapes de la r\u00e9alisation de cette infrastructure vitale. En effet, lors de cette visite, le &hellip;\" \/>\n<meta property=\"og:url\" content=\"https:\/\/elmawkie.dz\/fr\/koudiet-draouch-le-president-de-la-republique-met-en-avant-un-projet-vital-pour-lalgerie\/\" \/>\n<meta property=\"og:site_name\" content=\"El Mawkie\" \/>\n<meta property=\"article:publisher\" content=\"https:\/\/www.facebook.com\/profile.php?id=100088407094989&amp;locale=fr_FR\" \/>\n<meta property=\"article:published_time\" content=\"2025-02-26T13:58:07+00:00\" \/>\n<meta property=\"article:modified_time\" content=\"2025-02-26T13:58:08+00:00\" \/>\n<meta property=\"og:image\" content=\"https:\/\/elmawkie.dz\/fr\/wp-content\/uploads\/2025\/02\/8ec632b0-6503-4897-b464-c713ba743827.jpeg\" \/>\n\t<meta property=\"og:image:width\" content=\"720\" \/>\n\t<meta property=\"og:image:height\" content=\"480\" \/>\n\t<meta property=\"og:image:type\" content=\"image\/jpeg\" \/>\n<meta name=\"author\" content=\"khayro\" \/>\n<meta name=\"twitter:card\" content=\"summary_large_image\" \/>\n<meta name=\"twitter:label1\" content=\"Written by\" \/>\n\t<meta name=\"twitter:data1\" content=\"khayro\" \/>\n\t<meta name=\"twitter:label2\" content=\"Est. reading time\" \/>\n\t<meta name=\"twitter:data2\" content=\"2 minutes\" \/>\n<script type=\"application\/ld+json\" class=\"yoast-schema-graph\">{\"@context\":\"https:\/\/schema.org\",\"@graph\":[{\"@type\":\"Article\",\"@id\":\"https:\/\/elmawkie.dz\/fr\/koudiet-draouch-le-president-de-la-republique-met-en-avant-un-projet-vital-pour-lalgerie\/#article\",\"isPartOf\":{\"@id\":\"https:\/\/elmawkie.dz\/fr\/koudiet-draouch-le-president-de-la-republique-met-en-avant-un-projet-vital-pour-lalgerie\/\"},\"author\":{\"name\":\"khayro\",\"@id\":\"https:\/\/elmawkie.dz\/fr\/#\/schema\/person\/15cb7eba76e08e2d2d0ad4b4c4fbb6cb\"},\"headline\":\"Koudiet Draouch : Le pr\u00e9sident de la r\u00e9publique met en avant un projet vital pour l&rsquo;Alg\u00e9rie\",\"datePublished\":\"2025-02-26T13:58:07+00:00\",\"dateModified\":\"2025-02-26T13:58:08+00:00\",\"mainEntityOfPage\":{\"@id\":\"https:\/\/elmawkie.dz\/fr\/koudiet-draouch-le-president-de-la-republique-met-en-avant-un-projet-vital-pour-lalgerie\/\"},\"wordCount\":335,\"commentCount\":0,\"publisher\":{\"@id\":\"https:\/\/elmawkie.dz\/fr\/#organization\"},\"image\":{\"@id\":\"https:\/\/elmawkie.dz\/fr\/koudiet-draouch-le-president-de-la-republique-met-en-avant-un-projet-vital-pour-lalgerie\/#primaryimage\"},\"thumbnailUrl\":\"https:\/\/elmawkie.dz\/fr\/wp-content\/uploads\/2025\/02\/8ec632b0-6503-4897-b464-c713ba743827.jpeg\",\"keywords\":[\"tebboune\"],\"articleSection\":[\"National\"],\"inLanguage\":\"fr-FR\",\"potentialAction\":[{\"@type\":\"CommentAction\",\"name\":\"Comment\",\"target\":[\"https:\/\/elmawkie.dz\/fr\/koudiet-draouch-le-president-de-la-republique-met-en-avant-un-projet-vital-pour-lalgerie\/#respond\"]}]},{\"@type\":\"WebPage\",\"@id\":\"https:\/\/elmawkie.dz\/fr\/koudiet-draouch-le-president-de-la-republique-met-en-avant-un-projet-vital-pour-lalgerie\/\",\"url\":\"https:\/\/elmawkie.dz\/fr\/koudiet-draouch-le-president-de-la-republique-met-en-avant-un-projet-vital-pour-lalgerie\/\",\"name\":\"Koudiet Draouch : Le pr\u00e9sident de la r\u00e9publique met en avant un projet vital pour l'Alg\u00e9rie - El Mawkie\",\"isPartOf\":{\"@id\":\"https:\/\/elmawkie.dz\/fr\/#website\"},\"primaryImageOfPage\":{\"@id\":\"https:\/\/elmawkie.dz\/fr\/koudiet-draouch-le-president-de-la-republique-met-en-avant-un-projet-vital-pour-lalgerie\/#primaryimage\"},\"image\":{\"@id\":\"https:\/\/elmawkie.dz\/fr\/koudiet-draouch-le-president-de-la-republique-met-en-avant-un-projet-vital-pour-lalgerie\/#primaryimage\"},\"thumbnailUrl\":\"https:\/\/elmawkie.dz\/fr\/wp-content\/uploads\/2025\/02\/8ec632b0-6503-4897-b464-c713ba743827.jpeg\",\"datePublished\":\"2025-02-26T13:58:07+00:00\",\"dateModified\":\"2025-02-26T13:58:08+00:00\",\"breadcrumb\":{\"@id\":\"https:\/\/elmawkie.dz\/fr\/koudiet-draouch-le-president-de-la-republique-met-en-avant-un-projet-vital-pour-lalgerie\/#breadcrumb\"},\"inLanguage\":\"fr-FR\",\"potentialAction\":[{\"@type\":\"ReadAction\",\"target\":[\"https:\/\/elmawkie.dz\/fr\/koudiet-draouch-le-president-de-la-republique-met-en-avant-un-projet-vital-pour-lalgerie\/\"]}]},{\"@type\":\"ImageObject\",\"inLanguage\":\"fr-FR\",\"@id\":\"https:\/\/elmawkie.dz\/fr\/koudiet-draouch-le-president-de-la-republique-met-en-avant-un-projet-vital-pour-lalgerie\/#primaryimage\",\"url\":\"https:\/\/elmawkie.dz\/fr\/wp-content\/uploads\/2025\/02\/8ec632b0-6503-4897-b464-c713ba743827.jpeg\",\"contentUrl\":\"https:\/\/elmawkie.dz\/fr\/wp-content\/uploads\/2025\/02\/8ec632b0-6503-4897-b464-c713ba743827.jpeg\",\"width\":720,\"height\":480},{\"@type\":\"BreadcrumbList\",\"@id\":\"https:\/\/elmawkie.dz\/fr\/koudiet-draouch-le-president-de-la-republique-met-en-avant-un-projet-vital-pour-lalgerie\/#breadcrumb\",\"itemListElement\":[{\"@type\":\"ListItem\",\"position\":1,\"name\":\"Home\",\"item\":\"https:\/\/elmawkie.dz\/fr\/\"},{\"@type\":\"ListItem\",\"position\":2,\"name\":\"Koudiet Draouch : Le pr\u00e9sident de la r\u00e9publique met en avant un projet vital pour l&rsquo;Alg\u00e9rie\"}]},{\"@type\":\"WebSite\",\"@id\":\"https:\/\/elmawkie.dz\/fr\/#website\",\"url\":\"https:\/\/elmawkie.dz\/fr\/\",\"name\":\"EL MAWKIE\",\"description\":\"Journal \u00c9lectronique Alg\u00e9rien\",\"publisher\":{\"@id\":\"https:\/\/elmawkie.dz\/fr\/#organization\"},\"potentialAction\":[{\"@type\":\"SearchAction\",\"target\":{\"@type\":\"EntryPoint\",\"urlTemplate\":\"https:\/\/elmawkie.dz\/fr\/?s={search_term_string}\"},\"query-input\":\"required name=search_term_string\"}],\"inLanguage\":\"fr-FR\"},{\"@type\":\"Organization\",\"@id\":\"https:\/\/elmawkie.dz\/fr\/#organization\",\"name\":\"EL MAWKIE\",\"url\":\"https:\/\/elmawkie.dz\/fr\/\",\"logo\":{\"@type\":\"ImageObject\",\"inLanguage\":\"fr-FR\",\"@id\":\"https:\/\/elmawkie.dz\/fr\/#\/schema\/logo\/image\/\",\"url\":\"https:\/\/elmawkie.dz\/fr\/wp-content\/uploads\/2024\/05\/logo1.png\",\"contentUrl\":\"https:\/\/elmawkie.dz\/fr\/wp-content\/uploads\/2024\/05\/logo1.png\",\"width\":1648,\"height\":652,\"caption\":\"EL MAWKIE\"},\"image\":{\"@id\":\"https:\/\/elmawkie.dz\/fr\/#\/schema\/logo\/image\/\"},\"sameAs\":[\"https:\/\/www.facebook.com\/profile.php?id=100088407094989&locale=fr_FR\"]},{\"@type\":\"Person\",\"@id\":\"https:\/\/elmawkie.dz\/fr\/#\/schema\/person\/15cb7eba76e08e2d2d0ad4b4c4fbb6cb\",\"name\":\"khayro\",\"image\":{\"@type\":\"ImageObject\",\"inLanguage\":\"fr-FR\",\"@id\":\"https:\/\/elmawkie.dz\/fr\/#\/schema\/person\/image\/\",\"url\":\"https:\/\/secure.gravatar.com\/avatar\/5d609f726f02f77f0ff2a1483fc81992?s=96&d=mm&r=g\",\"contentUrl\":\"https:\/\/secure.gravatar.com\/avatar\/5d609f726f02f77f0ff2a1483fc81992?s=96&d=mm&r=g\",\"caption\":\"khayro\"},\"url\":\"https:\/\/elmawkie.dz\/fr\/author\/khayro\/\"}]}<\/script>\n<!-- \/ Yoast SEO Premium plugin. -->","yoast_head_json":{"title":"Koudiet Draouch : Le pr\u00e9sident de la r\u00e9publique met en avant un projet vital pour l'Alg\u00e9rie - El Mawkie","robots":{"index":"index","follow":"follow","max-snippet":"max-snippet:-1","max-image-preview":"max-image-preview:large","max-video-preview":"max-video-preview:-1"},"canonical":"https:\/\/elmawkie.dz\/fr\/koudiet-draouch-le-president-de-la-republique-met-en-avant-un-projet-vital-pour-lalgerie\/","og_locale":"fr_FR","og_type":"article","og_title":"Koudiet Draouch : Le pr\u00e9sident de la r\u00e9publique met en avant un projet vital pour l'Alg\u00e9rie","og_description":"Le pr\u00e9sident de la R\u00e9publique, Abdelmadjid Tebboune, a effectu\u00e9 ce mercredi une visite au complexe de dessalement d&rsquo;eau de mer \u00ab\u00a0Koudiet Draouch\u00bb, situ\u00e9 dans la wilaya de Tarf, o\u00f9 il a suivi avec attention un expos\u00e9 technique d\u00e9taillant les diff\u00e9rentes \u00e9tapes de la r\u00e9alisation de cette infrastructure vitale. En effet, lors de cette visite, le &hellip;","og_url":"https:\/\/elmawkie.dz\/fr\/koudiet-draouch-le-president-de-la-republique-met-en-avant-un-projet-vital-pour-lalgerie\/","og_site_name":"El Mawkie","article_publisher":"https:\/\/www.facebook.com\/profile.php?id=100088407094989&locale=fr_FR","article_published_time":"2025-02-26T13:58:07+00:00","article_modified_time":"2025-02-26T13:58:08+00:00","og_image":[{"width":720,"height":480,"url":"https:\/\/elmawkie.dz\/fr\/wp-content\/uploads\/2025\/02\/8ec632b0-6503-4897-b464-c713ba743827.jpeg","type":"image\/jpeg"}],"author":"khayro","twitter_card":"summary_large_image","twitter_misc":{"Written by":"khayro","Est. reading time":"2 minutes"},"schema":{"@context":"https:\/\/schema.org","@graph":[{"@type":"Article","@id":"https:\/\/elmawkie.dz\/fr\/koudiet-draouch-le-president-de-la-republique-met-en-avant-un-projet-vital-pour-lalgerie\/#article","isPartOf":{"@id":"https:\/\/elmawkie.dz\/fr\/koudiet-draouch-le-president-de-la-republique-met-en-avant-un-projet-vital-pour-lalgerie\/"},"author":{"name":"khayro","@id":"https:\/\/elmawkie.dz\/fr\/#\/schema\/person\/15cb7eba76e08e2d2d0ad4b4c4fbb6cb"},"headline":"Koudiet Draouch : Le pr\u00e9sident de la r\u00e9publique met en avant un projet vital pour l&rsquo;Alg\u00e9rie","datePublished":"2025-02-26T13:58:07+00:00","dateModified":"2025-02-26T13:58:08+00:00","mainEntityOfPage":{"@id":"https:\/\/elmawkie.dz\/fr\/koudiet-draouch-le-president-de-la-republique-met-en-avant-un-projet-vital-pour-lalgerie\/"},"wordCount":335,"commentCount":0,"publisher":{"@id":"https:\/\/elmawkie.dz\/fr\/#organization"},"image":{"@id":"https:\/\/elmawkie.dz\/fr\/koudiet-draouch-le-president-de-la-republique-met-en-avant-un-projet-vital-pour-lalgerie\/#primaryimage"},"thumbnailUrl":"https:\/\/elmawkie.dz\/fr\/wp-content\/uploads\/2025\/02\/8ec632b0-6503-4897-b464-c713ba743827.jpeg","keywords":["tebboune"],"articleSection":["National"],"inLanguage":"fr-FR","potentialAction":[{"@type":"CommentAction","name":"Comment","target":["https:\/\/elmawkie.dz\/fr\/koudiet-draouch-le-president-de-la-republique-met-en-avant-un-projet-vital-pour-lalgerie\/#respond"]}]},{"@type":"WebPage","@id":"https:\/\/elmawkie.dz\/fr\/koudiet-draouch-le-president-de-la-republique-met-en-avant-un-projet-vital-pour-lalgerie\/","url":"https:\/\/elmawkie.dz\/fr\/koudiet-draouch-le-president-de-la-republique-met-en-avant-un-projet-vital-pour-lalgerie\/","name":"Koudiet Draouch : Le pr\u00e9sident de la r\u00e9publique met en avant un projet vital pour l'Alg\u00e9rie - El Mawkie","isPartOf":{"@id":"https:\/\/elmawkie.dz\/fr\/#website"},"primaryImageOfPage":{"@id":"https:\/\/elmawkie.dz\/fr\/koudiet-draouch-le-president-de-la-republique-met-en-avant-un-projet-vital-pour-lalgerie\/#primaryimage"},"image":{"@id":"https:\/\/elmawkie.dz\/fr\/koudiet-draouch-le-president-de-la-republique-met-en-avant-un-projet-vital-pour-lalgerie\/#primaryimage"},"thumbnailUrl":"https:\/\/elmawkie.dz\/fr\/wp-content\/uploads\/2025\/02\/8ec632b0-6503-4897-b464-c713ba743827.jpeg","datePublished":"2025-02-26T13:58:07+00:00","dateModified":"2025-02-26T13:58:08+00:00","breadcrumb":{"@id":"https:\/\/elmawkie.dz\/fr\/koudiet-draouch-le-president-de-la-republique-met-en-avant-un-projet-vital-pour-lalgerie\/#breadcrumb"},"inLanguage":"fr-FR","potentialAction":[{"@type":"ReadAction","target":["https:\/\/elmawkie.dz\/fr\/koudiet-draouch-le-president-de-la-republique-met-en-avant-un-projet-vital-pour-lalgerie\/"]}]},{"@type":"ImageObject","inLanguage":"fr-FR","@id":"https:\/\/elmawkie.dz\/fr\/koudiet-draouch-le-president-de-la-republique-met-en-avant-un-projet-vital-pour-lalgerie\/#primaryimage","url":"https:\/\/elmawkie.dz\/fr\/wp-content\/uploads\/2025\/02\/8ec632b0-6503-4897-b464-c713ba743827.jpeg","contentUrl":"https:\/\/elmawkie.dz\/fr\/wp-content\/uploads\/2025\/02\/8ec632b0-6503-4897-b464-c713ba743827.jpeg","width":720,"height":480},{"@type":"BreadcrumbList","@id":"https:\/\/elmawkie.dz\/fr\/koudiet-draouch-le-president-de-la-republique-met-en-avant-un-projet-vital-pour-lalgerie\/#breadcrumb","itemListElement":[{"@type":"ListItem","position":1,"name":"Home","item":"https:\/\/elmawkie.dz\/fr\/"},{"@type":"ListItem","position":2,"name":"Koudiet Draouch : Le pr\u00e9sident de la r\u00e9publique met en avant un projet vital pour l&rsquo;Alg\u00e9rie"}]},{"@type":"WebSite","@id":"https:\/\/elmawkie.dz\/fr\/#website","url":"https:\/\/elmawkie.dz\/fr\/","name":"EL MAWKIE","description":"Journal \u00c9lectronique Alg\u00e9rien","publisher":{"@id":"https:\/\/elmawkie.dz\/fr\/#organization"},"potentialAction":[{"@type":"SearchAction","target":{"@type":"EntryPoint","urlTemplate":"https:\/\/elmawkie.dz\/fr\/?s={search_term_string}"},"query-input":"required name=search_term_string"}],"inLanguage":"fr-FR"},{"@type":"Organization","@id":"https:\/\/elmawkie.dz\/fr\/#organization","name":"EL MAWKIE","url":"https:\/\/elmawkie.dz\/fr\/","logo":{"@type":"ImageObject","inLanguage":"fr-FR","@id":"https:\/\/elmawkie.dz\/fr\/#\/schema\/logo\/image\/","url":"https:\/\/elmawkie.dz\/fr\/wp-content\/uploads\/2024\/05\/logo1.png","contentUrl":"https:\/\/elmawkie.dz\/fr\/wp-content\/uploads\/2024\/05\/logo1.png","width":1648,"height":652,"caption":"EL MAWKIE"},"image":{"@id":"https:\/\/elmawkie.dz\/fr\/#\/schema\/logo\/image\/"},"sameAs":["https:\/\/www.facebook.com\/profile.php?id=100088407094989&locale=fr_FR"]},{"@type":"Person","@id":"https:\/\/elmawkie.dz\/fr\/#\/schema\/person\/15cb7eba76e08e2d2d0ad4b4c4fbb6cb","name":"khayro","image":{"@type":"ImageObject","inLanguage":"fr-FR","@id":"https:\/\/elmawkie.dz\/fr\/#\/schema\/person\/image\/","url":"https:\/\/secure.gravatar.com\/avatar\/5d609f726f02f77f0ff2a1483fc81992?s=96&d=mm&r=g","contentUrl":"https:\/\/secure.gravatar.com\/avatar\/5d609f726f02f77f0ff2a1483fc81992?s=96&d=mm&r=g","caption":"khayro"},"url":"https:\/\/elmawkie.dz\/fr\/author\/khayro\/"}]}},"_links":{"self":[{"href":"https:\/\/elmawkie.dz\/fr\/wp-json\/wp\/v2\/posts\/47799","targetHints":{"allow":["GET"]}}],"collection":[{"href":"https:\/\/elmawkie.dz\/fr\/wp-json\/wp\/v2\/posts"}],"about":[{"href":"https:\/\/elmawkie.dz\/fr\/wp-json\/wp\/v2\/types\/post"}],"author":[{"embeddable":true,"href":"https:\/\/elmawkie.dz\/fr\/wp-json\/wp\/v2\/users\/8"}],"replies":[{"embeddable":true,"href":"https:\/\/elmawkie.dz\/fr\/wp-json\/wp\/v2\/comments?post=47799"}],"version-history":[{"count":2,"href":"https:\/\/elmawkie.dz\/fr\/wp-json\/wp\/v2\/posts\/47799\/revisions"}],"predecessor-version":[{"id":47804,"href":"https:\/\/elmawkie.dz\/fr\/wp-json\/wp\/v2\/posts\/47799\/revisions\/47804"}],"wp:featuredmedia":[{"embeddable":true,"href":"https:\/\/elmawkie.dz\/fr\/wp-json\/wp\/v2\/media\/47803"}],"wp:attachment":[{"href":"https:\/\/elmawkie.dz\/fr\/wp-json\/wp\/v2\/media?parent=47799"}],"wp:term":[{"taxonomy":"category","embeddable":true,"href":"https:\/\/elmawkie.dz\/fr\/wp-json\/wp\/v2\/categories?post=47799"},{"taxonomy":"post_tag","embeddable":true,"href":"https:\/\/elmawkie.dz\/fr\/wp-json\/wp\/v2\/tags?post=47799"}],"curies":[{"name":"wp","href":"https:\/\/api.w.org\/{rel}","templated":true}]}}