{"id":47723,"date":"2025-02-24T19:06:25","date_gmt":"2025-02-24T18:06:25","guid":{"rendered":"https:\/\/elmawkie.dz\/fr\/?p=47723"},"modified":"2025-02-24T19:06:26","modified_gmt":"2025-02-24T18:06:26","slug":"ain-temouchent-mobilisation-generale-pour-retrouver-un-agent-de-la-protection-civile-porte-disparu-lors-des-inondations","status":"publish","type":"post","link":"https:\/\/elmawkie.dz\/fr\/ain-temouchent-mobilisation-generale-pour-retrouver-un-agent-de-la-protection-civile-porte-disparu-lors-des-inondations\/","title":{"rendered":"A\u00efn T\u00e9mouchent : mobilisation g\u00e9n\u00e9rale pour retrouver un agent de la Protection civile port\u00e9 disparu lors des inondations"},"content":{"rendered":"\n<p>Les op\u00e9rations de recherche se poursuivent, lundi, pour retrouver un agent de la Protection civile port\u00e9 disparu depuis dimanche suite aux inondations provoqu\u00e9es par les fortes pluies dans un oued de la commune de Sidi Ben Adda (A\u00efn T\u00e9mouchent), a-t-on appris aupr\u00e8s des services de la Protection civile de la wilaya. Les recherches ininterrompues depuis la disparition de l\u2019agent, ont \u00e9t\u00e9 renforc\u00e9es par des \u00e9quipes de soutien des services de la Protection civile des wilayas de Mascara, Sidi Bel-Abb\u00e8s, Tlemcen et Oran. Ces renforts contribuent aux op\u00e9rations de ratissage du lit de l\u2019oued traversant le tron\u00e7on de la route nationale (RN 96), situ\u00e9 dans la commune de Sidi Ben Adda, a indiqu\u00e9 le capitaine Sidi Ahmed Belhadj, charg\u00e9 de la communication \u00e0 la direction de la Protection civile d&rsquo;A\u00efn Temouchent. Le p\u00e9rim\u00e8tre de recherche a \u00e9t\u00e9 \u00e9largi aux zones avoisinantes du cours d\u2019eau, avec la participation de nombreux citoyens venus pr\u00eater main forte aux services de la Protection civile, a fait savoir la m\u00eame source. Tous les moyens humains et mat\u00e9riels n\u00e9cessaires ont \u00e9t\u00e9 mobilis\u00e9s, y compris des \u00e9quipes de plongeurs, des unit\u00e9s d\u2019intervention en milieux difficiles ainsi que des brigades cynotechniques. Au total, 346 agents ont \u00e9t\u00e9 d\u00e9ploy\u00e9s dans ces op\u00e9rations de recherche afin de retrouver leur coll\u00e8gue, qui exer\u00e7ait \u00e0 l\u2019unit\u00e9 de la Protection civile de la commune d&rsquo;A\u00efn Tolba, pr\u00e9cise-t-on de m\u00eame source.<\/p>\n","protected":false},"excerpt":{"rendered":"<p>Les op\u00e9rations de recherche se poursuivent, lundi, pour retrouver un agent de la Protection civile port\u00e9 disparu depuis dimanche suite aux inondations provoqu\u00e9es par les fortes pluies dans un oued de la commune de Sidi Ben Adda (A\u00efn T\u00e9mouchent), a-t-on appris aupr\u00e8s des services de la Protection civile de la wilaya. Les recherches ininterrompues depuis &hellip;<\/p>\n","protected":false},"author":9,"featured_media":47725,"comment_status":"open","ping_status":"open","sticky":false,"template":"","format":"standard","meta":{"footnotes":""},"categories":[51],"tags":[2758,1458,623,149],"class_list":["post-47723","post","type-post","status-publish","format-standard","has-post-thumbnail","hentry","category-societe","tag-agent","tag-ain-temouchent","tag-inondations","tag-protection-civile"],"yoast_head":"<!-- This site is optimized with the Yoast SEO Premium plugin v22.6 (Yoast SEO v22.6) - https:\/\/yoast.com\/wordpress\/plugins\/seo\/ -->\n<title>A\u00efn T\u00e9mouchent : mobilisation g\u00e9n\u00e9rale pour retrouver un agent de la Protection civile port\u00e9 disparu lors des inondations - El Mawkie<\/title>\n<meta name=\"robots\" content=\"index, follow, max-snippet:-1, max-image-preview:large, max-video-preview:-1\" \/>\n<link rel=\"canonical\" href=\"https:\/\/elmawkie.dz\/fr\/ain-temouchent-mobilisation-generale-pour-retrouver-un-agent-de-la-protection-civile-porte-disparu-lors-des-inondations\/\" \/>\n<meta property=\"og:locale\" content=\"fr_FR\" \/>\n<meta property=\"og:type\" content=\"article\" \/>\n<meta property=\"og:title\" content=\"A\u00efn T\u00e9mouchent : mobilisation g\u00e9n\u00e9rale pour retrouver un agent de la Protection civile port\u00e9 disparu lors des inondations\" \/>\n<meta property=\"og:description\" content=\"Les op\u00e9rations de recherche se poursuivent, lundi, pour retrouver un agent de la Protection civile port\u00e9 disparu depuis dimanche suite aux inondations provoqu\u00e9es par les fortes pluies dans un oued de la commune de Sidi Ben Adda (A\u00efn T\u00e9mouchent), a-t-on appris aupr\u00e8s des services de la Protection civile de la wilaya. Les recherches ininterrompues depuis &hellip;\" \/>\n<meta property=\"og:url\" content=\"https:\/\/elmawkie.dz\/fr\/ain-temouchent-mobilisation-generale-pour-retrouver-un-agent-de-la-protection-civile-porte-disparu-lors-des-inondations\/\" \/>\n<meta property=\"og:site_name\" content=\"El Mawkie\" \/>\n<meta property=\"article:publisher\" content=\"https:\/\/www.facebook.com\/profile.php?id=100088407094989&amp;locale=fr_FR\" \/>\n<meta property=\"article:published_time\" content=\"2025-02-24T18:06:25+00:00\" \/>\n<meta property=\"article:modified_time\" content=\"2025-02-24T18:06:26+00:00\" \/>\n<meta property=\"og:image\" content=\"https:\/\/elmawkie.dz\/fr\/wp-content\/uploads\/2025\/02\/IMG_0257.jpeg\" \/>\n\t<meta property=\"og:image:width\" content=\"2048\" \/>\n\t<meta property=\"og:image:height\" content=\"1365\" \/>\n\t<meta property=\"og:image:type\" content=\"image\/jpeg\" \/>\n<meta name=\"author\" content=\"R\u00e9daction\" \/>\n<meta name=\"twitter:card\" content=\"summary_large_image\" \/>\n<meta name=\"twitter:label1\" content=\"Written by\" \/>\n\t<meta name=\"twitter:data1\" content=\"R\u00e9daction\" \/>\n\t<meta name=\"twitter:label2\" content=\"Est. reading time\" \/>\n\t<meta name=\"twitter:data2\" content=\"2 minutes\" \/>\n<script type=\"application\/ld+json\" class=\"yoast-schema-graph\">{\"@context\":\"https:\/\/schema.org\",\"@graph\":[{\"@type\":\"Article\",\"@id\":\"https:\/\/elmawkie.dz\/fr\/ain-temouchent-mobilisation-generale-pour-retrouver-un-agent-de-la-protection-civile-porte-disparu-lors-des-inondations\/#article\",\"isPartOf\":{\"@id\":\"https:\/\/elmawkie.dz\/fr\/ain-temouchent-mobilisation-generale-pour-retrouver-un-agent-de-la-protection-civile-porte-disparu-lors-des-inondations\/\"},\"author\":{\"name\":\"R\u00e9daction\",\"@id\":\"https:\/\/elmawkie.dz\/fr\/#\/schema\/person\/e7bd59d6467874ba5c4723d8a9f0a63c\"},\"headline\":\"A\u00efn T\u00e9mouchent : mobilisation g\u00e9n\u00e9rale pour retrouver un agent de la Protection civile port\u00e9 disparu lors des inondations\",\"datePublished\":\"2025-02-24T18:06:25+00:00\",\"dateModified\":\"2025-02-24T18:06:26+00:00\",\"mainEntityOfPage\":{\"@id\":\"https:\/\/elmawkie.dz\/fr\/ain-temouchent-mobilisation-generale-pour-retrouver-un-agent-de-la-protection-civile-porte-disparu-lors-des-inondations\/\"},\"wordCount\":276,\"commentCount\":0,\"publisher\":{\"@id\":\"https:\/\/elmawkie.dz\/fr\/#organization\"},\"image\":{\"@id\":\"https:\/\/elmawkie.dz\/fr\/ain-temouchent-mobilisation-generale-pour-retrouver-un-agent-de-la-protection-civile-porte-disparu-lors-des-inondations\/#primaryimage\"},\"thumbnailUrl\":\"https:\/\/elmawkie.dz\/fr\/wp-content\/uploads\/2025\/02\/IMG_0257.jpeg\",\"keywords\":[\"Agent\",\"A\u00efn T\u00e9mouchent\",\"inondations\",\"Protection civile\"],\"articleSection\":[\"Soci\u00e9t\u00e9\"],\"inLanguage\":\"fr-FR\",\"potentialAction\":[{\"@type\":\"CommentAction\",\"name\":\"Comment\",\"target\":[\"https:\/\/elmawkie.dz\/fr\/ain-temouchent-mobilisation-generale-pour-retrouver-un-agent-de-la-protection-civile-porte-disparu-lors-des-inondations\/#respond\"]}]},{\"@type\":\"WebPage\",\"@id\":\"https:\/\/elmawkie.dz\/fr\/ain-temouchent-mobilisation-generale-pour-retrouver-un-agent-de-la-protection-civile-porte-disparu-lors-des-inondations\/\",\"url\":\"https:\/\/elmawkie.dz\/fr\/ain-temouchent-mobilisation-generale-pour-retrouver-un-agent-de-la-protection-civile-porte-disparu-lors-des-inondations\/\",\"name\":\"A\u00efn T\u00e9mouchent : mobilisation g\u00e9n\u00e9rale pour retrouver un agent de la Protection civile port\u00e9 disparu lors des inondations - El Mawkie\",\"isPartOf\":{\"@id\":\"https:\/\/elmawkie.dz\/fr\/#website\"},\"primaryImageOfPage\":{\"@id\":\"https:\/\/elmawkie.dz\/fr\/ain-temouchent-mobilisation-generale-pour-retrouver-un-agent-de-la-protection-civile-porte-disparu-lors-des-inondations\/#primaryimage\"},\"image\":{\"@id\":\"https:\/\/elmawkie.dz\/fr\/ain-temouchent-mobilisation-generale-pour-retrouver-un-agent-de-la-protection-civile-porte-disparu-lors-des-inondations\/#primaryimage\"},\"thumbnailUrl\":\"https:\/\/elmawkie.dz\/fr\/wp-content\/uploads\/2025\/02\/IMG_0257.jpeg\",\"datePublished\":\"2025-02-24T18:06:25+00:00\",\"dateModified\":\"2025-02-24T18:06:26+00:00\",\"breadcrumb\":{\"@id\":\"https:\/\/elmawkie.dz\/fr\/ain-temouchent-mobilisation-generale-pour-retrouver-un-agent-de-la-protection-civile-porte-disparu-lors-des-inondations\/#breadcrumb\"},\"inLanguage\":\"fr-FR\",\"potentialAction\":[{\"@type\":\"ReadAction\",\"target\":[\"https:\/\/elmawkie.dz\/fr\/ain-temouchent-mobilisation-generale-pour-retrouver-un-agent-de-la-protection-civile-porte-disparu-lors-des-inondations\/\"]}]},{\"@type\":\"ImageObject\",\"inLanguage\":\"fr-FR\",\"@id\":\"https:\/\/elmawkie.dz\/fr\/ain-temouchent-mobilisation-generale-pour-retrouver-un-agent-de-la-protection-civile-porte-disparu-lors-des-inondations\/#primaryimage\",\"url\":\"https:\/\/elmawkie.dz\/fr\/wp-content\/uploads\/2025\/02\/IMG_0257.jpeg\",\"contentUrl\":\"https:\/\/elmawkie.dz\/fr\/wp-content\/uploads\/2025\/02\/IMG_0257.jpeg\",\"width\":2048,\"height\":1365},{\"@type\":\"BreadcrumbList\",\"@id\":\"https:\/\/elmawkie.dz\/fr\/ain-temouchent-mobilisation-generale-pour-retrouver-un-agent-de-la-protection-civile-porte-disparu-lors-des-inondations\/#breadcrumb\",\"itemListElement\":[{\"@type\":\"ListItem\",\"position\":1,\"name\":\"Home\",\"item\":\"https:\/\/elmawkie.dz\/fr\/\"},{\"@type\":\"ListItem\",\"position\":2,\"name\":\"A\u00efn T\u00e9mouchent : mobilisation g\u00e9n\u00e9rale pour retrouver un agent de la Protection civile port\u00e9 disparu lors des inondations\"}]},{\"@type\":\"WebSite\",\"@id\":\"https:\/\/elmawkie.dz\/fr\/#website\",\"url\":\"https:\/\/elmawkie.dz\/fr\/\",\"name\":\"EL MAWKIE\",\"description\":\"Journal \u00c9lectronique Alg\u00e9rien\",\"publisher\":{\"@id\":\"https:\/\/elmawkie.dz\/fr\/#organization\"},\"potentialAction\":[{\"@type\":\"SearchAction\",\"target\":{\"@type\":\"EntryPoint\",\"urlTemplate\":\"https:\/\/elmawkie.dz\/fr\/?s={search_term_string}\"},\"query-input\":\"required name=search_term_string\"}],\"inLanguage\":\"fr-FR\"},{\"@type\":\"Organization\",\"@id\":\"https:\/\/elmawkie.dz\/fr\/#organization\",\"name\":\"EL MAWKIE\",\"url\":\"https:\/\/elmawkie.dz\/fr\/\",\"logo\":{\"@type\":\"ImageObject\",\"inLanguage\":\"fr-FR\",\"@id\":\"https:\/\/elmawkie.dz\/fr\/#\/schema\/logo\/image\/\",\"url\":\"https:\/\/elmawkie.dz\/fr\/wp-content\/uploads\/2024\/05\/logo1.png\",\"contentUrl\":\"https:\/\/elmawkie.dz\/fr\/wp-content\/uploads\/2024\/05\/logo1.png\",\"width\":1648,\"height\":652,\"caption\":\"EL MAWKIE\"},\"image\":{\"@id\":\"https:\/\/elmawkie.dz\/fr\/#\/schema\/logo\/image\/\"},\"sameAs\":[\"https:\/\/www.facebook.com\/profile.php?id=100088407094989&locale=fr_FR\"]},{\"@type\":\"Person\",\"@id\":\"https:\/\/elmawkie.dz\/fr\/#\/schema\/person\/e7bd59d6467874ba5c4723d8a9f0a63c\",\"name\":\"R\u00e9daction\",\"image\":{\"@type\":\"ImageObject\",\"inLanguage\":\"fr-FR\",\"@id\":\"https:\/\/elmawkie.dz\/fr\/#\/schema\/person\/image\/\",\"url\":\"https:\/\/secure.gravatar.com\/avatar\/f0f773456344da4d2788c054a3d30a0c?s=96&d=mm&r=g\",\"contentUrl\":\"https:\/\/secure.gravatar.com\/avatar\/f0f773456344da4d2788c054a3d30a0c?s=96&d=mm&r=g\",\"caption\":\"R\u00e9daction\"},\"url\":\"https:\/\/elmawkie.dz\/fr\/author\/redaction\/\"}]}<\/script>\n<!-- \/ Yoast SEO Premium plugin. -->","yoast_head_json":{"title":"A\u00efn T\u00e9mouchent : mobilisation g\u00e9n\u00e9rale pour retrouver un agent de la Protection civile port\u00e9 disparu lors des inondations - El Mawkie","robots":{"index":"index","follow":"follow","max-snippet":"max-snippet:-1","max-image-preview":"max-image-preview:large","max-video-preview":"max-video-preview:-1"},"canonical":"https:\/\/elmawkie.dz\/fr\/ain-temouchent-mobilisation-generale-pour-retrouver-un-agent-de-la-protection-civile-porte-disparu-lors-des-inondations\/","og_locale":"fr_FR","og_type":"article","og_title":"A\u00efn T\u00e9mouchent : mobilisation g\u00e9n\u00e9rale pour retrouver un agent de la Protection civile port\u00e9 disparu lors des inondations","og_description":"Les op\u00e9rations de recherche se poursuivent, lundi, pour retrouver un agent de la Protection civile port\u00e9 disparu depuis dimanche suite aux inondations provoqu\u00e9es par les fortes pluies dans un oued de la commune de Sidi Ben Adda (A\u00efn T\u00e9mouchent), a-t-on appris aupr\u00e8s des services de la Protection civile de la wilaya. Les recherches ininterrompues depuis &hellip;","og_url":"https:\/\/elmawkie.dz\/fr\/ain-temouchent-mobilisation-generale-pour-retrouver-un-agent-de-la-protection-civile-porte-disparu-lors-des-inondations\/","og_site_name":"El Mawkie","article_publisher":"https:\/\/www.facebook.com\/profile.php?id=100088407094989&locale=fr_FR","article_published_time":"2025-02-24T18:06:25+00:00","article_modified_time":"2025-02-24T18:06:26+00:00","og_image":[{"width":2048,"height":1365,"url":"https:\/\/elmawkie.dz\/fr\/wp-content\/uploads\/2025\/02\/IMG_0257.jpeg","type":"image\/jpeg"}],"author":"R\u00e9daction","twitter_card":"summary_large_image","twitter_misc":{"Written by":"R\u00e9daction","Est. reading time":"2 minutes"},"schema":{"@context":"https:\/\/schema.org","@graph":[{"@type":"Article","@id":"https:\/\/elmawkie.dz\/fr\/ain-temouchent-mobilisation-generale-pour-retrouver-un-agent-de-la-protection-civile-porte-disparu-lors-des-inondations\/#article","isPartOf":{"@id":"https:\/\/elmawkie.dz\/fr\/ain-temouchent-mobilisation-generale-pour-retrouver-un-agent-de-la-protection-civile-porte-disparu-lors-des-inondations\/"},"author":{"name":"R\u00e9daction","@id":"https:\/\/elmawkie.dz\/fr\/#\/schema\/person\/e7bd59d6467874ba5c4723d8a9f0a63c"},"headline":"A\u00efn T\u00e9mouchent : mobilisation g\u00e9n\u00e9rale pour retrouver un agent de la Protection civile port\u00e9 disparu lors des inondations","datePublished":"2025-02-24T18:06:25+00:00","dateModified":"2025-02-24T18:06:26+00:00","mainEntityOfPage":{"@id":"https:\/\/elmawkie.dz\/fr\/ain-temouchent-mobilisation-generale-pour-retrouver-un-agent-de-la-protection-civile-porte-disparu-lors-des-inondations\/"},"wordCount":276,"commentCount":0,"publisher":{"@id":"https:\/\/elmawkie.dz\/fr\/#organization"},"image":{"@id":"https:\/\/elmawkie.dz\/fr\/ain-temouchent-mobilisation-generale-pour-retrouver-un-agent-de-la-protection-civile-porte-disparu-lors-des-inondations\/#primaryimage"},"thumbnailUrl":"https:\/\/elmawkie.dz\/fr\/wp-content\/uploads\/2025\/02\/IMG_0257.jpeg","keywords":["Agent","A\u00efn T\u00e9mouchent","inondations","Protection civile"],"articleSection":["Soci\u00e9t\u00e9"],"inLanguage":"fr-FR","potentialAction":[{"@type":"CommentAction","name":"Comment","target":["https:\/\/elmawkie.dz\/fr\/ain-temouchent-mobilisation-generale-pour-retrouver-un-agent-de-la-protection-civile-porte-disparu-lors-des-inondations\/#respond"]}]},{"@type":"WebPage","@id":"https:\/\/elmawkie.dz\/fr\/ain-temouchent-mobilisation-generale-pour-retrouver-un-agent-de-la-protection-civile-porte-disparu-lors-des-inondations\/","url":"https:\/\/elmawkie.dz\/fr\/ain-temouchent-mobilisation-generale-pour-retrouver-un-agent-de-la-protection-civile-porte-disparu-lors-des-inondations\/","name":"A\u00efn T\u00e9mouchent : mobilisation g\u00e9n\u00e9rale pour retrouver un agent de la Protection civile port\u00e9 disparu lors des inondations - El Mawkie","isPartOf":{"@id":"https:\/\/elmawkie.dz\/fr\/#website"},"primaryImageOfPage":{"@id":"https:\/\/elmawkie.dz\/fr\/ain-temouchent-mobilisation-generale-pour-retrouver-un-agent-de-la-protection-civile-porte-disparu-lors-des-inondations\/#primaryimage"},"image":{"@id":"https:\/\/elmawkie.dz\/fr\/ain-temouchent-mobilisation-generale-pour-retrouver-un-agent-de-la-protection-civile-porte-disparu-lors-des-inondations\/#primaryimage"},"thumbnailUrl":"https:\/\/elmawkie.dz\/fr\/wp-content\/uploads\/2025\/02\/IMG_0257.jpeg","datePublished":"2025-02-24T18:06:25+00:00","dateModified":"2025-02-24T18:06:26+00:00","breadcrumb":{"@id":"https:\/\/elmawkie.dz\/fr\/ain-temouchent-mobilisation-generale-pour-retrouver-un-agent-de-la-protection-civile-porte-disparu-lors-des-inondations\/#breadcrumb"},"inLanguage":"fr-FR","potentialAction":[{"@type":"ReadAction","target":["https:\/\/elmawkie.dz\/fr\/ain-temouchent-mobilisation-generale-pour-retrouver-un-agent-de-la-protection-civile-porte-disparu-lors-des-inondations\/"]}]},{"@type":"ImageObject","inLanguage":"fr-FR","@id":"https:\/\/elmawkie.dz\/fr\/ain-temouchent-mobilisation-generale-pour-retrouver-un-agent-de-la-protection-civile-porte-disparu-lors-des-inondations\/#primaryimage","url":"https:\/\/elmawkie.dz\/fr\/wp-content\/uploads\/2025\/02\/IMG_0257.jpeg","contentUrl":"https:\/\/elmawkie.dz\/fr\/wp-content\/uploads\/2025\/02\/IMG_0257.jpeg","width":2048,"height":1365},{"@type":"BreadcrumbList","@id":"https:\/\/elmawkie.dz\/fr\/ain-temouchent-mobilisation-generale-pour-retrouver-un-agent-de-la-protection-civile-porte-disparu-lors-des-inondations\/#breadcrumb","itemListElement":[{"@type":"ListItem","position":1,"name":"Home","item":"https:\/\/elmawkie.dz\/fr\/"},{"@type":"ListItem","position":2,"name":"A\u00efn T\u00e9mouchent : mobilisation g\u00e9n\u00e9rale pour retrouver un agent de la Protection civile port\u00e9 disparu lors des inondations"}]},{"@type":"WebSite","@id":"https:\/\/elmawkie.dz\/fr\/#website","url":"https:\/\/elmawkie.dz\/fr\/","name":"EL MAWKIE","description":"Journal \u00c9lectronique Alg\u00e9rien","publisher":{"@id":"https:\/\/elmawkie.dz\/fr\/#organization"},"potentialAction":[{"@type":"SearchAction","target":{"@type":"EntryPoint","urlTemplate":"https:\/\/elmawkie.dz\/fr\/?s={search_term_string}"},"query-input":"required name=search_term_string"}],"inLanguage":"fr-FR"},{"@type":"Organization","@id":"https:\/\/elmawkie.dz\/fr\/#organization","name":"EL MAWKIE","url":"https:\/\/elmawkie.dz\/fr\/","logo":{"@type":"ImageObject","inLanguage":"fr-FR","@id":"https:\/\/elmawkie.dz\/fr\/#\/schema\/logo\/image\/","url":"https:\/\/elmawkie.dz\/fr\/wp-content\/uploads\/2024\/05\/logo1.png","contentUrl":"https:\/\/elmawkie.dz\/fr\/wp-content\/uploads\/2024\/05\/logo1.png","width":1648,"height":652,"caption":"EL MAWKIE"},"image":{"@id":"https:\/\/elmawkie.dz\/fr\/#\/schema\/logo\/image\/"},"sameAs":["https:\/\/www.facebook.com\/profile.php?id=100088407094989&locale=fr_FR"]},{"@type":"Person","@id":"https:\/\/elmawkie.dz\/fr\/#\/schema\/person\/e7bd59d6467874ba5c4723d8a9f0a63c","name":"R\u00e9daction","image":{"@type":"ImageObject","inLanguage":"fr-FR","@id":"https:\/\/elmawkie.dz\/fr\/#\/schema\/person\/image\/","url":"https:\/\/secure.gravatar.com\/avatar\/f0f773456344da4d2788c054a3d30a0c?s=96&d=mm&r=g","contentUrl":"https:\/\/secure.gravatar.com\/avatar\/f0f773456344da4d2788c054a3d30a0c?s=96&d=mm&r=g","caption":"R\u00e9daction"},"url":"https:\/\/elmawkie.dz\/fr\/author\/redaction\/"}]}},"_links":{"self":[{"href":"https:\/\/elmawkie.dz\/fr\/wp-json\/wp\/v2\/posts\/47723","targetHints":{"allow":["GET"]}}],"collection":[{"href":"https:\/\/elmawkie.dz\/fr\/wp-json\/wp\/v2\/posts"}],"about":[{"href":"https:\/\/elmawkie.dz\/fr\/wp-json\/wp\/v2\/types\/post"}],"author":[{"embeddable":true,"href":"https:\/\/elmawkie.dz\/fr\/wp-json\/wp\/v2\/users\/9"}],"replies":[{"embeddable":true,"href":"https:\/\/elmawkie.dz\/fr\/wp-json\/wp\/v2\/comments?post=47723"}],"version-history":[{"count":1,"href":"https:\/\/elmawkie.dz\/fr\/wp-json\/wp\/v2\/posts\/47723\/revisions"}],"predecessor-version":[{"id":47726,"href":"https:\/\/elmawkie.dz\/fr\/wp-json\/wp\/v2\/posts\/47723\/revisions\/47726"}],"wp:featuredmedia":[{"embeddable":true,"href":"https:\/\/elmawkie.dz\/fr\/wp-json\/wp\/v2\/media\/47725"}],"wp:attachment":[{"href":"https:\/\/elmawkie.dz\/fr\/wp-json\/wp\/v2\/media?parent=47723"}],"wp:term":[{"taxonomy":"category","embeddable":true,"href":"https:\/\/elmawkie.dz\/fr\/wp-json\/wp\/v2\/categories?post=47723"},{"taxonomy":"post_tag","embeddable":true,"href":"https:\/\/elmawkie.dz\/fr\/wp-json\/wp\/v2\/tags?post=47723"}],"curies":[{"name":"wp","href":"https:\/\/api.w.org\/{rel}","templated":true}]}}