{"id":47719,"date":"2025-02-24T18:59:38","date_gmt":"2025-02-24T17:59:38","guid":{"rendered":"https:\/\/elmawkie.dz\/fr\/?p=47719"},"modified":"2025-02-24T18:59:39","modified_gmt":"2025-02-24T17:59:39","slug":"la-nationalisation-des-hydrocarbures-participait-de-lesprit-demancipation-et-incarnait-la-totale-independance-nationale","status":"publish","type":"post","link":"https:\/\/elmawkie.dz\/fr\/la-nationalisation-des-hydrocarbures-participait-de-lesprit-demancipation-et-incarnait-la-totale-independance-nationale\/","title":{"rendered":"La nationalisation des hydrocarbures participait de l&rsquo;esprit d&rsquo;\u00e9mancipation et incarnait la totale ind\u00e9pendance nationale"},"content":{"rendered":"\n<p>Le pr\u00e9sident de la R\u00e9publique, M. Abdelmadjid Tebboune, a affirm\u00e9, lundi dans une allocution \u00e0 l&rsquo;occasion de la c\u00e9l\u00e9bration du 69e anniversaire de la cr\u00e9ation de l&rsquo;Union g\u00e9n\u00e9rale des travailleurs alg\u00e9riens (UGTA) et du 54e anniversaire de la nationalisation des hydrocarbures, que la d\u00e9cision nationale historique prise par le pays, sous la conduite du d\u00e9funt pr\u00e9sident Houari Boumedi\u00e8ne, en ce jour de l&rsquo;an 1971, portant nationalisation des hydrocarbures, participait de l&rsquo;esprit d&rsquo;\u00e9mancipation et incarnait la totale ind\u00e9pendance nationale. Dans son allocution lue en son nom par le Premier ministre, M. Nadir Larbaoui, lors de la c\u00e9r\u00e9monie de c\u00e9l\u00e9bration de ce double anniversaire, organis\u00e9e \u00e0 Hassi Messaoud (Ouargla), le pr\u00e9sident de la R\u00e9publique a assur\u00e9 que cette d\u00e9cision traduisait \u00ab\u00a0la volont\u00e9 sinc\u00e8re, le nationalisme et la fid\u00e9lit\u00e9 au message de Novembre et aux glorieux chouhada\u00a0\u00bb, affirmant que cet esprit nous rappellera, \u00e0 jamais, les hauts faits de ce leader national loyal, soucieux du caract\u00e8re social de l&rsquo;Etat, des richesses de l&rsquo;Alg\u00e9rie et de sa souverainet\u00e9 sur ses ressources. Le pr\u00e9sident de la R\u00e9publique a, \u00e0 cet \u00e9gard, rappel\u00e9 le haut sens du patriotisme des ing\u00e9nieurs et techniciens qui, par amour de l&rsquo;Alg\u00e9rie, ont relev\u00e9 le d\u00e9fi au lendemain de l&rsquo;ind\u00e9pendance, d\u00e9jouant les pronostiques sur un \u00e9ventuel arr\u00eat de la production et de la commercialisation de nos ressources \u00e9nerg\u00e9tiques. Il s&rsquo;est dit, \u00e0 cette occasion, reconnaissant pour les efforts inlassables des travailleurs du secteur des hydrocarbures, afin d&rsquo;assurer la s\u00e9curit\u00e9 \u00e9nerg\u00e9tique du pays, ajoutant que la d\u00e9cision de nationalisation des hydrocarbures \u00e9tait un d\u00e9fi audacieux pour consacrer l&rsquo;ind\u00e9pendance \u00e9conomique et recouvrer la souverainet\u00e9 sur les richesses et les ressources naturelles du pays. Rappelant \u00e0 cette occasion les sacrifices de cette g\u00e9n\u00e9ration de pionniers ayant conduit le mouvement de ralliement des travailleurs \u00e0 la R\u00e9volution de lib\u00e9ration b\u00e9nie, le pr\u00e9sident de la R\u00e9publique a rendu un vibrant hommage au chahid embl\u00e9matique A\u00efssat Idir et au brave syndicaliste et martyr du devoir national Abdelhak Benhamouda, ainsi qu&rsquo;\u00e0 tous leurs compagnons syndicalistes tomb\u00e9s en martyrs.<\/p>\n","protected":false},"excerpt":{"rendered":"<p>Le pr\u00e9sident de la R\u00e9publique, M. Abdelmadjid Tebboune, a affirm\u00e9, lundi dans une allocution \u00e0 l&rsquo;occasion de la c\u00e9l\u00e9bration du 69e anniversaire de la cr\u00e9ation de l&rsquo;Union g\u00e9n\u00e9rale des travailleurs alg\u00e9riens (UGTA) et du 54e anniversaire de la nationalisation des hydrocarbures, que la d\u00e9cision nationale historique prise par le pays, sous la conduite du d\u00e9funt &hellip;<\/p>\n","protected":false},"author":9,"featured_media":47721,"comment_status":"open","ping_status":"open","sticky":false,"template":"","format":"standard","meta":{"footnotes":""},"categories":[47],"tags":[213,2755,2756,596],"class_list":["post-47719","post","type-post","status-publish","format-standard","has-post-thumbnail","hentry","category-national","tag-abdelmadjid-tebboune","tag-des-hydrocarbures","tag-independance-nationale","tag-le-president-de-la-republique"],"yoast_head":"<!-- This site is optimized with the Yoast SEO Premium plugin v22.6 (Yoast SEO v22.6) - https:\/\/yoast.com\/wordpress\/plugins\/seo\/ -->\n<title>La nationalisation des hydrocarbures participait de l&#039;esprit d&#039;\u00e9mancipation et incarnait la totale ind\u00e9pendance nationale - El Mawkie<\/title>\n<meta name=\"robots\" content=\"index, follow, max-snippet:-1, max-image-preview:large, max-video-preview:-1\" \/>\n<link rel=\"canonical\" href=\"https:\/\/elmawkie.dz\/fr\/la-nationalisation-des-hydrocarbures-participait-de-lesprit-demancipation-et-incarnait-la-totale-independance-nationale\/\" \/>\n<meta property=\"og:locale\" content=\"fr_FR\" \/>\n<meta property=\"og:type\" content=\"article\" \/>\n<meta property=\"og:title\" content=\"La nationalisation des hydrocarbures participait de l&#039;esprit d&#039;\u00e9mancipation et incarnait la totale ind\u00e9pendance nationale\" \/>\n<meta property=\"og:description\" content=\"Le pr\u00e9sident de la R\u00e9publique, M. Abdelmadjid Tebboune, a affirm\u00e9, lundi dans une allocution \u00e0 l&rsquo;occasion de la c\u00e9l\u00e9bration du 69e anniversaire de la cr\u00e9ation de l&rsquo;Union g\u00e9n\u00e9rale des travailleurs alg\u00e9riens (UGTA) et du 54e anniversaire de la nationalisation des hydrocarbures, que la d\u00e9cision nationale historique prise par le pays, sous la conduite du d\u00e9funt &hellip;\" \/>\n<meta property=\"og:url\" content=\"https:\/\/elmawkie.dz\/fr\/la-nationalisation-des-hydrocarbures-participait-de-lesprit-demancipation-et-incarnait-la-totale-independance-nationale\/\" \/>\n<meta property=\"og:site_name\" content=\"El Mawkie\" \/>\n<meta property=\"article:publisher\" content=\"https:\/\/www.facebook.com\/profile.php?id=100088407094989&amp;locale=fr_FR\" \/>\n<meta property=\"article:published_time\" content=\"2025-02-24T17:59:38+00:00\" \/>\n<meta property=\"article:modified_time\" content=\"2025-02-24T17:59:39+00:00\" \/>\n<meta property=\"og:image\" content=\"https:\/\/elmawkie.dz\/fr\/wp-content\/uploads\/2025\/02\/IMG_0256.jpeg\" \/>\n\t<meta property=\"og:image:width\" content=\"678\" \/>\n\t<meta property=\"og:image:height\" content=\"452\" \/>\n\t<meta property=\"og:image:type\" content=\"image\/jpeg\" \/>\n<meta name=\"author\" content=\"R\u00e9daction\" \/>\n<meta name=\"twitter:card\" content=\"summary_large_image\" \/>\n<meta name=\"twitter:label1\" content=\"Written by\" \/>\n\t<meta name=\"twitter:data1\" content=\"R\u00e9daction\" \/>\n\t<meta name=\"twitter:label2\" content=\"Est. reading time\" \/>\n\t<meta name=\"twitter:data2\" content=\"2 minutes\" \/>\n<script type=\"application\/ld+json\" class=\"yoast-schema-graph\">{\"@context\":\"https:\/\/schema.org\",\"@graph\":[{\"@type\":\"Article\",\"@id\":\"https:\/\/elmawkie.dz\/fr\/la-nationalisation-des-hydrocarbures-participait-de-lesprit-demancipation-et-incarnait-la-totale-independance-nationale\/#article\",\"isPartOf\":{\"@id\":\"https:\/\/elmawkie.dz\/fr\/la-nationalisation-des-hydrocarbures-participait-de-lesprit-demancipation-et-incarnait-la-totale-independance-nationale\/\"},\"author\":{\"name\":\"R\u00e9daction\",\"@id\":\"https:\/\/elmawkie.dz\/fr\/#\/schema\/person\/e7bd59d6467874ba5c4723d8a9f0a63c\"},\"headline\":\"La nationalisation des hydrocarbures participait de l&rsquo;esprit d&rsquo;\u00e9mancipation et incarnait la totale ind\u00e9pendance nationale\",\"datePublished\":\"2025-02-24T17:59:38+00:00\",\"dateModified\":\"2025-02-24T17:59:39+00:00\",\"mainEntityOfPage\":{\"@id\":\"https:\/\/elmawkie.dz\/fr\/la-nationalisation-des-hydrocarbures-participait-de-lesprit-demancipation-et-incarnait-la-totale-independance-nationale\/\"},\"wordCount\":400,\"commentCount\":0,\"publisher\":{\"@id\":\"https:\/\/elmawkie.dz\/fr\/#organization\"},\"image\":{\"@id\":\"https:\/\/elmawkie.dz\/fr\/la-nationalisation-des-hydrocarbures-participait-de-lesprit-demancipation-et-incarnait-la-totale-independance-nationale\/#primaryimage\"},\"thumbnailUrl\":\"https:\/\/elmawkie.dz\/fr\/wp-content\/uploads\/2025\/02\/IMG_0256.jpeg\",\"keywords\":[\"Abdelmadjid Tebboune\",\"des hydrocarbures\",\"ind\u00e9pendance nationale\",\"le pr\u00e9sident de la R\u00e9publique\"],\"articleSection\":[\"National\"],\"inLanguage\":\"fr-FR\",\"potentialAction\":[{\"@type\":\"CommentAction\",\"name\":\"Comment\",\"target\":[\"https:\/\/elmawkie.dz\/fr\/la-nationalisation-des-hydrocarbures-participait-de-lesprit-demancipation-et-incarnait-la-totale-independance-nationale\/#respond\"]}]},{\"@type\":\"WebPage\",\"@id\":\"https:\/\/elmawkie.dz\/fr\/la-nationalisation-des-hydrocarbures-participait-de-lesprit-demancipation-et-incarnait-la-totale-independance-nationale\/\",\"url\":\"https:\/\/elmawkie.dz\/fr\/la-nationalisation-des-hydrocarbures-participait-de-lesprit-demancipation-et-incarnait-la-totale-independance-nationale\/\",\"name\":\"La nationalisation des hydrocarbures participait de l'esprit d'\u00e9mancipation et incarnait la totale ind\u00e9pendance nationale - El Mawkie\",\"isPartOf\":{\"@id\":\"https:\/\/elmawkie.dz\/fr\/#website\"},\"primaryImageOfPage\":{\"@id\":\"https:\/\/elmawkie.dz\/fr\/la-nationalisation-des-hydrocarbures-participait-de-lesprit-demancipation-et-incarnait-la-totale-independance-nationale\/#primaryimage\"},\"image\":{\"@id\":\"https:\/\/elmawkie.dz\/fr\/la-nationalisation-des-hydrocarbures-participait-de-lesprit-demancipation-et-incarnait-la-totale-independance-nationale\/#primaryimage\"},\"thumbnailUrl\":\"https:\/\/elmawkie.dz\/fr\/wp-content\/uploads\/2025\/02\/IMG_0256.jpeg\",\"datePublished\":\"2025-02-24T17:59:38+00:00\",\"dateModified\":\"2025-02-24T17:59:39+00:00\",\"breadcrumb\":{\"@id\":\"https:\/\/elmawkie.dz\/fr\/la-nationalisation-des-hydrocarbures-participait-de-lesprit-demancipation-et-incarnait-la-totale-independance-nationale\/#breadcrumb\"},\"inLanguage\":\"fr-FR\",\"potentialAction\":[{\"@type\":\"ReadAction\",\"target\":[\"https:\/\/elmawkie.dz\/fr\/la-nationalisation-des-hydrocarbures-participait-de-lesprit-demancipation-et-incarnait-la-totale-independance-nationale\/\"]}]},{\"@type\":\"ImageObject\",\"inLanguage\":\"fr-FR\",\"@id\":\"https:\/\/elmawkie.dz\/fr\/la-nationalisation-des-hydrocarbures-participait-de-lesprit-demancipation-et-incarnait-la-totale-independance-nationale\/#primaryimage\",\"url\":\"https:\/\/elmawkie.dz\/fr\/wp-content\/uploads\/2025\/02\/IMG_0256.jpeg\",\"contentUrl\":\"https:\/\/elmawkie.dz\/fr\/wp-content\/uploads\/2025\/02\/IMG_0256.jpeg\",\"width\":678,\"height\":452},{\"@type\":\"BreadcrumbList\",\"@id\":\"https:\/\/elmawkie.dz\/fr\/la-nationalisation-des-hydrocarbures-participait-de-lesprit-demancipation-et-incarnait-la-totale-independance-nationale\/#breadcrumb\",\"itemListElement\":[{\"@type\":\"ListItem\",\"position\":1,\"name\":\"Home\",\"item\":\"https:\/\/elmawkie.dz\/fr\/\"},{\"@type\":\"ListItem\",\"position\":2,\"name\":\"La nationalisation des hydrocarbures participait de l&rsquo;esprit d&rsquo;\u00e9mancipation et incarnait la totale ind\u00e9pendance nationale\"}]},{\"@type\":\"WebSite\",\"@id\":\"https:\/\/elmawkie.dz\/fr\/#website\",\"url\":\"https:\/\/elmawkie.dz\/fr\/\",\"name\":\"EL MAWKIE\",\"description\":\"Journal \u00c9lectronique Alg\u00e9rien\",\"publisher\":{\"@id\":\"https:\/\/elmawkie.dz\/fr\/#organization\"},\"potentialAction\":[{\"@type\":\"SearchAction\",\"target\":{\"@type\":\"EntryPoint\",\"urlTemplate\":\"https:\/\/elmawkie.dz\/fr\/?s={search_term_string}\"},\"query-input\":\"required name=search_term_string\"}],\"inLanguage\":\"fr-FR\"},{\"@type\":\"Organization\",\"@id\":\"https:\/\/elmawkie.dz\/fr\/#organization\",\"name\":\"EL MAWKIE\",\"url\":\"https:\/\/elmawkie.dz\/fr\/\",\"logo\":{\"@type\":\"ImageObject\",\"inLanguage\":\"fr-FR\",\"@id\":\"https:\/\/elmawkie.dz\/fr\/#\/schema\/logo\/image\/\",\"url\":\"https:\/\/elmawkie.dz\/fr\/wp-content\/uploads\/2024\/05\/logo1.png\",\"contentUrl\":\"https:\/\/elmawkie.dz\/fr\/wp-content\/uploads\/2024\/05\/logo1.png\",\"width\":1648,\"height\":652,\"caption\":\"EL MAWKIE\"},\"image\":{\"@id\":\"https:\/\/elmawkie.dz\/fr\/#\/schema\/logo\/image\/\"},\"sameAs\":[\"https:\/\/www.facebook.com\/profile.php?id=100088407094989&locale=fr_FR\"]},{\"@type\":\"Person\",\"@id\":\"https:\/\/elmawkie.dz\/fr\/#\/schema\/person\/e7bd59d6467874ba5c4723d8a9f0a63c\",\"name\":\"R\u00e9daction\",\"image\":{\"@type\":\"ImageObject\",\"inLanguage\":\"fr-FR\",\"@id\":\"https:\/\/elmawkie.dz\/fr\/#\/schema\/person\/image\/\",\"url\":\"https:\/\/secure.gravatar.com\/avatar\/f0f773456344da4d2788c054a3d30a0c?s=96&d=mm&r=g\",\"contentUrl\":\"https:\/\/secure.gravatar.com\/avatar\/f0f773456344da4d2788c054a3d30a0c?s=96&d=mm&r=g\",\"caption\":\"R\u00e9daction\"},\"url\":\"https:\/\/elmawkie.dz\/fr\/author\/redaction\/\"}]}<\/script>\n<!-- \/ Yoast SEO Premium plugin. -->","yoast_head_json":{"title":"La nationalisation des hydrocarbures participait de l'esprit d'\u00e9mancipation et incarnait la totale ind\u00e9pendance nationale - El Mawkie","robots":{"index":"index","follow":"follow","max-snippet":"max-snippet:-1","max-image-preview":"max-image-preview:large","max-video-preview":"max-video-preview:-1"},"canonical":"https:\/\/elmawkie.dz\/fr\/la-nationalisation-des-hydrocarbures-participait-de-lesprit-demancipation-et-incarnait-la-totale-independance-nationale\/","og_locale":"fr_FR","og_type":"article","og_title":"La nationalisation des hydrocarbures participait de l'esprit d'\u00e9mancipation et incarnait la totale ind\u00e9pendance nationale","og_description":"Le pr\u00e9sident de la R\u00e9publique, M. Abdelmadjid Tebboune, a affirm\u00e9, lundi dans une allocution \u00e0 l&rsquo;occasion de la c\u00e9l\u00e9bration du 69e anniversaire de la cr\u00e9ation de l&rsquo;Union g\u00e9n\u00e9rale des travailleurs alg\u00e9riens (UGTA) et du 54e anniversaire de la nationalisation des hydrocarbures, que la d\u00e9cision nationale historique prise par le pays, sous la conduite du d\u00e9funt &hellip;","og_url":"https:\/\/elmawkie.dz\/fr\/la-nationalisation-des-hydrocarbures-participait-de-lesprit-demancipation-et-incarnait-la-totale-independance-nationale\/","og_site_name":"El Mawkie","article_publisher":"https:\/\/www.facebook.com\/profile.php?id=100088407094989&locale=fr_FR","article_published_time":"2025-02-24T17:59:38+00:00","article_modified_time":"2025-02-24T17:59:39+00:00","og_image":[{"width":678,"height":452,"url":"https:\/\/elmawkie.dz\/fr\/wp-content\/uploads\/2025\/02\/IMG_0256.jpeg","type":"image\/jpeg"}],"author":"R\u00e9daction","twitter_card":"summary_large_image","twitter_misc":{"Written by":"R\u00e9daction","Est. reading time":"2 minutes"},"schema":{"@context":"https:\/\/schema.org","@graph":[{"@type":"Article","@id":"https:\/\/elmawkie.dz\/fr\/la-nationalisation-des-hydrocarbures-participait-de-lesprit-demancipation-et-incarnait-la-totale-independance-nationale\/#article","isPartOf":{"@id":"https:\/\/elmawkie.dz\/fr\/la-nationalisation-des-hydrocarbures-participait-de-lesprit-demancipation-et-incarnait-la-totale-independance-nationale\/"},"author":{"name":"R\u00e9daction","@id":"https:\/\/elmawkie.dz\/fr\/#\/schema\/person\/e7bd59d6467874ba5c4723d8a9f0a63c"},"headline":"La nationalisation des hydrocarbures participait de l&rsquo;esprit d&rsquo;\u00e9mancipation et incarnait la totale ind\u00e9pendance nationale","datePublished":"2025-02-24T17:59:38+00:00","dateModified":"2025-02-24T17:59:39+00:00","mainEntityOfPage":{"@id":"https:\/\/elmawkie.dz\/fr\/la-nationalisation-des-hydrocarbures-participait-de-lesprit-demancipation-et-incarnait-la-totale-independance-nationale\/"},"wordCount":400,"commentCount":0,"publisher":{"@id":"https:\/\/elmawkie.dz\/fr\/#organization"},"image":{"@id":"https:\/\/elmawkie.dz\/fr\/la-nationalisation-des-hydrocarbures-participait-de-lesprit-demancipation-et-incarnait-la-totale-independance-nationale\/#primaryimage"},"thumbnailUrl":"https:\/\/elmawkie.dz\/fr\/wp-content\/uploads\/2025\/02\/IMG_0256.jpeg","keywords":["Abdelmadjid Tebboune","des hydrocarbures","ind\u00e9pendance nationale","le pr\u00e9sident de la R\u00e9publique"],"articleSection":["National"],"inLanguage":"fr-FR","potentialAction":[{"@type":"CommentAction","name":"Comment","target":["https:\/\/elmawkie.dz\/fr\/la-nationalisation-des-hydrocarbures-participait-de-lesprit-demancipation-et-incarnait-la-totale-independance-nationale\/#respond"]}]},{"@type":"WebPage","@id":"https:\/\/elmawkie.dz\/fr\/la-nationalisation-des-hydrocarbures-participait-de-lesprit-demancipation-et-incarnait-la-totale-independance-nationale\/","url":"https:\/\/elmawkie.dz\/fr\/la-nationalisation-des-hydrocarbures-participait-de-lesprit-demancipation-et-incarnait-la-totale-independance-nationale\/","name":"La nationalisation des hydrocarbures participait de l'esprit d'\u00e9mancipation et incarnait la totale ind\u00e9pendance nationale - El Mawkie","isPartOf":{"@id":"https:\/\/elmawkie.dz\/fr\/#website"},"primaryImageOfPage":{"@id":"https:\/\/elmawkie.dz\/fr\/la-nationalisation-des-hydrocarbures-participait-de-lesprit-demancipation-et-incarnait-la-totale-independance-nationale\/#primaryimage"},"image":{"@id":"https:\/\/elmawkie.dz\/fr\/la-nationalisation-des-hydrocarbures-participait-de-lesprit-demancipation-et-incarnait-la-totale-independance-nationale\/#primaryimage"},"thumbnailUrl":"https:\/\/elmawkie.dz\/fr\/wp-content\/uploads\/2025\/02\/IMG_0256.jpeg","datePublished":"2025-02-24T17:59:38+00:00","dateModified":"2025-02-24T17:59:39+00:00","breadcrumb":{"@id":"https:\/\/elmawkie.dz\/fr\/la-nationalisation-des-hydrocarbures-participait-de-lesprit-demancipation-et-incarnait-la-totale-independance-nationale\/#breadcrumb"},"inLanguage":"fr-FR","potentialAction":[{"@type":"ReadAction","target":["https:\/\/elmawkie.dz\/fr\/la-nationalisation-des-hydrocarbures-participait-de-lesprit-demancipation-et-incarnait-la-totale-independance-nationale\/"]}]},{"@type":"ImageObject","inLanguage":"fr-FR","@id":"https:\/\/elmawkie.dz\/fr\/la-nationalisation-des-hydrocarbures-participait-de-lesprit-demancipation-et-incarnait-la-totale-independance-nationale\/#primaryimage","url":"https:\/\/elmawkie.dz\/fr\/wp-content\/uploads\/2025\/02\/IMG_0256.jpeg","contentUrl":"https:\/\/elmawkie.dz\/fr\/wp-content\/uploads\/2025\/02\/IMG_0256.jpeg","width":678,"height":452},{"@type":"BreadcrumbList","@id":"https:\/\/elmawkie.dz\/fr\/la-nationalisation-des-hydrocarbures-participait-de-lesprit-demancipation-et-incarnait-la-totale-independance-nationale\/#breadcrumb","itemListElement":[{"@type":"ListItem","position":1,"name":"Home","item":"https:\/\/elmawkie.dz\/fr\/"},{"@type":"ListItem","position":2,"name":"La nationalisation des hydrocarbures participait de l&rsquo;esprit d&rsquo;\u00e9mancipation et incarnait la totale ind\u00e9pendance nationale"}]},{"@type":"WebSite","@id":"https:\/\/elmawkie.dz\/fr\/#website","url":"https:\/\/elmawkie.dz\/fr\/","name":"EL MAWKIE","description":"Journal \u00c9lectronique Alg\u00e9rien","publisher":{"@id":"https:\/\/elmawkie.dz\/fr\/#organization"},"potentialAction":[{"@type":"SearchAction","target":{"@type":"EntryPoint","urlTemplate":"https:\/\/elmawkie.dz\/fr\/?s={search_term_string}"},"query-input":"required name=search_term_string"}],"inLanguage":"fr-FR"},{"@type":"Organization","@id":"https:\/\/elmawkie.dz\/fr\/#organization","name":"EL MAWKIE","url":"https:\/\/elmawkie.dz\/fr\/","logo":{"@type":"ImageObject","inLanguage":"fr-FR","@id":"https:\/\/elmawkie.dz\/fr\/#\/schema\/logo\/image\/","url":"https:\/\/elmawkie.dz\/fr\/wp-content\/uploads\/2024\/05\/logo1.png","contentUrl":"https:\/\/elmawkie.dz\/fr\/wp-content\/uploads\/2024\/05\/logo1.png","width":1648,"height":652,"caption":"EL MAWKIE"},"image":{"@id":"https:\/\/elmawkie.dz\/fr\/#\/schema\/logo\/image\/"},"sameAs":["https:\/\/www.facebook.com\/profile.php?id=100088407094989&locale=fr_FR"]},{"@type":"Person","@id":"https:\/\/elmawkie.dz\/fr\/#\/schema\/person\/e7bd59d6467874ba5c4723d8a9f0a63c","name":"R\u00e9daction","image":{"@type":"ImageObject","inLanguage":"fr-FR","@id":"https:\/\/elmawkie.dz\/fr\/#\/schema\/person\/image\/","url":"https:\/\/secure.gravatar.com\/avatar\/f0f773456344da4d2788c054a3d30a0c?s=96&d=mm&r=g","contentUrl":"https:\/\/secure.gravatar.com\/avatar\/f0f773456344da4d2788c054a3d30a0c?s=96&d=mm&r=g","caption":"R\u00e9daction"},"url":"https:\/\/elmawkie.dz\/fr\/author\/redaction\/"}]}},"_links":{"self":[{"href":"https:\/\/elmawkie.dz\/fr\/wp-json\/wp\/v2\/posts\/47719","targetHints":{"allow":["GET"]}}],"collection":[{"href":"https:\/\/elmawkie.dz\/fr\/wp-json\/wp\/v2\/posts"}],"about":[{"href":"https:\/\/elmawkie.dz\/fr\/wp-json\/wp\/v2\/types\/post"}],"author":[{"embeddable":true,"href":"https:\/\/elmawkie.dz\/fr\/wp-json\/wp\/v2\/users\/9"}],"replies":[{"embeddable":true,"href":"https:\/\/elmawkie.dz\/fr\/wp-json\/wp\/v2\/comments?post=47719"}],"version-history":[{"count":1,"href":"https:\/\/elmawkie.dz\/fr\/wp-json\/wp\/v2\/posts\/47719\/revisions"}],"predecessor-version":[{"id":47722,"href":"https:\/\/elmawkie.dz\/fr\/wp-json\/wp\/v2\/posts\/47719\/revisions\/47722"}],"wp:featuredmedia":[{"embeddable":true,"href":"https:\/\/elmawkie.dz\/fr\/wp-json\/wp\/v2\/media\/47721"}],"wp:attachment":[{"href":"https:\/\/elmawkie.dz\/fr\/wp-json\/wp\/v2\/media?parent=47719"}],"wp:term":[{"taxonomy":"category","embeddable":true,"href":"https:\/\/elmawkie.dz\/fr\/wp-json\/wp\/v2\/categories?post=47719"},{"taxonomy":"post_tag","embeddable":true,"href":"https:\/\/elmawkie.dz\/fr\/wp-json\/wp\/v2\/tags?post=47719"}],"curies":[{"name":"wp","href":"https:\/\/api.w.org\/{rel}","templated":true}]}}