{"id":47603,"date":"2025-02-22T14:02:53","date_gmt":"2025-02-22T13:02:53","guid":{"rendered":"https:\/\/elmawkie.dz\/fr\/?p=47603"},"modified":"2025-02-22T14:02:54","modified_gmt":"2025-02-22T13:02:54","slug":"pluies-orageuses-sur-plusieurs-wilayas-a-partir-de-samedi","status":"publish","type":"post","link":"https:\/\/elmawkie.dz\/fr\/pluies-orageuses-sur-plusieurs-wilayas-a-partir-de-samedi\/","title":{"rendered":"Pluies orageuses sur plusieurs wilayas \u00e0 partir de samedi"},"content":{"rendered":"\n<p><em>Des pluies, parfois sous forme d&rsquo;averses orageuses, accompagn\u00e9es localement de chutes de gr\u00eale, affecteront plusieurs wilayas \u00e0 partir de samedi soir, indique un bulletin m\u00e9t\u00e9orologique sp\u00e9cial (BMS) \u00e9mis par l&rsquo;Office national de la m\u00e9t\u00e9orologie. La pluie affectera les wilayas de Tlemcen, Ain T\u00e9mouchent, Oran, Mostaganem, Chlef, Tipaza, Ain Defla, Relizane, Mascara, Sidi Bel Abbes, Saida, Tiaret et Tissemsilt, avec des quantit\u00e9s qui oscilleront entre 20 et 40 mm, pouvant atteindre ou d\u00e9passer localement 50 mm sur les wilayas c\u00f4ti\u00e8res, et ce du samedi \u00e0 21h00 au dimanche \u00e0 21h00, pr\u00e9cise le BMS. Des rafales de vent sous orages sont \u00e9galement attendu durant la validit\u00e9 du bulletin<\/em>.<\/p>\n","protected":false},"excerpt":{"rendered":"<p>Des pluies, parfois sous forme d&rsquo;averses orageuses, accompagn\u00e9es localement de chutes de gr\u00eale, affecteront plusieurs wilayas \u00e0 partir de samedi soir, indique un bulletin m\u00e9t\u00e9orologique sp\u00e9cial (BMS) \u00e9mis par l&rsquo;Office national de la m\u00e9t\u00e9orologie. La pluie affectera les wilayas de Tlemcen, Ain T\u00e9mouchent, Oran, Mostaganem, Chlef, Tipaza, Ain Defla, Relizane, Mascara, Sidi Bel Abbes, Saida, &hellip;<\/p>\n","protected":false},"author":9,"featured_media":47605,"comment_status":"open","ping_status":"open","sticky":false,"template":"","format":"standard","meta":{"footnotes":""},"categories":[51],"tags":[],"class_list":["post-47603","post","type-post","status-publish","format-standard","has-post-thumbnail","hentry","category-societe"],"yoast_head":"<!-- This site is optimized with the Yoast SEO Premium plugin v22.6 (Yoast SEO v22.6) - https:\/\/yoast.com\/wordpress\/plugins\/seo\/ -->\n<title>Pluies orageuses sur plusieurs wilayas \u00e0 partir de samedi - El Mawkie<\/title>\n<meta name=\"robots\" content=\"index, follow, max-snippet:-1, max-image-preview:large, max-video-preview:-1\" \/>\n<link rel=\"canonical\" href=\"https:\/\/elmawkie.dz\/fr\/pluies-orageuses-sur-plusieurs-wilayas-a-partir-de-samedi\/\" \/>\n<meta property=\"og:locale\" content=\"fr_FR\" \/>\n<meta property=\"og:type\" content=\"article\" \/>\n<meta property=\"og:title\" content=\"Pluies orageuses sur plusieurs wilayas \u00e0 partir de samedi\" \/>\n<meta property=\"og:description\" content=\"Des pluies, parfois sous forme d&rsquo;averses orageuses, accompagn\u00e9es localement de chutes de gr\u00eale, affecteront plusieurs wilayas \u00e0 partir de samedi soir, indique un bulletin m\u00e9t\u00e9orologique sp\u00e9cial (BMS) \u00e9mis par l&rsquo;Office national de la m\u00e9t\u00e9orologie. La pluie affectera les wilayas de Tlemcen, Ain T\u00e9mouchent, Oran, Mostaganem, Chlef, Tipaza, Ain Defla, Relizane, Mascara, Sidi Bel Abbes, Saida, &hellip;\" \/>\n<meta property=\"og:url\" content=\"https:\/\/elmawkie.dz\/fr\/pluies-orageuses-sur-plusieurs-wilayas-a-partir-de-samedi\/\" \/>\n<meta property=\"og:site_name\" content=\"El Mawkie\" \/>\n<meta property=\"article:publisher\" content=\"https:\/\/www.facebook.com\/profile.php?id=100088407094989&amp;locale=fr_FR\" \/>\n<meta property=\"article:published_time\" content=\"2025-02-22T13:02:53+00:00\" \/>\n<meta property=\"article:modified_time\" content=\"2025-02-22T13:02:54+00:00\" \/>\n<meta property=\"og:image\" content=\"https:\/\/elmawkie.dz\/fr\/wp-content\/uploads\/2025\/02\/IMG_0172.jpeg\" \/>\n\t<meta property=\"og:image:width\" content=\"737\" \/>\n\t<meta property=\"og:image:height\" content=\"416\" \/>\n\t<meta property=\"og:image:type\" content=\"image\/jpeg\" \/>\n<meta name=\"author\" content=\"R\u00e9daction\" \/>\n<meta name=\"twitter:card\" content=\"summary_large_image\" \/>\n<meta name=\"twitter:label1\" content=\"Written by\" \/>\n\t<meta name=\"twitter:data1\" content=\"R\u00e9daction\" \/>\n\t<meta name=\"twitter:label2\" content=\"Est. reading time\" \/>\n\t<meta name=\"twitter:data2\" content=\"1 minute\" \/>\n<script type=\"application\/ld+json\" class=\"yoast-schema-graph\">{\"@context\":\"https:\/\/schema.org\",\"@graph\":[{\"@type\":\"Article\",\"@id\":\"https:\/\/elmawkie.dz\/fr\/pluies-orageuses-sur-plusieurs-wilayas-a-partir-de-samedi\/#article\",\"isPartOf\":{\"@id\":\"https:\/\/elmawkie.dz\/fr\/pluies-orageuses-sur-plusieurs-wilayas-a-partir-de-samedi\/\"},\"author\":{\"name\":\"R\u00e9daction\",\"@id\":\"https:\/\/elmawkie.dz\/fr\/#\/schema\/person\/e7bd59d6467874ba5c4723d8a9f0a63c\"},\"headline\":\"Pluies orageuses sur plusieurs wilayas \u00e0 partir de samedi\",\"datePublished\":\"2025-02-22T13:02:53+00:00\",\"dateModified\":\"2025-02-22T13:02:54+00:00\",\"mainEntityOfPage\":{\"@id\":\"https:\/\/elmawkie.dz\/fr\/pluies-orageuses-sur-plusieurs-wilayas-a-partir-de-samedi\/\"},\"wordCount\":123,\"commentCount\":0,\"publisher\":{\"@id\":\"https:\/\/elmawkie.dz\/fr\/#organization\"},\"image\":{\"@id\":\"https:\/\/elmawkie.dz\/fr\/pluies-orageuses-sur-plusieurs-wilayas-a-partir-de-samedi\/#primaryimage\"},\"thumbnailUrl\":\"https:\/\/elmawkie.dz\/fr\/wp-content\/uploads\/2025\/02\/IMG_0172.jpeg\",\"articleSection\":[\"Soci\u00e9t\u00e9\"],\"inLanguage\":\"fr-FR\",\"potentialAction\":[{\"@type\":\"CommentAction\",\"name\":\"Comment\",\"target\":[\"https:\/\/elmawkie.dz\/fr\/pluies-orageuses-sur-plusieurs-wilayas-a-partir-de-samedi\/#respond\"]}]},{\"@type\":\"WebPage\",\"@id\":\"https:\/\/elmawkie.dz\/fr\/pluies-orageuses-sur-plusieurs-wilayas-a-partir-de-samedi\/\",\"url\":\"https:\/\/elmawkie.dz\/fr\/pluies-orageuses-sur-plusieurs-wilayas-a-partir-de-samedi\/\",\"name\":\"Pluies orageuses sur plusieurs wilayas \u00e0 partir de samedi - El Mawkie\",\"isPartOf\":{\"@id\":\"https:\/\/elmawkie.dz\/fr\/#website\"},\"primaryImageOfPage\":{\"@id\":\"https:\/\/elmawkie.dz\/fr\/pluies-orageuses-sur-plusieurs-wilayas-a-partir-de-samedi\/#primaryimage\"},\"image\":{\"@id\":\"https:\/\/elmawkie.dz\/fr\/pluies-orageuses-sur-plusieurs-wilayas-a-partir-de-samedi\/#primaryimage\"},\"thumbnailUrl\":\"https:\/\/elmawkie.dz\/fr\/wp-content\/uploads\/2025\/02\/IMG_0172.jpeg\",\"datePublished\":\"2025-02-22T13:02:53+00:00\",\"dateModified\":\"2025-02-22T13:02:54+00:00\",\"breadcrumb\":{\"@id\":\"https:\/\/elmawkie.dz\/fr\/pluies-orageuses-sur-plusieurs-wilayas-a-partir-de-samedi\/#breadcrumb\"},\"inLanguage\":\"fr-FR\",\"potentialAction\":[{\"@type\":\"ReadAction\",\"target\":[\"https:\/\/elmawkie.dz\/fr\/pluies-orageuses-sur-plusieurs-wilayas-a-partir-de-samedi\/\"]}]},{\"@type\":\"ImageObject\",\"inLanguage\":\"fr-FR\",\"@id\":\"https:\/\/elmawkie.dz\/fr\/pluies-orageuses-sur-plusieurs-wilayas-a-partir-de-samedi\/#primaryimage\",\"url\":\"https:\/\/elmawkie.dz\/fr\/wp-content\/uploads\/2025\/02\/IMG_0172.jpeg\",\"contentUrl\":\"https:\/\/elmawkie.dz\/fr\/wp-content\/uploads\/2025\/02\/IMG_0172.jpeg\",\"width\":737,\"height\":416},{\"@type\":\"BreadcrumbList\",\"@id\":\"https:\/\/elmawkie.dz\/fr\/pluies-orageuses-sur-plusieurs-wilayas-a-partir-de-samedi\/#breadcrumb\",\"itemListElement\":[{\"@type\":\"ListItem\",\"position\":1,\"name\":\"Home\",\"item\":\"https:\/\/elmawkie.dz\/fr\/\"},{\"@type\":\"ListItem\",\"position\":2,\"name\":\"Pluies orageuses sur plusieurs wilayas \u00e0 partir de samedi\"}]},{\"@type\":\"WebSite\",\"@id\":\"https:\/\/elmawkie.dz\/fr\/#website\",\"url\":\"https:\/\/elmawkie.dz\/fr\/\",\"name\":\"EL MAWKIE\",\"description\":\"Journal \u00c9lectronique Alg\u00e9rien\",\"publisher\":{\"@id\":\"https:\/\/elmawkie.dz\/fr\/#organization\"},\"potentialAction\":[{\"@type\":\"SearchAction\",\"target\":{\"@type\":\"EntryPoint\",\"urlTemplate\":\"https:\/\/elmawkie.dz\/fr\/?s={search_term_string}\"},\"query-input\":\"required name=search_term_string\"}],\"inLanguage\":\"fr-FR\"},{\"@type\":\"Organization\",\"@id\":\"https:\/\/elmawkie.dz\/fr\/#organization\",\"name\":\"EL MAWKIE\",\"url\":\"https:\/\/elmawkie.dz\/fr\/\",\"logo\":{\"@type\":\"ImageObject\",\"inLanguage\":\"fr-FR\",\"@id\":\"https:\/\/elmawkie.dz\/fr\/#\/schema\/logo\/image\/\",\"url\":\"https:\/\/elmawkie.dz\/fr\/wp-content\/uploads\/2024\/05\/logo1.png\",\"contentUrl\":\"https:\/\/elmawkie.dz\/fr\/wp-content\/uploads\/2024\/05\/logo1.png\",\"width\":1648,\"height\":652,\"caption\":\"EL MAWKIE\"},\"image\":{\"@id\":\"https:\/\/elmawkie.dz\/fr\/#\/schema\/logo\/image\/\"},\"sameAs\":[\"https:\/\/www.facebook.com\/profile.php?id=100088407094989&locale=fr_FR\"]},{\"@type\":\"Person\",\"@id\":\"https:\/\/elmawkie.dz\/fr\/#\/schema\/person\/e7bd59d6467874ba5c4723d8a9f0a63c\",\"name\":\"R\u00e9daction\",\"image\":{\"@type\":\"ImageObject\",\"inLanguage\":\"fr-FR\",\"@id\":\"https:\/\/elmawkie.dz\/fr\/#\/schema\/person\/image\/\",\"url\":\"https:\/\/secure.gravatar.com\/avatar\/f0f773456344da4d2788c054a3d30a0c?s=96&d=mm&r=g\",\"contentUrl\":\"https:\/\/secure.gravatar.com\/avatar\/f0f773456344da4d2788c054a3d30a0c?s=96&d=mm&r=g\",\"caption\":\"R\u00e9daction\"},\"url\":\"https:\/\/elmawkie.dz\/fr\/author\/redaction\/\"}]}<\/script>\n<!-- \/ Yoast SEO Premium plugin. -->","yoast_head_json":{"title":"Pluies orageuses sur plusieurs wilayas \u00e0 partir de samedi - El Mawkie","robots":{"index":"index","follow":"follow","max-snippet":"max-snippet:-1","max-image-preview":"max-image-preview:large","max-video-preview":"max-video-preview:-1"},"canonical":"https:\/\/elmawkie.dz\/fr\/pluies-orageuses-sur-plusieurs-wilayas-a-partir-de-samedi\/","og_locale":"fr_FR","og_type":"article","og_title":"Pluies orageuses sur plusieurs wilayas \u00e0 partir de samedi","og_description":"Des pluies, parfois sous forme d&rsquo;averses orageuses, accompagn\u00e9es localement de chutes de gr\u00eale, affecteront plusieurs wilayas \u00e0 partir de samedi soir, indique un bulletin m\u00e9t\u00e9orologique sp\u00e9cial (BMS) \u00e9mis par l&rsquo;Office national de la m\u00e9t\u00e9orologie. La pluie affectera les wilayas de Tlemcen, Ain T\u00e9mouchent, Oran, Mostaganem, Chlef, Tipaza, Ain Defla, Relizane, Mascara, Sidi Bel Abbes, Saida, &hellip;","og_url":"https:\/\/elmawkie.dz\/fr\/pluies-orageuses-sur-plusieurs-wilayas-a-partir-de-samedi\/","og_site_name":"El Mawkie","article_publisher":"https:\/\/www.facebook.com\/profile.php?id=100088407094989&locale=fr_FR","article_published_time":"2025-02-22T13:02:53+00:00","article_modified_time":"2025-02-22T13:02:54+00:00","og_image":[{"width":737,"height":416,"url":"https:\/\/elmawkie.dz\/fr\/wp-content\/uploads\/2025\/02\/IMG_0172.jpeg","type":"image\/jpeg"}],"author":"R\u00e9daction","twitter_card":"summary_large_image","twitter_misc":{"Written by":"R\u00e9daction","Est. reading time":"1 minute"},"schema":{"@context":"https:\/\/schema.org","@graph":[{"@type":"Article","@id":"https:\/\/elmawkie.dz\/fr\/pluies-orageuses-sur-plusieurs-wilayas-a-partir-de-samedi\/#article","isPartOf":{"@id":"https:\/\/elmawkie.dz\/fr\/pluies-orageuses-sur-plusieurs-wilayas-a-partir-de-samedi\/"},"author":{"name":"R\u00e9daction","@id":"https:\/\/elmawkie.dz\/fr\/#\/schema\/person\/e7bd59d6467874ba5c4723d8a9f0a63c"},"headline":"Pluies orageuses sur plusieurs wilayas \u00e0 partir de samedi","datePublished":"2025-02-22T13:02:53+00:00","dateModified":"2025-02-22T13:02:54+00:00","mainEntityOfPage":{"@id":"https:\/\/elmawkie.dz\/fr\/pluies-orageuses-sur-plusieurs-wilayas-a-partir-de-samedi\/"},"wordCount":123,"commentCount":0,"publisher":{"@id":"https:\/\/elmawkie.dz\/fr\/#organization"},"image":{"@id":"https:\/\/elmawkie.dz\/fr\/pluies-orageuses-sur-plusieurs-wilayas-a-partir-de-samedi\/#primaryimage"},"thumbnailUrl":"https:\/\/elmawkie.dz\/fr\/wp-content\/uploads\/2025\/02\/IMG_0172.jpeg","articleSection":["Soci\u00e9t\u00e9"],"inLanguage":"fr-FR","potentialAction":[{"@type":"CommentAction","name":"Comment","target":["https:\/\/elmawkie.dz\/fr\/pluies-orageuses-sur-plusieurs-wilayas-a-partir-de-samedi\/#respond"]}]},{"@type":"WebPage","@id":"https:\/\/elmawkie.dz\/fr\/pluies-orageuses-sur-plusieurs-wilayas-a-partir-de-samedi\/","url":"https:\/\/elmawkie.dz\/fr\/pluies-orageuses-sur-plusieurs-wilayas-a-partir-de-samedi\/","name":"Pluies orageuses sur plusieurs wilayas \u00e0 partir de samedi - El Mawkie","isPartOf":{"@id":"https:\/\/elmawkie.dz\/fr\/#website"},"primaryImageOfPage":{"@id":"https:\/\/elmawkie.dz\/fr\/pluies-orageuses-sur-plusieurs-wilayas-a-partir-de-samedi\/#primaryimage"},"image":{"@id":"https:\/\/elmawkie.dz\/fr\/pluies-orageuses-sur-plusieurs-wilayas-a-partir-de-samedi\/#primaryimage"},"thumbnailUrl":"https:\/\/elmawkie.dz\/fr\/wp-content\/uploads\/2025\/02\/IMG_0172.jpeg","datePublished":"2025-02-22T13:02:53+00:00","dateModified":"2025-02-22T13:02:54+00:00","breadcrumb":{"@id":"https:\/\/elmawkie.dz\/fr\/pluies-orageuses-sur-plusieurs-wilayas-a-partir-de-samedi\/#breadcrumb"},"inLanguage":"fr-FR","potentialAction":[{"@type":"ReadAction","target":["https:\/\/elmawkie.dz\/fr\/pluies-orageuses-sur-plusieurs-wilayas-a-partir-de-samedi\/"]}]},{"@type":"ImageObject","inLanguage":"fr-FR","@id":"https:\/\/elmawkie.dz\/fr\/pluies-orageuses-sur-plusieurs-wilayas-a-partir-de-samedi\/#primaryimage","url":"https:\/\/elmawkie.dz\/fr\/wp-content\/uploads\/2025\/02\/IMG_0172.jpeg","contentUrl":"https:\/\/elmawkie.dz\/fr\/wp-content\/uploads\/2025\/02\/IMG_0172.jpeg","width":737,"height":416},{"@type":"BreadcrumbList","@id":"https:\/\/elmawkie.dz\/fr\/pluies-orageuses-sur-plusieurs-wilayas-a-partir-de-samedi\/#breadcrumb","itemListElement":[{"@type":"ListItem","position":1,"name":"Home","item":"https:\/\/elmawkie.dz\/fr\/"},{"@type":"ListItem","position":2,"name":"Pluies orageuses sur plusieurs wilayas \u00e0 partir de samedi"}]},{"@type":"WebSite","@id":"https:\/\/elmawkie.dz\/fr\/#website","url":"https:\/\/elmawkie.dz\/fr\/","name":"EL MAWKIE","description":"Journal \u00c9lectronique Alg\u00e9rien","publisher":{"@id":"https:\/\/elmawkie.dz\/fr\/#organization"},"potentialAction":[{"@type":"SearchAction","target":{"@type":"EntryPoint","urlTemplate":"https:\/\/elmawkie.dz\/fr\/?s={search_term_string}"},"query-input":"required name=search_term_string"}],"inLanguage":"fr-FR"},{"@type":"Organization","@id":"https:\/\/elmawkie.dz\/fr\/#organization","name":"EL MAWKIE","url":"https:\/\/elmawkie.dz\/fr\/","logo":{"@type":"ImageObject","inLanguage":"fr-FR","@id":"https:\/\/elmawkie.dz\/fr\/#\/schema\/logo\/image\/","url":"https:\/\/elmawkie.dz\/fr\/wp-content\/uploads\/2024\/05\/logo1.png","contentUrl":"https:\/\/elmawkie.dz\/fr\/wp-content\/uploads\/2024\/05\/logo1.png","width":1648,"height":652,"caption":"EL MAWKIE"},"image":{"@id":"https:\/\/elmawkie.dz\/fr\/#\/schema\/logo\/image\/"},"sameAs":["https:\/\/www.facebook.com\/profile.php?id=100088407094989&locale=fr_FR"]},{"@type":"Person","@id":"https:\/\/elmawkie.dz\/fr\/#\/schema\/person\/e7bd59d6467874ba5c4723d8a9f0a63c","name":"R\u00e9daction","image":{"@type":"ImageObject","inLanguage":"fr-FR","@id":"https:\/\/elmawkie.dz\/fr\/#\/schema\/person\/image\/","url":"https:\/\/secure.gravatar.com\/avatar\/f0f773456344da4d2788c054a3d30a0c?s=96&d=mm&r=g","contentUrl":"https:\/\/secure.gravatar.com\/avatar\/f0f773456344da4d2788c054a3d30a0c?s=96&d=mm&r=g","caption":"R\u00e9daction"},"url":"https:\/\/elmawkie.dz\/fr\/author\/redaction\/"}]}},"_links":{"self":[{"href":"https:\/\/elmawkie.dz\/fr\/wp-json\/wp\/v2\/posts\/47603","targetHints":{"allow":["GET"]}}],"collection":[{"href":"https:\/\/elmawkie.dz\/fr\/wp-json\/wp\/v2\/posts"}],"about":[{"href":"https:\/\/elmawkie.dz\/fr\/wp-json\/wp\/v2\/types\/post"}],"author":[{"embeddable":true,"href":"https:\/\/elmawkie.dz\/fr\/wp-json\/wp\/v2\/users\/9"}],"replies":[{"embeddable":true,"href":"https:\/\/elmawkie.dz\/fr\/wp-json\/wp\/v2\/comments?post=47603"}],"version-history":[{"count":1,"href":"https:\/\/elmawkie.dz\/fr\/wp-json\/wp\/v2\/posts\/47603\/revisions"}],"predecessor-version":[{"id":47606,"href":"https:\/\/elmawkie.dz\/fr\/wp-json\/wp\/v2\/posts\/47603\/revisions\/47606"}],"wp:featuredmedia":[{"embeddable":true,"href":"https:\/\/elmawkie.dz\/fr\/wp-json\/wp\/v2\/media\/47605"}],"wp:attachment":[{"href":"https:\/\/elmawkie.dz\/fr\/wp-json\/wp\/v2\/media?parent=47603"}],"wp:term":[{"taxonomy":"category","embeddable":true,"href":"https:\/\/elmawkie.dz\/fr\/wp-json\/wp\/v2\/categories?post=47603"},{"taxonomy":"post_tag","embeddable":true,"href":"https:\/\/elmawkie.dz\/fr\/wp-json\/wp\/v2\/tags?post=47603"}],"curies":[{"name":"wp","href":"https:\/\/api.w.org\/{rel}","templated":true}]}}