{"id":47593,"date":"2025-02-21T19:04:20","date_gmt":"2025-02-21T18:04:20","guid":{"rendered":"https:\/\/elmawkie.dz\/fr\/?p=47593"},"modified":"2025-02-21T19:06:25","modified_gmt":"2025-02-21T18:06:25","slug":"ehu-doran-plus-de-100-specialistes-a-la-journee-detude-sur-la-fibrose-pulmonaire","status":"publish","type":"post","link":"https:\/\/elmawkie.dz\/fr\/ehu-doran-plus-de-100-specialistes-a-la-journee-detude-sur-la-fibrose-pulmonaire\/","title":{"rendered":"EHU d\u2019Oran : plus de 100 sp\u00e9cialistes \u00e0 la journ\u00e9e d\u2019\u00e9tude sur la \u2019\u2019fibrose pulmonaire\u2018\u2018"},"content":{"rendered":"\n<p><em><strong>L\u2019EHU \u201c1er Novembre 1954\u201d d\u2019Oran a organis\u00e9, jeudi, une journ\u00e9e d\u2019\u00e9tude sur \u201c la fibrose pulmonaire\u201d, un \u00e9v\u00e9nement scientifique visant \u00e0 am\u00e9liorer le diagnostic et la prise en charge multidisciplinaire de cette maladie respiratoire. Cette rencontre a r\u00e9uni plus de 100 sp\u00e9cialistes venus de diff\u00e9rentes wilayas du pays, notamment de Sidi Bel-Abb\u00e8s, Ain T\u00e9mouchent, Tlemcen et Tiaret.<\/strong><\/em><\/p>\n\n\n\n<p><em>Selon un communiqu\u00e9 de l\u2019EHU,<\/em> <em>Le professeur Ouardi Aissa, chef du service des maladies pulmonaires de l\u2019EHU d\u2019Oran, a rappel\u00e9 que la fibrose pulmonaire est une maladie grave qui affecte les poumons et peut entra\u00eener une insuffisance respiratoire s\u00e9v\u00e8re. ajoute-t-il, que son service re\u00e7oit chaque semaine entre 3 et 4 nouveaux patients, dont la majorit\u00e9 est \u00e2g\u00e9e de 50 \u00e0 60 ans, bien que certains cas plus jeunes soient \u00e9galement enregistr\u00e9s.<\/em><\/p>\n\n\n\n<p><em>Actuellement, plus de 100 patients atteints de cette affection b\u00e9n\u00e9ficient d\u2019une prise en charge sp\u00e9cialis\u00e9e au sein de l\u2019\u00e9tablissement, avec des traitements modernes visant \u00e0 ralentir l\u2019\u00e9volution de la maladie et \u00e0 am\u00e9liorer leur qualit\u00e9 de vie, pr\u00e9cise le communiqu\u00e9 . Ajoutant que cette prise en charge repose sur une approche int\u00e9gr\u00e9e, incluant des r\u00e9unions pluridisciplinaires pour d\u00e9terminer le protocole th\u00e9rapeutique le plus adapt\u00e9 \u00e0 chaque cas.<\/em> <br><em>La conf\u00e9rence \u00e0 laquelle ont pris part nombre de sp\u00e9cialistes a \u00e9t\u00e9 marqu\u00e9e par la pr\u00e9sentation de communications scientifiques , abordant en profondeur les m\u00e9canismes et les causes de la fibrose pulmonaire, les m\u00e9thodes de diagnostic pr\u00e9coce ainsi que les derni\u00e8res avanc\u00e9es en mati\u00e8re de traitement.<\/em><\/p>\n\n\n\n<figure class=\"wp-block-gallery has-nested-images columns-default is-cropped wp-block-gallery-1 is-layout-flex wp-block-gallery-is-layout-flex\">\n<figure class=\"wp-block-image size-large\"><img decoding=\"async\" width=\"1024\" height=\"683\" data-id=\"47595\" src=\"https:\/\/elmawkie.dz\/fr\/wp-content\/uploads\/2025\/02\/IMG_0157-1024x683.jpeg\" alt=\"\" class=\"wp-image-47595\" srcset=\"https:\/\/elmawkie.dz\/fr\/wp-content\/uploads\/2025\/02\/IMG_0157-1024x683.jpeg 1024w, https:\/\/elmawkie.dz\/fr\/wp-content\/uploads\/2025\/02\/IMG_0157-300x200.jpeg 300w, https:\/\/elmawkie.dz\/fr\/wp-content\/uploads\/2025\/02\/IMG_0157-768x512.jpeg 768w, https:\/\/elmawkie.dz\/fr\/wp-content\/uploads\/2025\/02\/IMG_0157.jpeg 1080w\" sizes=\"(max-width: 1024px) 100vw, 1024px\" \/><\/figure>\n<\/figure>\n","protected":false},"excerpt":{"rendered":"<p>L\u2019EHU \u201c1er Novembre 1954\u201d d\u2019Oran a organis\u00e9, jeudi, une journ\u00e9e d\u2019\u00e9tude sur \u201c la fibrose pulmonaire\u201d, un \u00e9v\u00e9nement scientifique visant \u00e0 am\u00e9liorer le diagnostic et la prise en charge multidisciplinaire de cette maladie respiratoire. Cette rencontre a r\u00e9uni plus de 100 sp\u00e9cialistes venus de diff\u00e9rentes wilayas du pays, notamment de Sidi Bel-Abb\u00e8s, Ain T\u00e9mouchent, Tlemcen &hellip;<\/p>\n","protected":false},"author":3,"featured_media":47596,"comment_status":"open","ping_status":"open","sticky":false,"template":"","format":"standard","meta":{"footnotes":""},"categories":[50],"tags":[2735,2733,2734,1519,75,2736],"class_list":["post-47593","post","type-post","status-publish","format-standard","has-post-thumbnail","hentry","category-region","tag-2735","tag-ehu","tag-fibrose-pulmonaire","tag-journee-detude","tag-oran","tag-specialistes"],"yoast_head":"<!-- This site is optimized with the Yoast SEO Premium plugin v22.6 (Yoast SEO v22.6) - https:\/\/yoast.com\/wordpress\/plugins\/seo\/ -->\n<title>EHU d\u2019Oran : plus de 100 sp\u00e9cialistes \u00e0 la journ\u00e9e d\u2019\u00e9tude sur la \u2019\u2019fibrose pulmonaire\u2018\u2018 - El Mawkie<\/title>\n<meta name=\"robots\" content=\"index, follow, max-snippet:-1, max-image-preview:large, max-video-preview:-1\" \/>\n<link rel=\"canonical\" href=\"https:\/\/elmawkie.dz\/fr\/ehu-doran-plus-de-100-specialistes-a-la-journee-detude-sur-la-fibrose-pulmonaire\/\" \/>\n<meta property=\"og:locale\" content=\"fr_FR\" \/>\n<meta property=\"og:type\" content=\"article\" \/>\n<meta property=\"og:title\" content=\"EHU d\u2019Oran : plus de 100 sp\u00e9cialistes \u00e0 la journ\u00e9e d\u2019\u00e9tude sur la \u2019\u2019fibrose pulmonaire\u2018\u2018\" \/>\n<meta property=\"og:description\" content=\"L\u2019EHU \u201c1er Novembre 1954\u201d d\u2019Oran a organis\u00e9, jeudi, une journ\u00e9e d\u2019\u00e9tude sur \u201c la fibrose pulmonaire\u201d, un \u00e9v\u00e9nement scientifique visant \u00e0 am\u00e9liorer le diagnostic et la prise en charge multidisciplinaire de cette maladie respiratoire. Cette rencontre a r\u00e9uni plus de 100 sp\u00e9cialistes venus de diff\u00e9rentes wilayas du pays, notamment de Sidi Bel-Abb\u00e8s, Ain T\u00e9mouchent, Tlemcen &hellip;\" \/>\n<meta property=\"og:url\" content=\"https:\/\/elmawkie.dz\/fr\/ehu-doran-plus-de-100-specialistes-a-la-journee-detude-sur-la-fibrose-pulmonaire\/\" \/>\n<meta property=\"og:site_name\" content=\"El Mawkie\" \/>\n<meta property=\"article:publisher\" content=\"https:\/\/www.facebook.com\/profile.php?id=100088407094989&amp;locale=fr_FR\" \/>\n<meta property=\"article:published_time\" content=\"2025-02-21T18:04:20+00:00\" \/>\n<meta property=\"article:modified_time\" content=\"2025-02-21T18:06:25+00:00\" \/>\n<meta property=\"og:image\" content=\"https:\/\/elmawkie.dz\/fr\/wp-content\/uploads\/2025\/02\/IMG_0156.jpeg\" \/>\n\t<meta property=\"og:image:width\" content=\"1080\" \/>\n\t<meta property=\"og:image:height\" content=\"720\" \/>\n\t<meta property=\"og:image:type\" content=\"image\/jpeg\" \/>\n<meta name=\"author\" content=\"Hamra Fouzia\" \/>\n<meta name=\"twitter:card\" content=\"summary_large_image\" \/>\n<meta name=\"twitter:label1\" content=\"Written by\" \/>\n\t<meta name=\"twitter:data1\" content=\"Hamra Fouzia\" \/>\n\t<meta name=\"twitter:label2\" content=\"Est. reading time\" \/>\n\t<meta name=\"twitter:data2\" content=\"2 minutes\" \/>\n<script type=\"application\/ld+json\" class=\"yoast-schema-graph\">{\"@context\":\"https:\/\/schema.org\",\"@graph\":[{\"@type\":\"Article\",\"@id\":\"https:\/\/elmawkie.dz\/fr\/ehu-doran-plus-de-100-specialistes-a-la-journee-detude-sur-la-fibrose-pulmonaire\/#article\",\"isPartOf\":{\"@id\":\"https:\/\/elmawkie.dz\/fr\/ehu-doran-plus-de-100-specialistes-a-la-journee-detude-sur-la-fibrose-pulmonaire\/\"},\"author\":{\"name\":\"Hamra Fouzia\",\"@id\":\"https:\/\/elmawkie.dz\/fr\/#\/schema\/person\/4ed8433201bc23634185d8dd37097c64\"},\"headline\":\"EHU d\u2019Oran : plus de 100 sp\u00e9cialistes \u00e0 la journ\u00e9e d\u2019\u00e9tude sur la \u2019\u2019fibrose pulmonaire\u2018\u2018\",\"datePublished\":\"2025-02-21T18:04:20+00:00\",\"dateModified\":\"2025-02-21T18:06:25+00:00\",\"mainEntityOfPage\":{\"@id\":\"https:\/\/elmawkie.dz\/fr\/ehu-doran-plus-de-100-specialistes-a-la-journee-detude-sur-la-fibrose-pulmonaire\/\"},\"wordCount\":285,\"commentCount\":0,\"publisher\":{\"@id\":\"https:\/\/elmawkie.dz\/fr\/#organization\"},\"image\":{\"@id\":\"https:\/\/elmawkie.dz\/fr\/ehu-doran-plus-de-100-specialistes-a-la-journee-detude-sur-la-fibrose-pulmonaire\/#primaryimage\"},\"thumbnailUrl\":\"https:\/\/elmawkie.dz\/fr\/wp-content\/uploads\/2025\/02\/IMG_0156.jpeg\",\"keywords\":[\"100\",\"EHU\",\"fibrose pulmonaire\",\"Journ\u00e9e d'\u00e9tude\",\"Oran\",\"sp\u00e9cialistes\"],\"articleSection\":[\"R\u00e9gion\"],\"inLanguage\":\"fr-FR\",\"potentialAction\":[{\"@type\":\"CommentAction\",\"name\":\"Comment\",\"target\":[\"https:\/\/elmawkie.dz\/fr\/ehu-doran-plus-de-100-specialistes-a-la-journee-detude-sur-la-fibrose-pulmonaire\/#respond\"]}]},{\"@type\":\"WebPage\",\"@id\":\"https:\/\/elmawkie.dz\/fr\/ehu-doran-plus-de-100-specialistes-a-la-journee-detude-sur-la-fibrose-pulmonaire\/\",\"url\":\"https:\/\/elmawkie.dz\/fr\/ehu-doran-plus-de-100-specialistes-a-la-journee-detude-sur-la-fibrose-pulmonaire\/\",\"name\":\"EHU d\u2019Oran : plus de 100 sp\u00e9cialistes \u00e0 la journ\u00e9e d\u2019\u00e9tude sur la \u2019\u2019fibrose pulmonaire\u2018\u2018 - El Mawkie\",\"isPartOf\":{\"@id\":\"https:\/\/elmawkie.dz\/fr\/#website\"},\"primaryImageOfPage\":{\"@id\":\"https:\/\/elmawkie.dz\/fr\/ehu-doran-plus-de-100-specialistes-a-la-journee-detude-sur-la-fibrose-pulmonaire\/#primaryimage\"},\"image\":{\"@id\":\"https:\/\/elmawkie.dz\/fr\/ehu-doran-plus-de-100-specialistes-a-la-journee-detude-sur-la-fibrose-pulmonaire\/#primaryimage\"},\"thumbnailUrl\":\"https:\/\/elmawkie.dz\/fr\/wp-content\/uploads\/2025\/02\/IMG_0156.jpeg\",\"datePublished\":\"2025-02-21T18:04:20+00:00\",\"dateModified\":\"2025-02-21T18:06:25+00:00\",\"breadcrumb\":{\"@id\":\"https:\/\/elmawkie.dz\/fr\/ehu-doran-plus-de-100-specialistes-a-la-journee-detude-sur-la-fibrose-pulmonaire\/#breadcrumb\"},\"inLanguage\":\"fr-FR\",\"potentialAction\":[{\"@type\":\"ReadAction\",\"target\":[\"https:\/\/elmawkie.dz\/fr\/ehu-doran-plus-de-100-specialistes-a-la-journee-detude-sur-la-fibrose-pulmonaire\/\"]}]},{\"@type\":\"ImageObject\",\"inLanguage\":\"fr-FR\",\"@id\":\"https:\/\/elmawkie.dz\/fr\/ehu-doran-plus-de-100-specialistes-a-la-journee-detude-sur-la-fibrose-pulmonaire\/#primaryimage\",\"url\":\"https:\/\/elmawkie.dz\/fr\/wp-content\/uploads\/2025\/02\/IMG_0156.jpeg\",\"contentUrl\":\"https:\/\/elmawkie.dz\/fr\/wp-content\/uploads\/2025\/02\/IMG_0156.jpeg\",\"width\":1080,\"height\":720},{\"@type\":\"BreadcrumbList\",\"@id\":\"https:\/\/elmawkie.dz\/fr\/ehu-doran-plus-de-100-specialistes-a-la-journee-detude-sur-la-fibrose-pulmonaire\/#breadcrumb\",\"itemListElement\":[{\"@type\":\"ListItem\",\"position\":1,\"name\":\"Home\",\"item\":\"https:\/\/elmawkie.dz\/fr\/\"},{\"@type\":\"ListItem\",\"position\":2,\"name\":\"EHU d\u2019Oran : plus de 100 sp\u00e9cialistes \u00e0 la journ\u00e9e d\u2019\u00e9tude sur la \u2019\u2019fibrose pulmonaire\u2018\u2018\"}]},{\"@type\":\"WebSite\",\"@id\":\"https:\/\/elmawkie.dz\/fr\/#website\",\"url\":\"https:\/\/elmawkie.dz\/fr\/\",\"name\":\"EL MAWKIE\",\"description\":\"Journal \u00c9lectronique Alg\u00e9rien\",\"publisher\":{\"@id\":\"https:\/\/elmawkie.dz\/fr\/#organization\"},\"potentialAction\":[{\"@type\":\"SearchAction\",\"target\":{\"@type\":\"EntryPoint\",\"urlTemplate\":\"https:\/\/elmawkie.dz\/fr\/?s={search_term_string}\"},\"query-input\":\"required name=search_term_string\"}],\"inLanguage\":\"fr-FR\"},{\"@type\":\"Organization\",\"@id\":\"https:\/\/elmawkie.dz\/fr\/#organization\",\"name\":\"EL MAWKIE\",\"url\":\"https:\/\/elmawkie.dz\/fr\/\",\"logo\":{\"@type\":\"ImageObject\",\"inLanguage\":\"fr-FR\",\"@id\":\"https:\/\/elmawkie.dz\/fr\/#\/schema\/logo\/image\/\",\"url\":\"https:\/\/elmawkie.dz\/fr\/wp-content\/uploads\/2024\/05\/logo1.png\",\"contentUrl\":\"https:\/\/elmawkie.dz\/fr\/wp-content\/uploads\/2024\/05\/logo1.png\",\"width\":1648,\"height\":652,\"caption\":\"EL MAWKIE\"},\"image\":{\"@id\":\"https:\/\/elmawkie.dz\/fr\/#\/schema\/logo\/image\/\"},\"sameAs\":[\"https:\/\/www.facebook.com\/profile.php?id=100088407094989&locale=fr_FR\"]},{\"@type\":\"Person\",\"@id\":\"https:\/\/elmawkie.dz\/fr\/#\/schema\/person\/4ed8433201bc23634185d8dd37097c64\",\"name\":\"Hamra Fouzia\",\"image\":{\"@type\":\"ImageObject\",\"inLanguage\":\"fr-FR\",\"@id\":\"https:\/\/elmawkie.dz\/fr\/#\/schema\/person\/image\/\",\"url\":\"https:\/\/secure.gravatar.com\/avatar\/ea215268aad51f3219f9a59227db6fa1?s=96&d=mm&r=g\",\"contentUrl\":\"https:\/\/secure.gravatar.com\/avatar\/ea215268aad51f3219f9a59227db6fa1?s=96&d=mm&r=g\",\"caption\":\"Hamra Fouzia\"},\"sameAs\":[\"https:\/\/elmawkie.dz\/fr\"],\"url\":\"https:\/\/elmawkie.dz\/fr\/author\/elmawkie\/\"}]}<\/script>\n<!-- \/ Yoast SEO Premium plugin. -->","yoast_head_json":{"title":"EHU d\u2019Oran : plus de 100 sp\u00e9cialistes \u00e0 la journ\u00e9e d\u2019\u00e9tude sur la \u2019\u2019fibrose pulmonaire\u2018\u2018 - El Mawkie","robots":{"index":"index","follow":"follow","max-snippet":"max-snippet:-1","max-image-preview":"max-image-preview:large","max-video-preview":"max-video-preview:-1"},"canonical":"https:\/\/elmawkie.dz\/fr\/ehu-doran-plus-de-100-specialistes-a-la-journee-detude-sur-la-fibrose-pulmonaire\/","og_locale":"fr_FR","og_type":"article","og_title":"EHU d\u2019Oran : plus de 100 sp\u00e9cialistes \u00e0 la journ\u00e9e d\u2019\u00e9tude sur la \u2019\u2019fibrose pulmonaire\u2018\u2018","og_description":"L\u2019EHU \u201c1er Novembre 1954\u201d d\u2019Oran a organis\u00e9, jeudi, une journ\u00e9e d\u2019\u00e9tude sur \u201c la fibrose pulmonaire\u201d, un \u00e9v\u00e9nement scientifique visant \u00e0 am\u00e9liorer le diagnostic et la prise en charge multidisciplinaire de cette maladie respiratoire. Cette rencontre a r\u00e9uni plus de 100 sp\u00e9cialistes venus de diff\u00e9rentes wilayas du pays, notamment de Sidi Bel-Abb\u00e8s, Ain T\u00e9mouchent, Tlemcen &hellip;","og_url":"https:\/\/elmawkie.dz\/fr\/ehu-doran-plus-de-100-specialistes-a-la-journee-detude-sur-la-fibrose-pulmonaire\/","og_site_name":"El Mawkie","article_publisher":"https:\/\/www.facebook.com\/profile.php?id=100088407094989&locale=fr_FR","article_published_time":"2025-02-21T18:04:20+00:00","article_modified_time":"2025-02-21T18:06:25+00:00","og_image":[{"width":1080,"height":720,"url":"https:\/\/elmawkie.dz\/fr\/wp-content\/uploads\/2025\/02\/IMG_0156.jpeg","type":"image\/jpeg"}],"author":"Hamra Fouzia","twitter_card":"summary_large_image","twitter_misc":{"Written by":"Hamra Fouzia","Est. reading time":"2 minutes"},"schema":{"@context":"https:\/\/schema.org","@graph":[{"@type":"Article","@id":"https:\/\/elmawkie.dz\/fr\/ehu-doran-plus-de-100-specialistes-a-la-journee-detude-sur-la-fibrose-pulmonaire\/#article","isPartOf":{"@id":"https:\/\/elmawkie.dz\/fr\/ehu-doran-plus-de-100-specialistes-a-la-journee-detude-sur-la-fibrose-pulmonaire\/"},"author":{"name":"Hamra Fouzia","@id":"https:\/\/elmawkie.dz\/fr\/#\/schema\/person\/4ed8433201bc23634185d8dd37097c64"},"headline":"EHU d\u2019Oran : plus de 100 sp\u00e9cialistes \u00e0 la journ\u00e9e d\u2019\u00e9tude sur la \u2019\u2019fibrose pulmonaire\u2018\u2018","datePublished":"2025-02-21T18:04:20+00:00","dateModified":"2025-02-21T18:06:25+00:00","mainEntityOfPage":{"@id":"https:\/\/elmawkie.dz\/fr\/ehu-doran-plus-de-100-specialistes-a-la-journee-detude-sur-la-fibrose-pulmonaire\/"},"wordCount":285,"commentCount":0,"publisher":{"@id":"https:\/\/elmawkie.dz\/fr\/#organization"},"image":{"@id":"https:\/\/elmawkie.dz\/fr\/ehu-doran-plus-de-100-specialistes-a-la-journee-detude-sur-la-fibrose-pulmonaire\/#primaryimage"},"thumbnailUrl":"https:\/\/elmawkie.dz\/fr\/wp-content\/uploads\/2025\/02\/IMG_0156.jpeg","keywords":["100","EHU","fibrose pulmonaire","Journ\u00e9e d'\u00e9tude","Oran","sp\u00e9cialistes"],"articleSection":["R\u00e9gion"],"inLanguage":"fr-FR","potentialAction":[{"@type":"CommentAction","name":"Comment","target":["https:\/\/elmawkie.dz\/fr\/ehu-doran-plus-de-100-specialistes-a-la-journee-detude-sur-la-fibrose-pulmonaire\/#respond"]}]},{"@type":"WebPage","@id":"https:\/\/elmawkie.dz\/fr\/ehu-doran-plus-de-100-specialistes-a-la-journee-detude-sur-la-fibrose-pulmonaire\/","url":"https:\/\/elmawkie.dz\/fr\/ehu-doran-plus-de-100-specialistes-a-la-journee-detude-sur-la-fibrose-pulmonaire\/","name":"EHU d\u2019Oran : plus de 100 sp\u00e9cialistes \u00e0 la journ\u00e9e d\u2019\u00e9tude sur la \u2019\u2019fibrose pulmonaire\u2018\u2018 - El Mawkie","isPartOf":{"@id":"https:\/\/elmawkie.dz\/fr\/#website"},"primaryImageOfPage":{"@id":"https:\/\/elmawkie.dz\/fr\/ehu-doran-plus-de-100-specialistes-a-la-journee-detude-sur-la-fibrose-pulmonaire\/#primaryimage"},"image":{"@id":"https:\/\/elmawkie.dz\/fr\/ehu-doran-plus-de-100-specialistes-a-la-journee-detude-sur-la-fibrose-pulmonaire\/#primaryimage"},"thumbnailUrl":"https:\/\/elmawkie.dz\/fr\/wp-content\/uploads\/2025\/02\/IMG_0156.jpeg","datePublished":"2025-02-21T18:04:20+00:00","dateModified":"2025-02-21T18:06:25+00:00","breadcrumb":{"@id":"https:\/\/elmawkie.dz\/fr\/ehu-doran-plus-de-100-specialistes-a-la-journee-detude-sur-la-fibrose-pulmonaire\/#breadcrumb"},"inLanguage":"fr-FR","potentialAction":[{"@type":"ReadAction","target":["https:\/\/elmawkie.dz\/fr\/ehu-doran-plus-de-100-specialistes-a-la-journee-detude-sur-la-fibrose-pulmonaire\/"]}]},{"@type":"ImageObject","inLanguage":"fr-FR","@id":"https:\/\/elmawkie.dz\/fr\/ehu-doran-plus-de-100-specialistes-a-la-journee-detude-sur-la-fibrose-pulmonaire\/#primaryimage","url":"https:\/\/elmawkie.dz\/fr\/wp-content\/uploads\/2025\/02\/IMG_0156.jpeg","contentUrl":"https:\/\/elmawkie.dz\/fr\/wp-content\/uploads\/2025\/02\/IMG_0156.jpeg","width":1080,"height":720},{"@type":"BreadcrumbList","@id":"https:\/\/elmawkie.dz\/fr\/ehu-doran-plus-de-100-specialistes-a-la-journee-detude-sur-la-fibrose-pulmonaire\/#breadcrumb","itemListElement":[{"@type":"ListItem","position":1,"name":"Home","item":"https:\/\/elmawkie.dz\/fr\/"},{"@type":"ListItem","position":2,"name":"EHU d\u2019Oran : plus de 100 sp\u00e9cialistes \u00e0 la journ\u00e9e d\u2019\u00e9tude sur la \u2019\u2019fibrose pulmonaire\u2018\u2018"}]},{"@type":"WebSite","@id":"https:\/\/elmawkie.dz\/fr\/#website","url":"https:\/\/elmawkie.dz\/fr\/","name":"EL MAWKIE","description":"Journal \u00c9lectronique Alg\u00e9rien","publisher":{"@id":"https:\/\/elmawkie.dz\/fr\/#organization"},"potentialAction":[{"@type":"SearchAction","target":{"@type":"EntryPoint","urlTemplate":"https:\/\/elmawkie.dz\/fr\/?s={search_term_string}"},"query-input":"required name=search_term_string"}],"inLanguage":"fr-FR"},{"@type":"Organization","@id":"https:\/\/elmawkie.dz\/fr\/#organization","name":"EL MAWKIE","url":"https:\/\/elmawkie.dz\/fr\/","logo":{"@type":"ImageObject","inLanguage":"fr-FR","@id":"https:\/\/elmawkie.dz\/fr\/#\/schema\/logo\/image\/","url":"https:\/\/elmawkie.dz\/fr\/wp-content\/uploads\/2024\/05\/logo1.png","contentUrl":"https:\/\/elmawkie.dz\/fr\/wp-content\/uploads\/2024\/05\/logo1.png","width":1648,"height":652,"caption":"EL MAWKIE"},"image":{"@id":"https:\/\/elmawkie.dz\/fr\/#\/schema\/logo\/image\/"},"sameAs":["https:\/\/www.facebook.com\/profile.php?id=100088407094989&locale=fr_FR"]},{"@type":"Person","@id":"https:\/\/elmawkie.dz\/fr\/#\/schema\/person\/4ed8433201bc23634185d8dd37097c64","name":"Hamra Fouzia","image":{"@type":"ImageObject","inLanguage":"fr-FR","@id":"https:\/\/elmawkie.dz\/fr\/#\/schema\/person\/image\/","url":"https:\/\/secure.gravatar.com\/avatar\/ea215268aad51f3219f9a59227db6fa1?s=96&d=mm&r=g","contentUrl":"https:\/\/secure.gravatar.com\/avatar\/ea215268aad51f3219f9a59227db6fa1?s=96&d=mm&r=g","caption":"Hamra Fouzia"},"sameAs":["https:\/\/elmawkie.dz\/fr"],"url":"https:\/\/elmawkie.dz\/fr\/author\/elmawkie\/"}]}},"_links":{"self":[{"href":"https:\/\/elmawkie.dz\/fr\/wp-json\/wp\/v2\/posts\/47593","targetHints":{"allow":["GET"]}}],"collection":[{"href":"https:\/\/elmawkie.dz\/fr\/wp-json\/wp\/v2\/posts"}],"about":[{"href":"https:\/\/elmawkie.dz\/fr\/wp-json\/wp\/v2\/types\/post"}],"author":[{"embeddable":true,"href":"https:\/\/elmawkie.dz\/fr\/wp-json\/wp\/v2\/users\/3"}],"replies":[{"embeddable":true,"href":"https:\/\/elmawkie.dz\/fr\/wp-json\/wp\/v2\/comments?post=47593"}],"version-history":[{"count":2,"href":"https:\/\/elmawkie.dz\/fr\/wp-json\/wp\/v2\/posts\/47593\/revisions"}],"predecessor-version":[{"id":47598,"href":"https:\/\/elmawkie.dz\/fr\/wp-json\/wp\/v2\/posts\/47593\/revisions\/47598"}],"wp:featuredmedia":[{"embeddable":true,"href":"https:\/\/elmawkie.dz\/fr\/wp-json\/wp\/v2\/media\/47596"}],"wp:attachment":[{"href":"https:\/\/elmawkie.dz\/fr\/wp-json\/wp\/v2\/media?parent=47593"}],"wp:term":[{"taxonomy":"category","embeddable":true,"href":"https:\/\/elmawkie.dz\/fr\/wp-json\/wp\/v2\/categories?post=47593"},{"taxonomy":"post_tag","embeddable":true,"href":"https:\/\/elmawkie.dz\/fr\/wp-json\/wp\/v2\/tags?post=47593"}],"curies":[{"name":"wp","href":"https:\/\/api.w.org\/{rel}","templated":true}]}}