{"id":47589,"date":"2025-02-21T16:31:43","date_gmt":"2025-02-21T15:31:43","guid":{"rendered":"https:\/\/elmawkie.dz\/fr\/?p=47589"},"modified":"2025-02-21T16:31:44","modified_gmt":"2025-02-21T15:31:44","slug":"syrie-les-27-vont-suspendre-leurs-sanctions-lundi","status":"publish","type":"post","link":"https:\/\/elmawkie.dz\/fr\/syrie-les-27-vont-suspendre-leurs-sanctions-lundi\/","title":{"rendered":"Syrie: les 27 vont suspendre leurs sanctions lundi"},"content":{"rendered":"\n<p><em>Les pays de l&rsquo;Union europ\u00e9enne vont suspendre lundi leurs sanctions contre la Syrie, ont indiqu\u00e9 vendredi plusieurs diplomates \u00e0 Bruxelles. Les ministres des Affaires \u00e9trang\u00e8res des 27, r\u00e9unis lundi \u00e0 Bruxelles, vont formellement d\u00e9cider cette suspension apr\u00e8s un accord de principe d\u00e9j\u00e0 obtenu lors de leur pr\u00e9c\u00e9dente rencontre en janvier, ont assur\u00e9 ces diplomates. Ces sanctions concernent le secteur bancaire, de l&rsquo;\u00e9nergie et des transports.<\/em><\/p>\n","protected":false},"excerpt":{"rendered":"<p>Les pays de l&rsquo;Union europ\u00e9enne vont suspendre lundi leurs sanctions contre la Syrie, ont indiqu\u00e9 vendredi plusieurs diplomates \u00e0 Bruxelles. Les ministres des Affaires \u00e9trang\u00e8res des 27, r\u00e9unis lundi \u00e0 Bruxelles, vont formellement d\u00e9cider cette suspension apr\u00e8s un accord de principe d\u00e9j\u00e0 obtenu lors de leur pr\u00e9c\u00e9dente rencontre en janvier, ont assur\u00e9 ces diplomates. Ces &hellip;<\/p>\n","protected":false},"author":9,"featured_media":47591,"comment_status":"open","ping_status":"open","sticky":false,"template":"","format":"standard","meta":{"footnotes":""},"categories":[44],"tags":[2731,184,1084,2730],"class_list":["post-47589","post","type-post","status-publish","format-standard","has-post-thumbnail","hentry","category-international","tag-2731","tag-lunion-europeenne","tag-sanctions","tag-syrie"],"yoast_head":"<!-- This site is optimized with the Yoast SEO Premium plugin v22.6 (Yoast SEO v22.6) - https:\/\/yoast.com\/wordpress\/plugins\/seo\/ -->\n<title>Syrie: les 27 vont suspendre leurs sanctions lundi - El Mawkie<\/title>\n<meta name=\"robots\" content=\"index, follow, max-snippet:-1, max-image-preview:large, max-video-preview:-1\" \/>\n<link rel=\"canonical\" href=\"https:\/\/elmawkie.dz\/fr\/syrie-les-27-vont-suspendre-leurs-sanctions-lundi\/\" \/>\n<meta property=\"og:locale\" content=\"fr_FR\" \/>\n<meta property=\"og:type\" content=\"article\" \/>\n<meta property=\"og:title\" content=\"Syrie: les 27 vont suspendre leurs sanctions lundi\" \/>\n<meta property=\"og:description\" content=\"Les pays de l&rsquo;Union europ\u00e9enne vont suspendre lundi leurs sanctions contre la Syrie, ont indiqu\u00e9 vendredi plusieurs diplomates \u00e0 Bruxelles. Les ministres des Affaires \u00e9trang\u00e8res des 27, r\u00e9unis lundi \u00e0 Bruxelles, vont formellement d\u00e9cider cette suspension apr\u00e8s un accord de principe d\u00e9j\u00e0 obtenu lors de leur pr\u00e9c\u00e9dente rencontre en janvier, ont assur\u00e9 ces diplomates. Ces &hellip;\" \/>\n<meta property=\"og:url\" content=\"https:\/\/elmawkie.dz\/fr\/syrie-les-27-vont-suspendre-leurs-sanctions-lundi\/\" \/>\n<meta property=\"og:site_name\" content=\"El Mawkie\" \/>\n<meta property=\"article:publisher\" content=\"https:\/\/www.facebook.com\/profile.php?id=100088407094989&amp;locale=fr_FR\" \/>\n<meta property=\"article:published_time\" content=\"2025-02-21T15:31:43+00:00\" \/>\n<meta property=\"article:modified_time\" content=\"2025-02-21T15:31:44+00:00\" \/>\n<meta property=\"og:image\" content=\"https:\/\/elmawkie.dz\/fr\/wp-content\/uploads\/2025\/02\/IMG_0144.jpeg\" \/>\n\t<meta property=\"og:image:width\" content=\"695\" \/>\n\t<meta property=\"og:image:height\" content=\"441\" \/>\n\t<meta property=\"og:image:type\" content=\"image\/jpeg\" \/>\n<meta name=\"author\" content=\"R\u00e9daction\" \/>\n<meta name=\"twitter:card\" content=\"summary_large_image\" \/>\n<meta name=\"twitter:label1\" content=\"Written by\" \/>\n\t<meta name=\"twitter:data1\" content=\"R\u00e9daction\" \/>\n\t<meta name=\"twitter:label2\" content=\"Est. reading time\" \/>\n\t<meta name=\"twitter:data2\" content=\"1 minute\" \/>\n<script type=\"application\/ld+json\" class=\"yoast-schema-graph\">{\"@context\":\"https:\/\/schema.org\",\"@graph\":[{\"@type\":\"Article\",\"@id\":\"https:\/\/elmawkie.dz\/fr\/syrie-les-27-vont-suspendre-leurs-sanctions-lundi\/#article\",\"isPartOf\":{\"@id\":\"https:\/\/elmawkie.dz\/fr\/syrie-les-27-vont-suspendre-leurs-sanctions-lundi\/\"},\"author\":{\"name\":\"R\u00e9daction\",\"@id\":\"https:\/\/elmawkie.dz\/fr\/#\/schema\/person\/e7bd59d6467874ba5c4723d8a9f0a63c\"},\"headline\":\"Syrie: les 27 vont suspendre leurs sanctions lundi\",\"datePublished\":\"2025-02-21T15:31:43+00:00\",\"dateModified\":\"2025-02-21T15:31:44+00:00\",\"mainEntityOfPage\":{\"@id\":\"https:\/\/elmawkie.dz\/fr\/syrie-les-27-vont-suspendre-leurs-sanctions-lundi\/\"},\"wordCount\":79,\"commentCount\":0,\"publisher\":{\"@id\":\"https:\/\/elmawkie.dz\/fr\/#organization\"},\"image\":{\"@id\":\"https:\/\/elmawkie.dz\/fr\/syrie-les-27-vont-suspendre-leurs-sanctions-lundi\/#primaryimage\"},\"thumbnailUrl\":\"https:\/\/elmawkie.dz\/fr\/wp-content\/uploads\/2025\/02\/IMG_0144.jpeg\",\"keywords\":[\"27\",\"L\u2019Union europ\u00e9enne\",\"sanctions\",\"Syrie\"],\"articleSection\":[\"International\"],\"inLanguage\":\"fr-FR\",\"potentialAction\":[{\"@type\":\"CommentAction\",\"name\":\"Comment\",\"target\":[\"https:\/\/elmawkie.dz\/fr\/syrie-les-27-vont-suspendre-leurs-sanctions-lundi\/#respond\"]}]},{\"@type\":\"WebPage\",\"@id\":\"https:\/\/elmawkie.dz\/fr\/syrie-les-27-vont-suspendre-leurs-sanctions-lundi\/\",\"url\":\"https:\/\/elmawkie.dz\/fr\/syrie-les-27-vont-suspendre-leurs-sanctions-lundi\/\",\"name\":\"Syrie: les 27 vont suspendre leurs sanctions lundi - El Mawkie\",\"isPartOf\":{\"@id\":\"https:\/\/elmawkie.dz\/fr\/#website\"},\"primaryImageOfPage\":{\"@id\":\"https:\/\/elmawkie.dz\/fr\/syrie-les-27-vont-suspendre-leurs-sanctions-lundi\/#primaryimage\"},\"image\":{\"@id\":\"https:\/\/elmawkie.dz\/fr\/syrie-les-27-vont-suspendre-leurs-sanctions-lundi\/#primaryimage\"},\"thumbnailUrl\":\"https:\/\/elmawkie.dz\/fr\/wp-content\/uploads\/2025\/02\/IMG_0144.jpeg\",\"datePublished\":\"2025-02-21T15:31:43+00:00\",\"dateModified\":\"2025-02-21T15:31:44+00:00\",\"breadcrumb\":{\"@id\":\"https:\/\/elmawkie.dz\/fr\/syrie-les-27-vont-suspendre-leurs-sanctions-lundi\/#breadcrumb\"},\"inLanguage\":\"fr-FR\",\"potentialAction\":[{\"@type\":\"ReadAction\",\"target\":[\"https:\/\/elmawkie.dz\/fr\/syrie-les-27-vont-suspendre-leurs-sanctions-lundi\/\"]}]},{\"@type\":\"ImageObject\",\"inLanguage\":\"fr-FR\",\"@id\":\"https:\/\/elmawkie.dz\/fr\/syrie-les-27-vont-suspendre-leurs-sanctions-lundi\/#primaryimage\",\"url\":\"https:\/\/elmawkie.dz\/fr\/wp-content\/uploads\/2025\/02\/IMG_0144.jpeg\",\"contentUrl\":\"https:\/\/elmawkie.dz\/fr\/wp-content\/uploads\/2025\/02\/IMG_0144.jpeg\",\"width\":695,\"height\":441},{\"@type\":\"BreadcrumbList\",\"@id\":\"https:\/\/elmawkie.dz\/fr\/syrie-les-27-vont-suspendre-leurs-sanctions-lundi\/#breadcrumb\",\"itemListElement\":[{\"@type\":\"ListItem\",\"position\":1,\"name\":\"Home\",\"item\":\"https:\/\/elmawkie.dz\/fr\/\"},{\"@type\":\"ListItem\",\"position\":2,\"name\":\"Syrie: les 27 vont suspendre leurs sanctions lundi\"}]},{\"@type\":\"WebSite\",\"@id\":\"https:\/\/elmawkie.dz\/fr\/#website\",\"url\":\"https:\/\/elmawkie.dz\/fr\/\",\"name\":\"EL MAWKIE\",\"description\":\"Journal \u00c9lectronique Alg\u00e9rien\",\"publisher\":{\"@id\":\"https:\/\/elmawkie.dz\/fr\/#organization\"},\"potentialAction\":[{\"@type\":\"SearchAction\",\"target\":{\"@type\":\"EntryPoint\",\"urlTemplate\":\"https:\/\/elmawkie.dz\/fr\/?s={search_term_string}\"},\"query-input\":\"required name=search_term_string\"}],\"inLanguage\":\"fr-FR\"},{\"@type\":\"Organization\",\"@id\":\"https:\/\/elmawkie.dz\/fr\/#organization\",\"name\":\"EL MAWKIE\",\"url\":\"https:\/\/elmawkie.dz\/fr\/\",\"logo\":{\"@type\":\"ImageObject\",\"inLanguage\":\"fr-FR\",\"@id\":\"https:\/\/elmawkie.dz\/fr\/#\/schema\/logo\/image\/\",\"url\":\"https:\/\/elmawkie.dz\/fr\/wp-content\/uploads\/2024\/05\/logo1.png\",\"contentUrl\":\"https:\/\/elmawkie.dz\/fr\/wp-content\/uploads\/2024\/05\/logo1.png\",\"width\":1648,\"height\":652,\"caption\":\"EL MAWKIE\"},\"image\":{\"@id\":\"https:\/\/elmawkie.dz\/fr\/#\/schema\/logo\/image\/\"},\"sameAs\":[\"https:\/\/www.facebook.com\/profile.php?id=100088407094989&locale=fr_FR\"]},{\"@type\":\"Person\",\"@id\":\"https:\/\/elmawkie.dz\/fr\/#\/schema\/person\/e7bd59d6467874ba5c4723d8a9f0a63c\",\"name\":\"R\u00e9daction\",\"image\":{\"@type\":\"ImageObject\",\"inLanguage\":\"fr-FR\",\"@id\":\"https:\/\/elmawkie.dz\/fr\/#\/schema\/person\/image\/\",\"url\":\"https:\/\/secure.gravatar.com\/avatar\/f0f773456344da4d2788c054a3d30a0c?s=96&d=mm&r=g\",\"contentUrl\":\"https:\/\/secure.gravatar.com\/avatar\/f0f773456344da4d2788c054a3d30a0c?s=96&d=mm&r=g\",\"caption\":\"R\u00e9daction\"},\"url\":\"https:\/\/elmawkie.dz\/fr\/author\/redaction\/\"}]}<\/script>\n<!-- \/ Yoast SEO Premium plugin. -->","yoast_head_json":{"title":"Syrie: les 27 vont suspendre leurs sanctions lundi - El Mawkie","robots":{"index":"index","follow":"follow","max-snippet":"max-snippet:-1","max-image-preview":"max-image-preview:large","max-video-preview":"max-video-preview:-1"},"canonical":"https:\/\/elmawkie.dz\/fr\/syrie-les-27-vont-suspendre-leurs-sanctions-lundi\/","og_locale":"fr_FR","og_type":"article","og_title":"Syrie: les 27 vont suspendre leurs sanctions lundi","og_description":"Les pays de l&rsquo;Union europ\u00e9enne vont suspendre lundi leurs sanctions contre la Syrie, ont indiqu\u00e9 vendredi plusieurs diplomates \u00e0 Bruxelles. Les ministres des Affaires \u00e9trang\u00e8res des 27, r\u00e9unis lundi \u00e0 Bruxelles, vont formellement d\u00e9cider cette suspension apr\u00e8s un accord de principe d\u00e9j\u00e0 obtenu lors de leur pr\u00e9c\u00e9dente rencontre en janvier, ont assur\u00e9 ces diplomates. Ces &hellip;","og_url":"https:\/\/elmawkie.dz\/fr\/syrie-les-27-vont-suspendre-leurs-sanctions-lundi\/","og_site_name":"El Mawkie","article_publisher":"https:\/\/www.facebook.com\/profile.php?id=100088407094989&locale=fr_FR","article_published_time":"2025-02-21T15:31:43+00:00","article_modified_time":"2025-02-21T15:31:44+00:00","og_image":[{"width":695,"height":441,"url":"https:\/\/elmawkie.dz\/fr\/wp-content\/uploads\/2025\/02\/IMG_0144.jpeg","type":"image\/jpeg"}],"author":"R\u00e9daction","twitter_card":"summary_large_image","twitter_misc":{"Written by":"R\u00e9daction","Est. reading time":"1 minute"},"schema":{"@context":"https:\/\/schema.org","@graph":[{"@type":"Article","@id":"https:\/\/elmawkie.dz\/fr\/syrie-les-27-vont-suspendre-leurs-sanctions-lundi\/#article","isPartOf":{"@id":"https:\/\/elmawkie.dz\/fr\/syrie-les-27-vont-suspendre-leurs-sanctions-lundi\/"},"author":{"name":"R\u00e9daction","@id":"https:\/\/elmawkie.dz\/fr\/#\/schema\/person\/e7bd59d6467874ba5c4723d8a9f0a63c"},"headline":"Syrie: les 27 vont suspendre leurs sanctions lundi","datePublished":"2025-02-21T15:31:43+00:00","dateModified":"2025-02-21T15:31:44+00:00","mainEntityOfPage":{"@id":"https:\/\/elmawkie.dz\/fr\/syrie-les-27-vont-suspendre-leurs-sanctions-lundi\/"},"wordCount":79,"commentCount":0,"publisher":{"@id":"https:\/\/elmawkie.dz\/fr\/#organization"},"image":{"@id":"https:\/\/elmawkie.dz\/fr\/syrie-les-27-vont-suspendre-leurs-sanctions-lundi\/#primaryimage"},"thumbnailUrl":"https:\/\/elmawkie.dz\/fr\/wp-content\/uploads\/2025\/02\/IMG_0144.jpeg","keywords":["27","L\u2019Union europ\u00e9enne","sanctions","Syrie"],"articleSection":["International"],"inLanguage":"fr-FR","potentialAction":[{"@type":"CommentAction","name":"Comment","target":["https:\/\/elmawkie.dz\/fr\/syrie-les-27-vont-suspendre-leurs-sanctions-lundi\/#respond"]}]},{"@type":"WebPage","@id":"https:\/\/elmawkie.dz\/fr\/syrie-les-27-vont-suspendre-leurs-sanctions-lundi\/","url":"https:\/\/elmawkie.dz\/fr\/syrie-les-27-vont-suspendre-leurs-sanctions-lundi\/","name":"Syrie: les 27 vont suspendre leurs sanctions lundi - El Mawkie","isPartOf":{"@id":"https:\/\/elmawkie.dz\/fr\/#website"},"primaryImageOfPage":{"@id":"https:\/\/elmawkie.dz\/fr\/syrie-les-27-vont-suspendre-leurs-sanctions-lundi\/#primaryimage"},"image":{"@id":"https:\/\/elmawkie.dz\/fr\/syrie-les-27-vont-suspendre-leurs-sanctions-lundi\/#primaryimage"},"thumbnailUrl":"https:\/\/elmawkie.dz\/fr\/wp-content\/uploads\/2025\/02\/IMG_0144.jpeg","datePublished":"2025-02-21T15:31:43+00:00","dateModified":"2025-02-21T15:31:44+00:00","breadcrumb":{"@id":"https:\/\/elmawkie.dz\/fr\/syrie-les-27-vont-suspendre-leurs-sanctions-lundi\/#breadcrumb"},"inLanguage":"fr-FR","potentialAction":[{"@type":"ReadAction","target":["https:\/\/elmawkie.dz\/fr\/syrie-les-27-vont-suspendre-leurs-sanctions-lundi\/"]}]},{"@type":"ImageObject","inLanguage":"fr-FR","@id":"https:\/\/elmawkie.dz\/fr\/syrie-les-27-vont-suspendre-leurs-sanctions-lundi\/#primaryimage","url":"https:\/\/elmawkie.dz\/fr\/wp-content\/uploads\/2025\/02\/IMG_0144.jpeg","contentUrl":"https:\/\/elmawkie.dz\/fr\/wp-content\/uploads\/2025\/02\/IMG_0144.jpeg","width":695,"height":441},{"@type":"BreadcrumbList","@id":"https:\/\/elmawkie.dz\/fr\/syrie-les-27-vont-suspendre-leurs-sanctions-lundi\/#breadcrumb","itemListElement":[{"@type":"ListItem","position":1,"name":"Home","item":"https:\/\/elmawkie.dz\/fr\/"},{"@type":"ListItem","position":2,"name":"Syrie: les 27 vont suspendre leurs sanctions lundi"}]},{"@type":"WebSite","@id":"https:\/\/elmawkie.dz\/fr\/#website","url":"https:\/\/elmawkie.dz\/fr\/","name":"EL MAWKIE","description":"Journal \u00c9lectronique Alg\u00e9rien","publisher":{"@id":"https:\/\/elmawkie.dz\/fr\/#organization"},"potentialAction":[{"@type":"SearchAction","target":{"@type":"EntryPoint","urlTemplate":"https:\/\/elmawkie.dz\/fr\/?s={search_term_string}"},"query-input":"required name=search_term_string"}],"inLanguage":"fr-FR"},{"@type":"Organization","@id":"https:\/\/elmawkie.dz\/fr\/#organization","name":"EL MAWKIE","url":"https:\/\/elmawkie.dz\/fr\/","logo":{"@type":"ImageObject","inLanguage":"fr-FR","@id":"https:\/\/elmawkie.dz\/fr\/#\/schema\/logo\/image\/","url":"https:\/\/elmawkie.dz\/fr\/wp-content\/uploads\/2024\/05\/logo1.png","contentUrl":"https:\/\/elmawkie.dz\/fr\/wp-content\/uploads\/2024\/05\/logo1.png","width":1648,"height":652,"caption":"EL MAWKIE"},"image":{"@id":"https:\/\/elmawkie.dz\/fr\/#\/schema\/logo\/image\/"},"sameAs":["https:\/\/www.facebook.com\/profile.php?id=100088407094989&locale=fr_FR"]},{"@type":"Person","@id":"https:\/\/elmawkie.dz\/fr\/#\/schema\/person\/e7bd59d6467874ba5c4723d8a9f0a63c","name":"R\u00e9daction","image":{"@type":"ImageObject","inLanguage":"fr-FR","@id":"https:\/\/elmawkie.dz\/fr\/#\/schema\/person\/image\/","url":"https:\/\/secure.gravatar.com\/avatar\/f0f773456344da4d2788c054a3d30a0c?s=96&d=mm&r=g","contentUrl":"https:\/\/secure.gravatar.com\/avatar\/f0f773456344da4d2788c054a3d30a0c?s=96&d=mm&r=g","caption":"R\u00e9daction"},"url":"https:\/\/elmawkie.dz\/fr\/author\/redaction\/"}]}},"_links":{"self":[{"href":"https:\/\/elmawkie.dz\/fr\/wp-json\/wp\/v2\/posts\/47589","targetHints":{"allow":["GET"]}}],"collection":[{"href":"https:\/\/elmawkie.dz\/fr\/wp-json\/wp\/v2\/posts"}],"about":[{"href":"https:\/\/elmawkie.dz\/fr\/wp-json\/wp\/v2\/types\/post"}],"author":[{"embeddable":true,"href":"https:\/\/elmawkie.dz\/fr\/wp-json\/wp\/v2\/users\/9"}],"replies":[{"embeddable":true,"href":"https:\/\/elmawkie.dz\/fr\/wp-json\/wp\/v2\/comments?post=47589"}],"version-history":[{"count":1,"href":"https:\/\/elmawkie.dz\/fr\/wp-json\/wp\/v2\/posts\/47589\/revisions"}],"predecessor-version":[{"id":47592,"href":"https:\/\/elmawkie.dz\/fr\/wp-json\/wp\/v2\/posts\/47589\/revisions\/47592"}],"wp:featuredmedia":[{"embeddable":true,"href":"https:\/\/elmawkie.dz\/fr\/wp-json\/wp\/v2\/media\/47591"}],"wp:attachment":[{"href":"https:\/\/elmawkie.dz\/fr\/wp-json\/wp\/v2\/media?parent=47589"}],"wp:term":[{"taxonomy":"category","embeddable":true,"href":"https:\/\/elmawkie.dz\/fr\/wp-json\/wp\/v2\/categories?post=47589"},{"taxonomy":"post_tag","embeddable":true,"href":"https:\/\/elmawkie.dz\/fr\/wp-json\/wp\/v2\/tags?post=47589"}],"curies":[{"name":"wp","href":"https:\/\/api.w.org\/{rel}","templated":true}]}}