{"id":47437,"date":"2025-02-17T18:27:13","date_gmt":"2025-02-17T17:27:13","guid":{"rendered":"https:\/\/elmawkie.dz\/fr\/?p=47437"},"modified":"2025-02-17T18:27:13","modified_gmt":"2025-02-17T17:27:13","slug":"mobilis-participe-a-la-3eme-edition-du-cto-forum-algeria","status":"publish","type":"post","link":"https:\/\/elmawkie.dz\/fr\/mobilis-participe-a-la-3eme-edition-du-cto-forum-algeria\/","title":{"rendered":"Mobilis participe \u00e0 la 3\u00e8me \u00e9dition du \u00ab\u00a0CTO Forum Algeria\u00a0\u00bb"},"content":{"rendered":"\n<p><em><strong>L&rsquo;entreprise Mobilis participe \u00e0 la 3\u00e8me \u00e9dition du Forum des technologies de l&rsquo;information et de la communication \u00ab\u00a0CTO Forum Algeria\u00a0\u00bb, qui se tient, du lundi au mercredi, au Palais de la culture Moufdi Zakaria \u00e0 Alger. \u00ab\u00a0Mobilis, acteur majeur dans le secteur des t\u00e9l\u00e9communications en Alg\u00e9rie, marquera sa pr\u00e9sence au forum \u00e0 travers un stand, au niveau duquel ses conseillers technico-commerciaux exposeront les derni\u00e8res innovations et solutions adapt\u00e9es aux besoins des entreprises et ses visiteurs\u00a0\u00bb, indique un communiqu\u00e9 de l&rsquo;entreprise. A travers sa participation \u00e0 cet important espace technologique, \u00ab\u00a0ATM Mobilis confirme sa volont\u00e9 d&rsquo;accompagner les entreprises dans leur transition num\u00e9rique et renforcer son engagement envers la transformation digitale\u00a0\u00bb, pr\u00e9cise la m\u00eame source. CTO Forum Algeria est \u00ab\u00a0le rendez-vous des principaux acteurs locaux et internationaux de l&rsquo;\u00e9cosyst\u00e8me IT, un lieu de rencontre et d&rsquo;\u00e9changes propice \u00e0 la concr\u00e9tisation de partenariats, ainsi qu&rsquo;un espace de r\u00e9flexion, autour de l&rsquo;\u00e9volution des technologies de l&rsquo;information et de la communication \u00e0 l&rsquo;heure des enjeux et des d\u00e9fis de d\u00e9veloppement de l&rsquo;\u00e9conomie num\u00e9rique\u00a0\u00bb, note le communiqu\u00e9.<\/strong><\/em><\/p>\n","protected":false},"excerpt":{"rendered":"<p>L&rsquo;entreprise Mobilis participe \u00e0 la 3\u00e8me \u00e9dition du Forum des technologies de l&rsquo;information et de la communication \u00ab\u00a0CTO Forum Algeria\u00a0\u00bb, qui se tient, du lundi au mercredi, au Palais de la culture Moufdi Zakaria \u00e0 Alger. \u00ab\u00a0Mobilis, acteur majeur dans le secteur des t\u00e9l\u00e9communications en Alg\u00e9rie, marquera sa pr\u00e9sence au forum \u00e0 travers un stand, &hellip;<\/p>\n","protected":false},"author":9,"featured_media":47439,"comment_status":"open","ping_status":"open","sticky":false,"template":"","format":"standard","meta":{"footnotes":""},"categories":[51],"tags":[2693,2227,1082],"class_list":["post-47437","post","type-post","status-publish","format-standard","has-post-thumbnail","hentry","category-societe","tag-cto-forum-algeria","tag-la-3eme-edition","tag-mobilis"],"yoast_head":"<!-- This site is optimized with the Yoast SEO Premium plugin v22.6 (Yoast SEO v22.6) - https:\/\/yoast.com\/wordpress\/plugins\/seo\/ -->\n<title>Mobilis participe \u00e0 la 3\u00e8me \u00e9dition du &quot;CTO Forum Algeria&quot; - El Mawkie<\/title>\n<meta name=\"robots\" content=\"index, follow, max-snippet:-1, max-image-preview:large, max-video-preview:-1\" \/>\n<link rel=\"canonical\" href=\"https:\/\/elmawkie.dz\/fr\/mobilis-participe-a-la-3eme-edition-du-cto-forum-algeria\/\" \/>\n<meta property=\"og:locale\" content=\"fr_FR\" \/>\n<meta property=\"og:type\" content=\"article\" \/>\n<meta property=\"og:title\" content=\"Mobilis participe \u00e0 la 3\u00e8me \u00e9dition du &quot;CTO Forum Algeria&quot;\" \/>\n<meta property=\"og:description\" content=\"L&rsquo;entreprise Mobilis participe \u00e0 la 3\u00e8me \u00e9dition du Forum des technologies de l&rsquo;information et de la communication \u00ab\u00a0CTO Forum Algeria\u00a0\u00bb, qui se tient, du lundi au mercredi, au Palais de la culture Moufdi Zakaria \u00e0 Alger. \u00ab\u00a0Mobilis, acteur majeur dans le secteur des t\u00e9l\u00e9communications en Alg\u00e9rie, marquera sa pr\u00e9sence au forum \u00e0 travers un stand, &hellip;\" \/>\n<meta property=\"og:url\" content=\"https:\/\/elmawkie.dz\/fr\/mobilis-participe-a-la-3eme-edition-du-cto-forum-algeria\/\" \/>\n<meta property=\"og:site_name\" content=\"El Mawkie\" \/>\n<meta property=\"article:publisher\" content=\"https:\/\/www.facebook.com\/profile.php?id=100088407094989&amp;locale=fr_FR\" \/>\n<meta property=\"article:published_time\" content=\"2025-02-17T17:27:13+00:00\" \/>\n<meta property=\"og:image\" content=\"https:\/\/elmawkie.dz\/fr\/wp-content\/uploads\/2025\/02\/IMG_9974.jpeg\" \/>\n\t<meta property=\"og:image:width\" content=\"640\" \/>\n\t<meta property=\"og:image:height\" content=\"480\" \/>\n\t<meta property=\"og:image:type\" content=\"image\/jpeg\" \/>\n<meta name=\"author\" content=\"R\u00e9daction\" \/>\n<meta name=\"twitter:card\" content=\"summary_large_image\" \/>\n<meta name=\"twitter:label1\" content=\"Written by\" \/>\n\t<meta name=\"twitter:data1\" content=\"R\u00e9daction\" \/>\n\t<meta name=\"twitter:label2\" content=\"Est. reading time\" \/>\n\t<meta name=\"twitter:data2\" content=\"2 minutes\" \/>\n<script type=\"application\/ld+json\" class=\"yoast-schema-graph\">{\"@context\":\"https:\/\/schema.org\",\"@graph\":[{\"@type\":\"Article\",\"@id\":\"https:\/\/elmawkie.dz\/fr\/mobilis-participe-a-la-3eme-edition-du-cto-forum-algeria\/#article\",\"isPartOf\":{\"@id\":\"https:\/\/elmawkie.dz\/fr\/mobilis-participe-a-la-3eme-edition-du-cto-forum-algeria\/\"},\"author\":{\"name\":\"R\u00e9daction\",\"@id\":\"https:\/\/elmawkie.dz\/fr\/#\/schema\/person\/e7bd59d6467874ba5c4723d8a9f0a63c\"},\"headline\":\"Mobilis participe \u00e0 la 3\u00e8me \u00e9dition du \u00ab\u00a0CTO Forum Algeria\u00a0\u00bb\",\"datePublished\":\"2025-02-17T17:27:13+00:00\",\"dateModified\":\"2025-02-17T17:27:13+00:00\",\"mainEntityOfPage\":{\"@id\":\"https:\/\/elmawkie.dz\/fr\/mobilis-participe-a-la-3eme-edition-du-cto-forum-algeria\/\"},\"wordCount\":200,\"commentCount\":0,\"publisher\":{\"@id\":\"https:\/\/elmawkie.dz\/fr\/#organization\"},\"image\":{\"@id\":\"https:\/\/elmawkie.dz\/fr\/mobilis-participe-a-la-3eme-edition-du-cto-forum-algeria\/#primaryimage\"},\"thumbnailUrl\":\"https:\/\/elmawkie.dz\/fr\/wp-content\/uploads\/2025\/02\/IMG_9974.jpeg\",\"keywords\":[\"CTO Forum Algeria\",\"la 3\u00e8me \u00e9dition\",\"mobilis\"],\"articleSection\":[\"Soci\u00e9t\u00e9\"],\"inLanguage\":\"fr-FR\",\"potentialAction\":[{\"@type\":\"CommentAction\",\"name\":\"Comment\",\"target\":[\"https:\/\/elmawkie.dz\/fr\/mobilis-participe-a-la-3eme-edition-du-cto-forum-algeria\/#respond\"]}]},{\"@type\":\"WebPage\",\"@id\":\"https:\/\/elmawkie.dz\/fr\/mobilis-participe-a-la-3eme-edition-du-cto-forum-algeria\/\",\"url\":\"https:\/\/elmawkie.dz\/fr\/mobilis-participe-a-la-3eme-edition-du-cto-forum-algeria\/\",\"name\":\"Mobilis participe \u00e0 la 3\u00e8me \u00e9dition du \\\"CTO Forum Algeria\\\" - El Mawkie\",\"isPartOf\":{\"@id\":\"https:\/\/elmawkie.dz\/fr\/#website\"},\"primaryImageOfPage\":{\"@id\":\"https:\/\/elmawkie.dz\/fr\/mobilis-participe-a-la-3eme-edition-du-cto-forum-algeria\/#primaryimage\"},\"image\":{\"@id\":\"https:\/\/elmawkie.dz\/fr\/mobilis-participe-a-la-3eme-edition-du-cto-forum-algeria\/#primaryimage\"},\"thumbnailUrl\":\"https:\/\/elmawkie.dz\/fr\/wp-content\/uploads\/2025\/02\/IMG_9974.jpeg\",\"datePublished\":\"2025-02-17T17:27:13+00:00\",\"dateModified\":\"2025-02-17T17:27:13+00:00\",\"breadcrumb\":{\"@id\":\"https:\/\/elmawkie.dz\/fr\/mobilis-participe-a-la-3eme-edition-du-cto-forum-algeria\/#breadcrumb\"},\"inLanguage\":\"fr-FR\",\"potentialAction\":[{\"@type\":\"ReadAction\",\"target\":[\"https:\/\/elmawkie.dz\/fr\/mobilis-participe-a-la-3eme-edition-du-cto-forum-algeria\/\"]}]},{\"@type\":\"ImageObject\",\"inLanguage\":\"fr-FR\",\"@id\":\"https:\/\/elmawkie.dz\/fr\/mobilis-participe-a-la-3eme-edition-du-cto-forum-algeria\/#primaryimage\",\"url\":\"https:\/\/elmawkie.dz\/fr\/wp-content\/uploads\/2025\/02\/IMG_9974.jpeg\",\"contentUrl\":\"https:\/\/elmawkie.dz\/fr\/wp-content\/uploads\/2025\/02\/IMG_9974.jpeg\",\"width\":640,\"height\":480},{\"@type\":\"BreadcrumbList\",\"@id\":\"https:\/\/elmawkie.dz\/fr\/mobilis-participe-a-la-3eme-edition-du-cto-forum-algeria\/#breadcrumb\",\"itemListElement\":[{\"@type\":\"ListItem\",\"position\":1,\"name\":\"Home\",\"item\":\"https:\/\/elmawkie.dz\/fr\/\"},{\"@type\":\"ListItem\",\"position\":2,\"name\":\"Mobilis participe \u00e0 la 3\u00e8me \u00e9dition du \u00ab\u00a0CTO Forum Algeria\u00a0\u00bb\"}]},{\"@type\":\"WebSite\",\"@id\":\"https:\/\/elmawkie.dz\/fr\/#website\",\"url\":\"https:\/\/elmawkie.dz\/fr\/\",\"name\":\"EL MAWKIE\",\"description\":\"Journal \u00c9lectronique Alg\u00e9rien\",\"publisher\":{\"@id\":\"https:\/\/elmawkie.dz\/fr\/#organization\"},\"potentialAction\":[{\"@type\":\"SearchAction\",\"target\":{\"@type\":\"EntryPoint\",\"urlTemplate\":\"https:\/\/elmawkie.dz\/fr\/?s={search_term_string}\"},\"query-input\":\"required name=search_term_string\"}],\"inLanguage\":\"fr-FR\"},{\"@type\":\"Organization\",\"@id\":\"https:\/\/elmawkie.dz\/fr\/#organization\",\"name\":\"EL MAWKIE\",\"url\":\"https:\/\/elmawkie.dz\/fr\/\",\"logo\":{\"@type\":\"ImageObject\",\"inLanguage\":\"fr-FR\",\"@id\":\"https:\/\/elmawkie.dz\/fr\/#\/schema\/logo\/image\/\",\"url\":\"https:\/\/elmawkie.dz\/fr\/wp-content\/uploads\/2024\/05\/logo1.png\",\"contentUrl\":\"https:\/\/elmawkie.dz\/fr\/wp-content\/uploads\/2024\/05\/logo1.png\",\"width\":1648,\"height\":652,\"caption\":\"EL MAWKIE\"},\"image\":{\"@id\":\"https:\/\/elmawkie.dz\/fr\/#\/schema\/logo\/image\/\"},\"sameAs\":[\"https:\/\/www.facebook.com\/profile.php?id=100088407094989&locale=fr_FR\"]},{\"@type\":\"Person\",\"@id\":\"https:\/\/elmawkie.dz\/fr\/#\/schema\/person\/e7bd59d6467874ba5c4723d8a9f0a63c\",\"name\":\"R\u00e9daction\",\"image\":{\"@type\":\"ImageObject\",\"inLanguage\":\"fr-FR\",\"@id\":\"https:\/\/elmawkie.dz\/fr\/#\/schema\/person\/image\/\",\"url\":\"https:\/\/secure.gravatar.com\/avatar\/f0f773456344da4d2788c054a3d30a0c?s=96&d=mm&r=g\",\"contentUrl\":\"https:\/\/secure.gravatar.com\/avatar\/f0f773456344da4d2788c054a3d30a0c?s=96&d=mm&r=g\",\"caption\":\"R\u00e9daction\"},\"url\":\"https:\/\/elmawkie.dz\/fr\/author\/redaction\/\"}]}<\/script>\n<!-- \/ Yoast SEO Premium plugin. -->","yoast_head_json":{"title":"Mobilis participe \u00e0 la 3\u00e8me \u00e9dition du \"CTO Forum Algeria\" - El Mawkie","robots":{"index":"index","follow":"follow","max-snippet":"max-snippet:-1","max-image-preview":"max-image-preview:large","max-video-preview":"max-video-preview:-1"},"canonical":"https:\/\/elmawkie.dz\/fr\/mobilis-participe-a-la-3eme-edition-du-cto-forum-algeria\/","og_locale":"fr_FR","og_type":"article","og_title":"Mobilis participe \u00e0 la 3\u00e8me \u00e9dition du \"CTO Forum Algeria\"","og_description":"L&rsquo;entreprise Mobilis participe \u00e0 la 3\u00e8me \u00e9dition du Forum des technologies de l&rsquo;information et de la communication \u00ab\u00a0CTO Forum Algeria\u00a0\u00bb, qui se tient, du lundi au mercredi, au Palais de la culture Moufdi Zakaria \u00e0 Alger. \u00ab\u00a0Mobilis, acteur majeur dans le secteur des t\u00e9l\u00e9communications en Alg\u00e9rie, marquera sa pr\u00e9sence au forum \u00e0 travers un stand, &hellip;","og_url":"https:\/\/elmawkie.dz\/fr\/mobilis-participe-a-la-3eme-edition-du-cto-forum-algeria\/","og_site_name":"El Mawkie","article_publisher":"https:\/\/www.facebook.com\/profile.php?id=100088407094989&locale=fr_FR","article_published_time":"2025-02-17T17:27:13+00:00","og_image":[{"width":640,"height":480,"url":"https:\/\/elmawkie.dz\/fr\/wp-content\/uploads\/2025\/02\/IMG_9974.jpeg","type":"image\/jpeg"}],"author":"R\u00e9daction","twitter_card":"summary_large_image","twitter_misc":{"Written by":"R\u00e9daction","Est. reading time":"2 minutes"},"schema":{"@context":"https:\/\/schema.org","@graph":[{"@type":"Article","@id":"https:\/\/elmawkie.dz\/fr\/mobilis-participe-a-la-3eme-edition-du-cto-forum-algeria\/#article","isPartOf":{"@id":"https:\/\/elmawkie.dz\/fr\/mobilis-participe-a-la-3eme-edition-du-cto-forum-algeria\/"},"author":{"name":"R\u00e9daction","@id":"https:\/\/elmawkie.dz\/fr\/#\/schema\/person\/e7bd59d6467874ba5c4723d8a9f0a63c"},"headline":"Mobilis participe \u00e0 la 3\u00e8me \u00e9dition du \u00ab\u00a0CTO Forum Algeria\u00a0\u00bb","datePublished":"2025-02-17T17:27:13+00:00","dateModified":"2025-02-17T17:27:13+00:00","mainEntityOfPage":{"@id":"https:\/\/elmawkie.dz\/fr\/mobilis-participe-a-la-3eme-edition-du-cto-forum-algeria\/"},"wordCount":200,"commentCount":0,"publisher":{"@id":"https:\/\/elmawkie.dz\/fr\/#organization"},"image":{"@id":"https:\/\/elmawkie.dz\/fr\/mobilis-participe-a-la-3eme-edition-du-cto-forum-algeria\/#primaryimage"},"thumbnailUrl":"https:\/\/elmawkie.dz\/fr\/wp-content\/uploads\/2025\/02\/IMG_9974.jpeg","keywords":["CTO Forum Algeria","la 3\u00e8me \u00e9dition","mobilis"],"articleSection":["Soci\u00e9t\u00e9"],"inLanguage":"fr-FR","potentialAction":[{"@type":"CommentAction","name":"Comment","target":["https:\/\/elmawkie.dz\/fr\/mobilis-participe-a-la-3eme-edition-du-cto-forum-algeria\/#respond"]}]},{"@type":"WebPage","@id":"https:\/\/elmawkie.dz\/fr\/mobilis-participe-a-la-3eme-edition-du-cto-forum-algeria\/","url":"https:\/\/elmawkie.dz\/fr\/mobilis-participe-a-la-3eme-edition-du-cto-forum-algeria\/","name":"Mobilis participe \u00e0 la 3\u00e8me \u00e9dition du \"CTO Forum Algeria\" - El Mawkie","isPartOf":{"@id":"https:\/\/elmawkie.dz\/fr\/#website"},"primaryImageOfPage":{"@id":"https:\/\/elmawkie.dz\/fr\/mobilis-participe-a-la-3eme-edition-du-cto-forum-algeria\/#primaryimage"},"image":{"@id":"https:\/\/elmawkie.dz\/fr\/mobilis-participe-a-la-3eme-edition-du-cto-forum-algeria\/#primaryimage"},"thumbnailUrl":"https:\/\/elmawkie.dz\/fr\/wp-content\/uploads\/2025\/02\/IMG_9974.jpeg","datePublished":"2025-02-17T17:27:13+00:00","dateModified":"2025-02-17T17:27:13+00:00","breadcrumb":{"@id":"https:\/\/elmawkie.dz\/fr\/mobilis-participe-a-la-3eme-edition-du-cto-forum-algeria\/#breadcrumb"},"inLanguage":"fr-FR","potentialAction":[{"@type":"ReadAction","target":["https:\/\/elmawkie.dz\/fr\/mobilis-participe-a-la-3eme-edition-du-cto-forum-algeria\/"]}]},{"@type":"ImageObject","inLanguage":"fr-FR","@id":"https:\/\/elmawkie.dz\/fr\/mobilis-participe-a-la-3eme-edition-du-cto-forum-algeria\/#primaryimage","url":"https:\/\/elmawkie.dz\/fr\/wp-content\/uploads\/2025\/02\/IMG_9974.jpeg","contentUrl":"https:\/\/elmawkie.dz\/fr\/wp-content\/uploads\/2025\/02\/IMG_9974.jpeg","width":640,"height":480},{"@type":"BreadcrumbList","@id":"https:\/\/elmawkie.dz\/fr\/mobilis-participe-a-la-3eme-edition-du-cto-forum-algeria\/#breadcrumb","itemListElement":[{"@type":"ListItem","position":1,"name":"Home","item":"https:\/\/elmawkie.dz\/fr\/"},{"@type":"ListItem","position":2,"name":"Mobilis participe \u00e0 la 3\u00e8me \u00e9dition du \u00ab\u00a0CTO Forum Algeria\u00a0\u00bb"}]},{"@type":"WebSite","@id":"https:\/\/elmawkie.dz\/fr\/#website","url":"https:\/\/elmawkie.dz\/fr\/","name":"EL MAWKIE","description":"Journal \u00c9lectronique Alg\u00e9rien","publisher":{"@id":"https:\/\/elmawkie.dz\/fr\/#organization"},"potentialAction":[{"@type":"SearchAction","target":{"@type":"EntryPoint","urlTemplate":"https:\/\/elmawkie.dz\/fr\/?s={search_term_string}"},"query-input":"required name=search_term_string"}],"inLanguage":"fr-FR"},{"@type":"Organization","@id":"https:\/\/elmawkie.dz\/fr\/#organization","name":"EL MAWKIE","url":"https:\/\/elmawkie.dz\/fr\/","logo":{"@type":"ImageObject","inLanguage":"fr-FR","@id":"https:\/\/elmawkie.dz\/fr\/#\/schema\/logo\/image\/","url":"https:\/\/elmawkie.dz\/fr\/wp-content\/uploads\/2024\/05\/logo1.png","contentUrl":"https:\/\/elmawkie.dz\/fr\/wp-content\/uploads\/2024\/05\/logo1.png","width":1648,"height":652,"caption":"EL MAWKIE"},"image":{"@id":"https:\/\/elmawkie.dz\/fr\/#\/schema\/logo\/image\/"},"sameAs":["https:\/\/www.facebook.com\/profile.php?id=100088407094989&locale=fr_FR"]},{"@type":"Person","@id":"https:\/\/elmawkie.dz\/fr\/#\/schema\/person\/e7bd59d6467874ba5c4723d8a9f0a63c","name":"R\u00e9daction","image":{"@type":"ImageObject","inLanguage":"fr-FR","@id":"https:\/\/elmawkie.dz\/fr\/#\/schema\/person\/image\/","url":"https:\/\/secure.gravatar.com\/avatar\/f0f773456344da4d2788c054a3d30a0c?s=96&d=mm&r=g","contentUrl":"https:\/\/secure.gravatar.com\/avatar\/f0f773456344da4d2788c054a3d30a0c?s=96&d=mm&r=g","caption":"R\u00e9daction"},"url":"https:\/\/elmawkie.dz\/fr\/author\/redaction\/"}]}},"_links":{"self":[{"href":"https:\/\/elmawkie.dz\/fr\/wp-json\/wp\/v2\/posts\/47437","targetHints":{"allow":["GET"]}}],"collection":[{"href":"https:\/\/elmawkie.dz\/fr\/wp-json\/wp\/v2\/posts"}],"about":[{"href":"https:\/\/elmawkie.dz\/fr\/wp-json\/wp\/v2\/types\/post"}],"author":[{"embeddable":true,"href":"https:\/\/elmawkie.dz\/fr\/wp-json\/wp\/v2\/users\/9"}],"replies":[{"embeddable":true,"href":"https:\/\/elmawkie.dz\/fr\/wp-json\/wp\/v2\/comments?post=47437"}],"version-history":[{"count":1,"href":"https:\/\/elmawkie.dz\/fr\/wp-json\/wp\/v2\/posts\/47437\/revisions"}],"predecessor-version":[{"id":47440,"href":"https:\/\/elmawkie.dz\/fr\/wp-json\/wp\/v2\/posts\/47437\/revisions\/47440"}],"wp:featuredmedia":[{"embeddable":true,"href":"https:\/\/elmawkie.dz\/fr\/wp-json\/wp\/v2\/media\/47439"}],"wp:attachment":[{"href":"https:\/\/elmawkie.dz\/fr\/wp-json\/wp\/v2\/media?parent=47437"}],"wp:term":[{"taxonomy":"category","embeddable":true,"href":"https:\/\/elmawkie.dz\/fr\/wp-json\/wp\/v2\/categories?post=47437"},{"taxonomy":"post_tag","embeddable":true,"href":"https:\/\/elmawkie.dz\/fr\/wp-json\/wp\/v2\/tags?post=47437"}],"curies":[{"name":"wp","href":"https:\/\/api.w.org\/{rel}","templated":true}]}}