{"id":47428,"date":"2025-02-17T16:02:40","date_gmt":"2025-02-17T15:02:40","guid":{"rendered":"https:\/\/elmawkie.dz\/fr\/?p=47428"},"modified":"2025-02-17T16:02:40","modified_gmt":"2025-02-17T15:02:40","slug":"m-belmehdi-preside-a-alger-louverture-dune-conference-sur-la-journee-nationale-du-chahid","status":"publish","type":"post","link":"https:\/\/elmawkie.dz\/fr\/m-belmehdi-preside-a-alger-louverture-dune-conference-sur-la-journee-nationale-du-chahid\/","title":{"rendered":"M. Belmehdi pr\u00e9side \u00e0 Alger l&rsquo;ouverture d&rsquo;une conf\u00e9rence sur la Journ\u00e9e nationale du Chahid"},"content":{"rendered":"\n<p><em><strong>Le ministre des Affaires religieuses et des Wakfs, Youcef Belmehdi a pr\u00e9sid\u00e9, lundi \u00e0 Dar El Coran \u00ab\u00a0Cheikh Ahmed Sahnoun\u00a0\u00bb (Alger) l&rsquo;ouverture d&rsquo;une conf\u00e9rence sur la Journ\u00e9e nationale du Chahid, c\u00e9l\u00e9br\u00e9e le 18 f\u00e9vrier de chaque ann\u00e9e. Dans son allocution \u00e0 cette occasion, M. Belmehdi a soulign\u00e9 que l&rsquo;organisation de cette conf\u00e9rence se veut un hommage aux sacrifices des chouhada qui ont pay\u00e9 un lourd tribut pour recouvrer l&rsquo;ind\u00e9pendance et la souverainet\u00e9 nationale. \u00ab\u00a0L&rsquo;Alg\u00e9rie a \u00e9crit une page h\u00e9ro\u00efque de sacrifices des chouhada qui ont forg\u00e9 une histoire honorable dont les g\u00e9n\u00e9rations actuelles et futures peuvent \u00eatre fi\u00e8res\u00a0\u00bb. Dans le m\u00eame sillage, M. Belmehdi a \u00e9voqu\u00e9 les crimes de la colonisation fran\u00e7aise en Alg\u00e9rie, notamment la confiscation des biens Waqfs dans le but de d\u00e9truire l&rsquo;identit\u00e9 alg\u00e9rienne. Pour sa part, le coordinateur g\u00e9n\u00e9ral de la Commission alg\u00e9rienne Histoire et M\u00e9moire, Mohamed Lahcen Zeghidi, a estim\u00e9 que la Journ\u00e9e nationale du Chahid incarne \u00ab\u00a0l&rsquo;h\u00e9ritage de lutte et lib\u00e9rateur de l&rsquo;Alg\u00e9rie qui se doit, avec fiert\u00e9 et honneur, de se rem\u00e9morer des hauts faits de son peuple\u00a0\u00bb, mettant en exergue, \u00e0 ce propos, le r\u00f4le des imams dans la transmission aux g\u00e9n\u00e9rations futures de la vie de ceux qui se sont sacrifi\u00e9s pour la patrie. La conf\u00e9rence a \u00e9t\u00e9 marqu\u00e9e par des interventions ax\u00e9es essentiellement sur les crimes de l&rsquo;occupation fran\u00e7aise \u00e0 l&rsquo;\u00e9gard du peuple alg\u00e9rien et le r\u00f4le des imams dans la pr\u00e9servation du legs des chouhada.<\/strong><\/em><\/p>\n","protected":false},"excerpt":{"rendered":"<p>Le ministre des Affaires religieuses et des Wakfs, Youcef Belmehdi a pr\u00e9sid\u00e9, lundi \u00e0 Dar El Coran \u00ab\u00a0Cheikh Ahmed Sahnoun\u00a0\u00bb (Alger) l&rsquo;ouverture d&rsquo;une conf\u00e9rence sur la Journ\u00e9e nationale du Chahid, c\u00e9l\u00e9br\u00e9e le 18 f\u00e9vrier de chaque ann\u00e9e. Dans son allocution \u00e0 cette occasion, M. Belmehdi a soulign\u00e9 que l&rsquo;organisation de cette conf\u00e9rence se veut un &hellip;<\/p>\n","protected":false},"author":9,"featured_media":47430,"comment_status":"open","ping_status":"open","sticky":false,"template":"","format":"standard","meta":{"footnotes":""},"categories":[47],"tags":[2691,1061,846],"class_list":["post-47428","post","type-post","status-publish","format-standard","has-post-thumbnail","hentry","category-national","tag-a-journee-nationale-du-chahid","tag-conference","tag-m-belmehdi"],"yoast_head":"<!-- This site is optimized with the Yoast SEO Premium plugin v22.6 (Yoast SEO v22.6) - https:\/\/yoast.com\/wordpress\/plugins\/seo\/ -->\n<title>M. Belmehdi pr\u00e9side \u00e0 Alger l&#039;ouverture d&#039;une conf\u00e9rence sur la Journ\u00e9e nationale du Chahid - El Mawkie<\/title>\n<meta name=\"robots\" content=\"index, follow, max-snippet:-1, max-image-preview:large, max-video-preview:-1\" \/>\n<link rel=\"canonical\" href=\"https:\/\/elmawkie.dz\/fr\/m-belmehdi-preside-a-alger-louverture-dune-conference-sur-la-journee-nationale-du-chahid\/\" \/>\n<meta property=\"og:locale\" content=\"fr_FR\" \/>\n<meta property=\"og:type\" content=\"article\" \/>\n<meta property=\"og:title\" content=\"M. Belmehdi pr\u00e9side \u00e0 Alger l&#039;ouverture d&#039;une conf\u00e9rence sur la Journ\u00e9e nationale du Chahid\" \/>\n<meta property=\"og:description\" content=\"Le ministre des Affaires religieuses et des Wakfs, Youcef Belmehdi a pr\u00e9sid\u00e9, lundi \u00e0 Dar El Coran \u00ab\u00a0Cheikh Ahmed Sahnoun\u00a0\u00bb (Alger) l&rsquo;ouverture d&rsquo;une conf\u00e9rence sur la Journ\u00e9e nationale du Chahid, c\u00e9l\u00e9br\u00e9e le 18 f\u00e9vrier de chaque ann\u00e9e. Dans son allocution \u00e0 cette occasion, M. Belmehdi a soulign\u00e9 que l&rsquo;organisation de cette conf\u00e9rence se veut un &hellip;\" \/>\n<meta property=\"og:url\" content=\"https:\/\/elmawkie.dz\/fr\/m-belmehdi-preside-a-alger-louverture-dune-conference-sur-la-journee-nationale-du-chahid\/\" \/>\n<meta property=\"og:site_name\" content=\"El Mawkie\" \/>\n<meta property=\"article:publisher\" content=\"https:\/\/www.facebook.com\/profile.php?id=100088407094989&amp;locale=fr_FR\" \/>\n<meta property=\"article:published_time\" content=\"2025-02-17T15:02:40+00:00\" \/>\n<meta property=\"og:image\" content=\"https:\/\/elmawkie.dz\/fr\/wp-content\/uploads\/2025\/02\/IMG_9957.jpeg\" \/>\n\t<meta property=\"og:image:width\" content=\"2048\" \/>\n\t<meta property=\"og:image:height\" content=\"1536\" \/>\n\t<meta property=\"og:image:type\" content=\"image\/jpeg\" \/>\n<meta name=\"author\" content=\"R\u00e9daction\" \/>\n<meta name=\"twitter:card\" content=\"summary_large_image\" \/>\n<meta name=\"twitter:label1\" content=\"Written by\" \/>\n\t<meta name=\"twitter:data1\" content=\"R\u00e9daction\" \/>\n\t<meta name=\"twitter:label2\" content=\"Est. reading time\" \/>\n\t<meta name=\"twitter:data2\" content=\"2 minutes\" \/>\n<script type=\"application\/ld+json\" class=\"yoast-schema-graph\">{\"@context\":\"https:\/\/schema.org\",\"@graph\":[{\"@type\":\"Article\",\"@id\":\"https:\/\/elmawkie.dz\/fr\/m-belmehdi-preside-a-alger-louverture-dune-conference-sur-la-journee-nationale-du-chahid\/#article\",\"isPartOf\":{\"@id\":\"https:\/\/elmawkie.dz\/fr\/m-belmehdi-preside-a-alger-louverture-dune-conference-sur-la-journee-nationale-du-chahid\/\"},\"author\":{\"name\":\"R\u00e9daction\",\"@id\":\"https:\/\/elmawkie.dz\/fr\/#\/schema\/person\/e7bd59d6467874ba5c4723d8a9f0a63c\"},\"headline\":\"M. Belmehdi pr\u00e9side \u00e0 Alger l&rsquo;ouverture d&rsquo;une conf\u00e9rence sur la Journ\u00e9e nationale du Chahid\",\"datePublished\":\"2025-02-17T15:02:40+00:00\",\"dateModified\":\"2025-02-17T15:02:40+00:00\",\"mainEntityOfPage\":{\"@id\":\"https:\/\/elmawkie.dz\/fr\/m-belmehdi-preside-a-alger-louverture-dune-conference-sur-la-journee-nationale-du-chahid\/\"},\"wordCount\":300,\"commentCount\":0,\"publisher\":{\"@id\":\"https:\/\/elmawkie.dz\/fr\/#organization\"},\"image\":{\"@id\":\"https:\/\/elmawkie.dz\/fr\/m-belmehdi-preside-a-alger-louverture-dune-conference-sur-la-journee-nationale-du-chahid\/#primaryimage\"},\"thumbnailUrl\":\"https:\/\/elmawkie.dz\/fr\/wp-content\/uploads\/2025\/02\/IMG_9957.jpeg\",\"keywords\":[\"a Journ\u00e9e nationale du Chahid\",\"conf\u00e9rence\",\"M.Belmehdi\"],\"articleSection\":[\"National\"],\"inLanguage\":\"fr-FR\",\"potentialAction\":[{\"@type\":\"CommentAction\",\"name\":\"Comment\",\"target\":[\"https:\/\/elmawkie.dz\/fr\/m-belmehdi-preside-a-alger-louverture-dune-conference-sur-la-journee-nationale-du-chahid\/#respond\"]}]},{\"@type\":\"WebPage\",\"@id\":\"https:\/\/elmawkie.dz\/fr\/m-belmehdi-preside-a-alger-louverture-dune-conference-sur-la-journee-nationale-du-chahid\/\",\"url\":\"https:\/\/elmawkie.dz\/fr\/m-belmehdi-preside-a-alger-louverture-dune-conference-sur-la-journee-nationale-du-chahid\/\",\"name\":\"M. Belmehdi pr\u00e9side \u00e0 Alger l'ouverture d'une conf\u00e9rence sur la Journ\u00e9e nationale du Chahid - El Mawkie\",\"isPartOf\":{\"@id\":\"https:\/\/elmawkie.dz\/fr\/#website\"},\"primaryImageOfPage\":{\"@id\":\"https:\/\/elmawkie.dz\/fr\/m-belmehdi-preside-a-alger-louverture-dune-conference-sur-la-journee-nationale-du-chahid\/#primaryimage\"},\"image\":{\"@id\":\"https:\/\/elmawkie.dz\/fr\/m-belmehdi-preside-a-alger-louverture-dune-conference-sur-la-journee-nationale-du-chahid\/#primaryimage\"},\"thumbnailUrl\":\"https:\/\/elmawkie.dz\/fr\/wp-content\/uploads\/2025\/02\/IMG_9957.jpeg\",\"datePublished\":\"2025-02-17T15:02:40+00:00\",\"dateModified\":\"2025-02-17T15:02:40+00:00\",\"breadcrumb\":{\"@id\":\"https:\/\/elmawkie.dz\/fr\/m-belmehdi-preside-a-alger-louverture-dune-conference-sur-la-journee-nationale-du-chahid\/#breadcrumb\"},\"inLanguage\":\"fr-FR\",\"potentialAction\":[{\"@type\":\"ReadAction\",\"target\":[\"https:\/\/elmawkie.dz\/fr\/m-belmehdi-preside-a-alger-louverture-dune-conference-sur-la-journee-nationale-du-chahid\/\"]}]},{\"@type\":\"ImageObject\",\"inLanguage\":\"fr-FR\",\"@id\":\"https:\/\/elmawkie.dz\/fr\/m-belmehdi-preside-a-alger-louverture-dune-conference-sur-la-journee-nationale-du-chahid\/#primaryimage\",\"url\":\"https:\/\/elmawkie.dz\/fr\/wp-content\/uploads\/2025\/02\/IMG_9957.jpeg\",\"contentUrl\":\"https:\/\/elmawkie.dz\/fr\/wp-content\/uploads\/2025\/02\/IMG_9957.jpeg\",\"width\":2048,\"height\":1536},{\"@type\":\"BreadcrumbList\",\"@id\":\"https:\/\/elmawkie.dz\/fr\/m-belmehdi-preside-a-alger-louverture-dune-conference-sur-la-journee-nationale-du-chahid\/#breadcrumb\",\"itemListElement\":[{\"@type\":\"ListItem\",\"position\":1,\"name\":\"Home\",\"item\":\"https:\/\/elmawkie.dz\/fr\/\"},{\"@type\":\"ListItem\",\"position\":2,\"name\":\"M. Belmehdi pr\u00e9side \u00e0 Alger l&rsquo;ouverture d&rsquo;une conf\u00e9rence sur la Journ\u00e9e nationale du Chahid\"}]},{\"@type\":\"WebSite\",\"@id\":\"https:\/\/elmawkie.dz\/fr\/#website\",\"url\":\"https:\/\/elmawkie.dz\/fr\/\",\"name\":\"EL MAWKIE\",\"description\":\"Journal \u00c9lectronique Alg\u00e9rien\",\"publisher\":{\"@id\":\"https:\/\/elmawkie.dz\/fr\/#organization\"},\"potentialAction\":[{\"@type\":\"SearchAction\",\"target\":{\"@type\":\"EntryPoint\",\"urlTemplate\":\"https:\/\/elmawkie.dz\/fr\/?s={search_term_string}\"},\"query-input\":\"required name=search_term_string\"}],\"inLanguage\":\"fr-FR\"},{\"@type\":\"Organization\",\"@id\":\"https:\/\/elmawkie.dz\/fr\/#organization\",\"name\":\"EL MAWKIE\",\"url\":\"https:\/\/elmawkie.dz\/fr\/\",\"logo\":{\"@type\":\"ImageObject\",\"inLanguage\":\"fr-FR\",\"@id\":\"https:\/\/elmawkie.dz\/fr\/#\/schema\/logo\/image\/\",\"url\":\"https:\/\/elmawkie.dz\/fr\/wp-content\/uploads\/2024\/05\/logo1.png\",\"contentUrl\":\"https:\/\/elmawkie.dz\/fr\/wp-content\/uploads\/2024\/05\/logo1.png\",\"width\":1648,\"height\":652,\"caption\":\"EL MAWKIE\"},\"image\":{\"@id\":\"https:\/\/elmawkie.dz\/fr\/#\/schema\/logo\/image\/\"},\"sameAs\":[\"https:\/\/www.facebook.com\/profile.php?id=100088407094989&locale=fr_FR\"]},{\"@type\":\"Person\",\"@id\":\"https:\/\/elmawkie.dz\/fr\/#\/schema\/person\/e7bd59d6467874ba5c4723d8a9f0a63c\",\"name\":\"R\u00e9daction\",\"image\":{\"@type\":\"ImageObject\",\"inLanguage\":\"fr-FR\",\"@id\":\"https:\/\/elmawkie.dz\/fr\/#\/schema\/person\/image\/\",\"url\":\"https:\/\/secure.gravatar.com\/avatar\/f0f773456344da4d2788c054a3d30a0c?s=96&d=mm&r=g\",\"contentUrl\":\"https:\/\/secure.gravatar.com\/avatar\/f0f773456344da4d2788c054a3d30a0c?s=96&d=mm&r=g\",\"caption\":\"R\u00e9daction\"},\"url\":\"https:\/\/elmawkie.dz\/fr\/author\/redaction\/\"}]}<\/script>\n<!-- \/ Yoast SEO Premium plugin. -->","yoast_head_json":{"title":"M. Belmehdi pr\u00e9side \u00e0 Alger l'ouverture d'une conf\u00e9rence sur la Journ\u00e9e nationale du Chahid - El Mawkie","robots":{"index":"index","follow":"follow","max-snippet":"max-snippet:-1","max-image-preview":"max-image-preview:large","max-video-preview":"max-video-preview:-1"},"canonical":"https:\/\/elmawkie.dz\/fr\/m-belmehdi-preside-a-alger-louverture-dune-conference-sur-la-journee-nationale-du-chahid\/","og_locale":"fr_FR","og_type":"article","og_title":"M. Belmehdi pr\u00e9side \u00e0 Alger l'ouverture d'une conf\u00e9rence sur la Journ\u00e9e nationale du Chahid","og_description":"Le ministre des Affaires religieuses et des Wakfs, Youcef Belmehdi a pr\u00e9sid\u00e9, lundi \u00e0 Dar El Coran \u00ab\u00a0Cheikh Ahmed Sahnoun\u00a0\u00bb (Alger) l&rsquo;ouverture d&rsquo;une conf\u00e9rence sur la Journ\u00e9e nationale du Chahid, c\u00e9l\u00e9br\u00e9e le 18 f\u00e9vrier de chaque ann\u00e9e. Dans son allocution \u00e0 cette occasion, M. Belmehdi a soulign\u00e9 que l&rsquo;organisation de cette conf\u00e9rence se veut un &hellip;","og_url":"https:\/\/elmawkie.dz\/fr\/m-belmehdi-preside-a-alger-louverture-dune-conference-sur-la-journee-nationale-du-chahid\/","og_site_name":"El Mawkie","article_publisher":"https:\/\/www.facebook.com\/profile.php?id=100088407094989&locale=fr_FR","article_published_time":"2025-02-17T15:02:40+00:00","og_image":[{"width":2048,"height":1536,"url":"https:\/\/elmawkie.dz\/fr\/wp-content\/uploads\/2025\/02\/IMG_9957.jpeg","type":"image\/jpeg"}],"author":"R\u00e9daction","twitter_card":"summary_large_image","twitter_misc":{"Written by":"R\u00e9daction","Est. reading time":"2 minutes"},"schema":{"@context":"https:\/\/schema.org","@graph":[{"@type":"Article","@id":"https:\/\/elmawkie.dz\/fr\/m-belmehdi-preside-a-alger-louverture-dune-conference-sur-la-journee-nationale-du-chahid\/#article","isPartOf":{"@id":"https:\/\/elmawkie.dz\/fr\/m-belmehdi-preside-a-alger-louverture-dune-conference-sur-la-journee-nationale-du-chahid\/"},"author":{"name":"R\u00e9daction","@id":"https:\/\/elmawkie.dz\/fr\/#\/schema\/person\/e7bd59d6467874ba5c4723d8a9f0a63c"},"headline":"M. Belmehdi pr\u00e9side \u00e0 Alger l&rsquo;ouverture d&rsquo;une conf\u00e9rence sur la Journ\u00e9e nationale du Chahid","datePublished":"2025-02-17T15:02:40+00:00","dateModified":"2025-02-17T15:02:40+00:00","mainEntityOfPage":{"@id":"https:\/\/elmawkie.dz\/fr\/m-belmehdi-preside-a-alger-louverture-dune-conference-sur-la-journee-nationale-du-chahid\/"},"wordCount":300,"commentCount":0,"publisher":{"@id":"https:\/\/elmawkie.dz\/fr\/#organization"},"image":{"@id":"https:\/\/elmawkie.dz\/fr\/m-belmehdi-preside-a-alger-louverture-dune-conference-sur-la-journee-nationale-du-chahid\/#primaryimage"},"thumbnailUrl":"https:\/\/elmawkie.dz\/fr\/wp-content\/uploads\/2025\/02\/IMG_9957.jpeg","keywords":["a Journ\u00e9e nationale du Chahid","conf\u00e9rence","M.Belmehdi"],"articleSection":["National"],"inLanguage":"fr-FR","potentialAction":[{"@type":"CommentAction","name":"Comment","target":["https:\/\/elmawkie.dz\/fr\/m-belmehdi-preside-a-alger-louverture-dune-conference-sur-la-journee-nationale-du-chahid\/#respond"]}]},{"@type":"WebPage","@id":"https:\/\/elmawkie.dz\/fr\/m-belmehdi-preside-a-alger-louverture-dune-conference-sur-la-journee-nationale-du-chahid\/","url":"https:\/\/elmawkie.dz\/fr\/m-belmehdi-preside-a-alger-louverture-dune-conference-sur-la-journee-nationale-du-chahid\/","name":"M. Belmehdi pr\u00e9side \u00e0 Alger l'ouverture d'une conf\u00e9rence sur la Journ\u00e9e nationale du Chahid - El Mawkie","isPartOf":{"@id":"https:\/\/elmawkie.dz\/fr\/#website"},"primaryImageOfPage":{"@id":"https:\/\/elmawkie.dz\/fr\/m-belmehdi-preside-a-alger-louverture-dune-conference-sur-la-journee-nationale-du-chahid\/#primaryimage"},"image":{"@id":"https:\/\/elmawkie.dz\/fr\/m-belmehdi-preside-a-alger-louverture-dune-conference-sur-la-journee-nationale-du-chahid\/#primaryimage"},"thumbnailUrl":"https:\/\/elmawkie.dz\/fr\/wp-content\/uploads\/2025\/02\/IMG_9957.jpeg","datePublished":"2025-02-17T15:02:40+00:00","dateModified":"2025-02-17T15:02:40+00:00","breadcrumb":{"@id":"https:\/\/elmawkie.dz\/fr\/m-belmehdi-preside-a-alger-louverture-dune-conference-sur-la-journee-nationale-du-chahid\/#breadcrumb"},"inLanguage":"fr-FR","potentialAction":[{"@type":"ReadAction","target":["https:\/\/elmawkie.dz\/fr\/m-belmehdi-preside-a-alger-louverture-dune-conference-sur-la-journee-nationale-du-chahid\/"]}]},{"@type":"ImageObject","inLanguage":"fr-FR","@id":"https:\/\/elmawkie.dz\/fr\/m-belmehdi-preside-a-alger-louverture-dune-conference-sur-la-journee-nationale-du-chahid\/#primaryimage","url":"https:\/\/elmawkie.dz\/fr\/wp-content\/uploads\/2025\/02\/IMG_9957.jpeg","contentUrl":"https:\/\/elmawkie.dz\/fr\/wp-content\/uploads\/2025\/02\/IMG_9957.jpeg","width":2048,"height":1536},{"@type":"BreadcrumbList","@id":"https:\/\/elmawkie.dz\/fr\/m-belmehdi-preside-a-alger-louverture-dune-conference-sur-la-journee-nationale-du-chahid\/#breadcrumb","itemListElement":[{"@type":"ListItem","position":1,"name":"Home","item":"https:\/\/elmawkie.dz\/fr\/"},{"@type":"ListItem","position":2,"name":"M. Belmehdi pr\u00e9side \u00e0 Alger l&rsquo;ouverture d&rsquo;une conf\u00e9rence sur la Journ\u00e9e nationale du Chahid"}]},{"@type":"WebSite","@id":"https:\/\/elmawkie.dz\/fr\/#website","url":"https:\/\/elmawkie.dz\/fr\/","name":"EL MAWKIE","description":"Journal \u00c9lectronique Alg\u00e9rien","publisher":{"@id":"https:\/\/elmawkie.dz\/fr\/#organization"},"potentialAction":[{"@type":"SearchAction","target":{"@type":"EntryPoint","urlTemplate":"https:\/\/elmawkie.dz\/fr\/?s={search_term_string}"},"query-input":"required name=search_term_string"}],"inLanguage":"fr-FR"},{"@type":"Organization","@id":"https:\/\/elmawkie.dz\/fr\/#organization","name":"EL MAWKIE","url":"https:\/\/elmawkie.dz\/fr\/","logo":{"@type":"ImageObject","inLanguage":"fr-FR","@id":"https:\/\/elmawkie.dz\/fr\/#\/schema\/logo\/image\/","url":"https:\/\/elmawkie.dz\/fr\/wp-content\/uploads\/2024\/05\/logo1.png","contentUrl":"https:\/\/elmawkie.dz\/fr\/wp-content\/uploads\/2024\/05\/logo1.png","width":1648,"height":652,"caption":"EL MAWKIE"},"image":{"@id":"https:\/\/elmawkie.dz\/fr\/#\/schema\/logo\/image\/"},"sameAs":["https:\/\/www.facebook.com\/profile.php?id=100088407094989&locale=fr_FR"]},{"@type":"Person","@id":"https:\/\/elmawkie.dz\/fr\/#\/schema\/person\/e7bd59d6467874ba5c4723d8a9f0a63c","name":"R\u00e9daction","image":{"@type":"ImageObject","inLanguage":"fr-FR","@id":"https:\/\/elmawkie.dz\/fr\/#\/schema\/person\/image\/","url":"https:\/\/secure.gravatar.com\/avatar\/f0f773456344da4d2788c054a3d30a0c?s=96&d=mm&r=g","contentUrl":"https:\/\/secure.gravatar.com\/avatar\/f0f773456344da4d2788c054a3d30a0c?s=96&d=mm&r=g","caption":"R\u00e9daction"},"url":"https:\/\/elmawkie.dz\/fr\/author\/redaction\/"}]}},"_links":{"self":[{"href":"https:\/\/elmawkie.dz\/fr\/wp-json\/wp\/v2\/posts\/47428","targetHints":{"allow":["GET"]}}],"collection":[{"href":"https:\/\/elmawkie.dz\/fr\/wp-json\/wp\/v2\/posts"}],"about":[{"href":"https:\/\/elmawkie.dz\/fr\/wp-json\/wp\/v2\/types\/post"}],"author":[{"embeddable":true,"href":"https:\/\/elmawkie.dz\/fr\/wp-json\/wp\/v2\/users\/9"}],"replies":[{"embeddable":true,"href":"https:\/\/elmawkie.dz\/fr\/wp-json\/wp\/v2\/comments?post=47428"}],"version-history":[{"count":1,"href":"https:\/\/elmawkie.dz\/fr\/wp-json\/wp\/v2\/posts\/47428\/revisions"}],"predecessor-version":[{"id":47431,"href":"https:\/\/elmawkie.dz\/fr\/wp-json\/wp\/v2\/posts\/47428\/revisions\/47431"}],"wp:featuredmedia":[{"embeddable":true,"href":"https:\/\/elmawkie.dz\/fr\/wp-json\/wp\/v2\/media\/47430"}],"wp:attachment":[{"href":"https:\/\/elmawkie.dz\/fr\/wp-json\/wp\/v2\/media?parent=47428"}],"wp:term":[{"taxonomy":"category","embeddable":true,"href":"https:\/\/elmawkie.dz\/fr\/wp-json\/wp\/v2\/categories?post=47428"},{"taxonomy":"post_tag","embeddable":true,"href":"https:\/\/elmawkie.dz\/fr\/wp-json\/wp\/v2\/tags?post=47428"}],"curies":[{"name":"wp","href":"https:\/\/api.w.org\/{rel}","templated":true}]}}