{"id":46932,"date":"2025-02-08T18:08:07","date_gmt":"2025-02-08T17:08:07","guid":{"rendered":"https:\/\/elmawkie.dz\/fr\/?p=46932"},"modified":"2025-02-08T18:23:44","modified_gmt":"2025-02-08T17:23:44","slug":"m-attaf-arrive-a-beyrouth-pour-une-visite-officielle-en-republique-libanaise","status":"publish","type":"post","link":"https:\/\/elmawkie.dz\/fr\/m-attaf-arrive-a-beyrouth-pour-une-visite-officielle-en-republique-libanaise\/","title":{"rendered":"M. Attaf arrive \u00e0 Beyrouth pour une visite officielle en R\u00e9publique libanaise"},"content":{"rendered":"\n<p><em>En sa qualit\u00e9 d&rsquo;envoy\u00e9 sp\u00e9cial du pr\u00e9sident de la R\u00e9publique, M. Abdelmadjid Tebboune, le ministre d&rsquo;Etat, ministre des Affaires \u00e9trang\u00e8res, de la Communaut\u00e9 nationale \u00e0 l&rsquo;\u00e9tranger et des Affaires africaines, M. Ahmed Attaf, est arriv\u00e9, samedi apr\u00e8s-midi \u00e0 Beyrouth, pour une visite officielle en R\u00e9publique libanaise, pays fr\u00e8re, indique un communiqu\u00e9 du minist\u00e8re. <\/em><br><em>Cette visite s\u2019inscrit dans le cadre de \u2018\u2018renforcer les relations fraternelles et de coop\u00e9ration entre les deux pays fr\u00e8res et \u00e0 examiner les voies de les promouvoir \u00e0 des niveaux sup\u00e9rieurs, ainsi qu&rsquo;\u00e0 renouveler la solidarit\u00e9 de l&rsquo;Alg\u00e9rie et \u00e0 r\u00e9affirme<\/em>r son <em>plein soutien au Liban fr\u00e8re dans ses efforts visant \u00e0 amorcer une nouvelle \u00e8re de son histoire, en vue de consolider son unit\u00e9 et sa souverainet\u00e9, et r\u00e9aliser ainsi les aspirations de son peuple \u00e0 la s\u00e9curit\u00e9, \u00e0 la stabilit\u00e9, au d\u00e9veloppement et \u00e0 la prosp\u00e9rit\u00e9\u00a0\u00bb, a soulign\u00e9 la m\u00eame source.<\/em><\/p>\n\n\n\n<p><em> Lors de cette visite, le ministre d&rsquo;Etat sera re\u00e7u par le pr\u00e9sident de la R\u00e9publique libanaise, M. Joseph Aoun, \u00e0 qui il remettra une lettre de son fr\u00e8re, le pr\u00e9sident Abdelmadjid Tebboune<\/em>, <em>M. Ahmed Attaf aura \u00e9galement des rencontres bilat\u00e9rales avec nombre de hauts responsables de la R\u00e9publique libanaise\u00a0\u00bb<\/em>,<em> note le communiqu\u00e9<\/em>.<\/p>\n\n\n\n<figure class=\"wp-block-video\"><video controls src=\"https:\/\/elmawkie.dz\/fr\/wp-content\/uploads\/2025\/02\/video-output-415875BD-CFA1-4FBF-B5E8-B1F5C86B4266.mov\"><\/video><\/figure>\n\n\n\n<figure class=\"wp-block-video\"><\/figure>\n","protected":false},"excerpt":{"rendered":"<p>En sa qualit\u00e9 d&rsquo;envoy\u00e9 sp\u00e9cial du pr\u00e9sident de la R\u00e9publique, M. Abdelmadjid Tebboune, le ministre d&rsquo;Etat, ministre des Affaires \u00e9trang\u00e8res, de la Communaut\u00e9 nationale \u00e0 l&rsquo;\u00e9tranger et des Affaires africaines, M. Ahmed Attaf, est arriv\u00e9, samedi apr\u00e8s-midi \u00e0 Beyrouth, pour une visite officielle en R\u00e9publique libanaise, pays fr\u00e8re, indique un communiqu\u00e9 du minist\u00e8re. Cette visite &hellip;<\/p>\n","protected":false},"author":9,"featured_media":46934,"comment_status":"open","ping_status":"open","sticky":false,"template":"","format":"standard","meta":{"footnotes":""},"categories":[35,44,47],"tags":[2209,2522,793],"class_list":["post-46932","post","type-post","status-publish","format-standard","has-post-thumbnail","hentry","category-diplomatie","category-international","category-national","tag-m-attaf-2","tag-republique-libanaise","tag-visite-officielle"],"yoast_head":"<!-- This site is optimized with the Yoast SEO Premium plugin v22.6 (Yoast SEO v22.6) - https:\/\/yoast.com\/wordpress\/plugins\/seo\/ -->\n<title>M. Attaf arrive \u00e0 Beyrouth pour une visite officielle en R\u00e9publique libanaise - El Mawkie<\/title>\n<meta name=\"robots\" content=\"index, follow, max-snippet:-1, max-image-preview:large, max-video-preview:-1\" \/>\n<link rel=\"canonical\" href=\"https:\/\/elmawkie.dz\/fr\/m-attaf-arrive-a-beyrouth-pour-une-visite-officielle-en-republique-libanaise\/\" \/>\n<meta property=\"og:locale\" content=\"fr_FR\" \/>\n<meta property=\"og:type\" content=\"article\" \/>\n<meta property=\"og:title\" content=\"M. Attaf arrive \u00e0 Beyrouth pour une visite officielle en R\u00e9publique libanaise\" \/>\n<meta property=\"og:description\" content=\"En sa qualit\u00e9 d&rsquo;envoy\u00e9 sp\u00e9cial du pr\u00e9sident de la R\u00e9publique, M. Abdelmadjid Tebboune, le ministre d&rsquo;Etat, ministre des Affaires \u00e9trang\u00e8res, de la Communaut\u00e9 nationale \u00e0 l&rsquo;\u00e9tranger et des Affaires africaines, M. Ahmed Attaf, est arriv\u00e9, samedi apr\u00e8s-midi \u00e0 Beyrouth, pour une visite officielle en R\u00e9publique libanaise, pays fr\u00e8re, indique un communiqu\u00e9 du minist\u00e8re. Cette visite &hellip;\" \/>\n<meta property=\"og:url\" content=\"https:\/\/elmawkie.dz\/fr\/m-attaf-arrive-a-beyrouth-pour-une-visite-officielle-en-republique-libanaise\/\" \/>\n<meta property=\"og:site_name\" content=\"El Mawkie\" \/>\n<meta property=\"article:publisher\" content=\"https:\/\/www.facebook.com\/profile.php?id=100088407094989&amp;locale=fr_FR\" \/>\n<meta property=\"article:published_time\" content=\"2025-02-08T17:08:07+00:00\" \/>\n<meta property=\"article:modified_time\" content=\"2025-02-08T17:23:44+00:00\" \/>\n<meta property=\"og:image\" content=\"https:\/\/elmawkie.dz\/fr\/wp-content\/uploads\/2025\/02\/956fa9b4-9407-4e0c-8760-b95c8dc656c5.jpeg\" \/>\n\t<meta property=\"og:image:width\" content=\"2560\" \/>\n\t<meta property=\"og:image:height\" content=\"1730\" \/>\n\t<meta property=\"og:image:type\" content=\"image\/jpeg\" \/>\n<meta name=\"author\" content=\"R\u00e9daction\" \/>\n<meta name=\"twitter:card\" content=\"summary_large_image\" \/>\n<meta name=\"twitter:label1\" content=\"Written by\" \/>\n\t<meta name=\"twitter:data1\" content=\"R\u00e9daction\" \/>\n\t<meta name=\"twitter:label2\" content=\"Est. reading time\" \/>\n\t<meta name=\"twitter:data2\" content=\"2 minutes\" \/>\n<script type=\"application\/ld+json\" class=\"yoast-schema-graph\">{\"@context\":\"https:\/\/schema.org\",\"@graph\":[{\"@type\":\"Article\",\"@id\":\"https:\/\/elmawkie.dz\/fr\/m-attaf-arrive-a-beyrouth-pour-une-visite-officielle-en-republique-libanaise\/#article\",\"isPartOf\":{\"@id\":\"https:\/\/elmawkie.dz\/fr\/m-attaf-arrive-a-beyrouth-pour-une-visite-officielle-en-republique-libanaise\/\"},\"author\":{\"name\":\"R\u00e9daction\",\"@id\":\"https:\/\/elmawkie.dz\/fr\/#\/schema\/person\/e7bd59d6467874ba5c4723d8a9f0a63c\"},\"headline\":\"M. Attaf arrive \u00e0 Beyrouth pour une visite officielle en R\u00e9publique libanaise\",\"datePublished\":\"2025-02-08T17:08:07+00:00\",\"dateModified\":\"2025-02-08T17:23:44+00:00\",\"mainEntityOfPage\":{\"@id\":\"https:\/\/elmawkie.dz\/fr\/m-attaf-arrive-a-beyrouth-pour-une-visite-officielle-en-republique-libanaise\/\"},\"wordCount\":232,\"commentCount\":0,\"publisher\":{\"@id\":\"https:\/\/elmawkie.dz\/fr\/#organization\"},\"image\":{\"@id\":\"https:\/\/elmawkie.dz\/fr\/m-attaf-arrive-a-beyrouth-pour-une-visite-officielle-en-republique-libanaise\/#primaryimage\"},\"thumbnailUrl\":\"https:\/\/elmawkie.dz\/fr\/wp-content\/uploads\/2025\/02\/956fa9b4-9407-4e0c-8760-b95c8dc656c5.jpeg\",\"keywords\":[\"M.Attaf\",\"r\u00e9publique libanaise\",\"visite officielle\"],\"articleSection\":[\"Diplomatie\",\"International\",\"National\"],\"inLanguage\":\"fr-FR\",\"potentialAction\":[{\"@type\":\"CommentAction\",\"name\":\"Comment\",\"target\":[\"https:\/\/elmawkie.dz\/fr\/m-attaf-arrive-a-beyrouth-pour-une-visite-officielle-en-republique-libanaise\/#respond\"]}]},{\"@type\":\"WebPage\",\"@id\":\"https:\/\/elmawkie.dz\/fr\/m-attaf-arrive-a-beyrouth-pour-une-visite-officielle-en-republique-libanaise\/\",\"url\":\"https:\/\/elmawkie.dz\/fr\/m-attaf-arrive-a-beyrouth-pour-une-visite-officielle-en-republique-libanaise\/\",\"name\":\"M. Attaf arrive \u00e0 Beyrouth pour une visite officielle en R\u00e9publique libanaise - El Mawkie\",\"isPartOf\":{\"@id\":\"https:\/\/elmawkie.dz\/fr\/#website\"},\"primaryImageOfPage\":{\"@id\":\"https:\/\/elmawkie.dz\/fr\/m-attaf-arrive-a-beyrouth-pour-une-visite-officielle-en-republique-libanaise\/#primaryimage\"},\"image\":{\"@id\":\"https:\/\/elmawkie.dz\/fr\/m-attaf-arrive-a-beyrouth-pour-une-visite-officielle-en-republique-libanaise\/#primaryimage\"},\"thumbnailUrl\":\"https:\/\/elmawkie.dz\/fr\/wp-content\/uploads\/2025\/02\/956fa9b4-9407-4e0c-8760-b95c8dc656c5.jpeg\",\"datePublished\":\"2025-02-08T17:08:07+00:00\",\"dateModified\":\"2025-02-08T17:23:44+00:00\",\"breadcrumb\":{\"@id\":\"https:\/\/elmawkie.dz\/fr\/m-attaf-arrive-a-beyrouth-pour-une-visite-officielle-en-republique-libanaise\/#breadcrumb\"},\"inLanguage\":\"fr-FR\",\"potentialAction\":[{\"@type\":\"ReadAction\",\"target\":[\"https:\/\/elmawkie.dz\/fr\/m-attaf-arrive-a-beyrouth-pour-une-visite-officielle-en-republique-libanaise\/\"]}]},{\"@type\":\"ImageObject\",\"inLanguage\":\"fr-FR\",\"@id\":\"https:\/\/elmawkie.dz\/fr\/m-attaf-arrive-a-beyrouth-pour-une-visite-officielle-en-republique-libanaise\/#primaryimage\",\"url\":\"https:\/\/elmawkie.dz\/fr\/wp-content\/uploads\/2025\/02\/956fa9b4-9407-4e0c-8760-b95c8dc656c5.jpeg\",\"contentUrl\":\"https:\/\/elmawkie.dz\/fr\/wp-content\/uploads\/2025\/02\/956fa9b4-9407-4e0c-8760-b95c8dc656c5.jpeg\",\"width\":2560,\"height\":1730},{\"@type\":\"BreadcrumbList\",\"@id\":\"https:\/\/elmawkie.dz\/fr\/m-attaf-arrive-a-beyrouth-pour-une-visite-officielle-en-republique-libanaise\/#breadcrumb\",\"itemListElement\":[{\"@type\":\"ListItem\",\"position\":1,\"name\":\"Home\",\"item\":\"https:\/\/elmawkie.dz\/fr\/\"},{\"@type\":\"ListItem\",\"position\":2,\"name\":\"M. Attaf arrive \u00e0 Beyrouth pour une visite officielle en R\u00e9publique libanaise\"}]},{\"@type\":\"WebSite\",\"@id\":\"https:\/\/elmawkie.dz\/fr\/#website\",\"url\":\"https:\/\/elmawkie.dz\/fr\/\",\"name\":\"EL MAWKIE\",\"description\":\"Journal \u00c9lectronique Alg\u00e9rien\",\"publisher\":{\"@id\":\"https:\/\/elmawkie.dz\/fr\/#organization\"},\"potentialAction\":[{\"@type\":\"SearchAction\",\"target\":{\"@type\":\"EntryPoint\",\"urlTemplate\":\"https:\/\/elmawkie.dz\/fr\/?s={search_term_string}\"},\"query-input\":\"required name=search_term_string\"}],\"inLanguage\":\"fr-FR\"},{\"@type\":\"Organization\",\"@id\":\"https:\/\/elmawkie.dz\/fr\/#organization\",\"name\":\"EL MAWKIE\",\"url\":\"https:\/\/elmawkie.dz\/fr\/\",\"logo\":{\"@type\":\"ImageObject\",\"inLanguage\":\"fr-FR\",\"@id\":\"https:\/\/elmawkie.dz\/fr\/#\/schema\/logo\/image\/\",\"url\":\"https:\/\/elmawkie.dz\/fr\/wp-content\/uploads\/2024\/05\/logo1.png\",\"contentUrl\":\"https:\/\/elmawkie.dz\/fr\/wp-content\/uploads\/2024\/05\/logo1.png\",\"width\":1648,\"height\":652,\"caption\":\"EL MAWKIE\"},\"image\":{\"@id\":\"https:\/\/elmawkie.dz\/fr\/#\/schema\/logo\/image\/\"},\"sameAs\":[\"https:\/\/www.facebook.com\/profile.php?id=100088407094989&locale=fr_FR\"]},{\"@type\":\"Person\",\"@id\":\"https:\/\/elmawkie.dz\/fr\/#\/schema\/person\/e7bd59d6467874ba5c4723d8a9f0a63c\",\"name\":\"R\u00e9daction\",\"image\":{\"@type\":\"ImageObject\",\"inLanguage\":\"fr-FR\",\"@id\":\"https:\/\/elmawkie.dz\/fr\/#\/schema\/person\/image\/\",\"url\":\"https:\/\/secure.gravatar.com\/avatar\/f0f773456344da4d2788c054a3d30a0c?s=96&d=mm&r=g\",\"contentUrl\":\"https:\/\/secure.gravatar.com\/avatar\/f0f773456344da4d2788c054a3d30a0c?s=96&d=mm&r=g\",\"caption\":\"R\u00e9daction\"},\"url\":\"https:\/\/elmawkie.dz\/fr\/author\/redaction\/\"}]}<\/script>\n<!-- \/ Yoast SEO Premium plugin. -->","yoast_head_json":{"title":"M. Attaf arrive \u00e0 Beyrouth pour une visite officielle en R\u00e9publique libanaise - El Mawkie","robots":{"index":"index","follow":"follow","max-snippet":"max-snippet:-1","max-image-preview":"max-image-preview:large","max-video-preview":"max-video-preview:-1"},"canonical":"https:\/\/elmawkie.dz\/fr\/m-attaf-arrive-a-beyrouth-pour-une-visite-officielle-en-republique-libanaise\/","og_locale":"fr_FR","og_type":"article","og_title":"M. Attaf arrive \u00e0 Beyrouth pour une visite officielle en R\u00e9publique libanaise","og_description":"En sa qualit\u00e9 d&rsquo;envoy\u00e9 sp\u00e9cial du pr\u00e9sident de la R\u00e9publique, M. Abdelmadjid Tebboune, le ministre d&rsquo;Etat, ministre des Affaires \u00e9trang\u00e8res, de la Communaut\u00e9 nationale \u00e0 l&rsquo;\u00e9tranger et des Affaires africaines, M. Ahmed Attaf, est arriv\u00e9, samedi apr\u00e8s-midi \u00e0 Beyrouth, pour une visite officielle en R\u00e9publique libanaise, pays fr\u00e8re, indique un communiqu\u00e9 du minist\u00e8re. Cette visite &hellip;","og_url":"https:\/\/elmawkie.dz\/fr\/m-attaf-arrive-a-beyrouth-pour-une-visite-officielle-en-republique-libanaise\/","og_site_name":"El Mawkie","article_publisher":"https:\/\/www.facebook.com\/profile.php?id=100088407094989&locale=fr_FR","article_published_time":"2025-02-08T17:08:07+00:00","article_modified_time":"2025-02-08T17:23:44+00:00","og_image":[{"width":2560,"height":1730,"url":"https:\/\/elmawkie.dz\/fr\/wp-content\/uploads\/2025\/02\/956fa9b4-9407-4e0c-8760-b95c8dc656c5.jpeg","type":"image\/jpeg"}],"author":"R\u00e9daction","twitter_card":"summary_large_image","twitter_misc":{"Written by":"R\u00e9daction","Est. reading time":"2 minutes"},"schema":{"@context":"https:\/\/schema.org","@graph":[{"@type":"Article","@id":"https:\/\/elmawkie.dz\/fr\/m-attaf-arrive-a-beyrouth-pour-une-visite-officielle-en-republique-libanaise\/#article","isPartOf":{"@id":"https:\/\/elmawkie.dz\/fr\/m-attaf-arrive-a-beyrouth-pour-une-visite-officielle-en-republique-libanaise\/"},"author":{"name":"R\u00e9daction","@id":"https:\/\/elmawkie.dz\/fr\/#\/schema\/person\/e7bd59d6467874ba5c4723d8a9f0a63c"},"headline":"M. Attaf arrive \u00e0 Beyrouth pour une visite officielle en R\u00e9publique libanaise","datePublished":"2025-02-08T17:08:07+00:00","dateModified":"2025-02-08T17:23:44+00:00","mainEntityOfPage":{"@id":"https:\/\/elmawkie.dz\/fr\/m-attaf-arrive-a-beyrouth-pour-une-visite-officielle-en-republique-libanaise\/"},"wordCount":232,"commentCount":0,"publisher":{"@id":"https:\/\/elmawkie.dz\/fr\/#organization"},"image":{"@id":"https:\/\/elmawkie.dz\/fr\/m-attaf-arrive-a-beyrouth-pour-une-visite-officielle-en-republique-libanaise\/#primaryimage"},"thumbnailUrl":"https:\/\/elmawkie.dz\/fr\/wp-content\/uploads\/2025\/02\/956fa9b4-9407-4e0c-8760-b95c8dc656c5.jpeg","keywords":["M.Attaf","r\u00e9publique libanaise","visite officielle"],"articleSection":["Diplomatie","International","National"],"inLanguage":"fr-FR","potentialAction":[{"@type":"CommentAction","name":"Comment","target":["https:\/\/elmawkie.dz\/fr\/m-attaf-arrive-a-beyrouth-pour-une-visite-officielle-en-republique-libanaise\/#respond"]}]},{"@type":"WebPage","@id":"https:\/\/elmawkie.dz\/fr\/m-attaf-arrive-a-beyrouth-pour-une-visite-officielle-en-republique-libanaise\/","url":"https:\/\/elmawkie.dz\/fr\/m-attaf-arrive-a-beyrouth-pour-une-visite-officielle-en-republique-libanaise\/","name":"M. Attaf arrive \u00e0 Beyrouth pour une visite officielle en R\u00e9publique libanaise - El Mawkie","isPartOf":{"@id":"https:\/\/elmawkie.dz\/fr\/#website"},"primaryImageOfPage":{"@id":"https:\/\/elmawkie.dz\/fr\/m-attaf-arrive-a-beyrouth-pour-une-visite-officielle-en-republique-libanaise\/#primaryimage"},"image":{"@id":"https:\/\/elmawkie.dz\/fr\/m-attaf-arrive-a-beyrouth-pour-une-visite-officielle-en-republique-libanaise\/#primaryimage"},"thumbnailUrl":"https:\/\/elmawkie.dz\/fr\/wp-content\/uploads\/2025\/02\/956fa9b4-9407-4e0c-8760-b95c8dc656c5.jpeg","datePublished":"2025-02-08T17:08:07+00:00","dateModified":"2025-02-08T17:23:44+00:00","breadcrumb":{"@id":"https:\/\/elmawkie.dz\/fr\/m-attaf-arrive-a-beyrouth-pour-une-visite-officielle-en-republique-libanaise\/#breadcrumb"},"inLanguage":"fr-FR","potentialAction":[{"@type":"ReadAction","target":["https:\/\/elmawkie.dz\/fr\/m-attaf-arrive-a-beyrouth-pour-une-visite-officielle-en-republique-libanaise\/"]}]},{"@type":"ImageObject","inLanguage":"fr-FR","@id":"https:\/\/elmawkie.dz\/fr\/m-attaf-arrive-a-beyrouth-pour-une-visite-officielle-en-republique-libanaise\/#primaryimage","url":"https:\/\/elmawkie.dz\/fr\/wp-content\/uploads\/2025\/02\/956fa9b4-9407-4e0c-8760-b95c8dc656c5.jpeg","contentUrl":"https:\/\/elmawkie.dz\/fr\/wp-content\/uploads\/2025\/02\/956fa9b4-9407-4e0c-8760-b95c8dc656c5.jpeg","width":2560,"height":1730},{"@type":"BreadcrumbList","@id":"https:\/\/elmawkie.dz\/fr\/m-attaf-arrive-a-beyrouth-pour-une-visite-officielle-en-republique-libanaise\/#breadcrumb","itemListElement":[{"@type":"ListItem","position":1,"name":"Home","item":"https:\/\/elmawkie.dz\/fr\/"},{"@type":"ListItem","position":2,"name":"M. Attaf arrive \u00e0 Beyrouth pour une visite officielle en R\u00e9publique libanaise"}]},{"@type":"WebSite","@id":"https:\/\/elmawkie.dz\/fr\/#website","url":"https:\/\/elmawkie.dz\/fr\/","name":"EL MAWKIE","description":"Journal \u00c9lectronique Alg\u00e9rien","publisher":{"@id":"https:\/\/elmawkie.dz\/fr\/#organization"},"potentialAction":[{"@type":"SearchAction","target":{"@type":"EntryPoint","urlTemplate":"https:\/\/elmawkie.dz\/fr\/?s={search_term_string}"},"query-input":"required name=search_term_string"}],"inLanguage":"fr-FR"},{"@type":"Organization","@id":"https:\/\/elmawkie.dz\/fr\/#organization","name":"EL MAWKIE","url":"https:\/\/elmawkie.dz\/fr\/","logo":{"@type":"ImageObject","inLanguage":"fr-FR","@id":"https:\/\/elmawkie.dz\/fr\/#\/schema\/logo\/image\/","url":"https:\/\/elmawkie.dz\/fr\/wp-content\/uploads\/2024\/05\/logo1.png","contentUrl":"https:\/\/elmawkie.dz\/fr\/wp-content\/uploads\/2024\/05\/logo1.png","width":1648,"height":652,"caption":"EL MAWKIE"},"image":{"@id":"https:\/\/elmawkie.dz\/fr\/#\/schema\/logo\/image\/"},"sameAs":["https:\/\/www.facebook.com\/profile.php?id=100088407094989&locale=fr_FR"]},{"@type":"Person","@id":"https:\/\/elmawkie.dz\/fr\/#\/schema\/person\/e7bd59d6467874ba5c4723d8a9f0a63c","name":"R\u00e9daction","image":{"@type":"ImageObject","inLanguage":"fr-FR","@id":"https:\/\/elmawkie.dz\/fr\/#\/schema\/person\/image\/","url":"https:\/\/secure.gravatar.com\/avatar\/f0f773456344da4d2788c054a3d30a0c?s=96&d=mm&r=g","contentUrl":"https:\/\/secure.gravatar.com\/avatar\/f0f773456344da4d2788c054a3d30a0c?s=96&d=mm&r=g","caption":"R\u00e9daction"},"url":"https:\/\/elmawkie.dz\/fr\/author\/redaction\/"}]}},"_links":{"self":[{"href":"https:\/\/elmawkie.dz\/fr\/wp-json\/wp\/v2\/posts\/46932","targetHints":{"allow":["GET"]}}],"collection":[{"href":"https:\/\/elmawkie.dz\/fr\/wp-json\/wp\/v2\/posts"}],"about":[{"href":"https:\/\/elmawkie.dz\/fr\/wp-json\/wp\/v2\/types\/post"}],"author":[{"embeddable":true,"href":"https:\/\/elmawkie.dz\/fr\/wp-json\/wp\/v2\/users\/9"}],"replies":[{"embeddable":true,"href":"https:\/\/elmawkie.dz\/fr\/wp-json\/wp\/v2\/comments?post=46932"}],"version-history":[{"count":2,"href":"https:\/\/elmawkie.dz\/fr\/wp-json\/wp\/v2\/posts\/46932\/revisions"}],"predecessor-version":[{"id":46938,"href":"https:\/\/elmawkie.dz\/fr\/wp-json\/wp\/v2\/posts\/46932\/revisions\/46938"}],"wp:featuredmedia":[{"embeddable":true,"href":"https:\/\/elmawkie.dz\/fr\/wp-json\/wp\/v2\/media\/46934"}],"wp:attachment":[{"href":"https:\/\/elmawkie.dz\/fr\/wp-json\/wp\/v2\/media?parent=46932"}],"wp:term":[{"taxonomy":"category","embeddable":true,"href":"https:\/\/elmawkie.dz\/fr\/wp-json\/wp\/v2\/categories?post=46932"},{"taxonomy":"post_tag","embeddable":true,"href":"https:\/\/elmawkie.dz\/fr\/wp-json\/wp\/v2\/tags?post=46932"}],"curies":[{"name":"wp","href":"https:\/\/api.w.org\/{rel}","templated":true}]}}