{"id":46830,"date":"2025-02-06T15:36:48","date_gmt":"2025-02-06T14:36:48","guid":{"rendered":"https:\/\/elmawkie.dz\/fr\/?p=46830"},"modified":"2025-02-06T15:36:49","modified_gmt":"2025-02-06T14:36:49","slug":"le-ministre-de-la-justice-preside-la-ceremonie-dinstallation-du-nouveau-procureur-general-pres-la-cour-dalger","status":"publish","type":"post","link":"https:\/\/elmawkie.dz\/fr\/le-ministre-de-la-justice-preside-la-ceremonie-dinstallation-du-nouveau-procureur-general-pres-la-cour-dalger\/","title":{"rendered":"Le ministre de la Justice pr\u00e9side la c\u00e9r\u00e9monie d&rsquo;installation du nouveau procureur g\u00e9n\u00e9ral pr\u00e8s la cour d&rsquo;Alger"},"content":{"rendered":"\n<p><em>Le ministre de la Justice, garde des Sceaux, Lotfi Boudjemaa, a pr\u00e9sid\u00e9, jeudi \u00e0 Alger, la c\u00e9r\u00e9monie d&rsquo;installation du nouveau procureur g\u00e9n\u00e9ral pr\u00e8s la cour d&rsquo;Alger, M. Mohamed El Kamel Ben Boudiaf. Dans une allocution prononc\u00e9e \u00e0 cette occasion, M. Boudjemaa a f\u00e9licit\u00e9 le nouveau procureur g\u00e9n\u00e9ral pour la confiance plac\u00e9e en sa personne par le pr\u00e9sident de la R\u00e9publique, M. Abdelmadjid Tebboune, saluant son parcours professionnel dans le corps de la magistrature ainsi que son accession \u00e0 plusieurs postes et fonctions, dont la pr\u00e9sidence du p\u00f4le p\u00e9nal sp\u00e9cialis\u00e9 du tribunal de Sidi M&rsquo;hamed. Cette installation intervient suite au mouvement partiel op\u00e9r\u00e9 r\u00e9cemment par le pr\u00e9sident de la R\u00e9publique dans le corps des pr\u00e9sidents de cours et des procureurs g\u00e9n\u00e9raux, qui s&rsquo;inscrit dans le cadre des efforts visant \u00e0 renforcer les juridictions par des comp\u00e9tences dot\u00e9es d&rsquo;une expertise judiciaire reconnue.<\/em><\/p>\n","protected":false},"excerpt":{"rendered":"<p>Le ministre de la Justice, garde des Sceaux, Lotfi Boudjemaa, a pr\u00e9sid\u00e9, jeudi \u00e0 Alger, la c\u00e9r\u00e9monie d&rsquo;installation du nouveau procureur g\u00e9n\u00e9ral pr\u00e8s la cour d&rsquo;Alger, M. Mohamed El Kamel Ben Boudiaf. Dans une allocution prononc\u00e9e \u00e0 cette occasion, M. Boudjemaa a f\u00e9licit\u00e9 le nouveau procureur g\u00e9n\u00e9ral pour la confiance plac\u00e9e en sa personne par &hellip;<\/p>\n","protected":false},"author":9,"featured_media":46832,"comment_status":"open","ping_status":"open","sticky":false,"template":"","format":"standard","meta":{"footnotes":""},"categories":[47],"tags":[2491,2493,2382,2492],"class_list":["post-46830","post","type-post","status-publish","format-standard","has-post-thumbnail","hentry","category-national","tag-ceremonie","tag-la-cour-dalger","tag-le-ministre-de-la-justice","tag-procureur-general"],"yoast_head":"<!-- This site is optimized with the Yoast SEO Premium plugin v22.6 (Yoast SEO v22.6) - https:\/\/yoast.com\/wordpress\/plugins\/seo\/ -->\n<title>Le ministre de la Justice pr\u00e9side la c\u00e9r\u00e9monie d&#039;installation du nouveau procureur g\u00e9n\u00e9ral pr\u00e8s la cour d&#039;Alger - El Mawkie<\/title>\n<meta name=\"robots\" content=\"index, follow, max-snippet:-1, max-image-preview:large, max-video-preview:-1\" \/>\n<link rel=\"canonical\" href=\"https:\/\/elmawkie.dz\/fr\/le-ministre-de-la-justice-preside-la-ceremonie-dinstallation-du-nouveau-procureur-general-pres-la-cour-dalger\/\" \/>\n<meta property=\"og:locale\" content=\"fr_FR\" \/>\n<meta property=\"og:type\" content=\"article\" \/>\n<meta property=\"og:title\" content=\"Le ministre de la Justice pr\u00e9side la c\u00e9r\u00e9monie d&#039;installation du nouveau procureur g\u00e9n\u00e9ral pr\u00e8s la cour d&#039;Alger\" \/>\n<meta property=\"og:description\" content=\"Le ministre de la Justice, garde des Sceaux, Lotfi Boudjemaa, a pr\u00e9sid\u00e9, jeudi \u00e0 Alger, la c\u00e9r\u00e9monie d&rsquo;installation du nouveau procureur g\u00e9n\u00e9ral pr\u00e8s la cour d&rsquo;Alger, M. Mohamed El Kamel Ben Boudiaf. Dans une allocution prononc\u00e9e \u00e0 cette occasion, M. Boudjemaa a f\u00e9licit\u00e9 le nouveau procureur g\u00e9n\u00e9ral pour la confiance plac\u00e9e en sa personne par &hellip;\" \/>\n<meta property=\"og:url\" content=\"https:\/\/elmawkie.dz\/fr\/le-ministre-de-la-justice-preside-la-ceremonie-dinstallation-du-nouveau-procureur-general-pres-la-cour-dalger\/\" \/>\n<meta property=\"og:site_name\" content=\"El Mawkie\" \/>\n<meta property=\"article:publisher\" content=\"https:\/\/www.facebook.com\/profile.php?id=100088407094989&amp;locale=fr_FR\" \/>\n<meta property=\"article:published_time\" content=\"2025-02-06T14:36:48+00:00\" \/>\n<meta property=\"article:modified_time\" content=\"2025-02-06T14:36:49+00:00\" \/>\n<meta property=\"og:image\" content=\"https:\/\/elmawkie.dz\/fr\/wp-content\/uploads\/2025\/02\/IMG_9305.jpeg\" \/>\n\t<meta property=\"og:image:width\" content=\"765\" \/>\n\t<meta property=\"og:image:height\" content=\"405\" \/>\n\t<meta property=\"og:image:type\" content=\"image\/jpeg\" \/>\n<meta name=\"author\" content=\"R\u00e9daction\" \/>\n<meta name=\"twitter:card\" content=\"summary_large_image\" \/>\n<meta name=\"twitter:label1\" content=\"Written by\" \/>\n\t<meta name=\"twitter:data1\" content=\"R\u00e9daction\" \/>\n\t<meta name=\"twitter:label2\" content=\"Est. reading time\" \/>\n\t<meta name=\"twitter:data2\" content=\"1 minute\" \/>\n<script type=\"application\/ld+json\" class=\"yoast-schema-graph\">{\"@context\":\"https:\/\/schema.org\",\"@graph\":[{\"@type\":\"Article\",\"@id\":\"https:\/\/elmawkie.dz\/fr\/le-ministre-de-la-justice-preside-la-ceremonie-dinstallation-du-nouveau-procureur-general-pres-la-cour-dalger\/#article\",\"isPartOf\":{\"@id\":\"https:\/\/elmawkie.dz\/fr\/le-ministre-de-la-justice-preside-la-ceremonie-dinstallation-du-nouveau-procureur-general-pres-la-cour-dalger\/\"},\"author\":{\"name\":\"R\u00e9daction\",\"@id\":\"https:\/\/elmawkie.dz\/fr\/#\/schema\/person\/e7bd59d6467874ba5c4723d8a9f0a63c\"},\"headline\":\"Le ministre de la Justice pr\u00e9side la c\u00e9r\u00e9monie d&rsquo;installation du nouveau procureur g\u00e9n\u00e9ral pr\u00e8s la cour d&rsquo;Alger\",\"datePublished\":\"2025-02-06T14:36:48+00:00\",\"dateModified\":\"2025-02-06T14:36:49+00:00\",\"mainEntityOfPage\":{\"@id\":\"https:\/\/elmawkie.dz\/fr\/le-ministre-de-la-justice-preside-la-ceremonie-dinstallation-du-nouveau-procureur-general-pres-la-cour-dalger\/\"},\"wordCount\":192,\"commentCount\":0,\"publisher\":{\"@id\":\"https:\/\/elmawkie.dz\/fr\/#organization\"},\"image\":{\"@id\":\"https:\/\/elmawkie.dz\/fr\/le-ministre-de-la-justice-preside-la-ceremonie-dinstallation-du-nouveau-procureur-general-pres-la-cour-dalger\/#primaryimage\"},\"thumbnailUrl\":\"https:\/\/elmawkie.dz\/fr\/wp-content\/uploads\/2025\/02\/IMG_9305.jpeg\",\"keywords\":[\"C\u00e9r\u00e9monie\",\"la cour d'Alger\",\"Le ministre de la Justice\",\"procureur g\u00e9n\u00e9ral\"],\"articleSection\":[\"National\"],\"inLanguage\":\"fr-FR\",\"potentialAction\":[{\"@type\":\"CommentAction\",\"name\":\"Comment\",\"target\":[\"https:\/\/elmawkie.dz\/fr\/le-ministre-de-la-justice-preside-la-ceremonie-dinstallation-du-nouveau-procureur-general-pres-la-cour-dalger\/#respond\"]}]},{\"@type\":\"WebPage\",\"@id\":\"https:\/\/elmawkie.dz\/fr\/le-ministre-de-la-justice-preside-la-ceremonie-dinstallation-du-nouveau-procureur-general-pres-la-cour-dalger\/\",\"url\":\"https:\/\/elmawkie.dz\/fr\/le-ministre-de-la-justice-preside-la-ceremonie-dinstallation-du-nouveau-procureur-general-pres-la-cour-dalger\/\",\"name\":\"Le ministre de la Justice pr\u00e9side la c\u00e9r\u00e9monie d'installation du nouveau procureur g\u00e9n\u00e9ral pr\u00e8s la cour d'Alger - El Mawkie\",\"isPartOf\":{\"@id\":\"https:\/\/elmawkie.dz\/fr\/#website\"},\"primaryImageOfPage\":{\"@id\":\"https:\/\/elmawkie.dz\/fr\/le-ministre-de-la-justice-preside-la-ceremonie-dinstallation-du-nouveau-procureur-general-pres-la-cour-dalger\/#primaryimage\"},\"image\":{\"@id\":\"https:\/\/elmawkie.dz\/fr\/le-ministre-de-la-justice-preside-la-ceremonie-dinstallation-du-nouveau-procureur-general-pres-la-cour-dalger\/#primaryimage\"},\"thumbnailUrl\":\"https:\/\/elmawkie.dz\/fr\/wp-content\/uploads\/2025\/02\/IMG_9305.jpeg\",\"datePublished\":\"2025-02-06T14:36:48+00:00\",\"dateModified\":\"2025-02-06T14:36:49+00:00\",\"breadcrumb\":{\"@id\":\"https:\/\/elmawkie.dz\/fr\/le-ministre-de-la-justice-preside-la-ceremonie-dinstallation-du-nouveau-procureur-general-pres-la-cour-dalger\/#breadcrumb\"},\"inLanguage\":\"fr-FR\",\"potentialAction\":[{\"@type\":\"ReadAction\",\"target\":[\"https:\/\/elmawkie.dz\/fr\/le-ministre-de-la-justice-preside-la-ceremonie-dinstallation-du-nouveau-procureur-general-pres-la-cour-dalger\/\"]}]},{\"@type\":\"ImageObject\",\"inLanguage\":\"fr-FR\",\"@id\":\"https:\/\/elmawkie.dz\/fr\/le-ministre-de-la-justice-preside-la-ceremonie-dinstallation-du-nouveau-procureur-general-pres-la-cour-dalger\/#primaryimage\",\"url\":\"https:\/\/elmawkie.dz\/fr\/wp-content\/uploads\/2025\/02\/IMG_9305.jpeg\",\"contentUrl\":\"https:\/\/elmawkie.dz\/fr\/wp-content\/uploads\/2025\/02\/IMG_9305.jpeg\",\"width\":765,\"height\":405},{\"@type\":\"BreadcrumbList\",\"@id\":\"https:\/\/elmawkie.dz\/fr\/le-ministre-de-la-justice-preside-la-ceremonie-dinstallation-du-nouveau-procureur-general-pres-la-cour-dalger\/#breadcrumb\",\"itemListElement\":[{\"@type\":\"ListItem\",\"position\":1,\"name\":\"Home\",\"item\":\"https:\/\/elmawkie.dz\/fr\/\"},{\"@type\":\"ListItem\",\"position\":2,\"name\":\"Le ministre de la Justice pr\u00e9side la c\u00e9r\u00e9monie d&rsquo;installation du nouveau procureur g\u00e9n\u00e9ral pr\u00e8s la cour d&rsquo;Alger\"}]},{\"@type\":\"WebSite\",\"@id\":\"https:\/\/elmawkie.dz\/fr\/#website\",\"url\":\"https:\/\/elmawkie.dz\/fr\/\",\"name\":\"EL MAWKIE\",\"description\":\"Journal \u00c9lectronique Alg\u00e9rien\",\"publisher\":{\"@id\":\"https:\/\/elmawkie.dz\/fr\/#organization\"},\"potentialAction\":[{\"@type\":\"SearchAction\",\"target\":{\"@type\":\"EntryPoint\",\"urlTemplate\":\"https:\/\/elmawkie.dz\/fr\/?s={search_term_string}\"},\"query-input\":\"required name=search_term_string\"}],\"inLanguage\":\"fr-FR\"},{\"@type\":\"Organization\",\"@id\":\"https:\/\/elmawkie.dz\/fr\/#organization\",\"name\":\"EL MAWKIE\",\"url\":\"https:\/\/elmawkie.dz\/fr\/\",\"logo\":{\"@type\":\"ImageObject\",\"inLanguage\":\"fr-FR\",\"@id\":\"https:\/\/elmawkie.dz\/fr\/#\/schema\/logo\/image\/\",\"url\":\"https:\/\/elmawkie.dz\/fr\/wp-content\/uploads\/2024\/05\/logo1.png\",\"contentUrl\":\"https:\/\/elmawkie.dz\/fr\/wp-content\/uploads\/2024\/05\/logo1.png\",\"width\":1648,\"height\":652,\"caption\":\"EL MAWKIE\"},\"image\":{\"@id\":\"https:\/\/elmawkie.dz\/fr\/#\/schema\/logo\/image\/\"},\"sameAs\":[\"https:\/\/www.facebook.com\/profile.php?id=100088407094989&locale=fr_FR\"]},{\"@type\":\"Person\",\"@id\":\"https:\/\/elmawkie.dz\/fr\/#\/schema\/person\/e7bd59d6467874ba5c4723d8a9f0a63c\",\"name\":\"R\u00e9daction\",\"image\":{\"@type\":\"ImageObject\",\"inLanguage\":\"fr-FR\",\"@id\":\"https:\/\/elmawkie.dz\/fr\/#\/schema\/person\/image\/\",\"url\":\"https:\/\/secure.gravatar.com\/avatar\/f0f773456344da4d2788c054a3d30a0c?s=96&d=mm&r=g\",\"contentUrl\":\"https:\/\/secure.gravatar.com\/avatar\/f0f773456344da4d2788c054a3d30a0c?s=96&d=mm&r=g\",\"caption\":\"R\u00e9daction\"},\"url\":\"https:\/\/elmawkie.dz\/fr\/author\/redaction\/\"}]}<\/script>\n<!-- \/ Yoast SEO Premium plugin. -->","yoast_head_json":{"title":"Le ministre de la Justice pr\u00e9side la c\u00e9r\u00e9monie d'installation du nouveau procureur g\u00e9n\u00e9ral pr\u00e8s la cour d'Alger - El Mawkie","robots":{"index":"index","follow":"follow","max-snippet":"max-snippet:-1","max-image-preview":"max-image-preview:large","max-video-preview":"max-video-preview:-1"},"canonical":"https:\/\/elmawkie.dz\/fr\/le-ministre-de-la-justice-preside-la-ceremonie-dinstallation-du-nouveau-procureur-general-pres-la-cour-dalger\/","og_locale":"fr_FR","og_type":"article","og_title":"Le ministre de la Justice pr\u00e9side la c\u00e9r\u00e9monie d'installation du nouveau procureur g\u00e9n\u00e9ral pr\u00e8s la cour d'Alger","og_description":"Le ministre de la Justice, garde des Sceaux, Lotfi Boudjemaa, a pr\u00e9sid\u00e9, jeudi \u00e0 Alger, la c\u00e9r\u00e9monie d&rsquo;installation du nouveau procureur g\u00e9n\u00e9ral pr\u00e8s la cour d&rsquo;Alger, M. Mohamed El Kamel Ben Boudiaf. Dans une allocution prononc\u00e9e \u00e0 cette occasion, M. Boudjemaa a f\u00e9licit\u00e9 le nouveau procureur g\u00e9n\u00e9ral pour la confiance plac\u00e9e en sa personne par &hellip;","og_url":"https:\/\/elmawkie.dz\/fr\/le-ministre-de-la-justice-preside-la-ceremonie-dinstallation-du-nouveau-procureur-general-pres-la-cour-dalger\/","og_site_name":"El Mawkie","article_publisher":"https:\/\/www.facebook.com\/profile.php?id=100088407094989&locale=fr_FR","article_published_time":"2025-02-06T14:36:48+00:00","article_modified_time":"2025-02-06T14:36:49+00:00","og_image":[{"width":765,"height":405,"url":"https:\/\/elmawkie.dz\/fr\/wp-content\/uploads\/2025\/02\/IMG_9305.jpeg","type":"image\/jpeg"}],"author":"R\u00e9daction","twitter_card":"summary_large_image","twitter_misc":{"Written by":"R\u00e9daction","Est. reading time":"1 minute"},"schema":{"@context":"https:\/\/schema.org","@graph":[{"@type":"Article","@id":"https:\/\/elmawkie.dz\/fr\/le-ministre-de-la-justice-preside-la-ceremonie-dinstallation-du-nouveau-procureur-general-pres-la-cour-dalger\/#article","isPartOf":{"@id":"https:\/\/elmawkie.dz\/fr\/le-ministre-de-la-justice-preside-la-ceremonie-dinstallation-du-nouveau-procureur-general-pres-la-cour-dalger\/"},"author":{"name":"R\u00e9daction","@id":"https:\/\/elmawkie.dz\/fr\/#\/schema\/person\/e7bd59d6467874ba5c4723d8a9f0a63c"},"headline":"Le ministre de la Justice pr\u00e9side la c\u00e9r\u00e9monie d&rsquo;installation du nouveau procureur g\u00e9n\u00e9ral pr\u00e8s la cour d&rsquo;Alger","datePublished":"2025-02-06T14:36:48+00:00","dateModified":"2025-02-06T14:36:49+00:00","mainEntityOfPage":{"@id":"https:\/\/elmawkie.dz\/fr\/le-ministre-de-la-justice-preside-la-ceremonie-dinstallation-du-nouveau-procureur-general-pres-la-cour-dalger\/"},"wordCount":192,"commentCount":0,"publisher":{"@id":"https:\/\/elmawkie.dz\/fr\/#organization"},"image":{"@id":"https:\/\/elmawkie.dz\/fr\/le-ministre-de-la-justice-preside-la-ceremonie-dinstallation-du-nouveau-procureur-general-pres-la-cour-dalger\/#primaryimage"},"thumbnailUrl":"https:\/\/elmawkie.dz\/fr\/wp-content\/uploads\/2025\/02\/IMG_9305.jpeg","keywords":["C\u00e9r\u00e9monie","la cour d'Alger","Le ministre de la Justice","procureur g\u00e9n\u00e9ral"],"articleSection":["National"],"inLanguage":"fr-FR","potentialAction":[{"@type":"CommentAction","name":"Comment","target":["https:\/\/elmawkie.dz\/fr\/le-ministre-de-la-justice-preside-la-ceremonie-dinstallation-du-nouveau-procureur-general-pres-la-cour-dalger\/#respond"]}]},{"@type":"WebPage","@id":"https:\/\/elmawkie.dz\/fr\/le-ministre-de-la-justice-preside-la-ceremonie-dinstallation-du-nouveau-procureur-general-pres-la-cour-dalger\/","url":"https:\/\/elmawkie.dz\/fr\/le-ministre-de-la-justice-preside-la-ceremonie-dinstallation-du-nouveau-procureur-general-pres-la-cour-dalger\/","name":"Le ministre de la Justice pr\u00e9side la c\u00e9r\u00e9monie d'installation du nouveau procureur g\u00e9n\u00e9ral pr\u00e8s la cour d'Alger - El Mawkie","isPartOf":{"@id":"https:\/\/elmawkie.dz\/fr\/#website"},"primaryImageOfPage":{"@id":"https:\/\/elmawkie.dz\/fr\/le-ministre-de-la-justice-preside-la-ceremonie-dinstallation-du-nouveau-procureur-general-pres-la-cour-dalger\/#primaryimage"},"image":{"@id":"https:\/\/elmawkie.dz\/fr\/le-ministre-de-la-justice-preside-la-ceremonie-dinstallation-du-nouveau-procureur-general-pres-la-cour-dalger\/#primaryimage"},"thumbnailUrl":"https:\/\/elmawkie.dz\/fr\/wp-content\/uploads\/2025\/02\/IMG_9305.jpeg","datePublished":"2025-02-06T14:36:48+00:00","dateModified":"2025-02-06T14:36:49+00:00","breadcrumb":{"@id":"https:\/\/elmawkie.dz\/fr\/le-ministre-de-la-justice-preside-la-ceremonie-dinstallation-du-nouveau-procureur-general-pres-la-cour-dalger\/#breadcrumb"},"inLanguage":"fr-FR","potentialAction":[{"@type":"ReadAction","target":["https:\/\/elmawkie.dz\/fr\/le-ministre-de-la-justice-preside-la-ceremonie-dinstallation-du-nouveau-procureur-general-pres-la-cour-dalger\/"]}]},{"@type":"ImageObject","inLanguage":"fr-FR","@id":"https:\/\/elmawkie.dz\/fr\/le-ministre-de-la-justice-preside-la-ceremonie-dinstallation-du-nouveau-procureur-general-pres-la-cour-dalger\/#primaryimage","url":"https:\/\/elmawkie.dz\/fr\/wp-content\/uploads\/2025\/02\/IMG_9305.jpeg","contentUrl":"https:\/\/elmawkie.dz\/fr\/wp-content\/uploads\/2025\/02\/IMG_9305.jpeg","width":765,"height":405},{"@type":"BreadcrumbList","@id":"https:\/\/elmawkie.dz\/fr\/le-ministre-de-la-justice-preside-la-ceremonie-dinstallation-du-nouveau-procureur-general-pres-la-cour-dalger\/#breadcrumb","itemListElement":[{"@type":"ListItem","position":1,"name":"Home","item":"https:\/\/elmawkie.dz\/fr\/"},{"@type":"ListItem","position":2,"name":"Le ministre de la Justice pr\u00e9side la c\u00e9r\u00e9monie d&rsquo;installation du nouveau procureur g\u00e9n\u00e9ral pr\u00e8s la cour d&rsquo;Alger"}]},{"@type":"WebSite","@id":"https:\/\/elmawkie.dz\/fr\/#website","url":"https:\/\/elmawkie.dz\/fr\/","name":"EL MAWKIE","description":"Journal \u00c9lectronique Alg\u00e9rien","publisher":{"@id":"https:\/\/elmawkie.dz\/fr\/#organization"},"potentialAction":[{"@type":"SearchAction","target":{"@type":"EntryPoint","urlTemplate":"https:\/\/elmawkie.dz\/fr\/?s={search_term_string}"},"query-input":"required name=search_term_string"}],"inLanguage":"fr-FR"},{"@type":"Organization","@id":"https:\/\/elmawkie.dz\/fr\/#organization","name":"EL MAWKIE","url":"https:\/\/elmawkie.dz\/fr\/","logo":{"@type":"ImageObject","inLanguage":"fr-FR","@id":"https:\/\/elmawkie.dz\/fr\/#\/schema\/logo\/image\/","url":"https:\/\/elmawkie.dz\/fr\/wp-content\/uploads\/2024\/05\/logo1.png","contentUrl":"https:\/\/elmawkie.dz\/fr\/wp-content\/uploads\/2024\/05\/logo1.png","width":1648,"height":652,"caption":"EL MAWKIE"},"image":{"@id":"https:\/\/elmawkie.dz\/fr\/#\/schema\/logo\/image\/"},"sameAs":["https:\/\/www.facebook.com\/profile.php?id=100088407094989&locale=fr_FR"]},{"@type":"Person","@id":"https:\/\/elmawkie.dz\/fr\/#\/schema\/person\/e7bd59d6467874ba5c4723d8a9f0a63c","name":"R\u00e9daction","image":{"@type":"ImageObject","inLanguage":"fr-FR","@id":"https:\/\/elmawkie.dz\/fr\/#\/schema\/person\/image\/","url":"https:\/\/secure.gravatar.com\/avatar\/f0f773456344da4d2788c054a3d30a0c?s=96&d=mm&r=g","contentUrl":"https:\/\/secure.gravatar.com\/avatar\/f0f773456344da4d2788c054a3d30a0c?s=96&d=mm&r=g","caption":"R\u00e9daction"},"url":"https:\/\/elmawkie.dz\/fr\/author\/redaction\/"}]}},"_links":{"self":[{"href":"https:\/\/elmawkie.dz\/fr\/wp-json\/wp\/v2\/posts\/46830","targetHints":{"allow":["GET"]}}],"collection":[{"href":"https:\/\/elmawkie.dz\/fr\/wp-json\/wp\/v2\/posts"}],"about":[{"href":"https:\/\/elmawkie.dz\/fr\/wp-json\/wp\/v2\/types\/post"}],"author":[{"embeddable":true,"href":"https:\/\/elmawkie.dz\/fr\/wp-json\/wp\/v2\/users\/9"}],"replies":[{"embeddable":true,"href":"https:\/\/elmawkie.dz\/fr\/wp-json\/wp\/v2\/comments?post=46830"}],"version-history":[{"count":1,"href":"https:\/\/elmawkie.dz\/fr\/wp-json\/wp\/v2\/posts\/46830\/revisions"}],"predecessor-version":[{"id":46833,"href":"https:\/\/elmawkie.dz\/fr\/wp-json\/wp\/v2\/posts\/46830\/revisions\/46833"}],"wp:featuredmedia":[{"embeddable":true,"href":"https:\/\/elmawkie.dz\/fr\/wp-json\/wp\/v2\/media\/46832"}],"wp:attachment":[{"href":"https:\/\/elmawkie.dz\/fr\/wp-json\/wp\/v2\/media?parent=46830"}],"wp:term":[{"taxonomy":"category","embeddable":true,"href":"https:\/\/elmawkie.dz\/fr\/wp-json\/wp\/v2\/categories?post=46830"},{"taxonomy":"post_tag","embeddable":true,"href":"https:\/\/elmawkie.dz\/fr\/wp-json\/wp\/v2\/tags?post=46830"}],"curies":[{"name":"wp","href":"https:\/\/api.w.org\/{rel}","templated":true}]}}