{"id":46617,"date":"2025-02-03T08:40:36","date_gmt":"2025-02-03T07:40:36","guid":{"rendered":"https:\/\/elmawkie.dz\/fr\/?p=46617"},"modified":"2025-02-03T09:40:50","modified_gmt":"2025-02-03T08:40:50","slug":"affaire-boualem-sansal-le-president-repond-aux-critiques-et-fustige-une-instrumentalisation-politique","status":"publish","type":"post","link":"https:\/\/elmawkie.dz\/fr\/affaire-boualem-sansal-le-president-repond-aux-critiques-et-fustige-une-instrumentalisation-politique\/","title":{"rendered":"Affaire Boualem Sansal\u00a0: Le pr\u00e9sident r\u00e9pond aux critiques et fustige une instrumentalisation politique"},"content":{"rendered":"\n<p>L\u2019incarc\u00e9ration de l\u2019\u00e9crivain Boualem Sansal continue d\u2019alimenter les tensions diplomatiques entre l\u2019Alg\u00e9rie et la France. Alors que des comit\u00e9s de soutien se mobilisent en France et que le pr\u00e9sident Emmanuel Macron a d\u00e9nonc\u00e9 une Alg\u00e9rie \u00ab qui entre dans une histoire qui le d\u00e9shonore \u00bb, le chef de l\u2019\u00c9tat alg\u00e9rien, Abdelmadjid Tebboune, a r\u00e9pondu sans d\u00e9tour aux critiques dans un entretien avec le m\u00e9dia francais \u00ab&nbsp;l\u2019Opinion&nbsp;\u00bb, en affirmant que cette affaire relevait d\u2019une instrumentalisation politique.<\/p>\n\n\n\n<p>En effet, interrog\u00e9 sur les raisons pour lesquelles un \u00e9crivain de 75 ans pourrait \u00eatre per\u00e7u comme une menace pour la s\u00e9curit\u00e9 nationale, Abdelmadjid Tebboune a balay\u00e9 les accusations. Pour lui, Boualem Sansal est avant tout une figure utilis\u00e9e dans une campagne contre l\u2019Alg\u00e9rie. \u00ab Boualem Sansal n\u2019est pas un probl\u00e8me alg\u00e9rien. C\u2019est un probl\u00e8me pour ceux qui l\u2019ont cr\u00e9\u00e9. Jusqu\u2019\u00e0 pr\u00e9sent, il n\u2019a pas livr\u00e9 tous ses secrets \u00bb, a-t-il d\u00e9clar\u00e9, insinuant des liens entre l\u2019\u00e9crivain et certaines sph\u00e8res politiques fran\u00e7aises.<\/p>\n\n\n\n<p>Le pr\u00e9sident a notamment mis en avant la proximit\u00e9 de Sansal avec des figures de l\u2019appareil diplomatique fran\u00e7ais, \u00e9voquant un d\u00eener entre l\u2019\u00e9crivain et l\u2019ancien ambassadeur de France \u00e0 Alger, Xavier Driencourt, r\u00e9put\u00e9 pour sa haine contre l\u2019Alg\u00e9rie, et ce, &nbsp;juste avant son d\u00e9part pour l\u2019Alg\u00e9rie. \u00ab Ce dernier est lui-m\u00eame proche de Bruno Retailleau qu\u2019il devait revoir \u00e0 son retour \u00bb, a ajout\u00e9 le pr\u00e9sident, laissant entendre que l\u2019affaire d\u00e9passait le cadre strictement judiciaire.<\/p>\n\n\n\n<p>Si le Parlement europ\u00e9en a adopt\u00e9 une r\u00e9solution pour r\u00e9clamer la lib\u00e9ration de Boualem Sansal, le pr\u00e9sident a tenu \u00e0 souligner que d\u2019autres organisations ont pris une position diff\u00e9rente. \u00ab Les parlements panafricain, arabe et islamique se sont montr\u00e9s solidaires avec l\u2019Alg\u00e9rie \u00bb, a-t-il rappel\u00e9, tout en insistant sur le fait que l\u2019affaire ne saurait \u00eatre r\u00e9duite \u00e0 un diff\u00e9rend franco-alg\u00e9rien.<\/p>\n\n\n\n<p>Concernant la r\u00e9cente acquisition de la nationalit\u00e9 fran\u00e7aise par l\u2019\u00e9crivain \u2013 un argument mis en avant par ses soutiens \u2013, M.Tebboune a minimis\u00e9 cette donn\u00e9e. \u00ab Sansal n\u2019est fran\u00e7ais que depuis cinq mois\u2026 Il est d\u2019abord alg\u00e9rien depuis soixante-quatorze ans \u00bb, a-t-il tranch\u00e9, soulignant que l\u2019auteur avait occup\u00e9 un poste de responsabilit\u00e9 au sein du minist\u00e8re de l\u2019Industrie et qu\u2019il percevait une retraite alg\u00e9rienne.<\/p>\n\n\n\n<p>Ainsi, face aux interrogations sur son \u00e9tat de sant\u00e9, Abdelmadjid Tebboune a assur\u00e9 que Boualem Sansal \u00e9tait bien pris en charge en d\u00e9tention. \u00ab Il a eu un check-up complet \u00e0 l\u2019h\u00f4pital, il est pris en charge par des m\u00e9decins et sera jug\u00e9 dans le temps judiciaire imparti \u00bb, a-t-il d\u00e9clar\u00e9. Il a \u00e9galement pr\u00e9cis\u00e9 que l\u2019\u00e9crivain pouvait t\u00e9l\u00e9phoner \u00ab r\u00e9guli\u00e8rement \u00e0 sa femme et \u00e0 sa fille \u00bb.<\/p>\n\n\n\n<p>Quant aux \u00e9ventuelles mesures de cl\u00e9mence, le pr\u00e9sident &nbsp;est rest\u00e9 ferme et intransigeant. Alors que certains \u00e9voquent une gr\u00e2ce pr\u00e9sidentielle pour raisons humanitaires, il a simplement r\u00e9pondu : \u00ab Je ne peux pr\u00e9sager de rien \u00bb.<\/p>\n","protected":false},"excerpt":{"rendered":"<p>L\u2019incarc\u00e9ration de l\u2019\u00e9crivain Boualem Sansal continue d\u2019alimenter les tensions diplomatiques entre l\u2019Alg\u00e9rie et la France. Alors que des comit\u00e9s de soutien se mobilisent en France et que le pr\u00e9sident Emmanuel Macron a d\u00e9nonc\u00e9 une Alg\u00e9rie \u00ab qui entre dans une histoire qui le d\u00e9shonore \u00bb, le chef de l\u2019\u00c9tat alg\u00e9rien, Abdelmadjid Tebboune, a r\u00e9pondu sans &hellip;<\/p>\n","protected":false},"author":8,"featured_media":46620,"comment_status":"open","ping_status":"open","sticky":false,"template":"","format":"standard","meta":{"footnotes":""},"categories":[35,44,47],"tags":[2407,313],"class_list":["post-46617","post","type-post","status-publish","format-standard","has-post-thumbnail","hentry","category-diplomatie","category-international","category-national","tag-sansal","tag-tebboune"],"yoast_head":"<!-- This site is optimized with the Yoast SEO Premium plugin v22.6 (Yoast SEO v22.6) - https:\/\/yoast.com\/wordpress\/plugins\/seo\/ -->\n<title>Affaire Boualem Sansal\u00a0: Le pr\u00e9sident r\u00e9pond aux critiques et fustige une instrumentalisation politique - El Mawkie<\/title>\n<meta name=\"robots\" content=\"index, follow, max-snippet:-1, max-image-preview:large, max-video-preview:-1\" \/>\n<link rel=\"canonical\" href=\"https:\/\/elmawkie.dz\/fr\/affaire-boualem-sansal-le-president-repond-aux-critiques-et-fustige-une-instrumentalisation-politique\/\" \/>\n<meta property=\"og:locale\" content=\"fr_FR\" \/>\n<meta property=\"og:type\" content=\"article\" \/>\n<meta property=\"og:title\" content=\"Affaire Boualem Sansal\u00a0: Le pr\u00e9sident r\u00e9pond aux critiques et fustige une instrumentalisation politique\" \/>\n<meta property=\"og:description\" content=\"L\u2019incarc\u00e9ration de l\u2019\u00e9crivain Boualem Sansal continue d\u2019alimenter les tensions diplomatiques entre l\u2019Alg\u00e9rie et la France. Alors que des comit\u00e9s de soutien se mobilisent en France et que le pr\u00e9sident Emmanuel Macron a d\u00e9nonc\u00e9 une Alg\u00e9rie \u00ab qui entre dans une histoire qui le d\u00e9shonore \u00bb, le chef de l\u2019\u00c9tat alg\u00e9rien, Abdelmadjid Tebboune, a r\u00e9pondu sans &hellip;\" \/>\n<meta property=\"og:url\" content=\"https:\/\/elmawkie.dz\/fr\/affaire-boualem-sansal-le-president-repond-aux-critiques-et-fustige-une-instrumentalisation-politique\/\" \/>\n<meta property=\"og:site_name\" content=\"El Mawkie\" \/>\n<meta property=\"article:publisher\" content=\"https:\/\/www.facebook.com\/profile.php?id=100088407094989&amp;locale=fr_FR\" \/>\n<meta property=\"article:published_time\" content=\"2025-02-03T07:40:36+00:00\" \/>\n<meta property=\"article:modified_time\" content=\"2025-02-03T08:40:50+00:00\" \/>\n<meta property=\"og:image\" content=\"https:\/\/elmawkie.dz\/fr\/wp-content\/uploads\/2025\/02\/9ff4dee4-231d-4564-aff9-7a7ac75cc430.jpeg\" \/>\n\t<meta property=\"og:image:width\" content=\"1200\" \/>\n\t<meta property=\"og:image:height\" content=\"680\" \/>\n\t<meta property=\"og:image:type\" content=\"image\/jpeg\" \/>\n<meta name=\"author\" content=\"khayro\" \/>\n<meta name=\"twitter:card\" content=\"summary_large_image\" \/>\n<meta name=\"twitter:label1\" content=\"Written by\" \/>\n\t<meta name=\"twitter:data1\" content=\"khayro\" \/>\n\t<meta name=\"twitter:label2\" content=\"Est. reading time\" \/>\n\t<meta name=\"twitter:data2\" content=\"1 minute\" \/>\n<script type=\"application\/ld+json\" class=\"yoast-schema-graph\">{\"@context\":\"https:\/\/schema.org\",\"@graph\":[{\"@type\":\"Article\",\"@id\":\"https:\/\/elmawkie.dz\/fr\/affaire-boualem-sansal-le-president-repond-aux-critiques-et-fustige-une-instrumentalisation-politique\/#article\",\"isPartOf\":{\"@id\":\"https:\/\/elmawkie.dz\/fr\/affaire-boualem-sansal-le-president-repond-aux-critiques-et-fustige-une-instrumentalisation-politique\/\"},\"author\":{\"name\":\"khayro\",\"@id\":\"https:\/\/elmawkie.dz\/fr\/#\/schema\/person\/15cb7eba76e08e2d2d0ad4b4c4fbb6cb\"},\"headline\":\"Affaire Boualem Sansal\u00a0: Le pr\u00e9sident r\u00e9pond aux critiques et fustige une instrumentalisation politique\",\"datePublished\":\"2025-02-03T07:40:36+00:00\",\"dateModified\":\"2025-02-03T08:40:50+00:00\",\"mainEntityOfPage\":{\"@id\":\"https:\/\/elmawkie.dz\/fr\/affaire-boualem-sansal-le-president-repond-aux-critiques-et-fustige-une-instrumentalisation-politique\/\"},\"wordCount\":551,\"commentCount\":0,\"publisher\":{\"@id\":\"https:\/\/elmawkie.dz\/fr\/#organization\"},\"image\":{\"@id\":\"https:\/\/elmawkie.dz\/fr\/affaire-boualem-sansal-le-president-repond-aux-critiques-et-fustige-une-instrumentalisation-politique\/#primaryimage\"},\"thumbnailUrl\":\"https:\/\/elmawkie.dz\/fr\/wp-content\/uploads\/2025\/02\/9ff4dee4-231d-4564-aff9-7a7ac75cc430.jpeg\",\"keywords\":[\"Sansal\",\"tebboune\"],\"articleSection\":[\"Diplomatie\",\"International\",\"National\"],\"inLanguage\":\"fr-FR\",\"potentialAction\":[{\"@type\":\"CommentAction\",\"name\":\"Comment\",\"target\":[\"https:\/\/elmawkie.dz\/fr\/affaire-boualem-sansal-le-president-repond-aux-critiques-et-fustige-une-instrumentalisation-politique\/#respond\"]}]},{\"@type\":\"WebPage\",\"@id\":\"https:\/\/elmawkie.dz\/fr\/affaire-boualem-sansal-le-president-repond-aux-critiques-et-fustige-une-instrumentalisation-politique\/\",\"url\":\"https:\/\/elmawkie.dz\/fr\/affaire-boualem-sansal-le-president-repond-aux-critiques-et-fustige-une-instrumentalisation-politique\/\",\"name\":\"Affaire Boualem Sansal\u00a0: Le pr\u00e9sident r\u00e9pond aux critiques et fustige une instrumentalisation politique - El Mawkie\",\"isPartOf\":{\"@id\":\"https:\/\/elmawkie.dz\/fr\/#website\"},\"primaryImageOfPage\":{\"@id\":\"https:\/\/elmawkie.dz\/fr\/affaire-boualem-sansal-le-president-repond-aux-critiques-et-fustige-une-instrumentalisation-politique\/#primaryimage\"},\"image\":{\"@id\":\"https:\/\/elmawkie.dz\/fr\/affaire-boualem-sansal-le-president-repond-aux-critiques-et-fustige-une-instrumentalisation-politique\/#primaryimage\"},\"thumbnailUrl\":\"https:\/\/elmawkie.dz\/fr\/wp-content\/uploads\/2025\/02\/9ff4dee4-231d-4564-aff9-7a7ac75cc430.jpeg\",\"datePublished\":\"2025-02-03T07:40:36+00:00\",\"dateModified\":\"2025-02-03T08:40:50+00:00\",\"breadcrumb\":{\"@id\":\"https:\/\/elmawkie.dz\/fr\/affaire-boualem-sansal-le-president-repond-aux-critiques-et-fustige-une-instrumentalisation-politique\/#breadcrumb\"},\"inLanguage\":\"fr-FR\",\"potentialAction\":[{\"@type\":\"ReadAction\",\"target\":[\"https:\/\/elmawkie.dz\/fr\/affaire-boualem-sansal-le-president-repond-aux-critiques-et-fustige-une-instrumentalisation-politique\/\"]}]},{\"@type\":\"ImageObject\",\"inLanguage\":\"fr-FR\",\"@id\":\"https:\/\/elmawkie.dz\/fr\/affaire-boualem-sansal-le-president-repond-aux-critiques-et-fustige-une-instrumentalisation-politique\/#primaryimage\",\"url\":\"https:\/\/elmawkie.dz\/fr\/wp-content\/uploads\/2025\/02\/9ff4dee4-231d-4564-aff9-7a7ac75cc430.jpeg\",\"contentUrl\":\"https:\/\/elmawkie.dz\/fr\/wp-content\/uploads\/2025\/02\/9ff4dee4-231d-4564-aff9-7a7ac75cc430.jpeg\",\"width\":1200,\"height\":680},{\"@type\":\"BreadcrumbList\",\"@id\":\"https:\/\/elmawkie.dz\/fr\/affaire-boualem-sansal-le-president-repond-aux-critiques-et-fustige-une-instrumentalisation-politique\/#breadcrumb\",\"itemListElement\":[{\"@type\":\"ListItem\",\"position\":1,\"name\":\"Home\",\"item\":\"https:\/\/elmawkie.dz\/fr\/\"},{\"@type\":\"ListItem\",\"position\":2,\"name\":\"Affaire Boualem Sansal\u00a0: Le pr\u00e9sident r\u00e9pond aux critiques et fustige une instrumentalisation politique\"}]},{\"@type\":\"WebSite\",\"@id\":\"https:\/\/elmawkie.dz\/fr\/#website\",\"url\":\"https:\/\/elmawkie.dz\/fr\/\",\"name\":\"EL MAWKIE\",\"description\":\"Journal \u00c9lectronique Alg\u00e9rien\",\"publisher\":{\"@id\":\"https:\/\/elmawkie.dz\/fr\/#organization\"},\"potentialAction\":[{\"@type\":\"SearchAction\",\"target\":{\"@type\":\"EntryPoint\",\"urlTemplate\":\"https:\/\/elmawkie.dz\/fr\/?s={search_term_string}\"},\"query-input\":\"required name=search_term_string\"}],\"inLanguage\":\"fr-FR\"},{\"@type\":\"Organization\",\"@id\":\"https:\/\/elmawkie.dz\/fr\/#organization\",\"name\":\"EL MAWKIE\",\"url\":\"https:\/\/elmawkie.dz\/fr\/\",\"logo\":{\"@type\":\"ImageObject\",\"inLanguage\":\"fr-FR\",\"@id\":\"https:\/\/elmawkie.dz\/fr\/#\/schema\/logo\/image\/\",\"url\":\"https:\/\/elmawkie.dz\/fr\/wp-content\/uploads\/2024\/05\/logo1.png\",\"contentUrl\":\"https:\/\/elmawkie.dz\/fr\/wp-content\/uploads\/2024\/05\/logo1.png\",\"width\":1648,\"height\":652,\"caption\":\"EL MAWKIE\"},\"image\":{\"@id\":\"https:\/\/elmawkie.dz\/fr\/#\/schema\/logo\/image\/\"},\"sameAs\":[\"https:\/\/www.facebook.com\/profile.php?id=100088407094989&locale=fr_FR\"]},{\"@type\":\"Person\",\"@id\":\"https:\/\/elmawkie.dz\/fr\/#\/schema\/person\/15cb7eba76e08e2d2d0ad4b4c4fbb6cb\",\"name\":\"khayro\",\"image\":{\"@type\":\"ImageObject\",\"inLanguage\":\"fr-FR\",\"@id\":\"https:\/\/elmawkie.dz\/fr\/#\/schema\/person\/image\/\",\"url\":\"https:\/\/secure.gravatar.com\/avatar\/5d609f726f02f77f0ff2a1483fc81992?s=96&d=mm&r=g\",\"contentUrl\":\"https:\/\/secure.gravatar.com\/avatar\/5d609f726f02f77f0ff2a1483fc81992?s=96&d=mm&r=g\",\"caption\":\"khayro\"},\"url\":\"https:\/\/elmawkie.dz\/fr\/author\/khayro\/\"}]}<\/script>\n<!-- \/ Yoast SEO Premium plugin. -->","yoast_head_json":{"title":"Affaire Boualem Sansal\u00a0: Le pr\u00e9sident r\u00e9pond aux critiques et fustige une instrumentalisation politique - El Mawkie","robots":{"index":"index","follow":"follow","max-snippet":"max-snippet:-1","max-image-preview":"max-image-preview:large","max-video-preview":"max-video-preview:-1"},"canonical":"https:\/\/elmawkie.dz\/fr\/affaire-boualem-sansal-le-president-repond-aux-critiques-et-fustige-une-instrumentalisation-politique\/","og_locale":"fr_FR","og_type":"article","og_title":"Affaire Boualem Sansal\u00a0: Le pr\u00e9sident r\u00e9pond aux critiques et fustige une instrumentalisation politique","og_description":"L\u2019incarc\u00e9ration de l\u2019\u00e9crivain Boualem Sansal continue d\u2019alimenter les tensions diplomatiques entre l\u2019Alg\u00e9rie et la France. Alors que des comit\u00e9s de soutien se mobilisent en France et que le pr\u00e9sident Emmanuel Macron a d\u00e9nonc\u00e9 une Alg\u00e9rie \u00ab qui entre dans une histoire qui le d\u00e9shonore \u00bb, le chef de l\u2019\u00c9tat alg\u00e9rien, Abdelmadjid Tebboune, a r\u00e9pondu sans &hellip;","og_url":"https:\/\/elmawkie.dz\/fr\/affaire-boualem-sansal-le-president-repond-aux-critiques-et-fustige-une-instrumentalisation-politique\/","og_site_name":"El Mawkie","article_publisher":"https:\/\/www.facebook.com\/profile.php?id=100088407094989&locale=fr_FR","article_published_time":"2025-02-03T07:40:36+00:00","article_modified_time":"2025-02-03T08:40:50+00:00","og_image":[{"width":1200,"height":680,"url":"https:\/\/elmawkie.dz\/fr\/wp-content\/uploads\/2025\/02\/9ff4dee4-231d-4564-aff9-7a7ac75cc430.jpeg","type":"image\/jpeg"}],"author":"khayro","twitter_card":"summary_large_image","twitter_misc":{"Written by":"khayro","Est. reading time":"1 minute"},"schema":{"@context":"https:\/\/schema.org","@graph":[{"@type":"Article","@id":"https:\/\/elmawkie.dz\/fr\/affaire-boualem-sansal-le-president-repond-aux-critiques-et-fustige-une-instrumentalisation-politique\/#article","isPartOf":{"@id":"https:\/\/elmawkie.dz\/fr\/affaire-boualem-sansal-le-president-repond-aux-critiques-et-fustige-une-instrumentalisation-politique\/"},"author":{"name":"khayro","@id":"https:\/\/elmawkie.dz\/fr\/#\/schema\/person\/15cb7eba76e08e2d2d0ad4b4c4fbb6cb"},"headline":"Affaire Boualem Sansal\u00a0: Le pr\u00e9sident r\u00e9pond aux critiques et fustige une instrumentalisation politique","datePublished":"2025-02-03T07:40:36+00:00","dateModified":"2025-02-03T08:40:50+00:00","mainEntityOfPage":{"@id":"https:\/\/elmawkie.dz\/fr\/affaire-boualem-sansal-le-president-repond-aux-critiques-et-fustige-une-instrumentalisation-politique\/"},"wordCount":551,"commentCount":0,"publisher":{"@id":"https:\/\/elmawkie.dz\/fr\/#organization"},"image":{"@id":"https:\/\/elmawkie.dz\/fr\/affaire-boualem-sansal-le-president-repond-aux-critiques-et-fustige-une-instrumentalisation-politique\/#primaryimage"},"thumbnailUrl":"https:\/\/elmawkie.dz\/fr\/wp-content\/uploads\/2025\/02\/9ff4dee4-231d-4564-aff9-7a7ac75cc430.jpeg","keywords":["Sansal","tebboune"],"articleSection":["Diplomatie","International","National"],"inLanguage":"fr-FR","potentialAction":[{"@type":"CommentAction","name":"Comment","target":["https:\/\/elmawkie.dz\/fr\/affaire-boualem-sansal-le-president-repond-aux-critiques-et-fustige-une-instrumentalisation-politique\/#respond"]}]},{"@type":"WebPage","@id":"https:\/\/elmawkie.dz\/fr\/affaire-boualem-sansal-le-president-repond-aux-critiques-et-fustige-une-instrumentalisation-politique\/","url":"https:\/\/elmawkie.dz\/fr\/affaire-boualem-sansal-le-president-repond-aux-critiques-et-fustige-une-instrumentalisation-politique\/","name":"Affaire Boualem Sansal\u00a0: Le pr\u00e9sident r\u00e9pond aux critiques et fustige une instrumentalisation politique - El Mawkie","isPartOf":{"@id":"https:\/\/elmawkie.dz\/fr\/#website"},"primaryImageOfPage":{"@id":"https:\/\/elmawkie.dz\/fr\/affaire-boualem-sansal-le-president-repond-aux-critiques-et-fustige-une-instrumentalisation-politique\/#primaryimage"},"image":{"@id":"https:\/\/elmawkie.dz\/fr\/affaire-boualem-sansal-le-president-repond-aux-critiques-et-fustige-une-instrumentalisation-politique\/#primaryimage"},"thumbnailUrl":"https:\/\/elmawkie.dz\/fr\/wp-content\/uploads\/2025\/02\/9ff4dee4-231d-4564-aff9-7a7ac75cc430.jpeg","datePublished":"2025-02-03T07:40:36+00:00","dateModified":"2025-02-03T08:40:50+00:00","breadcrumb":{"@id":"https:\/\/elmawkie.dz\/fr\/affaire-boualem-sansal-le-president-repond-aux-critiques-et-fustige-une-instrumentalisation-politique\/#breadcrumb"},"inLanguage":"fr-FR","potentialAction":[{"@type":"ReadAction","target":["https:\/\/elmawkie.dz\/fr\/affaire-boualem-sansal-le-president-repond-aux-critiques-et-fustige-une-instrumentalisation-politique\/"]}]},{"@type":"ImageObject","inLanguage":"fr-FR","@id":"https:\/\/elmawkie.dz\/fr\/affaire-boualem-sansal-le-president-repond-aux-critiques-et-fustige-une-instrumentalisation-politique\/#primaryimage","url":"https:\/\/elmawkie.dz\/fr\/wp-content\/uploads\/2025\/02\/9ff4dee4-231d-4564-aff9-7a7ac75cc430.jpeg","contentUrl":"https:\/\/elmawkie.dz\/fr\/wp-content\/uploads\/2025\/02\/9ff4dee4-231d-4564-aff9-7a7ac75cc430.jpeg","width":1200,"height":680},{"@type":"BreadcrumbList","@id":"https:\/\/elmawkie.dz\/fr\/affaire-boualem-sansal-le-president-repond-aux-critiques-et-fustige-une-instrumentalisation-politique\/#breadcrumb","itemListElement":[{"@type":"ListItem","position":1,"name":"Home","item":"https:\/\/elmawkie.dz\/fr\/"},{"@type":"ListItem","position":2,"name":"Affaire Boualem Sansal\u00a0: Le pr\u00e9sident r\u00e9pond aux critiques et fustige une instrumentalisation politique"}]},{"@type":"WebSite","@id":"https:\/\/elmawkie.dz\/fr\/#website","url":"https:\/\/elmawkie.dz\/fr\/","name":"EL MAWKIE","description":"Journal \u00c9lectronique Alg\u00e9rien","publisher":{"@id":"https:\/\/elmawkie.dz\/fr\/#organization"},"potentialAction":[{"@type":"SearchAction","target":{"@type":"EntryPoint","urlTemplate":"https:\/\/elmawkie.dz\/fr\/?s={search_term_string}"},"query-input":"required name=search_term_string"}],"inLanguage":"fr-FR"},{"@type":"Organization","@id":"https:\/\/elmawkie.dz\/fr\/#organization","name":"EL MAWKIE","url":"https:\/\/elmawkie.dz\/fr\/","logo":{"@type":"ImageObject","inLanguage":"fr-FR","@id":"https:\/\/elmawkie.dz\/fr\/#\/schema\/logo\/image\/","url":"https:\/\/elmawkie.dz\/fr\/wp-content\/uploads\/2024\/05\/logo1.png","contentUrl":"https:\/\/elmawkie.dz\/fr\/wp-content\/uploads\/2024\/05\/logo1.png","width":1648,"height":652,"caption":"EL MAWKIE"},"image":{"@id":"https:\/\/elmawkie.dz\/fr\/#\/schema\/logo\/image\/"},"sameAs":["https:\/\/www.facebook.com\/profile.php?id=100088407094989&locale=fr_FR"]},{"@type":"Person","@id":"https:\/\/elmawkie.dz\/fr\/#\/schema\/person\/15cb7eba76e08e2d2d0ad4b4c4fbb6cb","name":"khayro","image":{"@type":"ImageObject","inLanguage":"fr-FR","@id":"https:\/\/elmawkie.dz\/fr\/#\/schema\/person\/image\/","url":"https:\/\/secure.gravatar.com\/avatar\/5d609f726f02f77f0ff2a1483fc81992?s=96&d=mm&r=g","contentUrl":"https:\/\/secure.gravatar.com\/avatar\/5d609f726f02f77f0ff2a1483fc81992?s=96&d=mm&r=g","caption":"khayro"},"url":"https:\/\/elmawkie.dz\/fr\/author\/khayro\/"}]}},"_links":{"self":[{"href":"https:\/\/elmawkie.dz\/fr\/wp-json\/wp\/v2\/posts\/46617","targetHints":{"allow":["GET"]}}],"collection":[{"href":"https:\/\/elmawkie.dz\/fr\/wp-json\/wp\/v2\/posts"}],"about":[{"href":"https:\/\/elmawkie.dz\/fr\/wp-json\/wp\/v2\/types\/post"}],"author":[{"embeddable":true,"href":"https:\/\/elmawkie.dz\/fr\/wp-json\/wp\/v2\/users\/8"}],"replies":[{"embeddable":true,"href":"https:\/\/elmawkie.dz\/fr\/wp-json\/wp\/v2\/comments?post=46617"}],"version-history":[{"count":1,"href":"https:\/\/elmawkie.dz\/fr\/wp-json\/wp\/v2\/posts\/46617\/revisions"}],"predecessor-version":[{"id":46619,"href":"https:\/\/elmawkie.dz\/fr\/wp-json\/wp\/v2\/posts\/46617\/revisions\/46619"}],"wp:featuredmedia":[{"embeddable":true,"href":"https:\/\/elmawkie.dz\/fr\/wp-json\/wp\/v2\/media\/46620"}],"wp:attachment":[{"href":"https:\/\/elmawkie.dz\/fr\/wp-json\/wp\/v2\/media?parent=46617"}],"wp:term":[{"taxonomy":"category","embeddable":true,"href":"https:\/\/elmawkie.dz\/fr\/wp-json\/wp\/v2\/categories?post=46617"},{"taxonomy":"post_tag","embeddable":true,"href":"https:\/\/elmawkie.dz\/fr\/wp-json\/wp\/v2\/tags?post=46617"}],"curies":[{"name":"wp","href":"https:\/\/api.w.org\/{rel}","templated":true}]}}