{"id":46614,"date":"2025-02-03T08:42:07","date_gmt":"2025-02-03T07:42:07","guid":{"rendered":"https:\/\/elmawkie.dz\/fr\/?p=46614"},"modified":"2025-02-03T09:40:35","modified_gmt":"2025-02-03T08:40:35","slug":"usa-maroc-mali-palestine-israel-sahel-le-president-expose-la-ligne-diplomatique-algerienne","status":"publish","type":"post","link":"https:\/\/elmawkie.dz\/fr\/usa-maroc-mali-palestine-israel-sahel-le-president-expose-la-ligne-diplomatique-algerienne\/","title":{"rendered":"USA, Maroc, Mali, Palestine, Isra\u00ebl, Sahel\u2026 Le Pr\u00e9sident expose la ligne diplomatique alg\u00e9rienne"},"content":{"rendered":"\n<p>Dans un contexte de tensions diplomatiques croissantes, le pr\u00e9sident de la R\u00e9publique Abdelmadjid Tebboune a accord\u00e9 un entretien au m\u00e9dia fran\u00e7ais L\u2019Opinion, abordant sans d\u00e9tour les relations internationales de l\u2019Alg\u00e9rie, notamment avec les \u00c9tats-Unis, la France, Isra\u00ebl, le Sahel et, bien entendu, le Maroc.<\/p>\n\n\n\n<p>En effet, abordant la question des relations avec Washington, le pr\u00e9sident alg\u00e9rien a soulign\u00e9 la constance des liens bilat\u00e9raux \u00e0 travers les diff\u00e9rentes administrations am\u00e9ricaines. \u00ab Nos relations sont rest\u00e9es bonnes avec tous les diff\u00e9rents pr\u00e9sidents am\u00e9ricains, qu\u2019ils soient d\u00e9mocrates ou r\u00e9publicains \u00bb, a-t-il affirm\u00e9. Rappelant que Donald Trump l\u2019avait f\u00e9licit\u00e9 d\u00e8s son \u00e9lection en 2019, tout en pointant du doigt la lenteur du pr\u00e9sident fran\u00e7ais Emmanuel Macron \u00e0 r\u00e9agir, ce dernier ayant pris quatre jours pour \u00ab prendre acte \u00bb du scrutin.<\/p>\n\n\n\n<p>Le pr\u00e9sident a \u00e9galement mis en avant l\u2019histoire commune entre l\u2019Alg\u00e9rie et les \u00c9tats-Unis, rappelant que \u00ab c\u2019est le seul pays qui a une ville du nom de notre h\u00e9ros national, l\u2019\u00e9mir Abdelkader \u00bb. Il a aussi insist\u00e9 sur l\u2019implication am\u00e9ricaine dans de nombreux projets \u00e9conomiques alg\u00e9riens, notamment dans les hydrocarbures.<\/p>\n\n\n\n<p><strong><u>La Palestine : une ligne rouge pour Alger<\/u><\/strong><\/p>\n\n\n\n<p>Interrog\u00e9 sur la position de Donald Trump vis-\u00e0-vis de la question palestinienne, notamment son souhait de \u00ab nettoyer \u00bb Gaza, le pr\u00e9sident alg\u00e9rien a tenu \u00e0 nuancer cette d\u00e9claration, tout en r\u00e9affirmant l\u2019engagement ind\u00e9fectible de son pays envers la cause palestinienne. \u00ab L\u2019Alg\u00e9rie est enti\u00e8re. Elle a du mal \u00e0 comprendre le double standard. Il faudrait condamner l\u2019intervention en Ukraine, mais pas l\u2019annexion du Golan ou du Sahara occidental \u00bb, a-t-il d\u00e9clar\u00e9.<\/p>\n\n\n\n<p>Concernant une possible normalisation des relations avec Isra\u00ebl, Tebboune a \u00e9t\u00e9 clair : \u00ab Bien s\u00fbr, le jour m\u00eame o\u00f9 il y aura un \u00c9tat palestinien. \u00c7a va dans le sens de l\u2019histoire\u00bb.<\/p>\n\n\n\n<p><strong><u>Le Sahel et le Mali : rejet des accusations et mise en garde contre Wagner<\/u><\/strong><\/p>\n\n\n\n<p>L\u2019Alg\u00e9rie, qui joue un r\u00f4le central dans la r\u00e9gion du Sahel, a \u00e9t\u00e9 accus\u00e9e par la junte malienne de soutenir des groupes terroristes. Une all\u00e9gation que Tebboune qualifie d\u2019\u00ab aberrante \u00bb. Il rappelle dans ce sens que l\u2019Alg\u00e9rie a permis la signature de l\u2019Accord de paix d\u2019Alger et qu\u2019elle \u00e9tait pr\u00eate \u00e0 financer un plan de d\u00e9veloppement pour le nord du Mali \u00e0 hauteur de plusieurs centaines de millions de dollars.<\/p>\n\n\n\n<p>Sur la pr\u00e9sence du groupe Wagner \u00e0 sa fronti\u00e8re, il se montre ferme : \u00ab Nous avons seulement du mal \u00e0 accepter la pr\u00e9sence de groupes paramilitaires comme Wagner \u00e0 notre fronti\u00e8re. Nous l\u2019avons d\u2019ailleurs dit \u00e0 nos amis russes\u00bb.<\/p>\n\n\n\n<p><strong><u>Soutien in\u00e9branlable \u00e0 la Tunisie<\/u><\/strong><\/p>\n\n\n\n<p>Malgr\u00e9 les critiques internationales sur le recul des libert\u00e9s politiques en Tunisie, Abdelmadjid Tebboune d\u00e9fend son homologue Ka\u00efs Sa\u00efed, qu\u2019il consid\u00e8re comme un homme d\u2019\u00c9tat l\u00e9gitime : \u00ab Mon fr\u00e8re, le pr\u00e9sident tunisien, est un universitaire reconnu, populaire, qui continue \u00e0 aller faire ses courses au march\u00e9\u00bb tout en assurant que la Tunisie \u00ab m\u00e9rite d\u2019\u00eatre soutenue, le temps de passer cette conjoncture difficile \u00bb.<\/p>\n\n\n\n<p><strong><u>Le Maroc : des tensions qui perdurent<\/u><\/strong><\/p>\n\n\n\n<p>Sans surprise, la question du Maroc a occup\u00e9 une place importante dans l\u2019entretien. Le Pr\u00e9sident a rappel\u00e9 que \u00ab le Maroc a \u00e9t\u00e9 le premier \u00e0 vouloir porter atteinte \u00e0 l\u2019int\u00e9grit\u00e9 de l\u2019Alg\u00e9rie avec son agression en 1963, neuf mois apr\u00e8s notre ind\u00e9pendance \u00bb tout en d\u00e9noncant les \u00ab vis\u00e9es expansionnistes \u00bb de Rabat et son alignement avec l\u2019entit\u00e9 sioniste. Dans ce sillage, le pr\u00e9sident a ajout\u00e9 \u00ab&nbsp;nous leur avons r\u00e9cemment interdit le survol de notre espace a\u00e9rien parce qu\u2019ils r\u00e9alisent des exercices militaires conjoints avec l\u2019arm\u00e9e isra\u00e9lienne \u00e0 notre fronti\u00e8re, ce qui est contraire \u00e0 la politique de bon voisinage que nous avons toujours essay\u00e9 de maintenir&nbsp;\u00bb.<\/p>\n\n\n\n<p>Concernant le Sahara occidental, il rejette toute reconnaissance marocaine et rappelle la position de la justice internationale : \u00ab La Cour internationale de Justice a dit qu\u2019il n\u2019y avait aucun lien de tutelle entre le Sahara occidental et le Maroc, si ce n\u2019est des relations \u00e9conomiques\u00bb.<\/p>\n\n\n\n<p>Si le pr\u00e9sident alg\u00e9rien r\u00e9affirme la rupture diplomatique, il conclut n\u00e9anmoins en insistant sur un point : \u00ab Le peuple marocain est un peuple fr\u00e8re pour lequel nous ne souhaitons que le meilleur\u00bb.<\/p>\n","protected":false},"excerpt":{"rendered":"<p>Dans un contexte de tensions diplomatiques croissantes, le pr\u00e9sident de la R\u00e9publique Abdelmadjid Tebboune a accord\u00e9 un entretien au m\u00e9dia fran\u00e7ais L\u2019Opinion, abordant sans d\u00e9tour les relations internationales de l\u2019Alg\u00e9rie, notamment avec les \u00c9tats-Unis, la France, Isra\u00ebl, le Sahel et, bien entendu, le Maroc. En effet, abordant la question des relations avec Washington, le pr\u00e9sident &hellip;<\/p>\n","protected":false},"author":8,"featured_media":46621,"comment_status":"open","ping_status":"open","sticky":false,"template":"","format":"standard","meta":{"footnotes":""},"categories":[35,44,47],"tags":[],"class_list":["post-46614","post","type-post","status-publish","format-standard","has-post-thumbnail","hentry","category-diplomatie","category-international","category-national"],"yoast_head":"<!-- This site is optimized with the Yoast SEO Premium plugin v22.6 (Yoast SEO v22.6) - https:\/\/yoast.com\/wordpress\/plugins\/seo\/ -->\n<title>USA, Maroc, Mali, Palestine, Isra\u00ebl, Sahel\u2026 Le Pr\u00e9sident expose la ligne diplomatique alg\u00e9rienne - El Mawkie<\/title>\n<meta name=\"robots\" content=\"index, follow, max-snippet:-1, max-image-preview:large, max-video-preview:-1\" \/>\n<link rel=\"canonical\" href=\"https:\/\/elmawkie.dz\/fr\/usa-maroc-mali-palestine-israel-sahel-le-president-expose-la-ligne-diplomatique-algerienne\/\" \/>\n<meta property=\"og:locale\" content=\"fr_FR\" \/>\n<meta property=\"og:type\" content=\"article\" \/>\n<meta property=\"og:title\" content=\"USA, Maroc, Mali, Palestine, Isra\u00ebl, Sahel\u2026 Le Pr\u00e9sident expose la ligne diplomatique alg\u00e9rienne\" \/>\n<meta property=\"og:description\" content=\"Dans un contexte de tensions diplomatiques croissantes, le pr\u00e9sident de la R\u00e9publique Abdelmadjid Tebboune a accord\u00e9 un entretien au m\u00e9dia fran\u00e7ais L\u2019Opinion, abordant sans d\u00e9tour les relations internationales de l\u2019Alg\u00e9rie, notamment avec les \u00c9tats-Unis, la France, Isra\u00ebl, le Sahel et, bien entendu, le Maroc. En effet, abordant la question des relations avec Washington, le pr\u00e9sident &hellip;\" \/>\n<meta property=\"og:url\" content=\"https:\/\/elmawkie.dz\/fr\/usa-maroc-mali-palestine-israel-sahel-le-president-expose-la-ligne-diplomatique-algerienne\/\" \/>\n<meta property=\"og:site_name\" content=\"El Mawkie\" \/>\n<meta property=\"article:publisher\" content=\"https:\/\/www.facebook.com\/profile.php?id=100088407094989&amp;locale=fr_FR\" \/>\n<meta property=\"article:published_time\" content=\"2025-02-03T07:42:07+00:00\" \/>\n<meta property=\"article:modified_time\" content=\"2025-02-03T08:40:35+00:00\" \/>\n<meta property=\"og:image\" content=\"https:\/\/elmawkie.dz\/fr\/wp-content\/uploads\/2025\/02\/a6431439-5bf3-44c7-b97f-ca26d31275f5.jpeg\" \/>\n\t<meta property=\"og:image:width\" content=\"864\" \/>\n\t<meta property=\"og:image:height\" content=\"486\" \/>\n\t<meta property=\"og:image:type\" content=\"image\/jpeg\" \/>\n<meta name=\"author\" content=\"khayro\" \/>\n<meta name=\"twitter:card\" content=\"summary_large_image\" \/>\n<meta name=\"twitter:label1\" content=\"Written by\" \/>\n\t<meta name=\"twitter:data1\" content=\"khayro\" \/>\n\t<meta name=\"twitter:label2\" content=\"Est. reading time\" \/>\n\t<meta name=\"twitter:data2\" content=\"4 minutes\" \/>\n<script type=\"application\/ld+json\" class=\"yoast-schema-graph\">{\"@context\":\"https:\/\/schema.org\",\"@graph\":[{\"@type\":\"Article\",\"@id\":\"https:\/\/elmawkie.dz\/fr\/usa-maroc-mali-palestine-israel-sahel-le-president-expose-la-ligne-diplomatique-algerienne\/#article\",\"isPartOf\":{\"@id\":\"https:\/\/elmawkie.dz\/fr\/usa-maroc-mali-palestine-israel-sahel-le-president-expose-la-ligne-diplomatique-algerienne\/\"},\"author\":{\"name\":\"khayro\",\"@id\":\"https:\/\/elmawkie.dz\/fr\/#\/schema\/person\/15cb7eba76e08e2d2d0ad4b4c4fbb6cb\"},\"headline\":\"USA, Maroc, Mali, Palestine, Isra\u00ebl, Sahel\u2026 Le Pr\u00e9sident expose la ligne diplomatique alg\u00e9rienne\",\"datePublished\":\"2025-02-03T07:42:07+00:00\",\"dateModified\":\"2025-02-03T08:40:35+00:00\",\"mainEntityOfPage\":{\"@id\":\"https:\/\/elmawkie.dz\/fr\/usa-maroc-mali-palestine-israel-sahel-le-president-expose-la-ligne-diplomatique-algerienne\/\"},\"wordCount\":765,\"commentCount\":0,\"publisher\":{\"@id\":\"https:\/\/elmawkie.dz\/fr\/#organization\"},\"image\":{\"@id\":\"https:\/\/elmawkie.dz\/fr\/usa-maroc-mali-palestine-israel-sahel-le-president-expose-la-ligne-diplomatique-algerienne\/#primaryimage\"},\"thumbnailUrl\":\"https:\/\/elmawkie.dz\/fr\/wp-content\/uploads\/2025\/02\/a6431439-5bf3-44c7-b97f-ca26d31275f5.jpeg\",\"articleSection\":[\"Diplomatie\",\"International\",\"National\"],\"inLanguage\":\"fr-FR\",\"potentialAction\":[{\"@type\":\"CommentAction\",\"name\":\"Comment\",\"target\":[\"https:\/\/elmawkie.dz\/fr\/usa-maroc-mali-palestine-israel-sahel-le-president-expose-la-ligne-diplomatique-algerienne\/#respond\"]}]},{\"@type\":\"WebPage\",\"@id\":\"https:\/\/elmawkie.dz\/fr\/usa-maroc-mali-palestine-israel-sahel-le-president-expose-la-ligne-diplomatique-algerienne\/\",\"url\":\"https:\/\/elmawkie.dz\/fr\/usa-maroc-mali-palestine-israel-sahel-le-president-expose-la-ligne-diplomatique-algerienne\/\",\"name\":\"USA, Maroc, Mali, Palestine, Isra\u00ebl, Sahel\u2026 Le Pr\u00e9sident expose la ligne diplomatique alg\u00e9rienne - El Mawkie\",\"isPartOf\":{\"@id\":\"https:\/\/elmawkie.dz\/fr\/#website\"},\"primaryImageOfPage\":{\"@id\":\"https:\/\/elmawkie.dz\/fr\/usa-maroc-mali-palestine-israel-sahel-le-president-expose-la-ligne-diplomatique-algerienne\/#primaryimage\"},\"image\":{\"@id\":\"https:\/\/elmawkie.dz\/fr\/usa-maroc-mali-palestine-israel-sahel-le-president-expose-la-ligne-diplomatique-algerienne\/#primaryimage\"},\"thumbnailUrl\":\"https:\/\/elmawkie.dz\/fr\/wp-content\/uploads\/2025\/02\/a6431439-5bf3-44c7-b97f-ca26d31275f5.jpeg\",\"datePublished\":\"2025-02-03T07:42:07+00:00\",\"dateModified\":\"2025-02-03T08:40:35+00:00\",\"breadcrumb\":{\"@id\":\"https:\/\/elmawkie.dz\/fr\/usa-maroc-mali-palestine-israel-sahel-le-president-expose-la-ligne-diplomatique-algerienne\/#breadcrumb\"},\"inLanguage\":\"fr-FR\",\"potentialAction\":[{\"@type\":\"ReadAction\",\"target\":[\"https:\/\/elmawkie.dz\/fr\/usa-maroc-mali-palestine-israel-sahel-le-president-expose-la-ligne-diplomatique-algerienne\/\"]}]},{\"@type\":\"ImageObject\",\"inLanguage\":\"fr-FR\",\"@id\":\"https:\/\/elmawkie.dz\/fr\/usa-maroc-mali-palestine-israel-sahel-le-president-expose-la-ligne-diplomatique-algerienne\/#primaryimage\",\"url\":\"https:\/\/elmawkie.dz\/fr\/wp-content\/uploads\/2025\/02\/a6431439-5bf3-44c7-b97f-ca26d31275f5.jpeg\",\"contentUrl\":\"https:\/\/elmawkie.dz\/fr\/wp-content\/uploads\/2025\/02\/a6431439-5bf3-44c7-b97f-ca26d31275f5.jpeg\",\"width\":864,\"height\":486},{\"@type\":\"BreadcrumbList\",\"@id\":\"https:\/\/elmawkie.dz\/fr\/usa-maroc-mali-palestine-israel-sahel-le-president-expose-la-ligne-diplomatique-algerienne\/#breadcrumb\",\"itemListElement\":[{\"@type\":\"ListItem\",\"position\":1,\"name\":\"Home\",\"item\":\"https:\/\/elmawkie.dz\/fr\/\"},{\"@type\":\"ListItem\",\"position\":2,\"name\":\"USA, Maroc, Mali, Palestine, Isra\u00ebl, Sahel\u2026 Le Pr\u00e9sident expose la ligne diplomatique alg\u00e9rienne\"}]},{\"@type\":\"WebSite\",\"@id\":\"https:\/\/elmawkie.dz\/fr\/#website\",\"url\":\"https:\/\/elmawkie.dz\/fr\/\",\"name\":\"EL MAWKIE\",\"description\":\"Journal \u00c9lectronique Alg\u00e9rien\",\"publisher\":{\"@id\":\"https:\/\/elmawkie.dz\/fr\/#organization\"},\"potentialAction\":[{\"@type\":\"SearchAction\",\"target\":{\"@type\":\"EntryPoint\",\"urlTemplate\":\"https:\/\/elmawkie.dz\/fr\/?s={search_term_string}\"},\"query-input\":\"required name=search_term_string\"}],\"inLanguage\":\"fr-FR\"},{\"@type\":\"Organization\",\"@id\":\"https:\/\/elmawkie.dz\/fr\/#organization\",\"name\":\"EL MAWKIE\",\"url\":\"https:\/\/elmawkie.dz\/fr\/\",\"logo\":{\"@type\":\"ImageObject\",\"inLanguage\":\"fr-FR\",\"@id\":\"https:\/\/elmawkie.dz\/fr\/#\/schema\/logo\/image\/\",\"url\":\"https:\/\/elmawkie.dz\/fr\/wp-content\/uploads\/2024\/05\/logo1.png\",\"contentUrl\":\"https:\/\/elmawkie.dz\/fr\/wp-content\/uploads\/2024\/05\/logo1.png\",\"width\":1648,\"height\":652,\"caption\":\"EL MAWKIE\"},\"image\":{\"@id\":\"https:\/\/elmawkie.dz\/fr\/#\/schema\/logo\/image\/\"},\"sameAs\":[\"https:\/\/www.facebook.com\/profile.php?id=100088407094989&locale=fr_FR\"]},{\"@type\":\"Person\",\"@id\":\"https:\/\/elmawkie.dz\/fr\/#\/schema\/person\/15cb7eba76e08e2d2d0ad4b4c4fbb6cb\",\"name\":\"khayro\",\"image\":{\"@type\":\"ImageObject\",\"inLanguage\":\"fr-FR\",\"@id\":\"https:\/\/elmawkie.dz\/fr\/#\/schema\/person\/image\/\",\"url\":\"https:\/\/secure.gravatar.com\/avatar\/5d609f726f02f77f0ff2a1483fc81992?s=96&d=mm&r=g\",\"contentUrl\":\"https:\/\/secure.gravatar.com\/avatar\/5d609f726f02f77f0ff2a1483fc81992?s=96&d=mm&r=g\",\"caption\":\"khayro\"},\"url\":\"https:\/\/elmawkie.dz\/fr\/author\/khayro\/\"}]}<\/script>\n<!-- \/ Yoast SEO Premium plugin. -->","yoast_head_json":{"title":"USA, Maroc, Mali, Palestine, Isra\u00ebl, Sahel\u2026 Le Pr\u00e9sident expose la ligne diplomatique alg\u00e9rienne - El Mawkie","robots":{"index":"index","follow":"follow","max-snippet":"max-snippet:-1","max-image-preview":"max-image-preview:large","max-video-preview":"max-video-preview:-1"},"canonical":"https:\/\/elmawkie.dz\/fr\/usa-maroc-mali-palestine-israel-sahel-le-president-expose-la-ligne-diplomatique-algerienne\/","og_locale":"fr_FR","og_type":"article","og_title":"USA, Maroc, Mali, Palestine, Isra\u00ebl, Sahel\u2026 Le Pr\u00e9sident expose la ligne diplomatique alg\u00e9rienne","og_description":"Dans un contexte de tensions diplomatiques croissantes, le pr\u00e9sident de la R\u00e9publique Abdelmadjid Tebboune a accord\u00e9 un entretien au m\u00e9dia fran\u00e7ais L\u2019Opinion, abordant sans d\u00e9tour les relations internationales de l\u2019Alg\u00e9rie, notamment avec les \u00c9tats-Unis, la France, Isra\u00ebl, le Sahel et, bien entendu, le Maroc. En effet, abordant la question des relations avec Washington, le pr\u00e9sident &hellip;","og_url":"https:\/\/elmawkie.dz\/fr\/usa-maroc-mali-palestine-israel-sahel-le-president-expose-la-ligne-diplomatique-algerienne\/","og_site_name":"El Mawkie","article_publisher":"https:\/\/www.facebook.com\/profile.php?id=100088407094989&locale=fr_FR","article_published_time":"2025-02-03T07:42:07+00:00","article_modified_time":"2025-02-03T08:40:35+00:00","og_image":[{"width":864,"height":486,"url":"https:\/\/elmawkie.dz\/fr\/wp-content\/uploads\/2025\/02\/a6431439-5bf3-44c7-b97f-ca26d31275f5.jpeg","type":"image\/jpeg"}],"author":"khayro","twitter_card":"summary_large_image","twitter_misc":{"Written by":"khayro","Est. reading time":"4 minutes"},"schema":{"@context":"https:\/\/schema.org","@graph":[{"@type":"Article","@id":"https:\/\/elmawkie.dz\/fr\/usa-maroc-mali-palestine-israel-sahel-le-president-expose-la-ligne-diplomatique-algerienne\/#article","isPartOf":{"@id":"https:\/\/elmawkie.dz\/fr\/usa-maroc-mali-palestine-israel-sahel-le-president-expose-la-ligne-diplomatique-algerienne\/"},"author":{"name":"khayro","@id":"https:\/\/elmawkie.dz\/fr\/#\/schema\/person\/15cb7eba76e08e2d2d0ad4b4c4fbb6cb"},"headline":"USA, Maroc, Mali, Palestine, Isra\u00ebl, Sahel\u2026 Le Pr\u00e9sident expose la ligne diplomatique alg\u00e9rienne","datePublished":"2025-02-03T07:42:07+00:00","dateModified":"2025-02-03T08:40:35+00:00","mainEntityOfPage":{"@id":"https:\/\/elmawkie.dz\/fr\/usa-maroc-mali-palestine-israel-sahel-le-president-expose-la-ligne-diplomatique-algerienne\/"},"wordCount":765,"commentCount":0,"publisher":{"@id":"https:\/\/elmawkie.dz\/fr\/#organization"},"image":{"@id":"https:\/\/elmawkie.dz\/fr\/usa-maroc-mali-palestine-israel-sahel-le-president-expose-la-ligne-diplomatique-algerienne\/#primaryimage"},"thumbnailUrl":"https:\/\/elmawkie.dz\/fr\/wp-content\/uploads\/2025\/02\/a6431439-5bf3-44c7-b97f-ca26d31275f5.jpeg","articleSection":["Diplomatie","International","National"],"inLanguage":"fr-FR","potentialAction":[{"@type":"CommentAction","name":"Comment","target":["https:\/\/elmawkie.dz\/fr\/usa-maroc-mali-palestine-israel-sahel-le-president-expose-la-ligne-diplomatique-algerienne\/#respond"]}]},{"@type":"WebPage","@id":"https:\/\/elmawkie.dz\/fr\/usa-maroc-mali-palestine-israel-sahel-le-president-expose-la-ligne-diplomatique-algerienne\/","url":"https:\/\/elmawkie.dz\/fr\/usa-maroc-mali-palestine-israel-sahel-le-president-expose-la-ligne-diplomatique-algerienne\/","name":"USA, Maroc, Mali, Palestine, Isra\u00ebl, Sahel\u2026 Le Pr\u00e9sident expose la ligne diplomatique alg\u00e9rienne - El Mawkie","isPartOf":{"@id":"https:\/\/elmawkie.dz\/fr\/#website"},"primaryImageOfPage":{"@id":"https:\/\/elmawkie.dz\/fr\/usa-maroc-mali-palestine-israel-sahel-le-president-expose-la-ligne-diplomatique-algerienne\/#primaryimage"},"image":{"@id":"https:\/\/elmawkie.dz\/fr\/usa-maroc-mali-palestine-israel-sahel-le-president-expose-la-ligne-diplomatique-algerienne\/#primaryimage"},"thumbnailUrl":"https:\/\/elmawkie.dz\/fr\/wp-content\/uploads\/2025\/02\/a6431439-5bf3-44c7-b97f-ca26d31275f5.jpeg","datePublished":"2025-02-03T07:42:07+00:00","dateModified":"2025-02-03T08:40:35+00:00","breadcrumb":{"@id":"https:\/\/elmawkie.dz\/fr\/usa-maroc-mali-palestine-israel-sahel-le-president-expose-la-ligne-diplomatique-algerienne\/#breadcrumb"},"inLanguage":"fr-FR","potentialAction":[{"@type":"ReadAction","target":["https:\/\/elmawkie.dz\/fr\/usa-maroc-mali-palestine-israel-sahel-le-president-expose-la-ligne-diplomatique-algerienne\/"]}]},{"@type":"ImageObject","inLanguage":"fr-FR","@id":"https:\/\/elmawkie.dz\/fr\/usa-maroc-mali-palestine-israel-sahel-le-president-expose-la-ligne-diplomatique-algerienne\/#primaryimage","url":"https:\/\/elmawkie.dz\/fr\/wp-content\/uploads\/2025\/02\/a6431439-5bf3-44c7-b97f-ca26d31275f5.jpeg","contentUrl":"https:\/\/elmawkie.dz\/fr\/wp-content\/uploads\/2025\/02\/a6431439-5bf3-44c7-b97f-ca26d31275f5.jpeg","width":864,"height":486},{"@type":"BreadcrumbList","@id":"https:\/\/elmawkie.dz\/fr\/usa-maroc-mali-palestine-israel-sahel-le-president-expose-la-ligne-diplomatique-algerienne\/#breadcrumb","itemListElement":[{"@type":"ListItem","position":1,"name":"Home","item":"https:\/\/elmawkie.dz\/fr\/"},{"@type":"ListItem","position":2,"name":"USA, Maroc, Mali, Palestine, Isra\u00ebl, Sahel\u2026 Le Pr\u00e9sident expose la ligne diplomatique alg\u00e9rienne"}]},{"@type":"WebSite","@id":"https:\/\/elmawkie.dz\/fr\/#website","url":"https:\/\/elmawkie.dz\/fr\/","name":"EL MAWKIE","description":"Journal \u00c9lectronique Alg\u00e9rien","publisher":{"@id":"https:\/\/elmawkie.dz\/fr\/#organization"},"potentialAction":[{"@type":"SearchAction","target":{"@type":"EntryPoint","urlTemplate":"https:\/\/elmawkie.dz\/fr\/?s={search_term_string}"},"query-input":"required name=search_term_string"}],"inLanguage":"fr-FR"},{"@type":"Organization","@id":"https:\/\/elmawkie.dz\/fr\/#organization","name":"EL MAWKIE","url":"https:\/\/elmawkie.dz\/fr\/","logo":{"@type":"ImageObject","inLanguage":"fr-FR","@id":"https:\/\/elmawkie.dz\/fr\/#\/schema\/logo\/image\/","url":"https:\/\/elmawkie.dz\/fr\/wp-content\/uploads\/2024\/05\/logo1.png","contentUrl":"https:\/\/elmawkie.dz\/fr\/wp-content\/uploads\/2024\/05\/logo1.png","width":1648,"height":652,"caption":"EL MAWKIE"},"image":{"@id":"https:\/\/elmawkie.dz\/fr\/#\/schema\/logo\/image\/"},"sameAs":["https:\/\/www.facebook.com\/profile.php?id=100088407094989&locale=fr_FR"]},{"@type":"Person","@id":"https:\/\/elmawkie.dz\/fr\/#\/schema\/person\/15cb7eba76e08e2d2d0ad4b4c4fbb6cb","name":"khayro","image":{"@type":"ImageObject","inLanguage":"fr-FR","@id":"https:\/\/elmawkie.dz\/fr\/#\/schema\/person\/image\/","url":"https:\/\/secure.gravatar.com\/avatar\/5d609f726f02f77f0ff2a1483fc81992?s=96&d=mm&r=g","contentUrl":"https:\/\/secure.gravatar.com\/avatar\/5d609f726f02f77f0ff2a1483fc81992?s=96&d=mm&r=g","caption":"khayro"},"url":"https:\/\/elmawkie.dz\/fr\/author\/khayro\/"}]}},"_links":{"self":[{"href":"https:\/\/elmawkie.dz\/fr\/wp-json\/wp\/v2\/posts\/46614","targetHints":{"allow":["GET"]}}],"collection":[{"href":"https:\/\/elmawkie.dz\/fr\/wp-json\/wp\/v2\/posts"}],"about":[{"href":"https:\/\/elmawkie.dz\/fr\/wp-json\/wp\/v2\/types\/post"}],"author":[{"embeddable":true,"href":"https:\/\/elmawkie.dz\/fr\/wp-json\/wp\/v2\/users\/8"}],"replies":[{"embeddable":true,"href":"https:\/\/elmawkie.dz\/fr\/wp-json\/wp\/v2\/comments?post=46614"}],"version-history":[{"count":1,"href":"https:\/\/elmawkie.dz\/fr\/wp-json\/wp\/v2\/posts\/46614\/revisions"}],"predecessor-version":[{"id":46616,"href":"https:\/\/elmawkie.dz\/fr\/wp-json\/wp\/v2\/posts\/46614\/revisions\/46616"}],"wp:featuredmedia":[{"embeddable":true,"href":"https:\/\/elmawkie.dz\/fr\/wp-json\/wp\/v2\/media\/46621"}],"wp:attachment":[{"href":"https:\/\/elmawkie.dz\/fr\/wp-json\/wp\/v2\/media?parent=46614"}],"wp:term":[{"taxonomy":"category","embeddable":true,"href":"https:\/\/elmawkie.dz\/fr\/wp-json\/wp\/v2\/categories?post=46614"},{"taxonomy":"post_tag","embeddable":true,"href":"https:\/\/elmawkie.dz\/fr\/wp-json\/wp\/v2\/tags?post=46614"}],"curies":[{"name":"wp","href":"https:\/\/api.w.org\/{rel}","templated":true}]}}