{"id":46586,"date":"2025-02-02T09:28:17","date_gmt":"2025-02-02T08:28:17","guid":{"rendered":"https:\/\/elmawkie.dz\/fr\/?p=46586"},"modified":"2025-02-02T09:30:07","modified_gmt":"2025-02-02T08:30:07","slug":"une-collision-entre-un-bus-de-transport-des-travailleurs-et-un-camion-fait-8-blesses-a-el-eulma","status":"publish","type":"post","link":"https:\/\/elmawkie.dz\/fr\/une-collision-entre-un-bus-de-transport-des-travailleurs-et-un-camion-fait-8-blesses-a-el-eulma\/","title":{"rendered":"Une collision entre un bus de transport des travailleurs et un camion fait 8 bless\u00e9s \u00e0 El Eulma"},"content":{"rendered":"\n<p><strong><em>Un accident de la route s\u2019est produit ce dimanche matin \u00e0 08h08 dans la zone industrielle de la commune et da\u00efra d\u2019El Eulma relevant de la wilaya de S\u00e9tif, impliquant un bus de transport des travailleurs et un camion.<\/em><\/strong><\/p>\n\n\n\n<p><em>Selon un communiqu\u00e9 des services de la direction g\u00e9n\u00e9rale de la protection civile ( DGPC), la collision a fait huit bless\u00e9s, pr\u00e9sentant&nbsp; diverses blessures . <\/em><br><em>Les victimes ont re\u00e7u les premiers soins sur place avant d\u2019\u00eatre \u00e9vacu\u00e9es vers l\u2019h\u00f4pital local pour recevoir les soins n\u00e9cessaires.Une enqu\u00eate a \u00e9t\u00e9 ouverte par les services de s\u00e9curit\u00e9 pour d\u00e9terminer les causes et les circonstances de ce sinistre.<\/em><\/p>\n","protected":false},"excerpt":{"rendered":"<p>Un accident de la route s\u2019est produit ce dimanche matin \u00e0 08h08 dans la zone industrielle de la commune et da\u00efra d\u2019El Eulma relevant de la wilaya de S\u00e9tif, impliquant un bus de transport des travailleurs et un camion. Selon un communiqu\u00e9 des services de la direction g\u00e9n\u00e9rale de la protection civile ( DGPC), la &hellip;<\/p>\n","protected":false},"author":3,"featured_media":46588,"comment_status":"open","ping_status":"open","sticky":false,"template":"","format":"standard","meta":{"footnotes":""},"categories":[51],"tags":[2401,992,2400,149],"class_list":["post-46586","post","type-post","status-publish","format-standard","has-post-thumbnail","hentry","category-societe","tag-8-blesses","tag-accident-de-la-route","tag-el-eulma","tag-protection-civile"],"yoast_head":"<!-- This site is optimized with the Yoast SEO Premium plugin v22.6 (Yoast SEO v22.6) - https:\/\/yoast.com\/wordpress\/plugins\/seo\/ -->\n<title>Une collision entre un bus de transport des travailleurs et un camion fait 8 bless\u00e9s \u00e0 El Eulma - El Mawkie<\/title>\n<meta name=\"robots\" content=\"index, follow, max-snippet:-1, max-image-preview:large, max-video-preview:-1\" \/>\n<link rel=\"canonical\" href=\"https:\/\/elmawkie.dz\/fr\/une-collision-entre-un-bus-de-transport-des-travailleurs-et-un-camion-fait-8-blesses-a-el-eulma\/\" \/>\n<meta property=\"og:locale\" content=\"fr_FR\" \/>\n<meta property=\"og:type\" content=\"article\" \/>\n<meta property=\"og:title\" content=\"Une collision entre un bus de transport des travailleurs et un camion fait 8 bless\u00e9s \u00e0 El Eulma\" \/>\n<meta property=\"og:description\" content=\"Un accident de la route s\u2019est produit ce dimanche matin \u00e0 08h08 dans la zone industrielle de la commune et da\u00efra d\u2019El Eulma relevant de la wilaya de S\u00e9tif, impliquant un bus de transport des travailleurs et un camion. Selon un communiqu\u00e9 des services de la direction g\u00e9n\u00e9rale de la protection civile ( DGPC), la &hellip;\" \/>\n<meta property=\"og:url\" content=\"https:\/\/elmawkie.dz\/fr\/une-collision-entre-un-bus-de-transport-des-travailleurs-et-un-camion-fait-8-blesses-a-el-eulma\/\" \/>\n<meta property=\"og:site_name\" content=\"El Mawkie\" \/>\n<meta property=\"article:publisher\" content=\"https:\/\/www.facebook.com\/profile.php?id=100088407094989&amp;locale=fr_FR\" \/>\n<meta property=\"article:published_time\" content=\"2025-02-02T08:28:17+00:00\" \/>\n<meta property=\"article:modified_time\" content=\"2025-02-02T08:30:07+00:00\" \/>\n<meta property=\"og:image\" content=\"https:\/\/elmawkie.dz\/fr\/wp-content\/uploads\/2025\/02\/IMG_9016.jpeg\" \/>\n\t<meta property=\"og:image:width\" content=\"782\" \/>\n\t<meta property=\"og:image:height\" content=\"392\" \/>\n\t<meta property=\"og:image:type\" content=\"image\/jpeg\" \/>\n<meta name=\"author\" content=\"Hamra Fouzia\" \/>\n<meta name=\"twitter:card\" content=\"summary_large_image\" \/>\n<meta name=\"twitter:label1\" content=\"Written by\" \/>\n\t<meta name=\"twitter:data1\" content=\"Hamra Fouzia\" \/>\n\t<meta name=\"twitter:label2\" content=\"Est. reading time\" \/>\n\t<meta name=\"twitter:data2\" content=\"1 minute\" \/>\n<script type=\"application\/ld+json\" class=\"yoast-schema-graph\">{\"@context\":\"https:\/\/schema.org\",\"@graph\":[{\"@type\":\"Article\",\"@id\":\"https:\/\/elmawkie.dz\/fr\/une-collision-entre-un-bus-de-transport-des-travailleurs-et-un-camion-fait-8-blesses-a-el-eulma\/#article\",\"isPartOf\":{\"@id\":\"https:\/\/elmawkie.dz\/fr\/une-collision-entre-un-bus-de-transport-des-travailleurs-et-un-camion-fait-8-blesses-a-el-eulma\/\"},\"author\":{\"name\":\"Hamra Fouzia\",\"@id\":\"https:\/\/elmawkie.dz\/fr\/#\/schema\/person\/4ed8433201bc23634185d8dd37097c64\"},\"headline\":\"Une collision entre un bus de transport des travailleurs et un camion fait 8 bless\u00e9s \u00e0 El Eulma\",\"datePublished\":\"2025-02-02T08:28:17+00:00\",\"dateModified\":\"2025-02-02T08:30:07+00:00\",\"mainEntityOfPage\":{\"@id\":\"https:\/\/elmawkie.dz\/fr\/une-collision-entre-un-bus-de-transport-des-travailleurs-et-un-camion-fait-8-blesses-a-el-eulma\/\"},\"wordCount\":136,\"commentCount\":0,\"publisher\":{\"@id\":\"https:\/\/elmawkie.dz\/fr\/#organization\"},\"image\":{\"@id\":\"https:\/\/elmawkie.dz\/fr\/une-collision-entre-un-bus-de-transport-des-travailleurs-et-un-camion-fait-8-blesses-a-el-eulma\/#primaryimage\"},\"thumbnailUrl\":\"https:\/\/elmawkie.dz\/fr\/wp-content\/uploads\/2025\/02\/IMG_9016.jpeg\",\"keywords\":[\"8 bless\u00e9s\",\"accident de la route\",\"El EULMA\",\"Protection civile\"],\"articleSection\":[\"Soci\u00e9t\u00e9\"],\"inLanguage\":\"fr-FR\",\"potentialAction\":[{\"@type\":\"CommentAction\",\"name\":\"Comment\",\"target\":[\"https:\/\/elmawkie.dz\/fr\/une-collision-entre-un-bus-de-transport-des-travailleurs-et-un-camion-fait-8-blesses-a-el-eulma\/#respond\"]}]},{\"@type\":\"WebPage\",\"@id\":\"https:\/\/elmawkie.dz\/fr\/une-collision-entre-un-bus-de-transport-des-travailleurs-et-un-camion-fait-8-blesses-a-el-eulma\/\",\"url\":\"https:\/\/elmawkie.dz\/fr\/une-collision-entre-un-bus-de-transport-des-travailleurs-et-un-camion-fait-8-blesses-a-el-eulma\/\",\"name\":\"Une collision entre un bus de transport des travailleurs et un camion fait 8 bless\u00e9s \u00e0 El Eulma - El Mawkie\",\"isPartOf\":{\"@id\":\"https:\/\/elmawkie.dz\/fr\/#website\"},\"primaryImageOfPage\":{\"@id\":\"https:\/\/elmawkie.dz\/fr\/une-collision-entre-un-bus-de-transport-des-travailleurs-et-un-camion-fait-8-blesses-a-el-eulma\/#primaryimage\"},\"image\":{\"@id\":\"https:\/\/elmawkie.dz\/fr\/une-collision-entre-un-bus-de-transport-des-travailleurs-et-un-camion-fait-8-blesses-a-el-eulma\/#primaryimage\"},\"thumbnailUrl\":\"https:\/\/elmawkie.dz\/fr\/wp-content\/uploads\/2025\/02\/IMG_9016.jpeg\",\"datePublished\":\"2025-02-02T08:28:17+00:00\",\"dateModified\":\"2025-02-02T08:30:07+00:00\",\"breadcrumb\":{\"@id\":\"https:\/\/elmawkie.dz\/fr\/une-collision-entre-un-bus-de-transport-des-travailleurs-et-un-camion-fait-8-blesses-a-el-eulma\/#breadcrumb\"},\"inLanguage\":\"fr-FR\",\"potentialAction\":[{\"@type\":\"ReadAction\",\"target\":[\"https:\/\/elmawkie.dz\/fr\/une-collision-entre-un-bus-de-transport-des-travailleurs-et-un-camion-fait-8-blesses-a-el-eulma\/\"]}]},{\"@type\":\"ImageObject\",\"inLanguage\":\"fr-FR\",\"@id\":\"https:\/\/elmawkie.dz\/fr\/une-collision-entre-un-bus-de-transport-des-travailleurs-et-un-camion-fait-8-blesses-a-el-eulma\/#primaryimage\",\"url\":\"https:\/\/elmawkie.dz\/fr\/wp-content\/uploads\/2025\/02\/IMG_9016.jpeg\",\"contentUrl\":\"https:\/\/elmawkie.dz\/fr\/wp-content\/uploads\/2025\/02\/IMG_9016.jpeg\",\"width\":782,\"height\":392},{\"@type\":\"BreadcrumbList\",\"@id\":\"https:\/\/elmawkie.dz\/fr\/une-collision-entre-un-bus-de-transport-des-travailleurs-et-un-camion-fait-8-blesses-a-el-eulma\/#breadcrumb\",\"itemListElement\":[{\"@type\":\"ListItem\",\"position\":1,\"name\":\"Home\",\"item\":\"https:\/\/elmawkie.dz\/fr\/\"},{\"@type\":\"ListItem\",\"position\":2,\"name\":\"Une collision entre un bus de transport des travailleurs et un camion fait 8 bless\u00e9s \u00e0 El Eulma\"}]},{\"@type\":\"WebSite\",\"@id\":\"https:\/\/elmawkie.dz\/fr\/#website\",\"url\":\"https:\/\/elmawkie.dz\/fr\/\",\"name\":\"EL MAWKIE\",\"description\":\"Journal \u00c9lectronique Alg\u00e9rien\",\"publisher\":{\"@id\":\"https:\/\/elmawkie.dz\/fr\/#organization\"},\"potentialAction\":[{\"@type\":\"SearchAction\",\"target\":{\"@type\":\"EntryPoint\",\"urlTemplate\":\"https:\/\/elmawkie.dz\/fr\/?s={search_term_string}\"},\"query-input\":\"required name=search_term_string\"}],\"inLanguage\":\"fr-FR\"},{\"@type\":\"Organization\",\"@id\":\"https:\/\/elmawkie.dz\/fr\/#organization\",\"name\":\"EL MAWKIE\",\"url\":\"https:\/\/elmawkie.dz\/fr\/\",\"logo\":{\"@type\":\"ImageObject\",\"inLanguage\":\"fr-FR\",\"@id\":\"https:\/\/elmawkie.dz\/fr\/#\/schema\/logo\/image\/\",\"url\":\"https:\/\/elmawkie.dz\/fr\/wp-content\/uploads\/2024\/05\/logo1.png\",\"contentUrl\":\"https:\/\/elmawkie.dz\/fr\/wp-content\/uploads\/2024\/05\/logo1.png\",\"width\":1648,\"height\":652,\"caption\":\"EL MAWKIE\"},\"image\":{\"@id\":\"https:\/\/elmawkie.dz\/fr\/#\/schema\/logo\/image\/\"},\"sameAs\":[\"https:\/\/www.facebook.com\/profile.php?id=100088407094989&locale=fr_FR\"]},{\"@type\":\"Person\",\"@id\":\"https:\/\/elmawkie.dz\/fr\/#\/schema\/person\/4ed8433201bc23634185d8dd37097c64\",\"name\":\"Hamra Fouzia\",\"image\":{\"@type\":\"ImageObject\",\"inLanguage\":\"fr-FR\",\"@id\":\"https:\/\/elmawkie.dz\/fr\/#\/schema\/person\/image\/\",\"url\":\"https:\/\/secure.gravatar.com\/avatar\/ea215268aad51f3219f9a59227db6fa1?s=96&d=mm&r=g\",\"contentUrl\":\"https:\/\/secure.gravatar.com\/avatar\/ea215268aad51f3219f9a59227db6fa1?s=96&d=mm&r=g\",\"caption\":\"Hamra Fouzia\"},\"sameAs\":[\"https:\/\/elmawkie.dz\/fr\"],\"url\":\"https:\/\/elmawkie.dz\/fr\/author\/elmawkie\/\"}]}<\/script>\n<!-- \/ Yoast SEO Premium plugin. -->","yoast_head_json":{"title":"Une collision entre un bus de transport des travailleurs et un camion fait 8 bless\u00e9s \u00e0 El Eulma - El Mawkie","robots":{"index":"index","follow":"follow","max-snippet":"max-snippet:-1","max-image-preview":"max-image-preview:large","max-video-preview":"max-video-preview:-1"},"canonical":"https:\/\/elmawkie.dz\/fr\/une-collision-entre-un-bus-de-transport-des-travailleurs-et-un-camion-fait-8-blesses-a-el-eulma\/","og_locale":"fr_FR","og_type":"article","og_title":"Une collision entre un bus de transport des travailleurs et un camion fait 8 bless\u00e9s \u00e0 El Eulma","og_description":"Un accident de la route s\u2019est produit ce dimanche matin \u00e0 08h08 dans la zone industrielle de la commune et da\u00efra d\u2019El Eulma relevant de la wilaya de S\u00e9tif, impliquant un bus de transport des travailleurs et un camion. Selon un communiqu\u00e9 des services de la direction g\u00e9n\u00e9rale de la protection civile ( DGPC), la &hellip;","og_url":"https:\/\/elmawkie.dz\/fr\/une-collision-entre-un-bus-de-transport-des-travailleurs-et-un-camion-fait-8-blesses-a-el-eulma\/","og_site_name":"El Mawkie","article_publisher":"https:\/\/www.facebook.com\/profile.php?id=100088407094989&locale=fr_FR","article_published_time":"2025-02-02T08:28:17+00:00","article_modified_time":"2025-02-02T08:30:07+00:00","og_image":[{"width":782,"height":392,"url":"https:\/\/elmawkie.dz\/fr\/wp-content\/uploads\/2025\/02\/IMG_9016.jpeg","type":"image\/jpeg"}],"author":"Hamra Fouzia","twitter_card":"summary_large_image","twitter_misc":{"Written by":"Hamra Fouzia","Est. reading time":"1 minute"},"schema":{"@context":"https:\/\/schema.org","@graph":[{"@type":"Article","@id":"https:\/\/elmawkie.dz\/fr\/une-collision-entre-un-bus-de-transport-des-travailleurs-et-un-camion-fait-8-blesses-a-el-eulma\/#article","isPartOf":{"@id":"https:\/\/elmawkie.dz\/fr\/une-collision-entre-un-bus-de-transport-des-travailleurs-et-un-camion-fait-8-blesses-a-el-eulma\/"},"author":{"name":"Hamra Fouzia","@id":"https:\/\/elmawkie.dz\/fr\/#\/schema\/person\/4ed8433201bc23634185d8dd37097c64"},"headline":"Une collision entre un bus de transport des travailleurs et un camion fait 8 bless\u00e9s \u00e0 El Eulma","datePublished":"2025-02-02T08:28:17+00:00","dateModified":"2025-02-02T08:30:07+00:00","mainEntityOfPage":{"@id":"https:\/\/elmawkie.dz\/fr\/une-collision-entre-un-bus-de-transport-des-travailleurs-et-un-camion-fait-8-blesses-a-el-eulma\/"},"wordCount":136,"commentCount":0,"publisher":{"@id":"https:\/\/elmawkie.dz\/fr\/#organization"},"image":{"@id":"https:\/\/elmawkie.dz\/fr\/une-collision-entre-un-bus-de-transport-des-travailleurs-et-un-camion-fait-8-blesses-a-el-eulma\/#primaryimage"},"thumbnailUrl":"https:\/\/elmawkie.dz\/fr\/wp-content\/uploads\/2025\/02\/IMG_9016.jpeg","keywords":["8 bless\u00e9s","accident de la route","El EULMA","Protection civile"],"articleSection":["Soci\u00e9t\u00e9"],"inLanguage":"fr-FR","potentialAction":[{"@type":"CommentAction","name":"Comment","target":["https:\/\/elmawkie.dz\/fr\/une-collision-entre-un-bus-de-transport-des-travailleurs-et-un-camion-fait-8-blesses-a-el-eulma\/#respond"]}]},{"@type":"WebPage","@id":"https:\/\/elmawkie.dz\/fr\/une-collision-entre-un-bus-de-transport-des-travailleurs-et-un-camion-fait-8-blesses-a-el-eulma\/","url":"https:\/\/elmawkie.dz\/fr\/une-collision-entre-un-bus-de-transport-des-travailleurs-et-un-camion-fait-8-blesses-a-el-eulma\/","name":"Une collision entre un bus de transport des travailleurs et un camion fait 8 bless\u00e9s \u00e0 El Eulma - El Mawkie","isPartOf":{"@id":"https:\/\/elmawkie.dz\/fr\/#website"},"primaryImageOfPage":{"@id":"https:\/\/elmawkie.dz\/fr\/une-collision-entre-un-bus-de-transport-des-travailleurs-et-un-camion-fait-8-blesses-a-el-eulma\/#primaryimage"},"image":{"@id":"https:\/\/elmawkie.dz\/fr\/une-collision-entre-un-bus-de-transport-des-travailleurs-et-un-camion-fait-8-blesses-a-el-eulma\/#primaryimage"},"thumbnailUrl":"https:\/\/elmawkie.dz\/fr\/wp-content\/uploads\/2025\/02\/IMG_9016.jpeg","datePublished":"2025-02-02T08:28:17+00:00","dateModified":"2025-02-02T08:30:07+00:00","breadcrumb":{"@id":"https:\/\/elmawkie.dz\/fr\/une-collision-entre-un-bus-de-transport-des-travailleurs-et-un-camion-fait-8-blesses-a-el-eulma\/#breadcrumb"},"inLanguage":"fr-FR","potentialAction":[{"@type":"ReadAction","target":["https:\/\/elmawkie.dz\/fr\/une-collision-entre-un-bus-de-transport-des-travailleurs-et-un-camion-fait-8-blesses-a-el-eulma\/"]}]},{"@type":"ImageObject","inLanguage":"fr-FR","@id":"https:\/\/elmawkie.dz\/fr\/une-collision-entre-un-bus-de-transport-des-travailleurs-et-un-camion-fait-8-blesses-a-el-eulma\/#primaryimage","url":"https:\/\/elmawkie.dz\/fr\/wp-content\/uploads\/2025\/02\/IMG_9016.jpeg","contentUrl":"https:\/\/elmawkie.dz\/fr\/wp-content\/uploads\/2025\/02\/IMG_9016.jpeg","width":782,"height":392},{"@type":"BreadcrumbList","@id":"https:\/\/elmawkie.dz\/fr\/une-collision-entre-un-bus-de-transport-des-travailleurs-et-un-camion-fait-8-blesses-a-el-eulma\/#breadcrumb","itemListElement":[{"@type":"ListItem","position":1,"name":"Home","item":"https:\/\/elmawkie.dz\/fr\/"},{"@type":"ListItem","position":2,"name":"Une collision entre un bus de transport des travailleurs et un camion fait 8 bless\u00e9s \u00e0 El Eulma"}]},{"@type":"WebSite","@id":"https:\/\/elmawkie.dz\/fr\/#website","url":"https:\/\/elmawkie.dz\/fr\/","name":"EL MAWKIE","description":"Journal \u00c9lectronique Alg\u00e9rien","publisher":{"@id":"https:\/\/elmawkie.dz\/fr\/#organization"},"potentialAction":[{"@type":"SearchAction","target":{"@type":"EntryPoint","urlTemplate":"https:\/\/elmawkie.dz\/fr\/?s={search_term_string}"},"query-input":"required name=search_term_string"}],"inLanguage":"fr-FR"},{"@type":"Organization","@id":"https:\/\/elmawkie.dz\/fr\/#organization","name":"EL MAWKIE","url":"https:\/\/elmawkie.dz\/fr\/","logo":{"@type":"ImageObject","inLanguage":"fr-FR","@id":"https:\/\/elmawkie.dz\/fr\/#\/schema\/logo\/image\/","url":"https:\/\/elmawkie.dz\/fr\/wp-content\/uploads\/2024\/05\/logo1.png","contentUrl":"https:\/\/elmawkie.dz\/fr\/wp-content\/uploads\/2024\/05\/logo1.png","width":1648,"height":652,"caption":"EL MAWKIE"},"image":{"@id":"https:\/\/elmawkie.dz\/fr\/#\/schema\/logo\/image\/"},"sameAs":["https:\/\/www.facebook.com\/profile.php?id=100088407094989&locale=fr_FR"]},{"@type":"Person","@id":"https:\/\/elmawkie.dz\/fr\/#\/schema\/person\/4ed8433201bc23634185d8dd37097c64","name":"Hamra Fouzia","image":{"@type":"ImageObject","inLanguage":"fr-FR","@id":"https:\/\/elmawkie.dz\/fr\/#\/schema\/person\/image\/","url":"https:\/\/secure.gravatar.com\/avatar\/ea215268aad51f3219f9a59227db6fa1?s=96&d=mm&r=g","contentUrl":"https:\/\/secure.gravatar.com\/avatar\/ea215268aad51f3219f9a59227db6fa1?s=96&d=mm&r=g","caption":"Hamra Fouzia"},"sameAs":["https:\/\/elmawkie.dz\/fr"],"url":"https:\/\/elmawkie.dz\/fr\/author\/elmawkie\/"}]}},"_links":{"self":[{"href":"https:\/\/elmawkie.dz\/fr\/wp-json\/wp\/v2\/posts\/46586","targetHints":{"allow":["GET"]}}],"collection":[{"href":"https:\/\/elmawkie.dz\/fr\/wp-json\/wp\/v2\/posts"}],"about":[{"href":"https:\/\/elmawkie.dz\/fr\/wp-json\/wp\/v2\/types\/post"}],"author":[{"embeddable":true,"href":"https:\/\/elmawkie.dz\/fr\/wp-json\/wp\/v2\/users\/3"}],"replies":[{"embeddable":true,"href":"https:\/\/elmawkie.dz\/fr\/wp-json\/wp\/v2\/comments?post=46586"}],"version-history":[{"count":2,"href":"https:\/\/elmawkie.dz\/fr\/wp-json\/wp\/v2\/posts\/46586\/revisions"}],"predecessor-version":[{"id":46590,"href":"https:\/\/elmawkie.dz\/fr\/wp-json\/wp\/v2\/posts\/46586\/revisions\/46590"}],"wp:featuredmedia":[{"embeddable":true,"href":"https:\/\/elmawkie.dz\/fr\/wp-json\/wp\/v2\/media\/46588"}],"wp:attachment":[{"href":"https:\/\/elmawkie.dz\/fr\/wp-json\/wp\/v2\/media?parent=46586"}],"wp:term":[{"taxonomy":"category","embeddable":true,"href":"https:\/\/elmawkie.dz\/fr\/wp-json\/wp\/v2\/categories?post=46586"},{"taxonomy":"post_tag","embeddable":true,"href":"https:\/\/elmawkie.dz\/fr\/wp-json\/wp\/v2\/tags?post=46586"}],"curies":[{"name":"wp","href":"https:\/\/api.w.org\/{rel}","templated":true}]}}