{"id":46578,"date":"2025-02-02T08:37:28","date_gmt":"2025-02-02T07:37:28","guid":{"rendered":"https:\/\/elmawkie.dz\/fr\/?p=46578"},"modified":"2025-02-02T08:37:28","modified_gmt":"2025-02-02T07:37:28","slug":"cisjordanie-occupee-cinq-martyrs-dans-des-frappes-sionistes","status":"publish","type":"post","link":"https:\/\/elmawkie.dz\/fr\/cisjordanie-occupee-cinq-martyrs-dans-des-frappes-sionistes\/","title":{"rendered":"\u00a0Cisjordanie occup\u00e9e: cinq martyrs dans des frappes sionistes"},"content":{"rendered":"\n<p>Au moins cinq palestiniens, dont un adolescent, sont tomb\u00e9es en martyrs samedi, dans plusieurs frappes sionistes en Cisjordanie occup\u00e9e, a annonc\u00e9 le minist\u00e8re de la Sant\u00e9 palestinien. \u00ab\u00a0Dans la soir\u00e9e de samedi, le corps du martyr Ahmad Abdel Halim al-Saadi, 16 ans, est arriv\u00e9 \u00e0 l&rsquo;h\u00f4pital al-Razi, accompagn\u00e9 de deux autres bless\u00e9s dans un \u00e9tat critique, apr\u00e8s une frappe sioniste sur le quartier est de J\u00e9nine\u00a0\u00bb, a d\u00e9clar\u00e9 le minist\u00e8re dans un communiqu\u00e9. L&rsquo;adolescent et les deux bless\u00e9s \u00ab\u00a0ont \u00e9t\u00e9 touch\u00e9s par un drone de l&rsquo;occupation alors qu&rsquo;ils se trouvaient dans la rue\u00a0\u00bb, a d\u00e9clar\u00e9 \u00e0 des m\u00e9dias le gouverneur de J\u00e9nine, Kamal Abou al-Roub. Deux jeunes se trouvant dans une voiture \u00e0 Qabatiya, \u00e0 cinq kilom\u00e8tres au sud de J\u00e9nine, sont tomb\u00e9s en martyrs suite \u00e0 une deuxi\u00e8me frappe sioniste quelques heures apr\u00e8s, a-t-il pr\u00e9cis\u00e9. Deux autres ont \u00e9t\u00e9 touch\u00e9s sur leur moto et n&rsquo;ont pas surv\u00e9cu \u00e0 la frappe, a ajout\u00e9 M. Abou al-Roub. L&rsquo;agression sioniste a d\u00e9j\u00e0 fait environ 25 martyrs, selon les autorit\u00e9s palestiniennes. Jeudi, le minist\u00e8re palestinien de la Sant\u00e9 avait fait \u00e9tat de deux Palestiniens tomb\u00e9s en martyrs \u00e0 Jenine suite \u00e0 une attaque sioniste. Depuis le 7 octobre 2023, au moins 881 Palestiniens y sont tomb\u00e9s en martyrs suite \u00e0 des attaques lanc\u00e9s par l&rsquo;arm\u00e9e d&rsquo;occupation sioniste ou par des colons, a affirm\u00e9 le minist\u00e8re palestinien de la Sant\u00e9<\/p>\n","protected":false},"excerpt":{"rendered":"<p>Au moins cinq palestiniens, dont un adolescent, sont tomb\u00e9es en martyrs samedi, dans plusieurs frappes sionistes en Cisjordanie occup\u00e9e, a annonc\u00e9 le minist\u00e8re de la Sant\u00e9 palestinien. \u00ab\u00a0Dans la soir\u00e9e de samedi, le corps du martyr Ahmad Abdel Halim al-Saadi, 16 ans, est arriv\u00e9 \u00e0 l&rsquo;h\u00f4pital al-Razi, accompagn\u00e9 de deux autres bless\u00e9s dans un \u00e9tat &hellip;<\/p>\n","protected":false},"author":9,"featured_media":46580,"comment_status":"open","ping_status":"open","sticky":false,"template":"","format":"standard","meta":{"footnotes":""},"categories":[44],"tags":[],"class_list":["post-46578","post","type-post","status-publish","format-standard","has-post-thumbnail","hentry","category-international"],"yoast_head":"<!-- This site is optimized with the Yoast SEO Premium plugin v22.6 (Yoast SEO v22.6) - https:\/\/yoast.com\/wordpress\/plugins\/seo\/ -->\n<title>\u00a0Cisjordanie occup\u00e9e: cinq martyrs dans des frappes sionistes - El Mawkie<\/title>\n<meta name=\"robots\" content=\"index, follow, max-snippet:-1, max-image-preview:large, max-video-preview:-1\" \/>\n<link rel=\"canonical\" href=\"https:\/\/elmawkie.dz\/fr\/cisjordanie-occupee-cinq-martyrs-dans-des-frappes-sionistes\/\" \/>\n<meta property=\"og:locale\" content=\"fr_FR\" \/>\n<meta property=\"og:type\" content=\"article\" \/>\n<meta property=\"og:title\" content=\"\u00a0Cisjordanie occup\u00e9e: cinq martyrs dans des frappes sionistes\" \/>\n<meta property=\"og:description\" content=\"Au moins cinq palestiniens, dont un adolescent, sont tomb\u00e9es en martyrs samedi, dans plusieurs frappes sionistes en Cisjordanie occup\u00e9e, a annonc\u00e9 le minist\u00e8re de la Sant\u00e9 palestinien. \u00ab\u00a0Dans la soir\u00e9e de samedi, le corps du martyr Ahmad Abdel Halim al-Saadi, 16 ans, est arriv\u00e9 \u00e0 l&rsquo;h\u00f4pital al-Razi, accompagn\u00e9 de deux autres bless\u00e9s dans un \u00e9tat &hellip;\" \/>\n<meta property=\"og:url\" content=\"https:\/\/elmawkie.dz\/fr\/cisjordanie-occupee-cinq-martyrs-dans-des-frappes-sionistes\/\" \/>\n<meta property=\"og:site_name\" content=\"El Mawkie\" \/>\n<meta property=\"article:publisher\" content=\"https:\/\/www.facebook.com\/profile.php?id=100088407094989&amp;locale=fr_FR\" \/>\n<meta property=\"article:published_time\" content=\"2025-02-02T07:37:28+00:00\" \/>\n<meta property=\"og:image\" content=\"https:\/\/elmawkie.dz\/fr\/wp-content\/uploads\/2025\/02\/IMG_9008.jpeg\" \/>\n\t<meta property=\"og:image:width\" content=\"299\" \/>\n\t<meta property=\"og:image:height\" content=\"168\" \/>\n\t<meta property=\"og:image:type\" content=\"image\/jpeg\" \/>\n<meta name=\"author\" content=\"R\u00e9daction\" \/>\n<meta name=\"twitter:card\" content=\"summary_large_image\" \/>\n<meta name=\"twitter:label1\" content=\"Written by\" \/>\n\t<meta name=\"twitter:data1\" content=\"R\u00e9daction\" \/>\n\t<meta name=\"twitter:label2\" content=\"Est. reading time\" \/>\n\t<meta name=\"twitter:data2\" content=\"2 minutes\" \/>\n<script type=\"application\/ld+json\" class=\"yoast-schema-graph\">{\"@context\":\"https:\/\/schema.org\",\"@graph\":[{\"@type\":\"Article\",\"@id\":\"https:\/\/elmawkie.dz\/fr\/cisjordanie-occupee-cinq-martyrs-dans-des-frappes-sionistes\/#article\",\"isPartOf\":{\"@id\":\"https:\/\/elmawkie.dz\/fr\/cisjordanie-occupee-cinq-martyrs-dans-des-frappes-sionistes\/\"},\"author\":{\"name\":\"R\u00e9daction\",\"@id\":\"https:\/\/elmawkie.dz\/fr\/#\/schema\/person\/e7bd59d6467874ba5c4723d8a9f0a63c\"},\"headline\":\"\u00a0Cisjordanie occup\u00e9e: cinq martyrs dans des frappes sionistes\",\"datePublished\":\"2025-02-02T07:37:28+00:00\",\"dateModified\":\"2025-02-02T07:37:28+00:00\",\"mainEntityOfPage\":{\"@id\":\"https:\/\/elmawkie.dz\/fr\/cisjordanie-occupee-cinq-martyrs-dans-des-frappes-sionistes\/\"},\"wordCount\":260,\"commentCount\":0,\"publisher\":{\"@id\":\"https:\/\/elmawkie.dz\/fr\/#organization\"},\"image\":{\"@id\":\"https:\/\/elmawkie.dz\/fr\/cisjordanie-occupee-cinq-martyrs-dans-des-frappes-sionistes\/#primaryimage\"},\"thumbnailUrl\":\"https:\/\/elmawkie.dz\/fr\/wp-content\/uploads\/2025\/02\/IMG_9008.jpeg\",\"articleSection\":[\"International\"],\"inLanguage\":\"fr-FR\",\"potentialAction\":[{\"@type\":\"CommentAction\",\"name\":\"Comment\",\"target\":[\"https:\/\/elmawkie.dz\/fr\/cisjordanie-occupee-cinq-martyrs-dans-des-frappes-sionistes\/#respond\"]}]},{\"@type\":\"WebPage\",\"@id\":\"https:\/\/elmawkie.dz\/fr\/cisjordanie-occupee-cinq-martyrs-dans-des-frappes-sionistes\/\",\"url\":\"https:\/\/elmawkie.dz\/fr\/cisjordanie-occupee-cinq-martyrs-dans-des-frappes-sionistes\/\",\"name\":\"\u00a0Cisjordanie occup\u00e9e: cinq martyrs dans des frappes sionistes - El Mawkie\",\"isPartOf\":{\"@id\":\"https:\/\/elmawkie.dz\/fr\/#website\"},\"primaryImageOfPage\":{\"@id\":\"https:\/\/elmawkie.dz\/fr\/cisjordanie-occupee-cinq-martyrs-dans-des-frappes-sionistes\/#primaryimage\"},\"image\":{\"@id\":\"https:\/\/elmawkie.dz\/fr\/cisjordanie-occupee-cinq-martyrs-dans-des-frappes-sionistes\/#primaryimage\"},\"thumbnailUrl\":\"https:\/\/elmawkie.dz\/fr\/wp-content\/uploads\/2025\/02\/IMG_9008.jpeg\",\"datePublished\":\"2025-02-02T07:37:28+00:00\",\"dateModified\":\"2025-02-02T07:37:28+00:00\",\"breadcrumb\":{\"@id\":\"https:\/\/elmawkie.dz\/fr\/cisjordanie-occupee-cinq-martyrs-dans-des-frappes-sionistes\/#breadcrumb\"},\"inLanguage\":\"fr-FR\",\"potentialAction\":[{\"@type\":\"ReadAction\",\"target\":[\"https:\/\/elmawkie.dz\/fr\/cisjordanie-occupee-cinq-martyrs-dans-des-frappes-sionistes\/\"]}]},{\"@type\":\"ImageObject\",\"inLanguage\":\"fr-FR\",\"@id\":\"https:\/\/elmawkie.dz\/fr\/cisjordanie-occupee-cinq-martyrs-dans-des-frappes-sionistes\/#primaryimage\",\"url\":\"https:\/\/elmawkie.dz\/fr\/wp-content\/uploads\/2025\/02\/IMG_9008.jpeg\",\"contentUrl\":\"https:\/\/elmawkie.dz\/fr\/wp-content\/uploads\/2025\/02\/IMG_9008.jpeg\",\"width\":299,\"height\":168},{\"@type\":\"BreadcrumbList\",\"@id\":\"https:\/\/elmawkie.dz\/fr\/cisjordanie-occupee-cinq-martyrs-dans-des-frappes-sionistes\/#breadcrumb\",\"itemListElement\":[{\"@type\":\"ListItem\",\"position\":1,\"name\":\"Home\",\"item\":\"https:\/\/elmawkie.dz\/fr\/\"},{\"@type\":\"ListItem\",\"position\":2,\"name\":\"\u00a0Cisjordanie occup\u00e9e: cinq martyrs dans des frappes sionistes\"}]},{\"@type\":\"WebSite\",\"@id\":\"https:\/\/elmawkie.dz\/fr\/#website\",\"url\":\"https:\/\/elmawkie.dz\/fr\/\",\"name\":\"EL MAWKIE\",\"description\":\"Journal \u00c9lectronique Alg\u00e9rien\",\"publisher\":{\"@id\":\"https:\/\/elmawkie.dz\/fr\/#organization\"},\"potentialAction\":[{\"@type\":\"SearchAction\",\"target\":{\"@type\":\"EntryPoint\",\"urlTemplate\":\"https:\/\/elmawkie.dz\/fr\/?s={search_term_string}\"},\"query-input\":\"required name=search_term_string\"}],\"inLanguage\":\"fr-FR\"},{\"@type\":\"Organization\",\"@id\":\"https:\/\/elmawkie.dz\/fr\/#organization\",\"name\":\"EL MAWKIE\",\"url\":\"https:\/\/elmawkie.dz\/fr\/\",\"logo\":{\"@type\":\"ImageObject\",\"inLanguage\":\"fr-FR\",\"@id\":\"https:\/\/elmawkie.dz\/fr\/#\/schema\/logo\/image\/\",\"url\":\"https:\/\/elmawkie.dz\/fr\/wp-content\/uploads\/2024\/05\/logo1.png\",\"contentUrl\":\"https:\/\/elmawkie.dz\/fr\/wp-content\/uploads\/2024\/05\/logo1.png\",\"width\":1648,\"height\":652,\"caption\":\"EL MAWKIE\"},\"image\":{\"@id\":\"https:\/\/elmawkie.dz\/fr\/#\/schema\/logo\/image\/\"},\"sameAs\":[\"https:\/\/www.facebook.com\/profile.php?id=100088407094989&locale=fr_FR\"]},{\"@type\":\"Person\",\"@id\":\"https:\/\/elmawkie.dz\/fr\/#\/schema\/person\/e7bd59d6467874ba5c4723d8a9f0a63c\",\"name\":\"R\u00e9daction\",\"image\":{\"@type\":\"ImageObject\",\"inLanguage\":\"fr-FR\",\"@id\":\"https:\/\/elmawkie.dz\/fr\/#\/schema\/person\/image\/\",\"url\":\"https:\/\/secure.gravatar.com\/avatar\/f0f773456344da4d2788c054a3d30a0c?s=96&d=mm&r=g\",\"contentUrl\":\"https:\/\/secure.gravatar.com\/avatar\/f0f773456344da4d2788c054a3d30a0c?s=96&d=mm&r=g\",\"caption\":\"R\u00e9daction\"},\"url\":\"https:\/\/elmawkie.dz\/fr\/author\/redaction\/\"}]}<\/script>\n<!-- \/ Yoast SEO Premium plugin. -->","yoast_head_json":{"title":"\u00a0Cisjordanie occup\u00e9e: cinq martyrs dans des frappes sionistes - El Mawkie","robots":{"index":"index","follow":"follow","max-snippet":"max-snippet:-1","max-image-preview":"max-image-preview:large","max-video-preview":"max-video-preview:-1"},"canonical":"https:\/\/elmawkie.dz\/fr\/cisjordanie-occupee-cinq-martyrs-dans-des-frappes-sionistes\/","og_locale":"fr_FR","og_type":"article","og_title":"\u00a0Cisjordanie occup\u00e9e: cinq martyrs dans des frappes sionistes","og_description":"Au moins cinq palestiniens, dont un adolescent, sont tomb\u00e9es en martyrs samedi, dans plusieurs frappes sionistes en Cisjordanie occup\u00e9e, a annonc\u00e9 le minist\u00e8re de la Sant\u00e9 palestinien. \u00ab\u00a0Dans la soir\u00e9e de samedi, le corps du martyr Ahmad Abdel Halim al-Saadi, 16 ans, est arriv\u00e9 \u00e0 l&rsquo;h\u00f4pital al-Razi, accompagn\u00e9 de deux autres bless\u00e9s dans un \u00e9tat &hellip;","og_url":"https:\/\/elmawkie.dz\/fr\/cisjordanie-occupee-cinq-martyrs-dans-des-frappes-sionistes\/","og_site_name":"El Mawkie","article_publisher":"https:\/\/www.facebook.com\/profile.php?id=100088407094989&locale=fr_FR","article_published_time":"2025-02-02T07:37:28+00:00","og_image":[{"width":299,"height":168,"url":"https:\/\/elmawkie.dz\/fr\/wp-content\/uploads\/2025\/02\/IMG_9008.jpeg","type":"image\/jpeg"}],"author":"R\u00e9daction","twitter_card":"summary_large_image","twitter_misc":{"Written by":"R\u00e9daction","Est. reading time":"2 minutes"},"schema":{"@context":"https:\/\/schema.org","@graph":[{"@type":"Article","@id":"https:\/\/elmawkie.dz\/fr\/cisjordanie-occupee-cinq-martyrs-dans-des-frappes-sionistes\/#article","isPartOf":{"@id":"https:\/\/elmawkie.dz\/fr\/cisjordanie-occupee-cinq-martyrs-dans-des-frappes-sionistes\/"},"author":{"name":"R\u00e9daction","@id":"https:\/\/elmawkie.dz\/fr\/#\/schema\/person\/e7bd59d6467874ba5c4723d8a9f0a63c"},"headline":"\u00a0Cisjordanie occup\u00e9e: cinq martyrs dans des frappes sionistes","datePublished":"2025-02-02T07:37:28+00:00","dateModified":"2025-02-02T07:37:28+00:00","mainEntityOfPage":{"@id":"https:\/\/elmawkie.dz\/fr\/cisjordanie-occupee-cinq-martyrs-dans-des-frappes-sionistes\/"},"wordCount":260,"commentCount":0,"publisher":{"@id":"https:\/\/elmawkie.dz\/fr\/#organization"},"image":{"@id":"https:\/\/elmawkie.dz\/fr\/cisjordanie-occupee-cinq-martyrs-dans-des-frappes-sionistes\/#primaryimage"},"thumbnailUrl":"https:\/\/elmawkie.dz\/fr\/wp-content\/uploads\/2025\/02\/IMG_9008.jpeg","articleSection":["International"],"inLanguage":"fr-FR","potentialAction":[{"@type":"CommentAction","name":"Comment","target":["https:\/\/elmawkie.dz\/fr\/cisjordanie-occupee-cinq-martyrs-dans-des-frappes-sionistes\/#respond"]}]},{"@type":"WebPage","@id":"https:\/\/elmawkie.dz\/fr\/cisjordanie-occupee-cinq-martyrs-dans-des-frappes-sionistes\/","url":"https:\/\/elmawkie.dz\/fr\/cisjordanie-occupee-cinq-martyrs-dans-des-frappes-sionistes\/","name":"\u00a0Cisjordanie occup\u00e9e: cinq martyrs dans des frappes sionistes - El Mawkie","isPartOf":{"@id":"https:\/\/elmawkie.dz\/fr\/#website"},"primaryImageOfPage":{"@id":"https:\/\/elmawkie.dz\/fr\/cisjordanie-occupee-cinq-martyrs-dans-des-frappes-sionistes\/#primaryimage"},"image":{"@id":"https:\/\/elmawkie.dz\/fr\/cisjordanie-occupee-cinq-martyrs-dans-des-frappes-sionistes\/#primaryimage"},"thumbnailUrl":"https:\/\/elmawkie.dz\/fr\/wp-content\/uploads\/2025\/02\/IMG_9008.jpeg","datePublished":"2025-02-02T07:37:28+00:00","dateModified":"2025-02-02T07:37:28+00:00","breadcrumb":{"@id":"https:\/\/elmawkie.dz\/fr\/cisjordanie-occupee-cinq-martyrs-dans-des-frappes-sionistes\/#breadcrumb"},"inLanguage":"fr-FR","potentialAction":[{"@type":"ReadAction","target":["https:\/\/elmawkie.dz\/fr\/cisjordanie-occupee-cinq-martyrs-dans-des-frappes-sionistes\/"]}]},{"@type":"ImageObject","inLanguage":"fr-FR","@id":"https:\/\/elmawkie.dz\/fr\/cisjordanie-occupee-cinq-martyrs-dans-des-frappes-sionistes\/#primaryimage","url":"https:\/\/elmawkie.dz\/fr\/wp-content\/uploads\/2025\/02\/IMG_9008.jpeg","contentUrl":"https:\/\/elmawkie.dz\/fr\/wp-content\/uploads\/2025\/02\/IMG_9008.jpeg","width":299,"height":168},{"@type":"BreadcrumbList","@id":"https:\/\/elmawkie.dz\/fr\/cisjordanie-occupee-cinq-martyrs-dans-des-frappes-sionistes\/#breadcrumb","itemListElement":[{"@type":"ListItem","position":1,"name":"Home","item":"https:\/\/elmawkie.dz\/fr\/"},{"@type":"ListItem","position":2,"name":"\u00a0Cisjordanie occup\u00e9e: cinq martyrs dans des frappes sionistes"}]},{"@type":"WebSite","@id":"https:\/\/elmawkie.dz\/fr\/#website","url":"https:\/\/elmawkie.dz\/fr\/","name":"EL MAWKIE","description":"Journal \u00c9lectronique Alg\u00e9rien","publisher":{"@id":"https:\/\/elmawkie.dz\/fr\/#organization"},"potentialAction":[{"@type":"SearchAction","target":{"@type":"EntryPoint","urlTemplate":"https:\/\/elmawkie.dz\/fr\/?s={search_term_string}"},"query-input":"required name=search_term_string"}],"inLanguage":"fr-FR"},{"@type":"Organization","@id":"https:\/\/elmawkie.dz\/fr\/#organization","name":"EL MAWKIE","url":"https:\/\/elmawkie.dz\/fr\/","logo":{"@type":"ImageObject","inLanguage":"fr-FR","@id":"https:\/\/elmawkie.dz\/fr\/#\/schema\/logo\/image\/","url":"https:\/\/elmawkie.dz\/fr\/wp-content\/uploads\/2024\/05\/logo1.png","contentUrl":"https:\/\/elmawkie.dz\/fr\/wp-content\/uploads\/2024\/05\/logo1.png","width":1648,"height":652,"caption":"EL MAWKIE"},"image":{"@id":"https:\/\/elmawkie.dz\/fr\/#\/schema\/logo\/image\/"},"sameAs":["https:\/\/www.facebook.com\/profile.php?id=100088407094989&locale=fr_FR"]},{"@type":"Person","@id":"https:\/\/elmawkie.dz\/fr\/#\/schema\/person\/e7bd59d6467874ba5c4723d8a9f0a63c","name":"R\u00e9daction","image":{"@type":"ImageObject","inLanguage":"fr-FR","@id":"https:\/\/elmawkie.dz\/fr\/#\/schema\/person\/image\/","url":"https:\/\/secure.gravatar.com\/avatar\/f0f773456344da4d2788c054a3d30a0c?s=96&d=mm&r=g","contentUrl":"https:\/\/secure.gravatar.com\/avatar\/f0f773456344da4d2788c054a3d30a0c?s=96&d=mm&r=g","caption":"R\u00e9daction"},"url":"https:\/\/elmawkie.dz\/fr\/author\/redaction\/"}]}},"_links":{"self":[{"href":"https:\/\/elmawkie.dz\/fr\/wp-json\/wp\/v2\/posts\/46578","targetHints":{"allow":["GET"]}}],"collection":[{"href":"https:\/\/elmawkie.dz\/fr\/wp-json\/wp\/v2\/posts"}],"about":[{"href":"https:\/\/elmawkie.dz\/fr\/wp-json\/wp\/v2\/types\/post"}],"author":[{"embeddable":true,"href":"https:\/\/elmawkie.dz\/fr\/wp-json\/wp\/v2\/users\/9"}],"replies":[{"embeddable":true,"href":"https:\/\/elmawkie.dz\/fr\/wp-json\/wp\/v2\/comments?post=46578"}],"version-history":[{"count":1,"href":"https:\/\/elmawkie.dz\/fr\/wp-json\/wp\/v2\/posts\/46578\/revisions"}],"predecessor-version":[{"id":46581,"href":"https:\/\/elmawkie.dz\/fr\/wp-json\/wp\/v2\/posts\/46578\/revisions\/46581"}],"wp:featuredmedia":[{"embeddable":true,"href":"https:\/\/elmawkie.dz\/fr\/wp-json\/wp\/v2\/media\/46580"}],"wp:attachment":[{"href":"https:\/\/elmawkie.dz\/fr\/wp-json\/wp\/v2\/media?parent=46578"}],"wp:term":[{"taxonomy":"category","embeddable":true,"href":"https:\/\/elmawkie.dz\/fr\/wp-json\/wp\/v2\/categories?post=46578"},{"taxonomy":"post_tag","embeddable":true,"href":"https:\/\/elmawkie.dz\/fr\/wp-json\/wp\/v2\/tags?post=46578"}],"curies":[{"name":"wp","href":"https:\/\/api.w.org\/{rel}","templated":true}]}}