{"id":46574,"date":"2025-02-02T08:30:38","date_gmt":"2025-02-02T07:30:38","guid":{"rendered":"https:\/\/elmawkie.dz\/fr\/?p=46574"},"modified":"2025-02-02T08:30:39","modified_gmt":"2025-02-02T07:30:39","slug":"etats-unis-un-septieme-mort-apres-le-crash-dun-avion-sanitaire-a-philadelphie","status":"publish","type":"post","link":"https:\/\/elmawkie.dz\/fr\/etats-unis-un-septieme-mort-apres-le-crash-dun-avion-sanitaire-a-philadelphie\/","title":{"rendered":"Etats-Unis: un septi\u00e8me mort apr\u00e8s le crash d&rsquo;un avion sanitaire \u00e0 Philadelphie"},"content":{"rendered":"\n<p>Une septi\u00e8me personne est d\u00e9c\u00e9d\u00e9e vendredi soir \u00e0 Philadelphie, tu\u00e9e dans sa voiture par le crash d&rsquo;un avion sanitaire qui transportait six Mexicains dont un enfant, tous morts dans l&rsquo;accident, a annonc\u00e9 samedi la maire de la ville, mentionnant \u00e9galement 19 bless\u00e9s. \u00ab\u00a0Au moins une autre personne est morte dans cette trag\u00e9die, quelqu&rsquo;un qui \u00e9tait dans une voiture\u00a0\u00bb, a d\u00e9clar\u00e9 la maire de cette grande ville du nord-est des Etats-Unis, Cherelle Parker, lors d&rsquo;une conf\u00e9rence de presse. Le petit appareil s&rsquo;est \u00e9cras\u00e9 peu apr\u00e8s son d\u00e9collage, des images montrant le bir\u00e9acteur descendant \u00e0 pic vers une zone r\u00e9sidentielle et une \u00e9norme boule de feu au moment de l&rsquo;impact. \u00ab\u00a0Pour l&rsquo;instant, nous d\u00e9nombrons 19 bless\u00e9s\u00a0\u00bb, a dit la maire. Son directeur g\u00e9n\u00e9ral des services Adam Thiel a pr\u00e9cis\u00e9 que ce chiffre pourrait \u00e9voluer. Les d\u00e9g\u00e2ts de l&rsquo;explosion s&rsquo;\u00e9tendent sur plusieurs rues, et les secouristes effectuent des v\u00e9rifications \u00ab\u00a0porte \u00e0 porte\u00a0\u00bb, a-t-il ajout\u00e9. L&rsquo;avion transportait un enfant qui venait de recevoir des soins, sa m\u00e8re et quatre membres d&rsquo;\u00e9quipage, tous mexicains selon les autorit\u00e9s. Cet accident est intervenu deux jours apr\u00e8s la collision \u00e0 Washington entre un avion de ligne et un h\u00e9licopt\u00e8re militaire. Cette catastrophe a\u00e9rienne, la pire aux Etats-Unis depuis plus de 20 ans, a tu\u00e9 67 personnes.<\/p>\n","protected":false},"excerpt":{"rendered":"<p>Une septi\u00e8me personne est d\u00e9c\u00e9d\u00e9e vendredi soir \u00e0 Philadelphie, tu\u00e9e dans sa voiture par le crash d&rsquo;un avion sanitaire qui transportait six Mexicains dont un enfant, tous morts dans l&rsquo;accident, a annonc\u00e9 samedi la maire de la ville, mentionnant \u00e9galement 19 bless\u00e9s. \u00ab\u00a0Au moins une autre personne est morte dans cette trag\u00e9die, quelqu&rsquo;un qui \u00e9tait &hellip;<\/p>\n","protected":false},"author":9,"featured_media":46576,"comment_status":"open","ping_status":"open","sticky":false,"template":"","format":"standard","meta":{"footnotes":""},"categories":[44],"tags":[],"class_list":["post-46574","post","type-post","status-publish","format-standard","has-post-thumbnail","hentry","category-international"],"yoast_head":"<!-- This site is optimized with the Yoast SEO Premium plugin v22.6 (Yoast SEO v22.6) - https:\/\/yoast.com\/wordpress\/plugins\/seo\/ -->\n<title>Etats-Unis: un septi\u00e8me mort apr\u00e8s le crash d&#039;un avion sanitaire \u00e0 Philadelphie - El Mawkie<\/title>\n<meta name=\"robots\" content=\"index, follow, max-snippet:-1, max-image-preview:large, max-video-preview:-1\" \/>\n<link rel=\"canonical\" href=\"https:\/\/elmawkie.dz\/fr\/etats-unis-un-septieme-mort-apres-le-crash-dun-avion-sanitaire-a-philadelphie\/\" \/>\n<meta property=\"og:locale\" content=\"fr_FR\" \/>\n<meta property=\"og:type\" content=\"article\" \/>\n<meta property=\"og:title\" content=\"Etats-Unis: un septi\u00e8me mort apr\u00e8s le crash d&#039;un avion sanitaire \u00e0 Philadelphie\" \/>\n<meta property=\"og:description\" content=\"Une septi\u00e8me personne est d\u00e9c\u00e9d\u00e9e vendredi soir \u00e0 Philadelphie, tu\u00e9e dans sa voiture par le crash d&rsquo;un avion sanitaire qui transportait six Mexicains dont un enfant, tous morts dans l&rsquo;accident, a annonc\u00e9 samedi la maire de la ville, mentionnant \u00e9galement 19 bless\u00e9s. \u00ab\u00a0Au moins une autre personne est morte dans cette trag\u00e9die, quelqu&rsquo;un qui \u00e9tait &hellip;\" \/>\n<meta property=\"og:url\" content=\"https:\/\/elmawkie.dz\/fr\/etats-unis-un-septieme-mort-apres-le-crash-dun-avion-sanitaire-a-philadelphie\/\" \/>\n<meta property=\"og:site_name\" content=\"El Mawkie\" \/>\n<meta property=\"article:publisher\" content=\"https:\/\/www.facebook.com\/profile.php?id=100088407094989&amp;locale=fr_FR\" \/>\n<meta property=\"article:published_time\" content=\"2025-02-02T07:30:38+00:00\" \/>\n<meta property=\"article:modified_time\" content=\"2025-02-02T07:30:39+00:00\" \/>\n<meta property=\"og:image\" content=\"https:\/\/elmawkie.dz\/fr\/wp-content\/uploads\/2025\/02\/IMG_9007.jpeg\" \/>\n\t<meta property=\"og:image:width\" content=\"299\" \/>\n\t<meta property=\"og:image:height\" content=\"168\" \/>\n\t<meta property=\"og:image:type\" content=\"image\/jpeg\" \/>\n<meta name=\"author\" content=\"R\u00e9daction\" \/>\n<meta name=\"twitter:card\" content=\"summary_large_image\" \/>\n<meta name=\"twitter:label1\" content=\"Written by\" \/>\n\t<meta name=\"twitter:data1\" content=\"R\u00e9daction\" \/>\n\t<meta name=\"twitter:label2\" content=\"Est. reading time\" \/>\n\t<meta name=\"twitter:data2\" content=\"2 minutes\" \/>\n<script type=\"application\/ld+json\" class=\"yoast-schema-graph\">{\"@context\":\"https:\/\/schema.org\",\"@graph\":[{\"@type\":\"Article\",\"@id\":\"https:\/\/elmawkie.dz\/fr\/etats-unis-un-septieme-mort-apres-le-crash-dun-avion-sanitaire-a-philadelphie\/#article\",\"isPartOf\":{\"@id\":\"https:\/\/elmawkie.dz\/fr\/etats-unis-un-septieme-mort-apres-le-crash-dun-avion-sanitaire-a-philadelphie\/\"},\"author\":{\"name\":\"R\u00e9daction\",\"@id\":\"https:\/\/elmawkie.dz\/fr\/#\/schema\/person\/e7bd59d6467874ba5c4723d8a9f0a63c\"},\"headline\":\"Etats-Unis: un septi\u00e8me mort apr\u00e8s le crash d&rsquo;un avion sanitaire \u00e0 Philadelphie\",\"datePublished\":\"2025-02-02T07:30:38+00:00\",\"dateModified\":\"2025-02-02T07:30:39+00:00\",\"mainEntityOfPage\":{\"@id\":\"https:\/\/elmawkie.dz\/fr\/etats-unis-un-septieme-mort-apres-le-crash-dun-avion-sanitaire-a-philadelphie\/\"},\"wordCount\":252,\"commentCount\":0,\"publisher\":{\"@id\":\"https:\/\/elmawkie.dz\/fr\/#organization\"},\"image\":{\"@id\":\"https:\/\/elmawkie.dz\/fr\/etats-unis-un-septieme-mort-apres-le-crash-dun-avion-sanitaire-a-philadelphie\/#primaryimage\"},\"thumbnailUrl\":\"https:\/\/elmawkie.dz\/fr\/wp-content\/uploads\/2025\/02\/IMG_9007.jpeg\",\"articleSection\":[\"International\"],\"inLanguage\":\"fr-FR\",\"potentialAction\":[{\"@type\":\"CommentAction\",\"name\":\"Comment\",\"target\":[\"https:\/\/elmawkie.dz\/fr\/etats-unis-un-septieme-mort-apres-le-crash-dun-avion-sanitaire-a-philadelphie\/#respond\"]}]},{\"@type\":\"WebPage\",\"@id\":\"https:\/\/elmawkie.dz\/fr\/etats-unis-un-septieme-mort-apres-le-crash-dun-avion-sanitaire-a-philadelphie\/\",\"url\":\"https:\/\/elmawkie.dz\/fr\/etats-unis-un-septieme-mort-apres-le-crash-dun-avion-sanitaire-a-philadelphie\/\",\"name\":\"Etats-Unis: un septi\u00e8me mort apr\u00e8s le crash d'un avion sanitaire \u00e0 Philadelphie - El Mawkie\",\"isPartOf\":{\"@id\":\"https:\/\/elmawkie.dz\/fr\/#website\"},\"primaryImageOfPage\":{\"@id\":\"https:\/\/elmawkie.dz\/fr\/etats-unis-un-septieme-mort-apres-le-crash-dun-avion-sanitaire-a-philadelphie\/#primaryimage\"},\"image\":{\"@id\":\"https:\/\/elmawkie.dz\/fr\/etats-unis-un-septieme-mort-apres-le-crash-dun-avion-sanitaire-a-philadelphie\/#primaryimage\"},\"thumbnailUrl\":\"https:\/\/elmawkie.dz\/fr\/wp-content\/uploads\/2025\/02\/IMG_9007.jpeg\",\"datePublished\":\"2025-02-02T07:30:38+00:00\",\"dateModified\":\"2025-02-02T07:30:39+00:00\",\"breadcrumb\":{\"@id\":\"https:\/\/elmawkie.dz\/fr\/etats-unis-un-septieme-mort-apres-le-crash-dun-avion-sanitaire-a-philadelphie\/#breadcrumb\"},\"inLanguage\":\"fr-FR\",\"potentialAction\":[{\"@type\":\"ReadAction\",\"target\":[\"https:\/\/elmawkie.dz\/fr\/etats-unis-un-septieme-mort-apres-le-crash-dun-avion-sanitaire-a-philadelphie\/\"]}]},{\"@type\":\"ImageObject\",\"inLanguage\":\"fr-FR\",\"@id\":\"https:\/\/elmawkie.dz\/fr\/etats-unis-un-septieme-mort-apres-le-crash-dun-avion-sanitaire-a-philadelphie\/#primaryimage\",\"url\":\"https:\/\/elmawkie.dz\/fr\/wp-content\/uploads\/2025\/02\/IMG_9007.jpeg\",\"contentUrl\":\"https:\/\/elmawkie.dz\/fr\/wp-content\/uploads\/2025\/02\/IMG_9007.jpeg\",\"width\":299,\"height\":168},{\"@type\":\"BreadcrumbList\",\"@id\":\"https:\/\/elmawkie.dz\/fr\/etats-unis-un-septieme-mort-apres-le-crash-dun-avion-sanitaire-a-philadelphie\/#breadcrumb\",\"itemListElement\":[{\"@type\":\"ListItem\",\"position\":1,\"name\":\"Home\",\"item\":\"https:\/\/elmawkie.dz\/fr\/\"},{\"@type\":\"ListItem\",\"position\":2,\"name\":\"Etats-Unis: un septi\u00e8me mort apr\u00e8s le crash d&rsquo;un avion sanitaire \u00e0 Philadelphie\"}]},{\"@type\":\"WebSite\",\"@id\":\"https:\/\/elmawkie.dz\/fr\/#website\",\"url\":\"https:\/\/elmawkie.dz\/fr\/\",\"name\":\"EL MAWKIE\",\"description\":\"Journal \u00c9lectronique Alg\u00e9rien\",\"publisher\":{\"@id\":\"https:\/\/elmawkie.dz\/fr\/#organization\"},\"potentialAction\":[{\"@type\":\"SearchAction\",\"target\":{\"@type\":\"EntryPoint\",\"urlTemplate\":\"https:\/\/elmawkie.dz\/fr\/?s={search_term_string}\"},\"query-input\":\"required name=search_term_string\"}],\"inLanguage\":\"fr-FR\"},{\"@type\":\"Organization\",\"@id\":\"https:\/\/elmawkie.dz\/fr\/#organization\",\"name\":\"EL MAWKIE\",\"url\":\"https:\/\/elmawkie.dz\/fr\/\",\"logo\":{\"@type\":\"ImageObject\",\"inLanguage\":\"fr-FR\",\"@id\":\"https:\/\/elmawkie.dz\/fr\/#\/schema\/logo\/image\/\",\"url\":\"https:\/\/elmawkie.dz\/fr\/wp-content\/uploads\/2024\/05\/logo1.png\",\"contentUrl\":\"https:\/\/elmawkie.dz\/fr\/wp-content\/uploads\/2024\/05\/logo1.png\",\"width\":1648,\"height\":652,\"caption\":\"EL MAWKIE\"},\"image\":{\"@id\":\"https:\/\/elmawkie.dz\/fr\/#\/schema\/logo\/image\/\"},\"sameAs\":[\"https:\/\/www.facebook.com\/profile.php?id=100088407094989&locale=fr_FR\"]},{\"@type\":\"Person\",\"@id\":\"https:\/\/elmawkie.dz\/fr\/#\/schema\/person\/e7bd59d6467874ba5c4723d8a9f0a63c\",\"name\":\"R\u00e9daction\",\"image\":{\"@type\":\"ImageObject\",\"inLanguage\":\"fr-FR\",\"@id\":\"https:\/\/elmawkie.dz\/fr\/#\/schema\/person\/image\/\",\"url\":\"https:\/\/secure.gravatar.com\/avatar\/f0f773456344da4d2788c054a3d30a0c?s=96&d=mm&r=g\",\"contentUrl\":\"https:\/\/secure.gravatar.com\/avatar\/f0f773456344da4d2788c054a3d30a0c?s=96&d=mm&r=g\",\"caption\":\"R\u00e9daction\"},\"url\":\"https:\/\/elmawkie.dz\/fr\/author\/redaction\/\"}]}<\/script>\n<!-- \/ Yoast SEO Premium plugin. -->","yoast_head_json":{"title":"Etats-Unis: un septi\u00e8me mort apr\u00e8s le crash d'un avion sanitaire \u00e0 Philadelphie - El Mawkie","robots":{"index":"index","follow":"follow","max-snippet":"max-snippet:-1","max-image-preview":"max-image-preview:large","max-video-preview":"max-video-preview:-1"},"canonical":"https:\/\/elmawkie.dz\/fr\/etats-unis-un-septieme-mort-apres-le-crash-dun-avion-sanitaire-a-philadelphie\/","og_locale":"fr_FR","og_type":"article","og_title":"Etats-Unis: un septi\u00e8me mort apr\u00e8s le crash d'un avion sanitaire \u00e0 Philadelphie","og_description":"Une septi\u00e8me personne est d\u00e9c\u00e9d\u00e9e vendredi soir \u00e0 Philadelphie, tu\u00e9e dans sa voiture par le crash d&rsquo;un avion sanitaire qui transportait six Mexicains dont un enfant, tous morts dans l&rsquo;accident, a annonc\u00e9 samedi la maire de la ville, mentionnant \u00e9galement 19 bless\u00e9s. \u00ab\u00a0Au moins une autre personne est morte dans cette trag\u00e9die, quelqu&rsquo;un qui \u00e9tait &hellip;","og_url":"https:\/\/elmawkie.dz\/fr\/etats-unis-un-septieme-mort-apres-le-crash-dun-avion-sanitaire-a-philadelphie\/","og_site_name":"El Mawkie","article_publisher":"https:\/\/www.facebook.com\/profile.php?id=100088407094989&locale=fr_FR","article_published_time":"2025-02-02T07:30:38+00:00","article_modified_time":"2025-02-02T07:30:39+00:00","og_image":[{"width":299,"height":168,"url":"https:\/\/elmawkie.dz\/fr\/wp-content\/uploads\/2025\/02\/IMG_9007.jpeg","type":"image\/jpeg"}],"author":"R\u00e9daction","twitter_card":"summary_large_image","twitter_misc":{"Written by":"R\u00e9daction","Est. reading time":"2 minutes"},"schema":{"@context":"https:\/\/schema.org","@graph":[{"@type":"Article","@id":"https:\/\/elmawkie.dz\/fr\/etats-unis-un-septieme-mort-apres-le-crash-dun-avion-sanitaire-a-philadelphie\/#article","isPartOf":{"@id":"https:\/\/elmawkie.dz\/fr\/etats-unis-un-septieme-mort-apres-le-crash-dun-avion-sanitaire-a-philadelphie\/"},"author":{"name":"R\u00e9daction","@id":"https:\/\/elmawkie.dz\/fr\/#\/schema\/person\/e7bd59d6467874ba5c4723d8a9f0a63c"},"headline":"Etats-Unis: un septi\u00e8me mort apr\u00e8s le crash d&rsquo;un avion sanitaire \u00e0 Philadelphie","datePublished":"2025-02-02T07:30:38+00:00","dateModified":"2025-02-02T07:30:39+00:00","mainEntityOfPage":{"@id":"https:\/\/elmawkie.dz\/fr\/etats-unis-un-septieme-mort-apres-le-crash-dun-avion-sanitaire-a-philadelphie\/"},"wordCount":252,"commentCount":0,"publisher":{"@id":"https:\/\/elmawkie.dz\/fr\/#organization"},"image":{"@id":"https:\/\/elmawkie.dz\/fr\/etats-unis-un-septieme-mort-apres-le-crash-dun-avion-sanitaire-a-philadelphie\/#primaryimage"},"thumbnailUrl":"https:\/\/elmawkie.dz\/fr\/wp-content\/uploads\/2025\/02\/IMG_9007.jpeg","articleSection":["International"],"inLanguage":"fr-FR","potentialAction":[{"@type":"CommentAction","name":"Comment","target":["https:\/\/elmawkie.dz\/fr\/etats-unis-un-septieme-mort-apres-le-crash-dun-avion-sanitaire-a-philadelphie\/#respond"]}]},{"@type":"WebPage","@id":"https:\/\/elmawkie.dz\/fr\/etats-unis-un-septieme-mort-apres-le-crash-dun-avion-sanitaire-a-philadelphie\/","url":"https:\/\/elmawkie.dz\/fr\/etats-unis-un-septieme-mort-apres-le-crash-dun-avion-sanitaire-a-philadelphie\/","name":"Etats-Unis: un septi\u00e8me mort apr\u00e8s le crash d'un avion sanitaire \u00e0 Philadelphie - El Mawkie","isPartOf":{"@id":"https:\/\/elmawkie.dz\/fr\/#website"},"primaryImageOfPage":{"@id":"https:\/\/elmawkie.dz\/fr\/etats-unis-un-septieme-mort-apres-le-crash-dun-avion-sanitaire-a-philadelphie\/#primaryimage"},"image":{"@id":"https:\/\/elmawkie.dz\/fr\/etats-unis-un-septieme-mort-apres-le-crash-dun-avion-sanitaire-a-philadelphie\/#primaryimage"},"thumbnailUrl":"https:\/\/elmawkie.dz\/fr\/wp-content\/uploads\/2025\/02\/IMG_9007.jpeg","datePublished":"2025-02-02T07:30:38+00:00","dateModified":"2025-02-02T07:30:39+00:00","breadcrumb":{"@id":"https:\/\/elmawkie.dz\/fr\/etats-unis-un-septieme-mort-apres-le-crash-dun-avion-sanitaire-a-philadelphie\/#breadcrumb"},"inLanguage":"fr-FR","potentialAction":[{"@type":"ReadAction","target":["https:\/\/elmawkie.dz\/fr\/etats-unis-un-septieme-mort-apres-le-crash-dun-avion-sanitaire-a-philadelphie\/"]}]},{"@type":"ImageObject","inLanguage":"fr-FR","@id":"https:\/\/elmawkie.dz\/fr\/etats-unis-un-septieme-mort-apres-le-crash-dun-avion-sanitaire-a-philadelphie\/#primaryimage","url":"https:\/\/elmawkie.dz\/fr\/wp-content\/uploads\/2025\/02\/IMG_9007.jpeg","contentUrl":"https:\/\/elmawkie.dz\/fr\/wp-content\/uploads\/2025\/02\/IMG_9007.jpeg","width":299,"height":168},{"@type":"BreadcrumbList","@id":"https:\/\/elmawkie.dz\/fr\/etats-unis-un-septieme-mort-apres-le-crash-dun-avion-sanitaire-a-philadelphie\/#breadcrumb","itemListElement":[{"@type":"ListItem","position":1,"name":"Home","item":"https:\/\/elmawkie.dz\/fr\/"},{"@type":"ListItem","position":2,"name":"Etats-Unis: un septi\u00e8me mort apr\u00e8s le crash d&rsquo;un avion sanitaire \u00e0 Philadelphie"}]},{"@type":"WebSite","@id":"https:\/\/elmawkie.dz\/fr\/#website","url":"https:\/\/elmawkie.dz\/fr\/","name":"EL MAWKIE","description":"Journal \u00c9lectronique Alg\u00e9rien","publisher":{"@id":"https:\/\/elmawkie.dz\/fr\/#organization"},"potentialAction":[{"@type":"SearchAction","target":{"@type":"EntryPoint","urlTemplate":"https:\/\/elmawkie.dz\/fr\/?s={search_term_string}"},"query-input":"required name=search_term_string"}],"inLanguage":"fr-FR"},{"@type":"Organization","@id":"https:\/\/elmawkie.dz\/fr\/#organization","name":"EL MAWKIE","url":"https:\/\/elmawkie.dz\/fr\/","logo":{"@type":"ImageObject","inLanguage":"fr-FR","@id":"https:\/\/elmawkie.dz\/fr\/#\/schema\/logo\/image\/","url":"https:\/\/elmawkie.dz\/fr\/wp-content\/uploads\/2024\/05\/logo1.png","contentUrl":"https:\/\/elmawkie.dz\/fr\/wp-content\/uploads\/2024\/05\/logo1.png","width":1648,"height":652,"caption":"EL MAWKIE"},"image":{"@id":"https:\/\/elmawkie.dz\/fr\/#\/schema\/logo\/image\/"},"sameAs":["https:\/\/www.facebook.com\/profile.php?id=100088407094989&locale=fr_FR"]},{"@type":"Person","@id":"https:\/\/elmawkie.dz\/fr\/#\/schema\/person\/e7bd59d6467874ba5c4723d8a9f0a63c","name":"R\u00e9daction","image":{"@type":"ImageObject","inLanguage":"fr-FR","@id":"https:\/\/elmawkie.dz\/fr\/#\/schema\/person\/image\/","url":"https:\/\/secure.gravatar.com\/avatar\/f0f773456344da4d2788c054a3d30a0c?s=96&d=mm&r=g","contentUrl":"https:\/\/secure.gravatar.com\/avatar\/f0f773456344da4d2788c054a3d30a0c?s=96&d=mm&r=g","caption":"R\u00e9daction"},"url":"https:\/\/elmawkie.dz\/fr\/author\/redaction\/"}]}},"_links":{"self":[{"href":"https:\/\/elmawkie.dz\/fr\/wp-json\/wp\/v2\/posts\/46574","targetHints":{"allow":["GET"]}}],"collection":[{"href":"https:\/\/elmawkie.dz\/fr\/wp-json\/wp\/v2\/posts"}],"about":[{"href":"https:\/\/elmawkie.dz\/fr\/wp-json\/wp\/v2\/types\/post"}],"author":[{"embeddable":true,"href":"https:\/\/elmawkie.dz\/fr\/wp-json\/wp\/v2\/users\/9"}],"replies":[{"embeddable":true,"href":"https:\/\/elmawkie.dz\/fr\/wp-json\/wp\/v2\/comments?post=46574"}],"version-history":[{"count":1,"href":"https:\/\/elmawkie.dz\/fr\/wp-json\/wp\/v2\/posts\/46574\/revisions"}],"predecessor-version":[{"id":46577,"href":"https:\/\/elmawkie.dz\/fr\/wp-json\/wp\/v2\/posts\/46574\/revisions\/46577"}],"wp:featuredmedia":[{"embeddable":true,"href":"https:\/\/elmawkie.dz\/fr\/wp-json\/wp\/v2\/media\/46576"}],"wp:attachment":[{"href":"https:\/\/elmawkie.dz\/fr\/wp-json\/wp\/v2\/media?parent=46574"}],"wp:term":[{"taxonomy":"category","embeddable":true,"href":"https:\/\/elmawkie.dz\/fr\/wp-json\/wp\/v2\/categories?post=46574"},{"taxonomy":"post_tag","embeddable":true,"href":"https:\/\/elmawkie.dz\/fr\/wp-json\/wp\/v2\/tags?post=46574"}],"curies":[{"name":"wp","href":"https:\/\/api.w.org\/{rel}","templated":true}]}}