{"id":46570,"date":"2025-02-02T08:26:59","date_gmt":"2025-02-02T07:26:59","guid":{"rendered":"https:\/\/elmawkie.dz\/fr\/?p=46570"},"modified":"2025-02-02T08:26:59","modified_gmt":"2025-02-02T07:26:59","slug":"vernissage-a-alger-de-lexposition-koum-tara-de-lartiste-plasticienne-samia-cheloufi","status":"publish","type":"post","link":"https:\/\/elmawkie.dz\/fr\/vernissage-a-alger-de-lexposition-koum-tara-de-lartiste-plasticienne-samia-cheloufi\/","title":{"rendered":"Vernissage \u00e0 Alger, de l&rsquo;exposition \u00ab\u00a0Koum tara\u00a0\u00bb, de l&rsquo;artiste-plasticienne Samia Cheloufi"},"content":{"rendered":"\n<p>Le vernissage de l&rsquo;exposition \u00ab\u00a0Koum tara\u00a0\u00bb (l\u00e8ve-toi et vois), de l&rsquo;artiste plasticienne, Samia Cheloufi, a \u00e9t\u00e9 inaugur\u00e9, samedi \u00e0 Alger, dans un \u00e9lan cr\u00e9atif qui a uni les th\u00e9matiques de la \u00ab\u00a0Femme alg\u00e9rienne\u00a0\u00bb, \u00ab\u00a0Les M\u00e9dinas\u00a0\u00bb et \u00ab\u00a0les natures vivantes\u00a0\u00bb. Visible jusqu\u2019au 14 f\u00e9vrier \u00e0 la Galerie Guessoum sise \u00e0 El Mouradia, \u00ab\u00a0Koum Tara\u00a0\u00bb, est un rappel pressant des choses simples de la vie, exprim\u00e9 dans un \u00e9lan cr\u00e9atif qui invite \u00e0 la contemplation et la m\u00e9ditation dans l\u2019harmonie des formes, des tons et des couleurs, c\u00e9l\u00e9brant la nostalgie et le souvenir comme \u00e9l\u00e9ments essentiels pour restituer la tradition familiale et ancestrale, partie int\u00e9grante de la richesse du patrimoine culturel alg\u00e9rien. Pr\u00e9sente avec une quarantaine de toiles, Samia Cheloufi a con\u00e7u ses rendus dans des formats raisins ou grands, dans les pr\u00e9ceptes de l\u2019Ecole du Figuratif-Na\u00eff, d\u00e9ployant un savoir-faire vari\u00e9 de techniques, appliqu\u00e9 sur la toile ou sur du papier. Dans une vision novatrice au regard frais et un \u00e9lan original et singulier, Samia Cheloufi offre au visiteur, la bonne humeur et la joie de vivre, \u00e0 travers des \u0153uvres \u00e9clatantes de fraicheur, con\u00e7ues dans des formes revisit\u00e9es, empreintes de modernit\u00e9 du ton, osant ainsi, un mariage de couleurs in\u00e9dit qui \u00e9voque des natures revivifi\u00e9es et la femme alg\u00e9rienne dans diff\u00e9rentes situations de vie. Entre anciennes et nouvelles toiles, l\u2019artiste a expos\u00e9, entre autres, pi\u00e8ces, \u00ab\u00a0Aars Errih\u00a0\u00bb, \u00ab\u00a0Djenane Lalla Samia\u00a0\u00bb, \u00ab\u00a0Trio oriental\u00a0\u00bb, \u00ab\u00a0Ode aux fleurs\u00a0\u00bb, \u00ab\u00a0Bnet khalti Bahia\u00a0\u00bb, \u00ab\u00a0Bab Lehna\u00a0\u00bb, \u00ab\u00a0Medina 8\u00a0\u00bb, \u00ab\u00a0The Pink Medina\u00a0\u00bb, \u00ab\u00a0Koum tara\u00a0\u00bb, \u00ab\u00a0Ya M\u2019rayti\u00a0\u00bb, \u00ab\u00a0Merci papa, merci maman\u00a0\u00bb, ou encore \u00ab\u00a0La demeure du Sultan\u00a0\u00bb, autant de po\u00e9sies muettes aux \u00e9lans prolifiques qui invitent \u00e0 un voyage onirique \u00e0 plusieurs stations. L&rsquo;intensit\u00e9 des couleurs vives utilis\u00e9es, \u00e0 l&rsquo;instar du vert, rouge, bleu, rose, jaune ou encore orange, a donn\u00e9 de l\u2019\u00a0\u00bb\u00e9clat et de la luminosit\u00e9 aux toiles, sans le blanc\u00a0\u00bb, a tenu \u00e0 pr\u00e9ciser Samia Cheloufi, une artiste accomplie, initi\u00e9e d\u00e8s l\u2019\u00e2ge de huit ans \u00e0 l\u2019art du dessin et de la peinture et dont le travail demeure toujours une qu\u00eate inlassable du beau sous toutes ses formes, dans le berceau nostalgique de la tradition et du souvenir. Pimpante et joviale, l\u2019artiste se pose en gardienne des traditions et des valeurs ancestrales qu\u2019elle d\u00e9ploie g\u00e9n\u00e9reusement dans une d\u00e9marche innovante qui ne l\u2019emp\u00eachera pas de se raconter, r\u00e9percutant sur ses toiles sa bonhomie, sa bonne humeur et son \u00e9ternel sourire radieux qui l\u2019habite et ne la quitte jamais. Autodidacte au coup de pinceau franc et libre, Samia Cheloufi qui expose pour la deuxi\u00e8me fois \u00e0 Alger, compte nombre d\u2019exposition \u00e0 l\u2019\u00e9tranger, ses \u0153uvres se dressent tel un miroir qui r\u00e9fl\u00e9chit toutes les bonnes ondes qu\u2019elle d\u00e9gage et qui permettent au visiteur, dans un \u00e9lan d\u2019apaisement et de f\u00e9licit\u00e9 de se refaire.<\/p>\n","protected":false},"excerpt":{"rendered":"<p>Le vernissage de l&rsquo;exposition \u00ab\u00a0Koum tara\u00a0\u00bb (l\u00e8ve-toi et vois), de l&rsquo;artiste plasticienne, Samia Cheloufi, a \u00e9t\u00e9 inaugur\u00e9, samedi \u00e0 Alger, dans un \u00e9lan cr\u00e9atif qui a uni les th\u00e9matiques de la \u00ab\u00a0Femme alg\u00e9rienne\u00a0\u00bb, \u00ab\u00a0Les M\u00e9dinas\u00a0\u00bb et \u00ab\u00a0les natures vivantes\u00a0\u00bb. Visible jusqu\u2019au 14 f\u00e9vrier \u00e0 la Galerie Guessoum sise \u00e0 El Mouradia, \u00ab\u00a0Koum Tara\u00a0\u00bb, est un &hellip;<\/p>\n","protected":false},"author":9,"featured_media":46572,"comment_status":"open","ping_status":"open","sticky":false,"template":"","format":"standard","meta":{"footnotes":""},"categories":[3],"tags":[],"class_list":["post-46570","post","type-post","status-publish","format-standard","has-post-thumbnail","hentry","category-bs-culture"],"yoast_head":"<!-- This site is optimized with the Yoast SEO Premium plugin v22.6 (Yoast SEO v22.6) - https:\/\/yoast.com\/wordpress\/plugins\/seo\/ -->\n<title>Vernissage \u00e0 Alger, de l&#039;exposition &quot;Koum tara&quot;, de l&#039;artiste-plasticienne Samia Cheloufi - El Mawkie<\/title>\n<meta name=\"robots\" content=\"index, follow, max-snippet:-1, max-image-preview:large, max-video-preview:-1\" \/>\n<link rel=\"canonical\" href=\"https:\/\/elmawkie.dz\/fr\/vernissage-a-alger-de-lexposition-koum-tara-de-lartiste-plasticienne-samia-cheloufi\/\" \/>\n<meta property=\"og:locale\" content=\"fr_FR\" \/>\n<meta property=\"og:type\" content=\"article\" \/>\n<meta property=\"og:title\" content=\"Vernissage \u00e0 Alger, de l&#039;exposition &quot;Koum tara&quot;, de l&#039;artiste-plasticienne Samia Cheloufi\" \/>\n<meta property=\"og:description\" content=\"Le vernissage de l&rsquo;exposition \u00ab\u00a0Koum tara\u00a0\u00bb (l\u00e8ve-toi et vois), de l&rsquo;artiste plasticienne, Samia Cheloufi, a \u00e9t\u00e9 inaugur\u00e9, samedi \u00e0 Alger, dans un \u00e9lan cr\u00e9atif qui a uni les th\u00e9matiques de la \u00ab\u00a0Femme alg\u00e9rienne\u00a0\u00bb, \u00ab\u00a0Les M\u00e9dinas\u00a0\u00bb et \u00ab\u00a0les natures vivantes\u00a0\u00bb. Visible jusqu\u2019au 14 f\u00e9vrier \u00e0 la Galerie Guessoum sise \u00e0 El Mouradia, \u00ab\u00a0Koum Tara\u00a0\u00bb, est un &hellip;\" \/>\n<meta property=\"og:url\" content=\"https:\/\/elmawkie.dz\/fr\/vernissage-a-alger-de-lexposition-koum-tara-de-lartiste-plasticienne-samia-cheloufi\/\" \/>\n<meta property=\"og:site_name\" content=\"El Mawkie\" \/>\n<meta property=\"article:publisher\" content=\"https:\/\/www.facebook.com\/profile.php?id=100088407094989&amp;locale=fr_FR\" \/>\n<meta property=\"article:published_time\" content=\"2025-02-02T07:26:59+00:00\" \/>\n<meta property=\"og:image\" content=\"https:\/\/elmawkie.dz\/fr\/wp-content\/uploads\/2025\/02\/IMG_9006.jpeg\" \/>\n\t<meta property=\"og:image:width\" content=\"884\" \/>\n\t<meta property=\"og:image:height\" content=\"972\" \/>\n\t<meta property=\"og:image:type\" content=\"image\/jpeg\" \/>\n<meta name=\"author\" content=\"R\u00e9daction\" \/>\n<meta name=\"twitter:card\" content=\"summary_large_image\" \/>\n<meta name=\"twitter:label1\" content=\"Written by\" \/>\n\t<meta name=\"twitter:data1\" content=\"R\u00e9daction\" \/>\n\t<meta name=\"twitter:label2\" content=\"Est. reading time\" \/>\n\t<meta name=\"twitter:data2\" content=\"3 minutes\" \/>\n<script type=\"application\/ld+json\" class=\"yoast-schema-graph\">{\"@context\":\"https:\/\/schema.org\",\"@graph\":[{\"@type\":\"Article\",\"@id\":\"https:\/\/elmawkie.dz\/fr\/vernissage-a-alger-de-lexposition-koum-tara-de-lartiste-plasticienne-samia-cheloufi\/#article\",\"isPartOf\":{\"@id\":\"https:\/\/elmawkie.dz\/fr\/vernissage-a-alger-de-lexposition-koum-tara-de-lartiste-plasticienne-samia-cheloufi\/\"},\"author\":{\"name\":\"R\u00e9daction\",\"@id\":\"https:\/\/elmawkie.dz\/fr\/#\/schema\/person\/e7bd59d6467874ba5c4723d8a9f0a63c\"},\"headline\":\"Vernissage \u00e0 Alger, de l&rsquo;exposition \u00ab\u00a0Koum tara\u00a0\u00bb, de l&rsquo;artiste-plasticienne Samia Cheloufi\",\"datePublished\":\"2025-02-02T07:26:59+00:00\",\"dateModified\":\"2025-02-02T07:26:59+00:00\",\"mainEntityOfPage\":{\"@id\":\"https:\/\/elmawkie.dz\/fr\/vernissage-a-alger-de-lexposition-koum-tara-de-lartiste-plasticienne-samia-cheloufi\/\"},\"wordCount\":513,\"commentCount\":0,\"publisher\":{\"@id\":\"https:\/\/elmawkie.dz\/fr\/#organization\"},\"image\":{\"@id\":\"https:\/\/elmawkie.dz\/fr\/vernissage-a-alger-de-lexposition-koum-tara-de-lartiste-plasticienne-samia-cheloufi\/#primaryimage\"},\"thumbnailUrl\":\"https:\/\/elmawkie.dz\/fr\/wp-content\/uploads\/2025\/02\/IMG_9006.jpeg\",\"articleSection\":[\"Culture\"],\"inLanguage\":\"fr-FR\",\"potentialAction\":[{\"@type\":\"CommentAction\",\"name\":\"Comment\",\"target\":[\"https:\/\/elmawkie.dz\/fr\/vernissage-a-alger-de-lexposition-koum-tara-de-lartiste-plasticienne-samia-cheloufi\/#respond\"]}]},{\"@type\":\"WebPage\",\"@id\":\"https:\/\/elmawkie.dz\/fr\/vernissage-a-alger-de-lexposition-koum-tara-de-lartiste-plasticienne-samia-cheloufi\/\",\"url\":\"https:\/\/elmawkie.dz\/fr\/vernissage-a-alger-de-lexposition-koum-tara-de-lartiste-plasticienne-samia-cheloufi\/\",\"name\":\"Vernissage \u00e0 Alger, de l'exposition \\\"Koum tara\\\", de l'artiste-plasticienne Samia Cheloufi - El Mawkie\",\"isPartOf\":{\"@id\":\"https:\/\/elmawkie.dz\/fr\/#website\"},\"primaryImageOfPage\":{\"@id\":\"https:\/\/elmawkie.dz\/fr\/vernissage-a-alger-de-lexposition-koum-tara-de-lartiste-plasticienne-samia-cheloufi\/#primaryimage\"},\"image\":{\"@id\":\"https:\/\/elmawkie.dz\/fr\/vernissage-a-alger-de-lexposition-koum-tara-de-lartiste-plasticienne-samia-cheloufi\/#primaryimage\"},\"thumbnailUrl\":\"https:\/\/elmawkie.dz\/fr\/wp-content\/uploads\/2025\/02\/IMG_9006.jpeg\",\"datePublished\":\"2025-02-02T07:26:59+00:00\",\"dateModified\":\"2025-02-02T07:26:59+00:00\",\"breadcrumb\":{\"@id\":\"https:\/\/elmawkie.dz\/fr\/vernissage-a-alger-de-lexposition-koum-tara-de-lartiste-plasticienne-samia-cheloufi\/#breadcrumb\"},\"inLanguage\":\"fr-FR\",\"potentialAction\":[{\"@type\":\"ReadAction\",\"target\":[\"https:\/\/elmawkie.dz\/fr\/vernissage-a-alger-de-lexposition-koum-tara-de-lartiste-plasticienne-samia-cheloufi\/\"]}]},{\"@type\":\"ImageObject\",\"inLanguage\":\"fr-FR\",\"@id\":\"https:\/\/elmawkie.dz\/fr\/vernissage-a-alger-de-lexposition-koum-tara-de-lartiste-plasticienne-samia-cheloufi\/#primaryimage\",\"url\":\"https:\/\/elmawkie.dz\/fr\/wp-content\/uploads\/2025\/02\/IMG_9006.jpeg\",\"contentUrl\":\"https:\/\/elmawkie.dz\/fr\/wp-content\/uploads\/2025\/02\/IMG_9006.jpeg\",\"width\":884,\"height\":972},{\"@type\":\"BreadcrumbList\",\"@id\":\"https:\/\/elmawkie.dz\/fr\/vernissage-a-alger-de-lexposition-koum-tara-de-lartiste-plasticienne-samia-cheloufi\/#breadcrumb\",\"itemListElement\":[{\"@type\":\"ListItem\",\"position\":1,\"name\":\"Home\",\"item\":\"https:\/\/elmawkie.dz\/fr\/\"},{\"@type\":\"ListItem\",\"position\":2,\"name\":\"Vernissage \u00e0 Alger, de l&rsquo;exposition \u00ab\u00a0Koum tara\u00a0\u00bb, de l&rsquo;artiste-plasticienne Samia Cheloufi\"}]},{\"@type\":\"WebSite\",\"@id\":\"https:\/\/elmawkie.dz\/fr\/#website\",\"url\":\"https:\/\/elmawkie.dz\/fr\/\",\"name\":\"EL MAWKIE\",\"description\":\"Journal \u00c9lectronique Alg\u00e9rien\",\"publisher\":{\"@id\":\"https:\/\/elmawkie.dz\/fr\/#organization\"},\"potentialAction\":[{\"@type\":\"SearchAction\",\"target\":{\"@type\":\"EntryPoint\",\"urlTemplate\":\"https:\/\/elmawkie.dz\/fr\/?s={search_term_string}\"},\"query-input\":\"required name=search_term_string\"}],\"inLanguage\":\"fr-FR\"},{\"@type\":\"Organization\",\"@id\":\"https:\/\/elmawkie.dz\/fr\/#organization\",\"name\":\"EL MAWKIE\",\"url\":\"https:\/\/elmawkie.dz\/fr\/\",\"logo\":{\"@type\":\"ImageObject\",\"inLanguage\":\"fr-FR\",\"@id\":\"https:\/\/elmawkie.dz\/fr\/#\/schema\/logo\/image\/\",\"url\":\"https:\/\/elmawkie.dz\/fr\/wp-content\/uploads\/2024\/05\/logo1.png\",\"contentUrl\":\"https:\/\/elmawkie.dz\/fr\/wp-content\/uploads\/2024\/05\/logo1.png\",\"width\":1648,\"height\":652,\"caption\":\"EL MAWKIE\"},\"image\":{\"@id\":\"https:\/\/elmawkie.dz\/fr\/#\/schema\/logo\/image\/\"},\"sameAs\":[\"https:\/\/www.facebook.com\/profile.php?id=100088407094989&locale=fr_FR\"]},{\"@type\":\"Person\",\"@id\":\"https:\/\/elmawkie.dz\/fr\/#\/schema\/person\/e7bd59d6467874ba5c4723d8a9f0a63c\",\"name\":\"R\u00e9daction\",\"image\":{\"@type\":\"ImageObject\",\"inLanguage\":\"fr-FR\",\"@id\":\"https:\/\/elmawkie.dz\/fr\/#\/schema\/person\/image\/\",\"url\":\"https:\/\/secure.gravatar.com\/avatar\/f0f773456344da4d2788c054a3d30a0c?s=96&d=mm&r=g\",\"contentUrl\":\"https:\/\/secure.gravatar.com\/avatar\/f0f773456344da4d2788c054a3d30a0c?s=96&d=mm&r=g\",\"caption\":\"R\u00e9daction\"},\"url\":\"https:\/\/elmawkie.dz\/fr\/author\/redaction\/\"}]}<\/script>\n<!-- \/ Yoast SEO Premium plugin. -->","yoast_head_json":{"title":"Vernissage \u00e0 Alger, de l'exposition \"Koum tara\", de l'artiste-plasticienne Samia Cheloufi - El Mawkie","robots":{"index":"index","follow":"follow","max-snippet":"max-snippet:-1","max-image-preview":"max-image-preview:large","max-video-preview":"max-video-preview:-1"},"canonical":"https:\/\/elmawkie.dz\/fr\/vernissage-a-alger-de-lexposition-koum-tara-de-lartiste-plasticienne-samia-cheloufi\/","og_locale":"fr_FR","og_type":"article","og_title":"Vernissage \u00e0 Alger, de l'exposition \"Koum tara\", de l'artiste-plasticienne Samia Cheloufi","og_description":"Le vernissage de l&rsquo;exposition \u00ab\u00a0Koum tara\u00a0\u00bb (l\u00e8ve-toi et vois), de l&rsquo;artiste plasticienne, Samia Cheloufi, a \u00e9t\u00e9 inaugur\u00e9, samedi \u00e0 Alger, dans un \u00e9lan cr\u00e9atif qui a uni les th\u00e9matiques de la \u00ab\u00a0Femme alg\u00e9rienne\u00a0\u00bb, \u00ab\u00a0Les M\u00e9dinas\u00a0\u00bb et \u00ab\u00a0les natures vivantes\u00a0\u00bb. Visible jusqu\u2019au 14 f\u00e9vrier \u00e0 la Galerie Guessoum sise \u00e0 El Mouradia, \u00ab\u00a0Koum Tara\u00a0\u00bb, est un &hellip;","og_url":"https:\/\/elmawkie.dz\/fr\/vernissage-a-alger-de-lexposition-koum-tara-de-lartiste-plasticienne-samia-cheloufi\/","og_site_name":"El Mawkie","article_publisher":"https:\/\/www.facebook.com\/profile.php?id=100088407094989&locale=fr_FR","article_published_time":"2025-02-02T07:26:59+00:00","og_image":[{"width":884,"height":972,"url":"https:\/\/elmawkie.dz\/fr\/wp-content\/uploads\/2025\/02\/IMG_9006.jpeg","type":"image\/jpeg"}],"author":"R\u00e9daction","twitter_card":"summary_large_image","twitter_misc":{"Written by":"R\u00e9daction","Est. reading time":"3 minutes"},"schema":{"@context":"https:\/\/schema.org","@graph":[{"@type":"Article","@id":"https:\/\/elmawkie.dz\/fr\/vernissage-a-alger-de-lexposition-koum-tara-de-lartiste-plasticienne-samia-cheloufi\/#article","isPartOf":{"@id":"https:\/\/elmawkie.dz\/fr\/vernissage-a-alger-de-lexposition-koum-tara-de-lartiste-plasticienne-samia-cheloufi\/"},"author":{"name":"R\u00e9daction","@id":"https:\/\/elmawkie.dz\/fr\/#\/schema\/person\/e7bd59d6467874ba5c4723d8a9f0a63c"},"headline":"Vernissage \u00e0 Alger, de l&rsquo;exposition \u00ab\u00a0Koum tara\u00a0\u00bb, de l&rsquo;artiste-plasticienne Samia Cheloufi","datePublished":"2025-02-02T07:26:59+00:00","dateModified":"2025-02-02T07:26:59+00:00","mainEntityOfPage":{"@id":"https:\/\/elmawkie.dz\/fr\/vernissage-a-alger-de-lexposition-koum-tara-de-lartiste-plasticienne-samia-cheloufi\/"},"wordCount":513,"commentCount":0,"publisher":{"@id":"https:\/\/elmawkie.dz\/fr\/#organization"},"image":{"@id":"https:\/\/elmawkie.dz\/fr\/vernissage-a-alger-de-lexposition-koum-tara-de-lartiste-plasticienne-samia-cheloufi\/#primaryimage"},"thumbnailUrl":"https:\/\/elmawkie.dz\/fr\/wp-content\/uploads\/2025\/02\/IMG_9006.jpeg","articleSection":["Culture"],"inLanguage":"fr-FR","potentialAction":[{"@type":"CommentAction","name":"Comment","target":["https:\/\/elmawkie.dz\/fr\/vernissage-a-alger-de-lexposition-koum-tara-de-lartiste-plasticienne-samia-cheloufi\/#respond"]}]},{"@type":"WebPage","@id":"https:\/\/elmawkie.dz\/fr\/vernissage-a-alger-de-lexposition-koum-tara-de-lartiste-plasticienne-samia-cheloufi\/","url":"https:\/\/elmawkie.dz\/fr\/vernissage-a-alger-de-lexposition-koum-tara-de-lartiste-plasticienne-samia-cheloufi\/","name":"Vernissage \u00e0 Alger, de l'exposition \"Koum tara\", de l'artiste-plasticienne Samia Cheloufi - El Mawkie","isPartOf":{"@id":"https:\/\/elmawkie.dz\/fr\/#website"},"primaryImageOfPage":{"@id":"https:\/\/elmawkie.dz\/fr\/vernissage-a-alger-de-lexposition-koum-tara-de-lartiste-plasticienne-samia-cheloufi\/#primaryimage"},"image":{"@id":"https:\/\/elmawkie.dz\/fr\/vernissage-a-alger-de-lexposition-koum-tara-de-lartiste-plasticienne-samia-cheloufi\/#primaryimage"},"thumbnailUrl":"https:\/\/elmawkie.dz\/fr\/wp-content\/uploads\/2025\/02\/IMG_9006.jpeg","datePublished":"2025-02-02T07:26:59+00:00","dateModified":"2025-02-02T07:26:59+00:00","breadcrumb":{"@id":"https:\/\/elmawkie.dz\/fr\/vernissage-a-alger-de-lexposition-koum-tara-de-lartiste-plasticienne-samia-cheloufi\/#breadcrumb"},"inLanguage":"fr-FR","potentialAction":[{"@type":"ReadAction","target":["https:\/\/elmawkie.dz\/fr\/vernissage-a-alger-de-lexposition-koum-tara-de-lartiste-plasticienne-samia-cheloufi\/"]}]},{"@type":"ImageObject","inLanguage":"fr-FR","@id":"https:\/\/elmawkie.dz\/fr\/vernissage-a-alger-de-lexposition-koum-tara-de-lartiste-plasticienne-samia-cheloufi\/#primaryimage","url":"https:\/\/elmawkie.dz\/fr\/wp-content\/uploads\/2025\/02\/IMG_9006.jpeg","contentUrl":"https:\/\/elmawkie.dz\/fr\/wp-content\/uploads\/2025\/02\/IMG_9006.jpeg","width":884,"height":972},{"@type":"BreadcrumbList","@id":"https:\/\/elmawkie.dz\/fr\/vernissage-a-alger-de-lexposition-koum-tara-de-lartiste-plasticienne-samia-cheloufi\/#breadcrumb","itemListElement":[{"@type":"ListItem","position":1,"name":"Home","item":"https:\/\/elmawkie.dz\/fr\/"},{"@type":"ListItem","position":2,"name":"Vernissage \u00e0 Alger, de l&rsquo;exposition \u00ab\u00a0Koum tara\u00a0\u00bb, de l&rsquo;artiste-plasticienne Samia Cheloufi"}]},{"@type":"WebSite","@id":"https:\/\/elmawkie.dz\/fr\/#website","url":"https:\/\/elmawkie.dz\/fr\/","name":"EL MAWKIE","description":"Journal \u00c9lectronique Alg\u00e9rien","publisher":{"@id":"https:\/\/elmawkie.dz\/fr\/#organization"},"potentialAction":[{"@type":"SearchAction","target":{"@type":"EntryPoint","urlTemplate":"https:\/\/elmawkie.dz\/fr\/?s={search_term_string}"},"query-input":"required name=search_term_string"}],"inLanguage":"fr-FR"},{"@type":"Organization","@id":"https:\/\/elmawkie.dz\/fr\/#organization","name":"EL MAWKIE","url":"https:\/\/elmawkie.dz\/fr\/","logo":{"@type":"ImageObject","inLanguage":"fr-FR","@id":"https:\/\/elmawkie.dz\/fr\/#\/schema\/logo\/image\/","url":"https:\/\/elmawkie.dz\/fr\/wp-content\/uploads\/2024\/05\/logo1.png","contentUrl":"https:\/\/elmawkie.dz\/fr\/wp-content\/uploads\/2024\/05\/logo1.png","width":1648,"height":652,"caption":"EL MAWKIE"},"image":{"@id":"https:\/\/elmawkie.dz\/fr\/#\/schema\/logo\/image\/"},"sameAs":["https:\/\/www.facebook.com\/profile.php?id=100088407094989&locale=fr_FR"]},{"@type":"Person","@id":"https:\/\/elmawkie.dz\/fr\/#\/schema\/person\/e7bd59d6467874ba5c4723d8a9f0a63c","name":"R\u00e9daction","image":{"@type":"ImageObject","inLanguage":"fr-FR","@id":"https:\/\/elmawkie.dz\/fr\/#\/schema\/person\/image\/","url":"https:\/\/secure.gravatar.com\/avatar\/f0f773456344da4d2788c054a3d30a0c?s=96&d=mm&r=g","contentUrl":"https:\/\/secure.gravatar.com\/avatar\/f0f773456344da4d2788c054a3d30a0c?s=96&d=mm&r=g","caption":"R\u00e9daction"},"url":"https:\/\/elmawkie.dz\/fr\/author\/redaction\/"}]}},"_links":{"self":[{"href":"https:\/\/elmawkie.dz\/fr\/wp-json\/wp\/v2\/posts\/46570","targetHints":{"allow":["GET"]}}],"collection":[{"href":"https:\/\/elmawkie.dz\/fr\/wp-json\/wp\/v2\/posts"}],"about":[{"href":"https:\/\/elmawkie.dz\/fr\/wp-json\/wp\/v2\/types\/post"}],"author":[{"embeddable":true,"href":"https:\/\/elmawkie.dz\/fr\/wp-json\/wp\/v2\/users\/9"}],"replies":[{"embeddable":true,"href":"https:\/\/elmawkie.dz\/fr\/wp-json\/wp\/v2\/comments?post=46570"}],"version-history":[{"count":1,"href":"https:\/\/elmawkie.dz\/fr\/wp-json\/wp\/v2\/posts\/46570\/revisions"}],"predecessor-version":[{"id":46573,"href":"https:\/\/elmawkie.dz\/fr\/wp-json\/wp\/v2\/posts\/46570\/revisions\/46573"}],"wp:featuredmedia":[{"embeddable":true,"href":"https:\/\/elmawkie.dz\/fr\/wp-json\/wp\/v2\/media\/46572"}],"wp:attachment":[{"href":"https:\/\/elmawkie.dz\/fr\/wp-json\/wp\/v2\/media?parent=46570"}],"wp:term":[{"taxonomy":"category","embeddable":true,"href":"https:\/\/elmawkie.dz\/fr\/wp-json\/wp\/v2\/categories?post=46570"},{"taxonomy":"post_tag","embeddable":true,"href":"https:\/\/elmawkie.dz\/fr\/wp-json\/wp\/v2\/tags?post=46570"}],"curies":[{"name":"wp","href":"https:\/\/api.w.org\/{rel}","templated":true}]}}