{"id":46567,"date":"2025-02-02T11:06:58","date_gmt":"2025-02-02T10:06:58","guid":{"rendered":"https:\/\/elmawkie.dz\/fr\/?p=46567"},"modified":"2025-02-02T11:14:42","modified_gmt":"2025-02-02T10:14:42","slug":"finances-publiques-la-cour-des-comptes-appelle-a-plus-de-rigueur-budgetaire","status":"publish","type":"post","link":"https:\/\/elmawkie.dz\/fr\/finances-publiques-la-cour-des-comptes-appelle-a-plus-de-rigueur-budgetaire\/","title":{"rendered":"Finances publiques : la Cour des comptes appelle \u00e0 plus de rigueur budg\u00e9taire"},"content":{"rendered":"\n<p>La Cour des comptes a insist\u00e9 sur la n\u00e9cessit\u00e9 pour le gouvernement d\u2019apporter une solution d\u00e9finitive \u00e0 la probl\u00e9matique des imp\u00f4ts non recouvr\u00e9s, tout en rationalisant les d\u00e9penses et en mettant un terme au gaspillage au sein des minist\u00e8res.<\/p>\n\n\n\n<p>En effet, dans son rapport d\u2019\u00e9valuation du projet de loi de r\u00e8glement budg\u00e9taire de l\u2019ann\u00e9e 2022, l\u2019institution recommande une estimation plus pr\u00e9cise des budgets et l\u2019ach\u00e8vement des projets en suspens dont le taux d\u2019ex\u00e9cution d\u00e9passe 70 %, et ce, dans une d\u00e9marche visant \u00e0 renforcer la discipline budg\u00e9taire du pays.<\/p>\n\n\n\n<p>Le projet de loi s\u2019accompagne des observations du Conseil des comptes, mettant en avant l\u2019imp\u00e9ratif d\u2019un recouvrement efficace des imp\u00f4ts impay\u00e9s et d\u2019une gestion plus rigoureuse des ressources publiques. Le rapport met \u00e9galement en lumi\u00e8re des d\u00e9s\u00e9quilibres budg\u00e9taires entre les secteurs, pointant du doigt l\u2019exc\u00e8s de cr\u00e9dits inutilis\u00e9s dans certaines administrations, tandis que d\u2019autres d\u00e9passent leurs allocations.<\/p>\n\n\n\n<p>La cour des comptes exhorte ainsi \u00e0 une meilleure pr\u00e9cision dans l\u2019\u00e9valuation des besoins financiers des minist\u00e8res et insiste sur l\u2019ach\u00e8vement des projets atteignant un taux de r\u00e9alisation sup\u00e9rieur \u00e0 70 %. L\u2019institution appelle \u00e9galement \u00e0 poursuivre les efforts d\u2019am\u00e9lioration du recouvrement fiscal, notamment par un meilleur classement des cr\u00e9ances fiscales en fonction de leur recouvrabilit\u00e9, et \u00e0 instaurer un mode de gestion bas\u00e9 sur les r\u00e9sultats, avec des objectifs pr\u00e9cis et des indicateurs de performance.<\/p>\n\n\n\n<p>Concernant les d\u00e9penses publiques, le rapport souligne la n\u00e9cessit\u00e9 d\u2019un contr\u00f4le accru des charges de fonctionnement et d\u2019une optimisation des investissements publics, notamment en ce qui concerne les salaires et le fonctionnement des services de l\u2019\u00c9tat. Le Conseil recommande d\u2019\u00e9viter la cr\u00e9ation de nouvelles structures publiques et de privil\u00e9gier la mutualisation des fonctions et des ressources au niveau territorial pour optimiser les d\u00e9penses.<\/p>\n\n\n\n<p>L\u2019une des recommandations majeures concerne \u00e9galement l\u2019ach\u00e8vement des projets en cours, en respectant les d\u00e9lais et les co\u00fbts initiaux, tout en \u00e9vitant l\u2019inscription de nouveaux programmes, sauf en cas de n\u00e9cessit\u00e9 ou pour r\u00e9pondre \u00e0 des engagements prioritaires de l\u2019\u00c9tat. Le rapport met en garde contre le risque d\u2019accumulation de projets inachev\u00e9s et souligne la n\u00e9cessit\u00e9 de cl\u00f4turer les investissements publics finalis\u00e9s pour lib\u00e9rer des ressources budg\u00e9taires.<\/p>\n\n\n\n<p>En dernier lieu, la Cour des comptes appelle \u00e0 une rationalisation des transferts sociaux et \u00e0 une meilleure planification des projets d\u2019\u00e9quipement, et ce, en ne finan\u00e7ant que les initiatives ayant atteint un niveau de maturit\u00e9 suffisant. L\u2019objectif \u00e9tant d\u2019\u00e9viter les retards de r\u00e9alisation et la r\u00e9\u00e9valuation fr\u00e9quente des co\u00fbts, qui p\u00e8sent lourdement sur le budget de l\u2019\u00c9tat.<\/p>\n","protected":false},"excerpt":{"rendered":"<p>La Cour des comptes a insist\u00e9 sur la n\u00e9cessit\u00e9 pour le gouvernement d\u2019apporter une solution d\u00e9finitive \u00e0 la probl\u00e9matique des imp\u00f4ts non recouvr\u00e9s, tout en rationalisant les d\u00e9penses et en mettant un terme au gaspillage au sein des minist\u00e8res. En effet, dans son rapport d\u2019\u00e9valuation du projet de loi de r\u00e8glement budg\u00e9taire de l\u2019ann\u00e9e 2022, &hellip;<\/p>\n","protected":false},"author":8,"featured_media":46597,"comment_status":"open","ping_status":"open","sticky":false,"template":"","format":"standard","meta":{"footnotes":""},"categories":[47],"tags":[2388],"class_list":["post-46567","post","type-post","status-publish","format-standard","has-post-thumbnail","hentry","category-national","tag-cour-des-comptes"],"yoast_head":"<!-- This site is optimized with the Yoast SEO Premium plugin v22.6 (Yoast SEO v22.6) - https:\/\/yoast.com\/wordpress\/plugins\/seo\/ -->\n<title>Finances publiques : la Cour des comptes appelle \u00e0 plus de rigueur budg\u00e9taire - El Mawkie<\/title>\n<meta name=\"robots\" content=\"index, follow, max-snippet:-1, max-image-preview:large, max-video-preview:-1\" \/>\n<link rel=\"canonical\" href=\"https:\/\/elmawkie.dz\/fr\/finances-publiques-la-cour-des-comptes-appelle-a-plus-de-rigueur-budgetaire\/\" \/>\n<meta property=\"og:locale\" content=\"fr_FR\" \/>\n<meta property=\"og:type\" content=\"article\" \/>\n<meta property=\"og:title\" content=\"Finances publiques : la Cour des comptes appelle \u00e0 plus de rigueur budg\u00e9taire\" \/>\n<meta property=\"og:description\" content=\"La Cour des comptes a insist\u00e9 sur la n\u00e9cessit\u00e9 pour le gouvernement d\u2019apporter une solution d\u00e9finitive \u00e0 la probl\u00e9matique des imp\u00f4ts non recouvr\u00e9s, tout en rationalisant les d\u00e9penses et en mettant un terme au gaspillage au sein des minist\u00e8res. En effet, dans son rapport d\u2019\u00e9valuation du projet de loi de r\u00e8glement budg\u00e9taire de l\u2019ann\u00e9e 2022, &hellip;\" \/>\n<meta property=\"og:url\" content=\"https:\/\/elmawkie.dz\/fr\/finances-publiques-la-cour-des-comptes-appelle-a-plus-de-rigueur-budgetaire\/\" \/>\n<meta property=\"og:site_name\" content=\"El Mawkie\" \/>\n<meta property=\"article:publisher\" content=\"https:\/\/www.facebook.com\/profile.php?id=100088407094989&amp;locale=fr_FR\" \/>\n<meta property=\"article:published_time\" content=\"2025-02-02T10:06:58+00:00\" \/>\n<meta property=\"article:modified_time\" content=\"2025-02-02T10:14:42+00:00\" \/>\n<meta property=\"og:image\" content=\"https:\/\/elmawkie.dz\/fr\/wp-content\/uploads\/2025\/02\/IMG_9028.jpeg\" \/>\n\t<meta property=\"og:image:width\" content=\"707\" \/>\n\t<meta property=\"og:image:height\" content=\"433\" \/>\n\t<meta property=\"og:image:type\" content=\"image\/jpeg\" \/>\n<meta name=\"author\" content=\"khayro\" \/>\n<meta name=\"twitter:card\" content=\"summary_large_image\" \/>\n<meta name=\"twitter:label1\" content=\"Written by\" \/>\n\t<meta name=\"twitter:data1\" content=\"khayro\" \/>\n\t<meta name=\"twitter:label2\" content=\"Est. reading time\" \/>\n\t<meta name=\"twitter:data2\" content=\"3 minutes\" \/>\n<script type=\"application\/ld+json\" class=\"yoast-schema-graph\">{\"@context\":\"https:\/\/schema.org\",\"@graph\":[{\"@type\":\"Article\",\"@id\":\"https:\/\/elmawkie.dz\/fr\/finances-publiques-la-cour-des-comptes-appelle-a-plus-de-rigueur-budgetaire\/#article\",\"isPartOf\":{\"@id\":\"https:\/\/elmawkie.dz\/fr\/finances-publiques-la-cour-des-comptes-appelle-a-plus-de-rigueur-budgetaire\/\"},\"author\":{\"name\":\"khayro\",\"@id\":\"https:\/\/elmawkie.dz\/fr\/#\/schema\/person\/15cb7eba76e08e2d2d0ad4b4c4fbb6cb\"},\"headline\":\"Finances publiques : la Cour des comptes appelle \u00e0 plus de rigueur budg\u00e9taire\",\"datePublished\":\"2025-02-02T10:06:58+00:00\",\"dateModified\":\"2025-02-02T10:14:42+00:00\",\"mainEntityOfPage\":{\"@id\":\"https:\/\/elmawkie.dz\/fr\/finances-publiques-la-cour-des-comptes-appelle-a-plus-de-rigueur-budgetaire\/\"},\"wordCount\":496,\"commentCount\":0,\"publisher\":{\"@id\":\"https:\/\/elmawkie.dz\/fr\/#organization\"},\"image\":{\"@id\":\"https:\/\/elmawkie.dz\/fr\/finances-publiques-la-cour-des-comptes-appelle-a-plus-de-rigueur-budgetaire\/#primaryimage\"},\"thumbnailUrl\":\"https:\/\/elmawkie.dz\/fr\/wp-content\/uploads\/2025\/02\/IMG_9028.jpeg\",\"keywords\":[\"Cour des comptes\"],\"articleSection\":[\"National\"],\"inLanguage\":\"fr-FR\",\"potentialAction\":[{\"@type\":\"CommentAction\",\"name\":\"Comment\",\"target\":[\"https:\/\/elmawkie.dz\/fr\/finances-publiques-la-cour-des-comptes-appelle-a-plus-de-rigueur-budgetaire\/#respond\"]}]},{\"@type\":\"WebPage\",\"@id\":\"https:\/\/elmawkie.dz\/fr\/finances-publiques-la-cour-des-comptes-appelle-a-plus-de-rigueur-budgetaire\/\",\"url\":\"https:\/\/elmawkie.dz\/fr\/finances-publiques-la-cour-des-comptes-appelle-a-plus-de-rigueur-budgetaire\/\",\"name\":\"Finances publiques : la Cour des comptes appelle \u00e0 plus de rigueur budg\u00e9taire - El Mawkie\",\"isPartOf\":{\"@id\":\"https:\/\/elmawkie.dz\/fr\/#website\"},\"primaryImageOfPage\":{\"@id\":\"https:\/\/elmawkie.dz\/fr\/finances-publiques-la-cour-des-comptes-appelle-a-plus-de-rigueur-budgetaire\/#primaryimage\"},\"image\":{\"@id\":\"https:\/\/elmawkie.dz\/fr\/finances-publiques-la-cour-des-comptes-appelle-a-plus-de-rigueur-budgetaire\/#primaryimage\"},\"thumbnailUrl\":\"https:\/\/elmawkie.dz\/fr\/wp-content\/uploads\/2025\/02\/IMG_9028.jpeg\",\"datePublished\":\"2025-02-02T10:06:58+00:00\",\"dateModified\":\"2025-02-02T10:14:42+00:00\",\"breadcrumb\":{\"@id\":\"https:\/\/elmawkie.dz\/fr\/finances-publiques-la-cour-des-comptes-appelle-a-plus-de-rigueur-budgetaire\/#breadcrumb\"},\"inLanguage\":\"fr-FR\",\"potentialAction\":[{\"@type\":\"ReadAction\",\"target\":[\"https:\/\/elmawkie.dz\/fr\/finances-publiques-la-cour-des-comptes-appelle-a-plus-de-rigueur-budgetaire\/\"]}]},{\"@type\":\"ImageObject\",\"inLanguage\":\"fr-FR\",\"@id\":\"https:\/\/elmawkie.dz\/fr\/finances-publiques-la-cour-des-comptes-appelle-a-plus-de-rigueur-budgetaire\/#primaryimage\",\"url\":\"https:\/\/elmawkie.dz\/fr\/wp-content\/uploads\/2025\/02\/IMG_9028.jpeg\",\"contentUrl\":\"https:\/\/elmawkie.dz\/fr\/wp-content\/uploads\/2025\/02\/IMG_9028.jpeg\",\"width\":707,\"height\":433},{\"@type\":\"BreadcrumbList\",\"@id\":\"https:\/\/elmawkie.dz\/fr\/finances-publiques-la-cour-des-comptes-appelle-a-plus-de-rigueur-budgetaire\/#breadcrumb\",\"itemListElement\":[{\"@type\":\"ListItem\",\"position\":1,\"name\":\"Home\",\"item\":\"https:\/\/elmawkie.dz\/fr\/\"},{\"@type\":\"ListItem\",\"position\":2,\"name\":\"Finances publiques : la Cour des comptes appelle \u00e0 plus de rigueur budg\u00e9taire\"}]},{\"@type\":\"WebSite\",\"@id\":\"https:\/\/elmawkie.dz\/fr\/#website\",\"url\":\"https:\/\/elmawkie.dz\/fr\/\",\"name\":\"EL MAWKIE\",\"description\":\"Journal \u00c9lectronique Alg\u00e9rien\",\"publisher\":{\"@id\":\"https:\/\/elmawkie.dz\/fr\/#organization\"},\"potentialAction\":[{\"@type\":\"SearchAction\",\"target\":{\"@type\":\"EntryPoint\",\"urlTemplate\":\"https:\/\/elmawkie.dz\/fr\/?s={search_term_string}\"},\"query-input\":\"required name=search_term_string\"}],\"inLanguage\":\"fr-FR\"},{\"@type\":\"Organization\",\"@id\":\"https:\/\/elmawkie.dz\/fr\/#organization\",\"name\":\"EL MAWKIE\",\"url\":\"https:\/\/elmawkie.dz\/fr\/\",\"logo\":{\"@type\":\"ImageObject\",\"inLanguage\":\"fr-FR\",\"@id\":\"https:\/\/elmawkie.dz\/fr\/#\/schema\/logo\/image\/\",\"url\":\"https:\/\/elmawkie.dz\/fr\/wp-content\/uploads\/2024\/05\/logo1.png\",\"contentUrl\":\"https:\/\/elmawkie.dz\/fr\/wp-content\/uploads\/2024\/05\/logo1.png\",\"width\":1648,\"height\":652,\"caption\":\"EL MAWKIE\"},\"image\":{\"@id\":\"https:\/\/elmawkie.dz\/fr\/#\/schema\/logo\/image\/\"},\"sameAs\":[\"https:\/\/www.facebook.com\/profile.php?id=100088407094989&locale=fr_FR\"]},{\"@type\":\"Person\",\"@id\":\"https:\/\/elmawkie.dz\/fr\/#\/schema\/person\/15cb7eba76e08e2d2d0ad4b4c4fbb6cb\",\"name\":\"khayro\",\"image\":{\"@type\":\"ImageObject\",\"inLanguage\":\"fr-FR\",\"@id\":\"https:\/\/elmawkie.dz\/fr\/#\/schema\/person\/image\/\",\"url\":\"https:\/\/secure.gravatar.com\/avatar\/5d609f726f02f77f0ff2a1483fc81992?s=96&d=mm&r=g\",\"contentUrl\":\"https:\/\/secure.gravatar.com\/avatar\/5d609f726f02f77f0ff2a1483fc81992?s=96&d=mm&r=g\",\"caption\":\"khayro\"},\"url\":\"https:\/\/elmawkie.dz\/fr\/author\/khayro\/\"}]}<\/script>\n<!-- \/ Yoast SEO Premium plugin. -->","yoast_head_json":{"title":"Finances publiques : la Cour des comptes appelle \u00e0 plus de rigueur budg\u00e9taire - El Mawkie","robots":{"index":"index","follow":"follow","max-snippet":"max-snippet:-1","max-image-preview":"max-image-preview:large","max-video-preview":"max-video-preview:-1"},"canonical":"https:\/\/elmawkie.dz\/fr\/finances-publiques-la-cour-des-comptes-appelle-a-plus-de-rigueur-budgetaire\/","og_locale":"fr_FR","og_type":"article","og_title":"Finances publiques : la Cour des comptes appelle \u00e0 plus de rigueur budg\u00e9taire","og_description":"La Cour des comptes a insist\u00e9 sur la n\u00e9cessit\u00e9 pour le gouvernement d\u2019apporter une solution d\u00e9finitive \u00e0 la probl\u00e9matique des imp\u00f4ts non recouvr\u00e9s, tout en rationalisant les d\u00e9penses et en mettant un terme au gaspillage au sein des minist\u00e8res. En effet, dans son rapport d\u2019\u00e9valuation du projet de loi de r\u00e8glement budg\u00e9taire de l\u2019ann\u00e9e 2022, &hellip;","og_url":"https:\/\/elmawkie.dz\/fr\/finances-publiques-la-cour-des-comptes-appelle-a-plus-de-rigueur-budgetaire\/","og_site_name":"El Mawkie","article_publisher":"https:\/\/www.facebook.com\/profile.php?id=100088407094989&locale=fr_FR","article_published_time":"2025-02-02T10:06:58+00:00","article_modified_time":"2025-02-02T10:14:42+00:00","og_image":[{"width":707,"height":433,"url":"https:\/\/elmawkie.dz\/fr\/wp-content\/uploads\/2025\/02\/IMG_9028.jpeg","type":"image\/jpeg"}],"author":"khayro","twitter_card":"summary_large_image","twitter_misc":{"Written by":"khayro","Est. reading time":"3 minutes"},"schema":{"@context":"https:\/\/schema.org","@graph":[{"@type":"Article","@id":"https:\/\/elmawkie.dz\/fr\/finances-publiques-la-cour-des-comptes-appelle-a-plus-de-rigueur-budgetaire\/#article","isPartOf":{"@id":"https:\/\/elmawkie.dz\/fr\/finances-publiques-la-cour-des-comptes-appelle-a-plus-de-rigueur-budgetaire\/"},"author":{"name":"khayro","@id":"https:\/\/elmawkie.dz\/fr\/#\/schema\/person\/15cb7eba76e08e2d2d0ad4b4c4fbb6cb"},"headline":"Finances publiques : la Cour des comptes appelle \u00e0 plus de rigueur budg\u00e9taire","datePublished":"2025-02-02T10:06:58+00:00","dateModified":"2025-02-02T10:14:42+00:00","mainEntityOfPage":{"@id":"https:\/\/elmawkie.dz\/fr\/finances-publiques-la-cour-des-comptes-appelle-a-plus-de-rigueur-budgetaire\/"},"wordCount":496,"commentCount":0,"publisher":{"@id":"https:\/\/elmawkie.dz\/fr\/#organization"},"image":{"@id":"https:\/\/elmawkie.dz\/fr\/finances-publiques-la-cour-des-comptes-appelle-a-plus-de-rigueur-budgetaire\/#primaryimage"},"thumbnailUrl":"https:\/\/elmawkie.dz\/fr\/wp-content\/uploads\/2025\/02\/IMG_9028.jpeg","keywords":["Cour des comptes"],"articleSection":["National"],"inLanguage":"fr-FR","potentialAction":[{"@type":"CommentAction","name":"Comment","target":["https:\/\/elmawkie.dz\/fr\/finances-publiques-la-cour-des-comptes-appelle-a-plus-de-rigueur-budgetaire\/#respond"]}]},{"@type":"WebPage","@id":"https:\/\/elmawkie.dz\/fr\/finances-publiques-la-cour-des-comptes-appelle-a-plus-de-rigueur-budgetaire\/","url":"https:\/\/elmawkie.dz\/fr\/finances-publiques-la-cour-des-comptes-appelle-a-plus-de-rigueur-budgetaire\/","name":"Finances publiques : la Cour des comptes appelle \u00e0 plus de rigueur budg\u00e9taire - El Mawkie","isPartOf":{"@id":"https:\/\/elmawkie.dz\/fr\/#website"},"primaryImageOfPage":{"@id":"https:\/\/elmawkie.dz\/fr\/finances-publiques-la-cour-des-comptes-appelle-a-plus-de-rigueur-budgetaire\/#primaryimage"},"image":{"@id":"https:\/\/elmawkie.dz\/fr\/finances-publiques-la-cour-des-comptes-appelle-a-plus-de-rigueur-budgetaire\/#primaryimage"},"thumbnailUrl":"https:\/\/elmawkie.dz\/fr\/wp-content\/uploads\/2025\/02\/IMG_9028.jpeg","datePublished":"2025-02-02T10:06:58+00:00","dateModified":"2025-02-02T10:14:42+00:00","breadcrumb":{"@id":"https:\/\/elmawkie.dz\/fr\/finances-publiques-la-cour-des-comptes-appelle-a-plus-de-rigueur-budgetaire\/#breadcrumb"},"inLanguage":"fr-FR","potentialAction":[{"@type":"ReadAction","target":["https:\/\/elmawkie.dz\/fr\/finances-publiques-la-cour-des-comptes-appelle-a-plus-de-rigueur-budgetaire\/"]}]},{"@type":"ImageObject","inLanguage":"fr-FR","@id":"https:\/\/elmawkie.dz\/fr\/finances-publiques-la-cour-des-comptes-appelle-a-plus-de-rigueur-budgetaire\/#primaryimage","url":"https:\/\/elmawkie.dz\/fr\/wp-content\/uploads\/2025\/02\/IMG_9028.jpeg","contentUrl":"https:\/\/elmawkie.dz\/fr\/wp-content\/uploads\/2025\/02\/IMG_9028.jpeg","width":707,"height":433},{"@type":"BreadcrumbList","@id":"https:\/\/elmawkie.dz\/fr\/finances-publiques-la-cour-des-comptes-appelle-a-plus-de-rigueur-budgetaire\/#breadcrumb","itemListElement":[{"@type":"ListItem","position":1,"name":"Home","item":"https:\/\/elmawkie.dz\/fr\/"},{"@type":"ListItem","position":2,"name":"Finances publiques : la Cour des comptes appelle \u00e0 plus de rigueur budg\u00e9taire"}]},{"@type":"WebSite","@id":"https:\/\/elmawkie.dz\/fr\/#website","url":"https:\/\/elmawkie.dz\/fr\/","name":"EL MAWKIE","description":"Journal \u00c9lectronique Alg\u00e9rien","publisher":{"@id":"https:\/\/elmawkie.dz\/fr\/#organization"},"potentialAction":[{"@type":"SearchAction","target":{"@type":"EntryPoint","urlTemplate":"https:\/\/elmawkie.dz\/fr\/?s={search_term_string}"},"query-input":"required name=search_term_string"}],"inLanguage":"fr-FR"},{"@type":"Organization","@id":"https:\/\/elmawkie.dz\/fr\/#organization","name":"EL MAWKIE","url":"https:\/\/elmawkie.dz\/fr\/","logo":{"@type":"ImageObject","inLanguage":"fr-FR","@id":"https:\/\/elmawkie.dz\/fr\/#\/schema\/logo\/image\/","url":"https:\/\/elmawkie.dz\/fr\/wp-content\/uploads\/2024\/05\/logo1.png","contentUrl":"https:\/\/elmawkie.dz\/fr\/wp-content\/uploads\/2024\/05\/logo1.png","width":1648,"height":652,"caption":"EL MAWKIE"},"image":{"@id":"https:\/\/elmawkie.dz\/fr\/#\/schema\/logo\/image\/"},"sameAs":["https:\/\/www.facebook.com\/profile.php?id=100088407094989&locale=fr_FR"]},{"@type":"Person","@id":"https:\/\/elmawkie.dz\/fr\/#\/schema\/person\/15cb7eba76e08e2d2d0ad4b4c4fbb6cb","name":"khayro","image":{"@type":"ImageObject","inLanguage":"fr-FR","@id":"https:\/\/elmawkie.dz\/fr\/#\/schema\/person\/image\/","url":"https:\/\/secure.gravatar.com\/avatar\/5d609f726f02f77f0ff2a1483fc81992?s=96&d=mm&r=g","contentUrl":"https:\/\/secure.gravatar.com\/avatar\/5d609f726f02f77f0ff2a1483fc81992?s=96&d=mm&r=g","caption":"khayro"},"url":"https:\/\/elmawkie.dz\/fr\/author\/khayro\/"}]}},"_links":{"self":[{"href":"https:\/\/elmawkie.dz\/fr\/wp-json\/wp\/v2\/posts\/46567","targetHints":{"allow":["GET"]}}],"collection":[{"href":"https:\/\/elmawkie.dz\/fr\/wp-json\/wp\/v2\/posts"}],"about":[{"href":"https:\/\/elmawkie.dz\/fr\/wp-json\/wp\/v2\/types\/post"}],"author":[{"embeddable":true,"href":"https:\/\/elmawkie.dz\/fr\/wp-json\/wp\/v2\/users\/8"}],"replies":[{"embeddable":true,"href":"https:\/\/elmawkie.dz\/fr\/wp-json\/wp\/v2\/comments?post=46567"}],"version-history":[{"count":1,"href":"https:\/\/elmawkie.dz\/fr\/wp-json\/wp\/v2\/posts\/46567\/revisions"}],"predecessor-version":[{"id":46569,"href":"https:\/\/elmawkie.dz\/fr\/wp-json\/wp\/v2\/posts\/46567\/revisions\/46569"}],"wp:featuredmedia":[{"embeddable":true,"href":"https:\/\/elmawkie.dz\/fr\/wp-json\/wp\/v2\/media\/46597"}],"wp:attachment":[{"href":"https:\/\/elmawkie.dz\/fr\/wp-json\/wp\/v2\/media?parent=46567"}],"wp:term":[{"taxonomy":"category","embeddable":true,"href":"https:\/\/elmawkie.dz\/fr\/wp-json\/wp\/v2\/categories?post=46567"},{"taxonomy":"post_tag","embeddable":true,"href":"https:\/\/elmawkie.dz\/fr\/wp-json\/wp\/v2\/tags?post=46567"}],"curies":[{"name":"wp","href":"https:\/\/api.w.org\/{rel}","templated":true}]}}