{"id":46555,"date":"2025-02-01T21:25:59","date_gmt":"2025-02-01T20:25:59","guid":{"rendered":"https:\/\/elmawkie.dz\/fr\/?p=46555"},"modified":"2025-02-01T21:26:41","modified_gmt":"2025-02-01T20:26:41","slug":"46555-2","status":"publish","type":"post","link":"https:\/\/elmawkie.dz\/fr\/46555-2\/","title":{"rendered":"Le ministre de la Justice pr\u00e9side une r\u00e9union du Conseil sup\u00e9rieur du notariat"},"content":{"rendered":"\n<p>Le ministre de la Justice, garde des Sceaux, Lotfi Boudjemaa, a pr\u00e9sid\u00e9, samedi au si\u00e8ge du minist\u00e8re, une r\u00e9union du Conseil sup\u00e9rieur du notariat, indique un communiqu\u00e9 du minist\u00e8re. La r\u00e9union a permis de passer en revue \u00ab\u00a0l&rsquo;activit\u00e9 de la Chambre nationale des notaires et ses relations avec les institutions et l&rsquo;environnement, la num\u00e9risation des offices notariaux publics et des structures de la profession, en application de la d\u00e9marche globale du Gouvernement visant \u00e0 num\u00e9riser tous les secteurs.. outre la gestion des archives documentaires et les moyens d&rsquo;am\u00e9liorer les m\u00e9thodes de leur conservation\u00a0\u00bb. Il a \u00e9t\u00e9 \u00e9galement question du \u00ab\u00a0renforcement des mesures de pr\u00e9vention et de lutte contre le blanchiment d&rsquo;argent et le financement du terrorisme, au niveau des offices notariaux et des structures de la profession\u00a0\u00bb, et de \u00ab\u00a0l&rsquo;\u00e9laboration du code de d\u00e9ontologie professionnelle, r\u00e9gissant et encadrant toutes les activit\u00e9s professionnelles\u00a0\u00bb. La r\u00e9union a aussi abord\u00e9 d&rsquo;autres th\u00e8mes divers concernant les pr\u00e9occupations des notaires et leur pratique quotidienne.<\/p>\n","protected":false},"excerpt":{"rendered":"<p>Le ministre de la Justice, garde des Sceaux, Lotfi Boudjemaa, a pr\u00e9sid\u00e9, samedi au si\u00e8ge du minist\u00e8re, une r\u00e9union du Conseil sup\u00e9rieur du notariat, indique un communiqu\u00e9 du minist\u00e8re. La r\u00e9union a permis de passer en revue \u00ab\u00a0l&rsquo;activit\u00e9 de la Chambre nationale des notaires et ses relations avec les institutions et l&rsquo;environnement, la num\u00e9risation des &hellip;<\/p>\n","protected":false},"author":9,"featured_media":46557,"comment_status":"open","ping_status":"open","sticky":false,"template":"","format":"standard","meta":{"footnotes":""},"categories":[47],"tags":[2383,2382,2384,2225],"class_list":["post-46555","post","type-post","status-publish","format-standard","has-post-thumbnail","hentry","category-national","tag-conseil-superieur","tag-le-ministre-de-la-justice","tag-notariat","tag-reunion"],"yoast_head":"<!-- This site is optimized with the Yoast SEO Premium plugin v22.6 (Yoast SEO v22.6) - https:\/\/yoast.com\/wordpress\/plugins\/seo\/ -->\n<title>Le ministre de la Justice pr\u00e9side une r\u00e9union du Conseil sup\u00e9rieur du notariat - El Mawkie<\/title>\n<meta name=\"robots\" content=\"index, follow, max-snippet:-1, max-image-preview:large, max-video-preview:-1\" \/>\n<link rel=\"canonical\" href=\"https:\/\/elmawkie.dz\/fr\/46555-2\/\" \/>\n<meta property=\"og:locale\" content=\"fr_FR\" \/>\n<meta property=\"og:type\" content=\"article\" \/>\n<meta property=\"og:title\" content=\"Le ministre de la Justice pr\u00e9side une r\u00e9union du Conseil sup\u00e9rieur du notariat\" \/>\n<meta property=\"og:description\" content=\"Le ministre de la Justice, garde des Sceaux, Lotfi Boudjemaa, a pr\u00e9sid\u00e9, samedi au si\u00e8ge du minist\u00e8re, une r\u00e9union du Conseil sup\u00e9rieur du notariat, indique un communiqu\u00e9 du minist\u00e8re. La r\u00e9union a permis de passer en revue \u00ab\u00a0l&rsquo;activit\u00e9 de la Chambre nationale des notaires et ses relations avec les institutions et l&rsquo;environnement, la num\u00e9risation des &hellip;\" \/>\n<meta property=\"og:url\" content=\"https:\/\/elmawkie.dz\/fr\/46555-2\/\" \/>\n<meta property=\"og:site_name\" content=\"El Mawkie\" \/>\n<meta property=\"article:publisher\" content=\"https:\/\/www.facebook.com\/profile.php?id=100088407094989&amp;locale=fr_FR\" \/>\n<meta property=\"article:published_time\" content=\"2025-02-01T20:25:59+00:00\" \/>\n<meta property=\"article:modified_time\" content=\"2025-02-01T20:26:41+00:00\" \/>\n<meta property=\"og:image\" content=\"https:\/\/elmawkie.dz\/fr\/wp-content\/uploads\/2025\/02\/IMG_8999.jpeg\" \/>\n\t<meta property=\"og:image:width\" content=\"2048\" \/>\n\t<meta property=\"og:image:height\" content=\"1365\" \/>\n\t<meta property=\"og:image:type\" content=\"image\/jpeg\" \/>\n<meta name=\"author\" content=\"R\u00e9daction\" \/>\n<meta name=\"twitter:card\" content=\"summary_large_image\" \/>\n<meta name=\"twitter:label1\" content=\"Written by\" \/>\n\t<meta name=\"twitter:data1\" content=\"R\u00e9daction\" \/>\n\t<meta name=\"twitter:label2\" content=\"Est. reading time\" \/>\n\t<meta name=\"twitter:data2\" content=\"2 minutes\" \/>\n<script type=\"application\/ld+json\" class=\"yoast-schema-graph\">{\"@context\":\"https:\/\/schema.org\",\"@graph\":[{\"@type\":\"Article\",\"@id\":\"https:\/\/elmawkie.dz\/fr\/46555-2\/#article\",\"isPartOf\":{\"@id\":\"https:\/\/elmawkie.dz\/fr\/46555-2\/\"},\"author\":{\"name\":\"R\u00e9daction\",\"@id\":\"https:\/\/elmawkie.dz\/fr\/#\/schema\/person\/e7bd59d6467874ba5c4723d8a9f0a63c\"},\"headline\":\"Le ministre de la Justice pr\u00e9side une r\u00e9union du Conseil sup\u00e9rieur du notariat\",\"datePublished\":\"2025-02-01T20:25:59+00:00\",\"dateModified\":\"2025-02-01T20:26:41+00:00\",\"mainEntityOfPage\":{\"@id\":\"https:\/\/elmawkie.dz\/fr\/46555-2\/\"},\"wordCount\":199,\"commentCount\":0,\"publisher\":{\"@id\":\"https:\/\/elmawkie.dz\/fr\/#organization\"},\"image\":{\"@id\":\"https:\/\/elmawkie.dz\/fr\/46555-2\/#primaryimage\"},\"thumbnailUrl\":\"https:\/\/elmawkie.dz\/fr\/wp-content\/uploads\/2025\/02\/IMG_8999.jpeg\",\"keywords\":[\"Conseil sup\u00e9rieur\",\"Le ministre de la Justice\",\"notariat\",\"r\u00e9union\"],\"articleSection\":[\"National\"],\"inLanguage\":\"fr-FR\",\"potentialAction\":[{\"@type\":\"CommentAction\",\"name\":\"Comment\",\"target\":[\"https:\/\/elmawkie.dz\/fr\/46555-2\/#respond\"]}]},{\"@type\":\"WebPage\",\"@id\":\"https:\/\/elmawkie.dz\/fr\/46555-2\/\",\"url\":\"https:\/\/elmawkie.dz\/fr\/46555-2\/\",\"name\":\"Le ministre de la Justice pr\u00e9side une r\u00e9union du Conseil sup\u00e9rieur du notariat - El Mawkie\",\"isPartOf\":{\"@id\":\"https:\/\/elmawkie.dz\/fr\/#website\"},\"primaryImageOfPage\":{\"@id\":\"https:\/\/elmawkie.dz\/fr\/46555-2\/#primaryimage\"},\"image\":{\"@id\":\"https:\/\/elmawkie.dz\/fr\/46555-2\/#primaryimage\"},\"thumbnailUrl\":\"https:\/\/elmawkie.dz\/fr\/wp-content\/uploads\/2025\/02\/IMG_8999.jpeg\",\"datePublished\":\"2025-02-01T20:25:59+00:00\",\"dateModified\":\"2025-02-01T20:26:41+00:00\",\"breadcrumb\":{\"@id\":\"https:\/\/elmawkie.dz\/fr\/46555-2\/#breadcrumb\"},\"inLanguage\":\"fr-FR\",\"potentialAction\":[{\"@type\":\"ReadAction\",\"target\":[\"https:\/\/elmawkie.dz\/fr\/46555-2\/\"]}]},{\"@type\":\"ImageObject\",\"inLanguage\":\"fr-FR\",\"@id\":\"https:\/\/elmawkie.dz\/fr\/46555-2\/#primaryimage\",\"url\":\"https:\/\/elmawkie.dz\/fr\/wp-content\/uploads\/2025\/02\/IMG_8999.jpeg\",\"contentUrl\":\"https:\/\/elmawkie.dz\/fr\/wp-content\/uploads\/2025\/02\/IMG_8999.jpeg\",\"width\":2048,\"height\":1365},{\"@type\":\"BreadcrumbList\",\"@id\":\"https:\/\/elmawkie.dz\/fr\/46555-2\/#breadcrumb\",\"itemListElement\":[{\"@type\":\"ListItem\",\"position\":1,\"name\":\"Home\",\"item\":\"https:\/\/elmawkie.dz\/fr\/\"},{\"@type\":\"ListItem\",\"position\":2,\"name\":\"Le ministre de la Justice pr\u00e9side une r\u00e9union du Conseil sup\u00e9rieur du notariat\"}]},{\"@type\":\"WebSite\",\"@id\":\"https:\/\/elmawkie.dz\/fr\/#website\",\"url\":\"https:\/\/elmawkie.dz\/fr\/\",\"name\":\"EL MAWKIE\",\"description\":\"Journal \u00c9lectronique Alg\u00e9rien\",\"publisher\":{\"@id\":\"https:\/\/elmawkie.dz\/fr\/#organization\"},\"potentialAction\":[{\"@type\":\"SearchAction\",\"target\":{\"@type\":\"EntryPoint\",\"urlTemplate\":\"https:\/\/elmawkie.dz\/fr\/?s={search_term_string}\"},\"query-input\":\"required name=search_term_string\"}],\"inLanguage\":\"fr-FR\"},{\"@type\":\"Organization\",\"@id\":\"https:\/\/elmawkie.dz\/fr\/#organization\",\"name\":\"EL MAWKIE\",\"url\":\"https:\/\/elmawkie.dz\/fr\/\",\"logo\":{\"@type\":\"ImageObject\",\"inLanguage\":\"fr-FR\",\"@id\":\"https:\/\/elmawkie.dz\/fr\/#\/schema\/logo\/image\/\",\"url\":\"https:\/\/elmawkie.dz\/fr\/wp-content\/uploads\/2024\/05\/logo1.png\",\"contentUrl\":\"https:\/\/elmawkie.dz\/fr\/wp-content\/uploads\/2024\/05\/logo1.png\",\"width\":1648,\"height\":652,\"caption\":\"EL MAWKIE\"},\"image\":{\"@id\":\"https:\/\/elmawkie.dz\/fr\/#\/schema\/logo\/image\/\"},\"sameAs\":[\"https:\/\/www.facebook.com\/profile.php?id=100088407094989&locale=fr_FR\"]},{\"@type\":\"Person\",\"@id\":\"https:\/\/elmawkie.dz\/fr\/#\/schema\/person\/e7bd59d6467874ba5c4723d8a9f0a63c\",\"name\":\"R\u00e9daction\",\"image\":{\"@type\":\"ImageObject\",\"inLanguage\":\"fr-FR\",\"@id\":\"https:\/\/elmawkie.dz\/fr\/#\/schema\/person\/image\/\",\"url\":\"https:\/\/secure.gravatar.com\/avatar\/f0f773456344da4d2788c054a3d30a0c?s=96&d=mm&r=g\",\"contentUrl\":\"https:\/\/secure.gravatar.com\/avatar\/f0f773456344da4d2788c054a3d30a0c?s=96&d=mm&r=g\",\"caption\":\"R\u00e9daction\"},\"url\":\"https:\/\/elmawkie.dz\/fr\/author\/redaction\/\"}]}<\/script>\n<!-- \/ Yoast SEO Premium plugin. -->","yoast_head_json":{"title":"Le ministre de la Justice pr\u00e9side une r\u00e9union du Conseil sup\u00e9rieur du notariat - El Mawkie","robots":{"index":"index","follow":"follow","max-snippet":"max-snippet:-1","max-image-preview":"max-image-preview:large","max-video-preview":"max-video-preview:-1"},"canonical":"https:\/\/elmawkie.dz\/fr\/46555-2\/","og_locale":"fr_FR","og_type":"article","og_title":"Le ministre de la Justice pr\u00e9side une r\u00e9union du Conseil sup\u00e9rieur du notariat","og_description":"Le ministre de la Justice, garde des Sceaux, Lotfi Boudjemaa, a pr\u00e9sid\u00e9, samedi au si\u00e8ge du minist\u00e8re, une r\u00e9union du Conseil sup\u00e9rieur du notariat, indique un communiqu\u00e9 du minist\u00e8re. La r\u00e9union a permis de passer en revue \u00ab\u00a0l&rsquo;activit\u00e9 de la Chambre nationale des notaires et ses relations avec les institutions et l&rsquo;environnement, la num\u00e9risation des &hellip;","og_url":"https:\/\/elmawkie.dz\/fr\/46555-2\/","og_site_name":"El Mawkie","article_publisher":"https:\/\/www.facebook.com\/profile.php?id=100088407094989&locale=fr_FR","article_published_time":"2025-02-01T20:25:59+00:00","article_modified_time":"2025-02-01T20:26:41+00:00","og_image":[{"width":2048,"height":1365,"url":"https:\/\/elmawkie.dz\/fr\/wp-content\/uploads\/2025\/02\/IMG_8999.jpeg","type":"image\/jpeg"}],"author":"R\u00e9daction","twitter_card":"summary_large_image","twitter_misc":{"Written by":"R\u00e9daction","Est. reading time":"2 minutes"},"schema":{"@context":"https:\/\/schema.org","@graph":[{"@type":"Article","@id":"https:\/\/elmawkie.dz\/fr\/46555-2\/#article","isPartOf":{"@id":"https:\/\/elmawkie.dz\/fr\/46555-2\/"},"author":{"name":"R\u00e9daction","@id":"https:\/\/elmawkie.dz\/fr\/#\/schema\/person\/e7bd59d6467874ba5c4723d8a9f0a63c"},"headline":"Le ministre de la Justice pr\u00e9side une r\u00e9union du Conseil sup\u00e9rieur du notariat","datePublished":"2025-02-01T20:25:59+00:00","dateModified":"2025-02-01T20:26:41+00:00","mainEntityOfPage":{"@id":"https:\/\/elmawkie.dz\/fr\/46555-2\/"},"wordCount":199,"commentCount":0,"publisher":{"@id":"https:\/\/elmawkie.dz\/fr\/#organization"},"image":{"@id":"https:\/\/elmawkie.dz\/fr\/46555-2\/#primaryimage"},"thumbnailUrl":"https:\/\/elmawkie.dz\/fr\/wp-content\/uploads\/2025\/02\/IMG_8999.jpeg","keywords":["Conseil sup\u00e9rieur","Le ministre de la Justice","notariat","r\u00e9union"],"articleSection":["National"],"inLanguage":"fr-FR","potentialAction":[{"@type":"CommentAction","name":"Comment","target":["https:\/\/elmawkie.dz\/fr\/46555-2\/#respond"]}]},{"@type":"WebPage","@id":"https:\/\/elmawkie.dz\/fr\/46555-2\/","url":"https:\/\/elmawkie.dz\/fr\/46555-2\/","name":"Le ministre de la Justice pr\u00e9side une r\u00e9union du Conseil sup\u00e9rieur du notariat - El Mawkie","isPartOf":{"@id":"https:\/\/elmawkie.dz\/fr\/#website"},"primaryImageOfPage":{"@id":"https:\/\/elmawkie.dz\/fr\/46555-2\/#primaryimage"},"image":{"@id":"https:\/\/elmawkie.dz\/fr\/46555-2\/#primaryimage"},"thumbnailUrl":"https:\/\/elmawkie.dz\/fr\/wp-content\/uploads\/2025\/02\/IMG_8999.jpeg","datePublished":"2025-02-01T20:25:59+00:00","dateModified":"2025-02-01T20:26:41+00:00","breadcrumb":{"@id":"https:\/\/elmawkie.dz\/fr\/46555-2\/#breadcrumb"},"inLanguage":"fr-FR","potentialAction":[{"@type":"ReadAction","target":["https:\/\/elmawkie.dz\/fr\/46555-2\/"]}]},{"@type":"ImageObject","inLanguage":"fr-FR","@id":"https:\/\/elmawkie.dz\/fr\/46555-2\/#primaryimage","url":"https:\/\/elmawkie.dz\/fr\/wp-content\/uploads\/2025\/02\/IMG_8999.jpeg","contentUrl":"https:\/\/elmawkie.dz\/fr\/wp-content\/uploads\/2025\/02\/IMG_8999.jpeg","width":2048,"height":1365},{"@type":"BreadcrumbList","@id":"https:\/\/elmawkie.dz\/fr\/46555-2\/#breadcrumb","itemListElement":[{"@type":"ListItem","position":1,"name":"Home","item":"https:\/\/elmawkie.dz\/fr\/"},{"@type":"ListItem","position":2,"name":"Le ministre de la Justice pr\u00e9side une r\u00e9union du Conseil sup\u00e9rieur du notariat"}]},{"@type":"WebSite","@id":"https:\/\/elmawkie.dz\/fr\/#website","url":"https:\/\/elmawkie.dz\/fr\/","name":"EL MAWKIE","description":"Journal \u00c9lectronique Alg\u00e9rien","publisher":{"@id":"https:\/\/elmawkie.dz\/fr\/#organization"},"potentialAction":[{"@type":"SearchAction","target":{"@type":"EntryPoint","urlTemplate":"https:\/\/elmawkie.dz\/fr\/?s={search_term_string}"},"query-input":"required name=search_term_string"}],"inLanguage":"fr-FR"},{"@type":"Organization","@id":"https:\/\/elmawkie.dz\/fr\/#organization","name":"EL MAWKIE","url":"https:\/\/elmawkie.dz\/fr\/","logo":{"@type":"ImageObject","inLanguage":"fr-FR","@id":"https:\/\/elmawkie.dz\/fr\/#\/schema\/logo\/image\/","url":"https:\/\/elmawkie.dz\/fr\/wp-content\/uploads\/2024\/05\/logo1.png","contentUrl":"https:\/\/elmawkie.dz\/fr\/wp-content\/uploads\/2024\/05\/logo1.png","width":1648,"height":652,"caption":"EL MAWKIE"},"image":{"@id":"https:\/\/elmawkie.dz\/fr\/#\/schema\/logo\/image\/"},"sameAs":["https:\/\/www.facebook.com\/profile.php?id=100088407094989&locale=fr_FR"]},{"@type":"Person","@id":"https:\/\/elmawkie.dz\/fr\/#\/schema\/person\/e7bd59d6467874ba5c4723d8a9f0a63c","name":"R\u00e9daction","image":{"@type":"ImageObject","inLanguage":"fr-FR","@id":"https:\/\/elmawkie.dz\/fr\/#\/schema\/person\/image\/","url":"https:\/\/secure.gravatar.com\/avatar\/f0f773456344da4d2788c054a3d30a0c?s=96&d=mm&r=g","contentUrl":"https:\/\/secure.gravatar.com\/avatar\/f0f773456344da4d2788c054a3d30a0c?s=96&d=mm&r=g","caption":"R\u00e9daction"},"url":"https:\/\/elmawkie.dz\/fr\/author\/redaction\/"}]}},"_links":{"self":[{"href":"https:\/\/elmawkie.dz\/fr\/wp-json\/wp\/v2\/posts\/46555","targetHints":{"allow":["GET"]}}],"collection":[{"href":"https:\/\/elmawkie.dz\/fr\/wp-json\/wp\/v2\/posts"}],"about":[{"href":"https:\/\/elmawkie.dz\/fr\/wp-json\/wp\/v2\/types\/post"}],"author":[{"embeddable":true,"href":"https:\/\/elmawkie.dz\/fr\/wp-json\/wp\/v2\/users\/9"}],"replies":[{"embeddable":true,"href":"https:\/\/elmawkie.dz\/fr\/wp-json\/wp\/v2\/comments?post=46555"}],"version-history":[{"count":2,"href":"https:\/\/elmawkie.dz\/fr\/wp-json\/wp\/v2\/posts\/46555\/revisions"}],"predecessor-version":[{"id":46559,"href":"https:\/\/elmawkie.dz\/fr\/wp-json\/wp\/v2\/posts\/46555\/revisions\/46559"}],"wp:featuredmedia":[{"embeddable":true,"href":"https:\/\/elmawkie.dz\/fr\/wp-json\/wp\/v2\/media\/46557"}],"wp:attachment":[{"href":"https:\/\/elmawkie.dz\/fr\/wp-json\/wp\/v2\/media?parent=46555"}],"wp:term":[{"taxonomy":"category","embeddable":true,"href":"https:\/\/elmawkie.dz\/fr\/wp-json\/wp\/v2\/categories?post=46555"},{"taxonomy":"post_tag","embeddable":true,"href":"https:\/\/elmawkie.dz\/fr\/wp-json\/wp\/v2\/tags?post=46555"}],"curies":[{"name":"wp","href":"https:\/\/api.w.org\/{rel}","templated":true}]}}