{"id":46519,"date":"2025-02-01T13:39:31","date_gmt":"2025-02-01T12:39:31","guid":{"rendered":"https:\/\/elmawkie.dz\/fr\/?p=46519"},"modified":"2025-02-01T13:39:32","modified_gmt":"2025-02-01T12:39:32","slug":"bordj-badji-mokhtar-une-caravane-medicale-au-service-des-populations-eloignees","status":"publish","type":"post","link":"https:\/\/elmawkie.dz\/fr\/bordj-badji-mokhtar-une-caravane-medicale-au-service-des-populations-eloignees\/","title":{"rendered":"Bordj Badji Mokhtar : une caravane m\u00e9dicale au service des populations \u00e9loign\u00e9es"},"content":{"rendered":"\n<p>Les populations des zones \u00e9parses, et les nomades \u00e0 travers les communes de Bordj Badji Mokhtar, Timiaouine et la localit\u00e9 de Abane Ramdane dans la wilaya de Bordj Badji Mokhtar, b\u00e9n\u00e9ficient des prestations m\u00e9dicales dans le cadre d\u2019une caravane pluridisciplinaire, a-t-on appris samedi aupr\u00e8s de la direction de la sant\u00e9 de la wilaya. Cette caravane m\u00e9dicale qui est organis\u00e9e \u00e0 l&rsquo;initiative des directions de la sant\u00e9 des wilayas de Bordj Badji Mokhtar et de Chlef, est encadr\u00e9e par un staff m\u00e9dical compos\u00e9 de sp\u00e9cialistes relevant des secteurs public et priv\u00e9 des wilayas de Chlef, S\u00e9tif, Ain Defla et Tissemsilt, a-t-on expliqu\u00e9 . Ils effectueront des consultations dans les sp\u00e9cialit\u00e9s en oto-rhino-laryngologie (ORL) , gyn\u00e9cologie-obst\u00e9trique, chirurgie p\u00e9diatrique l&rsquo;urologie, cardiologie, m\u00e9decine interne et la chirurgie dentaire, a d\u00e9clar\u00e9 \u00e0 l\u2019APS, le directeur de la sant\u00e9 , Nouis Mohamed Zakaria. Cette caravane pluridisciplinaire, qui s&rsquo;est \u00e9branl\u00e9e jeudi dernier, poursuivra ses activit\u00e9s une semaine durant, s&rsquo;inscrit dans le cadre des efforts de prise en charge des patients dans les zones recul\u00e9es, en rapprochant les prestations de sant\u00e9, a-t-il ajout\u00e9. Il s\u2019agit aussi de renforcer la coop\u00e9ration entre les \u00e9tablissements de sant\u00e9 du nord et ceux de l&rsquo;extr\u00eame sud du pays, ont indiqu\u00e9 les organisateurs.<\/p>\n","protected":false},"excerpt":{"rendered":"<p>Les populations des zones \u00e9parses, et les nomades \u00e0 travers les communes de Bordj Badji Mokhtar, Timiaouine et la localit\u00e9 de Abane Ramdane dans la wilaya de Bordj Badji Mokhtar, b\u00e9n\u00e9ficient des prestations m\u00e9dicales dans le cadre d\u2019une caravane pluridisciplinaire, a-t-on appris samedi aupr\u00e8s de la direction de la sant\u00e9 de la wilaya. Cette caravane &hellip;<\/p>\n","protected":false},"author":9,"featured_media":46521,"comment_status":"open","ping_status":"open","sticky":false,"template":"","format":"standard","meta":{"footnotes":""},"categories":[50],"tags":[2367,2369,2368],"class_list":["post-46519","post","type-post","status-publish","format-standard","has-post-thumbnail","hentry","category-region","tag-bordj-badji-mokhtar","tag-populations-eloignees","tag-une-caravane-medicale"],"yoast_head":"<!-- This site is optimized with the Yoast SEO Premium plugin v22.6 (Yoast SEO v22.6) - https:\/\/yoast.com\/wordpress\/plugins\/seo\/ -->\n<title>Bordj Badji Mokhtar : une caravane m\u00e9dicale au service des populations \u00e9loign\u00e9es - El Mawkie<\/title>\n<meta name=\"robots\" content=\"index, follow, max-snippet:-1, max-image-preview:large, max-video-preview:-1\" \/>\n<link rel=\"canonical\" href=\"https:\/\/elmawkie.dz\/fr\/bordj-badji-mokhtar-une-caravane-medicale-au-service-des-populations-eloignees\/\" \/>\n<meta property=\"og:locale\" content=\"fr_FR\" \/>\n<meta property=\"og:type\" content=\"article\" \/>\n<meta property=\"og:title\" content=\"Bordj Badji Mokhtar : une caravane m\u00e9dicale au service des populations \u00e9loign\u00e9es\" \/>\n<meta property=\"og:description\" content=\"Les populations des zones \u00e9parses, et les nomades \u00e0 travers les communes de Bordj Badji Mokhtar, Timiaouine et la localit\u00e9 de Abane Ramdane dans la wilaya de Bordj Badji Mokhtar, b\u00e9n\u00e9ficient des prestations m\u00e9dicales dans le cadre d\u2019une caravane pluridisciplinaire, a-t-on appris samedi aupr\u00e8s de la direction de la sant\u00e9 de la wilaya. Cette caravane &hellip;\" \/>\n<meta property=\"og:url\" content=\"https:\/\/elmawkie.dz\/fr\/bordj-badji-mokhtar-une-caravane-medicale-au-service-des-populations-eloignees\/\" \/>\n<meta property=\"og:site_name\" content=\"El Mawkie\" \/>\n<meta property=\"article:publisher\" content=\"https:\/\/www.facebook.com\/profile.php?id=100088407094989&amp;locale=fr_FR\" \/>\n<meta property=\"article:published_time\" content=\"2025-02-01T12:39:31+00:00\" \/>\n<meta property=\"article:modified_time\" content=\"2025-02-01T12:39:32+00:00\" \/>\n<meta property=\"og:image\" content=\"https:\/\/elmawkie.dz\/fr\/wp-content\/uploads\/2025\/02\/IMG_8981.jpeg\" \/>\n\t<meta property=\"og:image:width\" content=\"580\" \/>\n\t<meta property=\"og:image:height\" content=\"350\" \/>\n\t<meta property=\"og:image:type\" content=\"image\/jpeg\" \/>\n<meta name=\"author\" content=\"R\u00e9daction\" \/>\n<meta name=\"twitter:card\" content=\"summary_large_image\" \/>\n<meta name=\"twitter:label1\" content=\"Written by\" \/>\n\t<meta name=\"twitter:data1\" content=\"R\u00e9daction\" \/>\n\t<meta name=\"twitter:label2\" content=\"Est. reading time\" \/>\n\t<meta name=\"twitter:data2\" content=\"2 minutes\" \/>\n<script type=\"application\/ld+json\" class=\"yoast-schema-graph\">{\"@context\":\"https:\/\/schema.org\",\"@graph\":[{\"@type\":\"Article\",\"@id\":\"https:\/\/elmawkie.dz\/fr\/bordj-badji-mokhtar-une-caravane-medicale-au-service-des-populations-eloignees\/#article\",\"isPartOf\":{\"@id\":\"https:\/\/elmawkie.dz\/fr\/bordj-badji-mokhtar-une-caravane-medicale-au-service-des-populations-eloignees\/\"},\"author\":{\"name\":\"R\u00e9daction\",\"@id\":\"https:\/\/elmawkie.dz\/fr\/#\/schema\/person\/e7bd59d6467874ba5c4723d8a9f0a63c\"},\"headline\":\"Bordj Badji Mokhtar : une caravane m\u00e9dicale au service des populations \u00e9loign\u00e9es\",\"datePublished\":\"2025-02-01T12:39:31+00:00\",\"dateModified\":\"2025-02-01T12:39:32+00:00\",\"mainEntityOfPage\":{\"@id\":\"https:\/\/elmawkie.dz\/fr\/bordj-badji-mokhtar-une-caravane-medicale-au-service-des-populations-eloignees\/\"},\"wordCount\":237,\"commentCount\":0,\"publisher\":{\"@id\":\"https:\/\/elmawkie.dz\/fr\/#organization\"},\"image\":{\"@id\":\"https:\/\/elmawkie.dz\/fr\/bordj-badji-mokhtar-une-caravane-medicale-au-service-des-populations-eloignees\/#primaryimage\"},\"thumbnailUrl\":\"https:\/\/elmawkie.dz\/fr\/wp-content\/uploads\/2025\/02\/IMG_8981.jpeg\",\"keywords\":[\"Bordj Badji Mokhtar\",\"populations \u00e9loign\u00e9es\",\"une caravane m\u00e9dicale\"],\"articleSection\":[\"R\u00e9gion\"],\"inLanguage\":\"fr-FR\",\"potentialAction\":[{\"@type\":\"CommentAction\",\"name\":\"Comment\",\"target\":[\"https:\/\/elmawkie.dz\/fr\/bordj-badji-mokhtar-une-caravane-medicale-au-service-des-populations-eloignees\/#respond\"]}]},{\"@type\":\"WebPage\",\"@id\":\"https:\/\/elmawkie.dz\/fr\/bordj-badji-mokhtar-une-caravane-medicale-au-service-des-populations-eloignees\/\",\"url\":\"https:\/\/elmawkie.dz\/fr\/bordj-badji-mokhtar-une-caravane-medicale-au-service-des-populations-eloignees\/\",\"name\":\"Bordj Badji Mokhtar : une caravane m\u00e9dicale au service des populations \u00e9loign\u00e9es - El Mawkie\",\"isPartOf\":{\"@id\":\"https:\/\/elmawkie.dz\/fr\/#website\"},\"primaryImageOfPage\":{\"@id\":\"https:\/\/elmawkie.dz\/fr\/bordj-badji-mokhtar-une-caravane-medicale-au-service-des-populations-eloignees\/#primaryimage\"},\"image\":{\"@id\":\"https:\/\/elmawkie.dz\/fr\/bordj-badji-mokhtar-une-caravane-medicale-au-service-des-populations-eloignees\/#primaryimage\"},\"thumbnailUrl\":\"https:\/\/elmawkie.dz\/fr\/wp-content\/uploads\/2025\/02\/IMG_8981.jpeg\",\"datePublished\":\"2025-02-01T12:39:31+00:00\",\"dateModified\":\"2025-02-01T12:39:32+00:00\",\"breadcrumb\":{\"@id\":\"https:\/\/elmawkie.dz\/fr\/bordj-badji-mokhtar-une-caravane-medicale-au-service-des-populations-eloignees\/#breadcrumb\"},\"inLanguage\":\"fr-FR\",\"potentialAction\":[{\"@type\":\"ReadAction\",\"target\":[\"https:\/\/elmawkie.dz\/fr\/bordj-badji-mokhtar-une-caravane-medicale-au-service-des-populations-eloignees\/\"]}]},{\"@type\":\"ImageObject\",\"inLanguage\":\"fr-FR\",\"@id\":\"https:\/\/elmawkie.dz\/fr\/bordj-badji-mokhtar-une-caravane-medicale-au-service-des-populations-eloignees\/#primaryimage\",\"url\":\"https:\/\/elmawkie.dz\/fr\/wp-content\/uploads\/2025\/02\/IMG_8981.jpeg\",\"contentUrl\":\"https:\/\/elmawkie.dz\/fr\/wp-content\/uploads\/2025\/02\/IMG_8981.jpeg\",\"width\":580,\"height\":350},{\"@type\":\"BreadcrumbList\",\"@id\":\"https:\/\/elmawkie.dz\/fr\/bordj-badji-mokhtar-une-caravane-medicale-au-service-des-populations-eloignees\/#breadcrumb\",\"itemListElement\":[{\"@type\":\"ListItem\",\"position\":1,\"name\":\"Home\",\"item\":\"https:\/\/elmawkie.dz\/fr\/\"},{\"@type\":\"ListItem\",\"position\":2,\"name\":\"Bordj Badji Mokhtar : une caravane m\u00e9dicale au service des populations \u00e9loign\u00e9es\"}]},{\"@type\":\"WebSite\",\"@id\":\"https:\/\/elmawkie.dz\/fr\/#website\",\"url\":\"https:\/\/elmawkie.dz\/fr\/\",\"name\":\"EL MAWKIE\",\"description\":\"Journal \u00c9lectronique Alg\u00e9rien\",\"publisher\":{\"@id\":\"https:\/\/elmawkie.dz\/fr\/#organization\"},\"potentialAction\":[{\"@type\":\"SearchAction\",\"target\":{\"@type\":\"EntryPoint\",\"urlTemplate\":\"https:\/\/elmawkie.dz\/fr\/?s={search_term_string}\"},\"query-input\":\"required name=search_term_string\"}],\"inLanguage\":\"fr-FR\"},{\"@type\":\"Organization\",\"@id\":\"https:\/\/elmawkie.dz\/fr\/#organization\",\"name\":\"EL MAWKIE\",\"url\":\"https:\/\/elmawkie.dz\/fr\/\",\"logo\":{\"@type\":\"ImageObject\",\"inLanguage\":\"fr-FR\",\"@id\":\"https:\/\/elmawkie.dz\/fr\/#\/schema\/logo\/image\/\",\"url\":\"https:\/\/elmawkie.dz\/fr\/wp-content\/uploads\/2024\/05\/logo1.png\",\"contentUrl\":\"https:\/\/elmawkie.dz\/fr\/wp-content\/uploads\/2024\/05\/logo1.png\",\"width\":1648,\"height\":652,\"caption\":\"EL MAWKIE\"},\"image\":{\"@id\":\"https:\/\/elmawkie.dz\/fr\/#\/schema\/logo\/image\/\"},\"sameAs\":[\"https:\/\/www.facebook.com\/profile.php?id=100088407094989&locale=fr_FR\"]},{\"@type\":\"Person\",\"@id\":\"https:\/\/elmawkie.dz\/fr\/#\/schema\/person\/e7bd59d6467874ba5c4723d8a9f0a63c\",\"name\":\"R\u00e9daction\",\"image\":{\"@type\":\"ImageObject\",\"inLanguage\":\"fr-FR\",\"@id\":\"https:\/\/elmawkie.dz\/fr\/#\/schema\/person\/image\/\",\"url\":\"https:\/\/secure.gravatar.com\/avatar\/f0f773456344da4d2788c054a3d30a0c?s=96&d=mm&r=g\",\"contentUrl\":\"https:\/\/secure.gravatar.com\/avatar\/f0f773456344da4d2788c054a3d30a0c?s=96&d=mm&r=g\",\"caption\":\"R\u00e9daction\"},\"url\":\"https:\/\/elmawkie.dz\/fr\/author\/redaction\/\"}]}<\/script>\n<!-- \/ Yoast SEO Premium plugin. -->","yoast_head_json":{"title":"Bordj Badji Mokhtar : une caravane m\u00e9dicale au service des populations \u00e9loign\u00e9es - El Mawkie","robots":{"index":"index","follow":"follow","max-snippet":"max-snippet:-1","max-image-preview":"max-image-preview:large","max-video-preview":"max-video-preview:-1"},"canonical":"https:\/\/elmawkie.dz\/fr\/bordj-badji-mokhtar-une-caravane-medicale-au-service-des-populations-eloignees\/","og_locale":"fr_FR","og_type":"article","og_title":"Bordj Badji Mokhtar : une caravane m\u00e9dicale au service des populations \u00e9loign\u00e9es","og_description":"Les populations des zones \u00e9parses, et les nomades \u00e0 travers les communes de Bordj Badji Mokhtar, Timiaouine et la localit\u00e9 de Abane Ramdane dans la wilaya de Bordj Badji Mokhtar, b\u00e9n\u00e9ficient des prestations m\u00e9dicales dans le cadre d\u2019une caravane pluridisciplinaire, a-t-on appris samedi aupr\u00e8s de la direction de la sant\u00e9 de la wilaya. Cette caravane &hellip;","og_url":"https:\/\/elmawkie.dz\/fr\/bordj-badji-mokhtar-une-caravane-medicale-au-service-des-populations-eloignees\/","og_site_name":"El Mawkie","article_publisher":"https:\/\/www.facebook.com\/profile.php?id=100088407094989&locale=fr_FR","article_published_time":"2025-02-01T12:39:31+00:00","article_modified_time":"2025-02-01T12:39:32+00:00","og_image":[{"width":580,"height":350,"url":"https:\/\/elmawkie.dz\/fr\/wp-content\/uploads\/2025\/02\/IMG_8981.jpeg","type":"image\/jpeg"}],"author":"R\u00e9daction","twitter_card":"summary_large_image","twitter_misc":{"Written by":"R\u00e9daction","Est. reading time":"2 minutes"},"schema":{"@context":"https:\/\/schema.org","@graph":[{"@type":"Article","@id":"https:\/\/elmawkie.dz\/fr\/bordj-badji-mokhtar-une-caravane-medicale-au-service-des-populations-eloignees\/#article","isPartOf":{"@id":"https:\/\/elmawkie.dz\/fr\/bordj-badji-mokhtar-une-caravane-medicale-au-service-des-populations-eloignees\/"},"author":{"name":"R\u00e9daction","@id":"https:\/\/elmawkie.dz\/fr\/#\/schema\/person\/e7bd59d6467874ba5c4723d8a9f0a63c"},"headline":"Bordj Badji Mokhtar : une caravane m\u00e9dicale au service des populations \u00e9loign\u00e9es","datePublished":"2025-02-01T12:39:31+00:00","dateModified":"2025-02-01T12:39:32+00:00","mainEntityOfPage":{"@id":"https:\/\/elmawkie.dz\/fr\/bordj-badji-mokhtar-une-caravane-medicale-au-service-des-populations-eloignees\/"},"wordCount":237,"commentCount":0,"publisher":{"@id":"https:\/\/elmawkie.dz\/fr\/#organization"},"image":{"@id":"https:\/\/elmawkie.dz\/fr\/bordj-badji-mokhtar-une-caravane-medicale-au-service-des-populations-eloignees\/#primaryimage"},"thumbnailUrl":"https:\/\/elmawkie.dz\/fr\/wp-content\/uploads\/2025\/02\/IMG_8981.jpeg","keywords":["Bordj Badji Mokhtar","populations \u00e9loign\u00e9es","une caravane m\u00e9dicale"],"articleSection":["R\u00e9gion"],"inLanguage":"fr-FR","potentialAction":[{"@type":"CommentAction","name":"Comment","target":["https:\/\/elmawkie.dz\/fr\/bordj-badji-mokhtar-une-caravane-medicale-au-service-des-populations-eloignees\/#respond"]}]},{"@type":"WebPage","@id":"https:\/\/elmawkie.dz\/fr\/bordj-badji-mokhtar-une-caravane-medicale-au-service-des-populations-eloignees\/","url":"https:\/\/elmawkie.dz\/fr\/bordj-badji-mokhtar-une-caravane-medicale-au-service-des-populations-eloignees\/","name":"Bordj Badji Mokhtar : une caravane m\u00e9dicale au service des populations \u00e9loign\u00e9es - El Mawkie","isPartOf":{"@id":"https:\/\/elmawkie.dz\/fr\/#website"},"primaryImageOfPage":{"@id":"https:\/\/elmawkie.dz\/fr\/bordj-badji-mokhtar-une-caravane-medicale-au-service-des-populations-eloignees\/#primaryimage"},"image":{"@id":"https:\/\/elmawkie.dz\/fr\/bordj-badji-mokhtar-une-caravane-medicale-au-service-des-populations-eloignees\/#primaryimage"},"thumbnailUrl":"https:\/\/elmawkie.dz\/fr\/wp-content\/uploads\/2025\/02\/IMG_8981.jpeg","datePublished":"2025-02-01T12:39:31+00:00","dateModified":"2025-02-01T12:39:32+00:00","breadcrumb":{"@id":"https:\/\/elmawkie.dz\/fr\/bordj-badji-mokhtar-une-caravane-medicale-au-service-des-populations-eloignees\/#breadcrumb"},"inLanguage":"fr-FR","potentialAction":[{"@type":"ReadAction","target":["https:\/\/elmawkie.dz\/fr\/bordj-badji-mokhtar-une-caravane-medicale-au-service-des-populations-eloignees\/"]}]},{"@type":"ImageObject","inLanguage":"fr-FR","@id":"https:\/\/elmawkie.dz\/fr\/bordj-badji-mokhtar-une-caravane-medicale-au-service-des-populations-eloignees\/#primaryimage","url":"https:\/\/elmawkie.dz\/fr\/wp-content\/uploads\/2025\/02\/IMG_8981.jpeg","contentUrl":"https:\/\/elmawkie.dz\/fr\/wp-content\/uploads\/2025\/02\/IMG_8981.jpeg","width":580,"height":350},{"@type":"BreadcrumbList","@id":"https:\/\/elmawkie.dz\/fr\/bordj-badji-mokhtar-une-caravane-medicale-au-service-des-populations-eloignees\/#breadcrumb","itemListElement":[{"@type":"ListItem","position":1,"name":"Home","item":"https:\/\/elmawkie.dz\/fr\/"},{"@type":"ListItem","position":2,"name":"Bordj Badji Mokhtar : une caravane m\u00e9dicale au service des populations \u00e9loign\u00e9es"}]},{"@type":"WebSite","@id":"https:\/\/elmawkie.dz\/fr\/#website","url":"https:\/\/elmawkie.dz\/fr\/","name":"EL MAWKIE","description":"Journal \u00c9lectronique Alg\u00e9rien","publisher":{"@id":"https:\/\/elmawkie.dz\/fr\/#organization"},"potentialAction":[{"@type":"SearchAction","target":{"@type":"EntryPoint","urlTemplate":"https:\/\/elmawkie.dz\/fr\/?s={search_term_string}"},"query-input":"required name=search_term_string"}],"inLanguage":"fr-FR"},{"@type":"Organization","@id":"https:\/\/elmawkie.dz\/fr\/#organization","name":"EL MAWKIE","url":"https:\/\/elmawkie.dz\/fr\/","logo":{"@type":"ImageObject","inLanguage":"fr-FR","@id":"https:\/\/elmawkie.dz\/fr\/#\/schema\/logo\/image\/","url":"https:\/\/elmawkie.dz\/fr\/wp-content\/uploads\/2024\/05\/logo1.png","contentUrl":"https:\/\/elmawkie.dz\/fr\/wp-content\/uploads\/2024\/05\/logo1.png","width":1648,"height":652,"caption":"EL MAWKIE"},"image":{"@id":"https:\/\/elmawkie.dz\/fr\/#\/schema\/logo\/image\/"},"sameAs":["https:\/\/www.facebook.com\/profile.php?id=100088407094989&locale=fr_FR"]},{"@type":"Person","@id":"https:\/\/elmawkie.dz\/fr\/#\/schema\/person\/e7bd59d6467874ba5c4723d8a9f0a63c","name":"R\u00e9daction","image":{"@type":"ImageObject","inLanguage":"fr-FR","@id":"https:\/\/elmawkie.dz\/fr\/#\/schema\/person\/image\/","url":"https:\/\/secure.gravatar.com\/avatar\/f0f773456344da4d2788c054a3d30a0c?s=96&d=mm&r=g","contentUrl":"https:\/\/secure.gravatar.com\/avatar\/f0f773456344da4d2788c054a3d30a0c?s=96&d=mm&r=g","caption":"R\u00e9daction"},"url":"https:\/\/elmawkie.dz\/fr\/author\/redaction\/"}]}},"_links":{"self":[{"href":"https:\/\/elmawkie.dz\/fr\/wp-json\/wp\/v2\/posts\/46519","targetHints":{"allow":["GET"]}}],"collection":[{"href":"https:\/\/elmawkie.dz\/fr\/wp-json\/wp\/v2\/posts"}],"about":[{"href":"https:\/\/elmawkie.dz\/fr\/wp-json\/wp\/v2\/types\/post"}],"author":[{"embeddable":true,"href":"https:\/\/elmawkie.dz\/fr\/wp-json\/wp\/v2\/users\/9"}],"replies":[{"embeddable":true,"href":"https:\/\/elmawkie.dz\/fr\/wp-json\/wp\/v2\/comments?post=46519"}],"version-history":[{"count":1,"href":"https:\/\/elmawkie.dz\/fr\/wp-json\/wp\/v2\/posts\/46519\/revisions"}],"predecessor-version":[{"id":46522,"href":"https:\/\/elmawkie.dz\/fr\/wp-json\/wp\/v2\/posts\/46519\/revisions\/46522"}],"wp:featuredmedia":[{"embeddable":true,"href":"https:\/\/elmawkie.dz\/fr\/wp-json\/wp\/v2\/media\/46521"}],"wp:attachment":[{"href":"https:\/\/elmawkie.dz\/fr\/wp-json\/wp\/v2\/media?parent=46519"}],"wp:term":[{"taxonomy":"category","embeddable":true,"href":"https:\/\/elmawkie.dz\/fr\/wp-json\/wp\/v2\/categories?post=46519"},{"taxonomy":"post_tag","embeddable":true,"href":"https:\/\/elmawkie.dz\/fr\/wp-json\/wp\/v2\/tags?post=46519"}],"curies":[{"name":"wp","href":"https:\/\/api.w.org\/{rel}","templated":true}]}}