{"id":46462,"date":"2025-01-30T22:00:48","date_gmt":"2025-01-30T21:00:48","guid":{"rendered":"https:\/\/elmawkie.dz\/fr\/?p=46462"},"modified":"2025-01-30T22:00:49","modified_gmt":"2025-01-30T21:00:49","slug":"signature-dune-convention-de-partenariat-entre-le-secteurs-de-lenseignement-professionnels-et-les-douanes-algeriennes","status":"publish","type":"post","link":"https:\/\/elmawkie.dz\/fr\/signature-dune-convention-de-partenariat-entre-le-secteurs-de-lenseignement-professionnels-et-les-douanes-algeriennes\/","title":{"rendered":"signature d\u2019une convention de partenariat entre le secteurs de l&rsquo;Enseignement professionnels et les Douanes Alg\u00e9riennes"},"content":{"rendered":"\n<p>Une convention de partenariat a \u00e9t\u00e9 sign\u00e9e jeudi \u00e0 Skikda, entre le corps des Douanes alg\u00e9riennes et le secteur local de la formation et de l\u2019enseignement professionnels. La c\u00e9r\u00e9monie de signature a eu lieu \u00e0 la gare maritime du port de Skikda \u00e0 l\u2019occasion de la c\u00e9l\u00e9bration de la Journ\u00e9e mondiale des Douanes co\u00efncidant avec le 26 janvier de chaque ann\u00e9e et qui a \u00e9t\u00e9 plac\u00e9e cette ann\u00e9e sous le slogan \u00ab\u00a0Une douane qui concr\u00e9tise ses engagements en mati\u00e8re d&rsquo;efficacit\u00e9, de s\u00e9curit\u00e9 et de prosp\u00e9rit\u00e9\u00a0\u00bb, en pr\u00e9sence du directeur r\u00e9gional des Douanes de la r\u00e9gion de Constantine, Contr\u00f4leur g\u00e9n\u00e9ral chef Brahim Bensalem, le wali de Skikda, Said Akhrouf et les autorit\u00e9s locales civile et militaire. Dans une d\u00e9claration \u00e0 l\u2019APS, M. Bensalem a pr\u00e9cis\u00e9 que \u00ab\u00a0la direction g\u00e9n\u00e9rale des Douanes accorde un grand int\u00e9r\u00eat \u00e0 la formation\u00a0\u00bb, consid\u00e9rant que \u00ab\u00a0les conventions sign\u00e9es par le corps des Douanes contribuent \u00e0 la consolidation de la coop\u00e9ration avec les diff\u00e9rents secteurs g\u00e9n\u00e9rant ainsi un impact positif sur le rendement g\u00e9n\u00e9ral\u00a0\u00bb. La convention de 5 ans renouvelables comprend \u00ab\u00a0accueil des stagiaires par les services d\u00e9pendant des deux parties, le secteur de la formation et de l\u2019enseignement professionnels prendra en charge les formations n\u00e9cessaires pour am\u00e9liorer le niveau des employ\u00e9s de l\u2019Inspection divisionnaire des Douanes de Skikda dans les \u00e9tablissements de formation professionnelle et l\u2019\u00e9laboration d\u2019un plan d\u2019action en mati\u00e8re d\u2019activit\u00e9s de coop\u00e9ration et de partenariat entre les deux parties\u00a0\u00bb. La convention vise \u00e0 d\u00e9terminer le cadre g\u00e9n\u00e9ral de partenariat, de coop\u00e9ration et de coordination entre la direction de wilaya de la formation professionnelle et l\u2019inspection divisionnaire locale des Douanes en vue de consolider la formation et l\u2019enseignement professionnels dans divers domaines, notamment p\u00e9dagogique et autres m\u00e9tiers en rapport particuli\u00e8rement avec l\u2019activit\u00e9 du corps des Douanes. Un bilan de l\u2019ann\u00e9e 2024 sur les activit\u00e9s de la direction r\u00e9gionale des Douanes de la r\u00e9gion de Constantine comprenant les wilayas de Skikda, de Batna, de Mila et de Constantine a \u00e9t\u00e9 pr\u00e9sent\u00e9 \u00e0 cette occasion, faisant \u00e9tat de la saisie de plus de 700.000 capsules psychotropes et plus de 3 kg de coca\u00efne en plus d\u2019autres marchandises d\u2019une valeur d\u00e9passant les 2,5 milliards de dinars. Une vid\u00e9o sur les r\u00e9alisations des Douanes alg\u00e9riennes a \u00e9t\u00e9 \u00e9galement projet\u00e9e, une \u00e9quipe de l\u2019Inspection divisionnaire des Douanes de Skikda (vainqueur du tournoi de football organis\u00e9 par la direction r\u00e9gionale et des \u00e9quipes douani\u00e8res participant \u00e0 des saisies qualitatives) ont \u00e9t\u00e9 \u00e9galement honor\u00e9s.<\/p>\n","protected":false},"excerpt":{"rendered":"<p>Une convention de partenariat a \u00e9t\u00e9 sign\u00e9e jeudi \u00e0 Skikda, entre le corps des Douanes alg\u00e9riennes et le secteur local de la formation et de l\u2019enseignement professionnels. La c\u00e9r\u00e9monie de signature a eu lieu \u00e0 la gare maritime du port de Skikda \u00e0 l\u2019occasion de la c\u00e9l\u00e9bration de la Journ\u00e9e mondiale des Douanes co\u00efncidant avec &hellip;<\/p>\n","protected":false},"author":9,"featured_media":46464,"comment_status":"open","ping_status":"open","sticky":false,"template":"","format":"standard","meta":{"footnotes":""},"categories":[50],"tags":[1628,803,2343,1627],"class_list":["post-46462","post","type-post","status-publish","format-standard","has-post-thumbnail","hentry","category-region","tag-convention","tag-formation-et-de-lenseignement-professionnels","tag-les-douanes-algeriennes","tag-signature"],"yoast_head":"<!-- This site is optimized with the Yoast SEO Premium plugin v22.6 (Yoast SEO v22.6) - https:\/\/yoast.com\/wordpress\/plugins\/seo\/ -->\n<title>signature d\u2019une convention de partenariat entre le secteurs de l&#039;Enseignement professionnels et les Douanes Alg\u00e9riennes - El Mawkie<\/title>\n<meta name=\"robots\" content=\"index, follow, max-snippet:-1, max-image-preview:large, max-video-preview:-1\" \/>\n<link rel=\"canonical\" href=\"https:\/\/elmawkie.dz\/fr\/signature-dune-convention-de-partenariat-entre-le-secteurs-de-lenseignement-professionnels-et-les-douanes-algeriennes\/\" \/>\n<meta property=\"og:locale\" content=\"fr_FR\" \/>\n<meta property=\"og:type\" content=\"article\" \/>\n<meta property=\"og:title\" content=\"signature d\u2019une convention de partenariat entre le secteurs de l&#039;Enseignement professionnels et les Douanes Alg\u00e9riennes\" \/>\n<meta property=\"og:description\" content=\"Une convention de partenariat a \u00e9t\u00e9 sign\u00e9e jeudi \u00e0 Skikda, entre le corps des Douanes alg\u00e9riennes et le secteur local de la formation et de l\u2019enseignement professionnels. La c\u00e9r\u00e9monie de signature a eu lieu \u00e0 la gare maritime du port de Skikda \u00e0 l\u2019occasion de la c\u00e9l\u00e9bration de la Journ\u00e9e mondiale des Douanes co\u00efncidant avec &hellip;\" \/>\n<meta property=\"og:url\" content=\"https:\/\/elmawkie.dz\/fr\/signature-dune-convention-de-partenariat-entre-le-secteurs-de-lenseignement-professionnels-et-les-douanes-algeriennes\/\" \/>\n<meta property=\"og:site_name\" content=\"El Mawkie\" \/>\n<meta property=\"article:publisher\" content=\"https:\/\/www.facebook.com\/profile.php?id=100088407094989&amp;locale=fr_FR\" \/>\n<meta property=\"article:published_time\" content=\"2025-01-30T21:00:48+00:00\" \/>\n<meta property=\"article:modified_time\" content=\"2025-01-30T21:00:49+00:00\" \/>\n<meta property=\"og:image\" content=\"https:\/\/elmawkie.dz\/fr\/wp-content\/uploads\/2025\/01\/IMG_8920.jpeg\" \/>\n\t<meta property=\"og:image:width\" content=\"1024\" \/>\n\t<meta property=\"og:image:height\" content=\"680\" \/>\n\t<meta property=\"og:image:type\" content=\"image\/jpeg\" \/>\n<meta name=\"author\" content=\"R\u00e9daction\" \/>\n<meta name=\"twitter:card\" content=\"summary_large_image\" \/>\n<meta name=\"twitter:label1\" content=\"Written by\" \/>\n\t<meta name=\"twitter:data1\" content=\"R\u00e9daction\" \/>\n\t<meta name=\"twitter:label2\" content=\"Est. reading time\" \/>\n\t<meta name=\"twitter:data2\" content=\"3 minutes\" \/>\n<script type=\"application\/ld+json\" class=\"yoast-schema-graph\">{\"@context\":\"https:\/\/schema.org\",\"@graph\":[{\"@type\":\"Article\",\"@id\":\"https:\/\/elmawkie.dz\/fr\/signature-dune-convention-de-partenariat-entre-le-secteurs-de-lenseignement-professionnels-et-les-douanes-algeriennes\/#article\",\"isPartOf\":{\"@id\":\"https:\/\/elmawkie.dz\/fr\/signature-dune-convention-de-partenariat-entre-le-secteurs-de-lenseignement-professionnels-et-les-douanes-algeriennes\/\"},\"author\":{\"name\":\"R\u00e9daction\",\"@id\":\"https:\/\/elmawkie.dz\/fr\/#\/schema\/person\/e7bd59d6467874ba5c4723d8a9f0a63c\"},\"headline\":\"signature d\u2019une convention de partenariat entre le secteurs de l&rsquo;Enseignement professionnels et les Douanes Alg\u00e9riennes\",\"datePublished\":\"2025-01-30T21:00:48+00:00\",\"dateModified\":\"2025-01-30T21:00:49+00:00\",\"mainEntityOfPage\":{\"@id\":\"https:\/\/elmawkie.dz\/fr\/signature-dune-convention-de-partenariat-entre-le-secteurs-de-lenseignement-professionnels-et-les-douanes-algeriennes\/\"},\"wordCount\":486,\"commentCount\":0,\"publisher\":{\"@id\":\"https:\/\/elmawkie.dz\/fr\/#organization\"},\"image\":{\"@id\":\"https:\/\/elmawkie.dz\/fr\/signature-dune-convention-de-partenariat-entre-le-secteurs-de-lenseignement-professionnels-et-les-douanes-algeriennes\/#primaryimage\"},\"thumbnailUrl\":\"https:\/\/elmawkie.dz\/fr\/wp-content\/uploads\/2025\/01\/IMG_8920.jpeg\",\"keywords\":[\"Convention\",\"Formation et de l\u2019Enseignement professionnels\",\"les douanes alg\u00e9riennes\",\"Signature\"],\"articleSection\":[\"R\u00e9gion\"],\"inLanguage\":\"fr-FR\",\"potentialAction\":[{\"@type\":\"CommentAction\",\"name\":\"Comment\",\"target\":[\"https:\/\/elmawkie.dz\/fr\/signature-dune-convention-de-partenariat-entre-le-secteurs-de-lenseignement-professionnels-et-les-douanes-algeriennes\/#respond\"]}]},{\"@type\":\"WebPage\",\"@id\":\"https:\/\/elmawkie.dz\/fr\/signature-dune-convention-de-partenariat-entre-le-secteurs-de-lenseignement-professionnels-et-les-douanes-algeriennes\/\",\"url\":\"https:\/\/elmawkie.dz\/fr\/signature-dune-convention-de-partenariat-entre-le-secteurs-de-lenseignement-professionnels-et-les-douanes-algeriennes\/\",\"name\":\"signature d\u2019une convention de partenariat entre le secteurs de l'Enseignement professionnels et les Douanes Alg\u00e9riennes - El Mawkie\",\"isPartOf\":{\"@id\":\"https:\/\/elmawkie.dz\/fr\/#website\"},\"primaryImageOfPage\":{\"@id\":\"https:\/\/elmawkie.dz\/fr\/signature-dune-convention-de-partenariat-entre-le-secteurs-de-lenseignement-professionnels-et-les-douanes-algeriennes\/#primaryimage\"},\"image\":{\"@id\":\"https:\/\/elmawkie.dz\/fr\/signature-dune-convention-de-partenariat-entre-le-secteurs-de-lenseignement-professionnels-et-les-douanes-algeriennes\/#primaryimage\"},\"thumbnailUrl\":\"https:\/\/elmawkie.dz\/fr\/wp-content\/uploads\/2025\/01\/IMG_8920.jpeg\",\"datePublished\":\"2025-01-30T21:00:48+00:00\",\"dateModified\":\"2025-01-30T21:00:49+00:00\",\"breadcrumb\":{\"@id\":\"https:\/\/elmawkie.dz\/fr\/signature-dune-convention-de-partenariat-entre-le-secteurs-de-lenseignement-professionnels-et-les-douanes-algeriennes\/#breadcrumb\"},\"inLanguage\":\"fr-FR\",\"potentialAction\":[{\"@type\":\"ReadAction\",\"target\":[\"https:\/\/elmawkie.dz\/fr\/signature-dune-convention-de-partenariat-entre-le-secteurs-de-lenseignement-professionnels-et-les-douanes-algeriennes\/\"]}]},{\"@type\":\"ImageObject\",\"inLanguage\":\"fr-FR\",\"@id\":\"https:\/\/elmawkie.dz\/fr\/signature-dune-convention-de-partenariat-entre-le-secteurs-de-lenseignement-professionnels-et-les-douanes-algeriennes\/#primaryimage\",\"url\":\"https:\/\/elmawkie.dz\/fr\/wp-content\/uploads\/2025\/01\/IMG_8920.jpeg\",\"contentUrl\":\"https:\/\/elmawkie.dz\/fr\/wp-content\/uploads\/2025\/01\/IMG_8920.jpeg\",\"width\":1024,\"height\":680},{\"@type\":\"BreadcrumbList\",\"@id\":\"https:\/\/elmawkie.dz\/fr\/signature-dune-convention-de-partenariat-entre-le-secteurs-de-lenseignement-professionnels-et-les-douanes-algeriennes\/#breadcrumb\",\"itemListElement\":[{\"@type\":\"ListItem\",\"position\":1,\"name\":\"Home\",\"item\":\"https:\/\/elmawkie.dz\/fr\/\"},{\"@type\":\"ListItem\",\"position\":2,\"name\":\"signature d\u2019une convention de partenariat entre le secteurs de l&rsquo;Enseignement professionnels et les Douanes Alg\u00e9riennes\"}]},{\"@type\":\"WebSite\",\"@id\":\"https:\/\/elmawkie.dz\/fr\/#website\",\"url\":\"https:\/\/elmawkie.dz\/fr\/\",\"name\":\"EL MAWKIE\",\"description\":\"Journal \u00c9lectronique Alg\u00e9rien\",\"publisher\":{\"@id\":\"https:\/\/elmawkie.dz\/fr\/#organization\"},\"potentialAction\":[{\"@type\":\"SearchAction\",\"target\":{\"@type\":\"EntryPoint\",\"urlTemplate\":\"https:\/\/elmawkie.dz\/fr\/?s={search_term_string}\"},\"query-input\":\"required name=search_term_string\"}],\"inLanguage\":\"fr-FR\"},{\"@type\":\"Organization\",\"@id\":\"https:\/\/elmawkie.dz\/fr\/#organization\",\"name\":\"EL MAWKIE\",\"url\":\"https:\/\/elmawkie.dz\/fr\/\",\"logo\":{\"@type\":\"ImageObject\",\"inLanguage\":\"fr-FR\",\"@id\":\"https:\/\/elmawkie.dz\/fr\/#\/schema\/logo\/image\/\",\"url\":\"https:\/\/elmawkie.dz\/fr\/wp-content\/uploads\/2024\/05\/logo1.png\",\"contentUrl\":\"https:\/\/elmawkie.dz\/fr\/wp-content\/uploads\/2024\/05\/logo1.png\",\"width\":1648,\"height\":652,\"caption\":\"EL MAWKIE\"},\"image\":{\"@id\":\"https:\/\/elmawkie.dz\/fr\/#\/schema\/logo\/image\/\"},\"sameAs\":[\"https:\/\/www.facebook.com\/profile.php?id=100088407094989&locale=fr_FR\"]},{\"@type\":\"Person\",\"@id\":\"https:\/\/elmawkie.dz\/fr\/#\/schema\/person\/e7bd59d6467874ba5c4723d8a9f0a63c\",\"name\":\"R\u00e9daction\",\"image\":{\"@type\":\"ImageObject\",\"inLanguage\":\"fr-FR\",\"@id\":\"https:\/\/elmawkie.dz\/fr\/#\/schema\/person\/image\/\",\"url\":\"https:\/\/secure.gravatar.com\/avatar\/f0f773456344da4d2788c054a3d30a0c?s=96&d=mm&r=g\",\"contentUrl\":\"https:\/\/secure.gravatar.com\/avatar\/f0f773456344da4d2788c054a3d30a0c?s=96&d=mm&r=g\",\"caption\":\"R\u00e9daction\"},\"url\":\"https:\/\/elmawkie.dz\/fr\/author\/redaction\/\"}]}<\/script>\n<!-- \/ Yoast SEO Premium plugin. -->","yoast_head_json":{"title":"signature d\u2019une convention de partenariat entre le secteurs de l'Enseignement professionnels et les Douanes Alg\u00e9riennes - El Mawkie","robots":{"index":"index","follow":"follow","max-snippet":"max-snippet:-1","max-image-preview":"max-image-preview:large","max-video-preview":"max-video-preview:-1"},"canonical":"https:\/\/elmawkie.dz\/fr\/signature-dune-convention-de-partenariat-entre-le-secteurs-de-lenseignement-professionnels-et-les-douanes-algeriennes\/","og_locale":"fr_FR","og_type":"article","og_title":"signature d\u2019une convention de partenariat entre le secteurs de l'Enseignement professionnels et les Douanes Alg\u00e9riennes","og_description":"Une convention de partenariat a \u00e9t\u00e9 sign\u00e9e jeudi \u00e0 Skikda, entre le corps des Douanes alg\u00e9riennes et le secteur local de la formation et de l\u2019enseignement professionnels. La c\u00e9r\u00e9monie de signature a eu lieu \u00e0 la gare maritime du port de Skikda \u00e0 l\u2019occasion de la c\u00e9l\u00e9bration de la Journ\u00e9e mondiale des Douanes co\u00efncidant avec &hellip;","og_url":"https:\/\/elmawkie.dz\/fr\/signature-dune-convention-de-partenariat-entre-le-secteurs-de-lenseignement-professionnels-et-les-douanes-algeriennes\/","og_site_name":"El Mawkie","article_publisher":"https:\/\/www.facebook.com\/profile.php?id=100088407094989&locale=fr_FR","article_published_time":"2025-01-30T21:00:48+00:00","article_modified_time":"2025-01-30T21:00:49+00:00","og_image":[{"width":1024,"height":680,"url":"https:\/\/elmawkie.dz\/fr\/wp-content\/uploads\/2025\/01\/IMG_8920.jpeg","type":"image\/jpeg"}],"author":"R\u00e9daction","twitter_card":"summary_large_image","twitter_misc":{"Written by":"R\u00e9daction","Est. reading time":"3 minutes"},"schema":{"@context":"https:\/\/schema.org","@graph":[{"@type":"Article","@id":"https:\/\/elmawkie.dz\/fr\/signature-dune-convention-de-partenariat-entre-le-secteurs-de-lenseignement-professionnels-et-les-douanes-algeriennes\/#article","isPartOf":{"@id":"https:\/\/elmawkie.dz\/fr\/signature-dune-convention-de-partenariat-entre-le-secteurs-de-lenseignement-professionnels-et-les-douanes-algeriennes\/"},"author":{"name":"R\u00e9daction","@id":"https:\/\/elmawkie.dz\/fr\/#\/schema\/person\/e7bd59d6467874ba5c4723d8a9f0a63c"},"headline":"signature d\u2019une convention de partenariat entre le secteurs de l&rsquo;Enseignement professionnels et les Douanes Alg\u00e9riennes","datePublished":"2025-01-30T21:00:48+00:00","dateModified":"2025-01-30T21:00:49+00:00","mainEntityOfPage":{"@id":"https:\/\/elmawkie.dz\/fr\/signature-dune-convention-de-partenariat-entre-le-secteurs-de-lenseignement-professionnels-et-les-douanes-algeriennes\/"},"wordCount":486,"commentCount":0,"publisher":{"@id":"https:\/\/elmawkie.dz\/fr\/#organization"},"image":{"@id":"https:\/\/elmawkie.dz\/fr\/signature-dune-convention-de-partenariat-entre-le-secteurs-de-lenseignement-professionnels-et-les-douanes-algeriennes\/#primaryimage"},"thumbnailUrl":"https:\/\/elmawkie.dz\/fr\/wp-content\/uploads\/2025\/01\/IMG_8920.jpeg","keywords":["Convention","Formation et de l\u2019Enseignement professionnels","les douanes alg\u00e9riennes","Signature"],"articleSection":["R\u00e9gion"],"inLanguage":"fr-FR","potentialAction":[{"@type":"CommentAction","name":"Comment","target":["https:\/\/elmawkie.dz\/fr\/signature-dune-convention-de-partenariat-entre-le-secteurs-de-lenseignement-professionnels-et-les-douanes-algeriennes\/#respond"]}]},{"@type":"WebPage","@id":"https:\/\/elmawkie.dz\/fr\/signature-dune-convention-de-partenariat-entre-le-secteurs-de-lenseignement-professionnels-et-les-douanes-algeriennes\/","url":"https:\/\/elmawkie.dz\/fr\/signature-dune-convention-de-partenariat-entre-le-secteurs-de-lenseignement-professionnels-et-les-douanes-algeriennes\/","name":"signature d\u2019une convention de partenariat entre le secteurs de l'Enseignement professionnels et les Douanes Alg\u00e9riennes - El Mawkie","isPartOf":{"@id":"https:\/\/elmawkie.dz\/fr\/#website"},"primaryImageOfPage":{"@id":"https:\/\/elmawkie.dz\/fr\/signature-dune-convention-de-partenariat-entre-le-secteurs-de-lenseignement-professionnels-et-les-douanes-algeriennes\/#primaryimage"},"image":{"@id":"https:\/\/elmawkie.dz\/fr\/signature-dune-convention-de-partenariat-entre-le-secteurs-de-lenseignement-professionnels-et-les-douanes-algeriennes\/#primaryimage"},"thumbnailUrl":"https:\/\/elmawkie.dz\/fr\/wp-content\/uploads\/2025\/01\/IMG_8920.jpeg","datePublished":"2025-01-30T21:00:48+00:00","dateModified":"2025-01-30T21:00:49+00:00","breadcrumb":{"@id":"https:\/\/elmawkie.dz\/fr\/signature-dune-convention-de-partenariat-entre-le-secteurs-de-lenseignement-professionnels-et-les-douanes-algeriennes\/#breadcrumb"},"inLanguage":"fr-FR","potentialAction":[{"@type":"ReadAction","target":["https:\/\/elmawkie.dz\/fr\/signature-dune-convention-de-partenariat-entre-le-secteurs-de-lenseignement-professionnels-et-les-douanes-algeriennes\/"]}]},{"@type":"ImageObject","inLanguage":"fr-FR","@id":"https:\/\/elmawkie.dz\/fr\/signature-dune-convention-de-partenariat-entre-le-secteurs-de-lenseignement-professionnels-et-les-douanes-algeriennes\/#primaryimage","url":"https:\/\/elmawkie.dz\/fr\/wp-content\/uploads\/2025\/01\/IMG_8920.jpeg","contentUrl":"https:\/\/elmawkie.dz\/fr\/wp-content\/uploads\/2025\/01\/IMG_8920.jpeg","width":1024,"height":680},{"@type":"BreadcrumbList","@id":"https:\/\/elmawkie.dz\/fr\/signature-dune-convention-de-partenariat-entre-le-secteurs-de-lenseignement-professionnels-et-les-douanes-algeriennes\/#breadcrumb","itemListElement":[{"@type":"ListItem","position":1,"name":"Home","item":"https:\/\/elmawkie.dz\/fr\/"},{"@type":"ListItem","position":2,"name":"signature d\u2019une convention de partenariat entre le secteurs de l&rsquo;Enseignement professionnels et les Douanes Alg\u00e9riennes"}]},{"@type":"WebSite","@id":"https:\/\/elmawkie.dz\/fr\/#website","url":"https:\/\/elmawkie.dz\/fr\/","name":"EL MAWKIE","description":"Journal \u00c9lectronique Alg\u00e9rien","publisher":{"@id":"https:\/\/elmawkie.dz\/fr\/#organization"},"potentialAction":[{"@type":"SearchAction","target":{"@type":"EntryPoint","urlTemplate":"https:\/\/elmawkie.dz\/fr\/?s={search_term_string}"},"query-input":"required name=search_term_string"}],"inLanguage":"fr-FR"},{"@type":"Organization","@id":"https:\/\/elmawkie.dz\/fr\/#organization","name":"EL MAWKIE","url":"https:\/\/elmawkie.dz\/fr\/","logo":{"@type":"ImageObject","inLanguage":"fr-FR","@id":"https:\/\/elmawkie.dz\/fr\/#\/schema\/logo\/image\/","url":"https:\/\/elmawkie.dz\/fr\/wp-content\/uploads\/2024\/05\/logo1.png","contentUrl":"https:\/\/elmawkie.dz\/fr\/wp-content\/uploads\/2024\/05\/logo1.png","width":1648,"height":652,"caption":"EL MAWKIE"},"image":{"@id":"https:\/\/elmawkie.dz\/fr\/#\/schema\/logo\/image\/"},"sameAs":["https:\/\/www.facebook.com\/profile.php?id=100088407094989&locale=fr_FR"]},{"@type":"Person","@id":"https:\/\/elmawkie.dz\/fr\/#\/schema\/person\/e7bd59d6467874ba5c4723d8a9f0a63c","name":"R\u00e9daction","image":{"@type":"ImageObject","inLanguage":"fr-FR","@id":"https:\/\/elmawkie.dz\/fr\/#\/schema\/person\/image\/","url":"https:\/\/secure.gravatar.com\/avatar\/f0f773456344da4d2788c054a3d30a0c?s=96&d=mm&r=g","contentUrl":"https:\/\/secure.gravatar.com\/avatar\/f0f773456344da4d2788c054a3d30a0c?s=96&d=mm&r=g","caption":"R\u00e9daction"},"url":"https:\/\/elmawkie.dz\/fr\/author\/redaction\/"}]}},"_links":{"self":[{"href":"https:\/\/elmawkie.dz\/fr\/wp-json\/wp\/v2\/posts\/46462","targetHints":{"allow":["GET"]}}],"collection":[{"href":"https:\/\/elmawkie.dz\/fr\/wp-json\/wp\/v2\/posts"}],"about":[{"href":"https:\/\/elmawkie.dz\/fr\/wp-json\/wp\/v2\/types\/post"}],"author":[{"embeddable":true,"href":"https:\/\/elmawkie.dz\/fr\/wp-json\/wp\/v2\/users\/9"}],"replies":[{"embeddable":true,"href":"https:\/\/elmawkie.dz\/fr\/wp-json\/wp\/v2\/comments?post=46462"}],"version-history":[{"count":1,"href":"https:\/\/elmawkie.dz\/fr\/wp-json\/wp\/v2\/posts\/46462\/revisions"}],"predecessor-version":[{"id":46465,"href":"https:\/\/elmawkie.dz\/fr\/wp-json\/wp\/v2\/posts\/46462\/revisions\/46465"}],"wp:featuredmedia":[{"embeddable":true,"href":"https:\/\/elmawkie.dz\/fr\/wp-json\/wp\/v2\/media\/46464"}],"wp:attachment":[{"href":"https:\/\/elmawkie.dz\/fr\/wp-json\/wp\/v2\/media?parent=46462"}],"wp:term":[{"taxonomy":"category","embeddable":true,"href":"https:\/\/elmawkie.dz\/fr\/wp-json\/wp\/v2\/categories?post=46462"},{"taxonomy":"post_tag","embeddable":true,"href":"https:\/\/elmawkie.dz\/fr\/wp-json\/wp\/v2\/tags?post=46462"}],"curies":[{"name":"wp","href":"https:\/\/api.w.org\/{rel}","templated":true}]}}