{"id":46297,"date":"2025-01-26T21:51:24","date_gmt":"2025-01-26T20:51:24","guid":{"rendered":"https:\/\/elmawkie.dz\/fr\/?p=46297"},"modified":"2025-01-26T21:53:32","modified_gmt":"2025-01-26T20:53:32","slug":"espagne-demantelement-dun-gang-specialise-dans-le-trafic-de-drogue-a-partir-du-maroc","status":"publish","type":"post","link":"https:\/\/elmawkie.dz\/fr\/espagne-demantelement-dun-gang-specialise-dans-le-trafic-de-drogue-a-partir-du-maroc\/","title":{"rendered":"Espagne : d\u00e9mant\u00e8lement d&rsquo;un gang sp\u00e9cialis\u00e9 dans le trafic de drogue \u00e0 partir du Maroc"},"content":{"rendered":"\n<p><strong>La police espagnole a r\u00e9ussi \u00e0 d\u00e9manteler une bande criminelle sp\u00e9cialis\u00e9e dans le trafic de drogue \u00e0 partir du Maroc, en arr\u00eatant six criminels, en plus de sept autres interpell\u00e9s en mai dernier, indique le journal espagnol El Faro de Ceuta. <\/strong><br>Selon le m\u00eame m\u00e9dia, la police nationale espagnole, appuy\u00e9e par les Mossos d&rsquo;Esquadra, une brigade de police de la r\u00e9gion de Catalogne, a r\u00e9ussi \u00e0 interpeller treize membres d&rsquo;un gang marocain sp\u00e9cialis\u00e9 dans le trafic de drogue et qui avait, au mois de mai dernier, d\u00e9charg\u00e9 quatre tonnes de haschisch \u00e0 l&rsquo;Ametlla de Mar (Tarragone-en Catalogne) en provenance du Maroc. \u00ab\u00a0Les arrestations ont eu lieu le 21 janvier \u00e0 Alicante, o\u00f9 cinq hommes et une femme ont \u00e9t\u00e9 arr\u00eat\u00e9s dans le cadre de l&rsquo;enqu\u00eate relative \u00e0 l&rsquo;affaire du d\u00e9chargement des quatre tonnes de drogues dans une baie (non loin) du port Olivet \u00e0 l&rsquo;Ametlla de Mar en mai 2024\u00a0\u00bb, pr\u00e9cise le journal. Au mois de mai dernier, la police avait r\u00e9ussi \u00e0 arr\u00eater sept membres du m\u00eame gang. En arrivant sur le lieu du d\u00e9chargement, la police avait trouv\u00e9 une embarcation de 15 m\u00e8tres dot\u00e9e de trois moteurs et, non loin, sur la plage, une camionnette et plusieurs paquets pos\u00e9s sur le sable. Les policiers ont r\u00e9ussi \u00e0 arr\u00eater les sept individus alors qu&rsquo;ils tentaient de prendre la fuite. Les agents de police ont d\u00e9couvert, dans l&#8217;embarcation, un pistolet et des munitions, signale le m\u00e9dia espagnol. \u00ab\u00a0Apr\u00e8s des mois d&rsquo;enqu\u00eate, la police a identifi\u00e9 six autres personnes, install\u00e9es dans la province d&rsquo;Alicante et qui seraient directement li\u00e9es au d\u00e9barquement de l&rsquo;Ametlla\u00a0\u00bb, poursuit le journal qui indique que la police a proc\u00e9d\u00e9 \u00e0 leur arrestation. \u00ab\u00a0Les agents (de police) ont perquisitionn\u00e9 le domicile du chef du groupe criminel dans la ville de Muro de Alcoy (Alicante), o\u00f9 ils ont saisi de petites quantit\u00e9s de haschisch\u00a0\u00bb, ajoute le journal. \u00ab\u00a0Les six pr\u00e9venus, \u00e2g\u00e9s de 25 \u00e0 40 ans, sont accus\u00e9s de d\u00e9lits contre la sant\u00e9 publique et d&rsquo;appartenance \u00e0 un groupe criminel. (Ils) ont \u00e9t\u00e9 transf\u00e9r\u00e9s au si\u00e8ge de la police \u00e0 Tortosa (Tarragone)\u00a0\u00bb, informe le journal qui constate que la plupart des personnes impliqu\u00e9es dans cette affaire avaient d\u00e9j\u00e0 un casier judiciaire.<\/p>\n","protected":false},"excerpt":{"rendered":"<p>La police espagnole a r\u00e9ussi \u00e0 d\u00e9manteler une bande criminelle sp\u00e9cialis\u00e9e dans le trafic de drogue \u00e0 partir du Maroc, en arr\u00eatant six criminels, en plus de sept autres interpell\u00e9s en mai dernier, indique le journal espagnol El Faro de Ceuta. Selon le m\u00eame m\u00e9dia, la police nationale espagnole, appuy\u00e9e par les Mossos d&rsquo;Esquadra, une &hellip;<\/p>\n","protected":false},"author":9,"featured_media":46301,"comment_status":"open","ping_status":"open","sticky":false,"template":"","format":"standard","meta":{"footnotes":""},"categories":[44],"tags":[1263,199,99,1668],"class_list":["post-46297","post","type-post","status-publish","format-standard","has-post-thumbnail","hentry","category-international","tag-demantelement","tag-espagne","tag-maroc","tag-trafic-de-drogue"],"yoast_head":"<!-- This site is optimized with the Yoast SEO Premium plugin v22.6 (Yoast SEO v22.6) - https:\/\/yoast.com\/wordpress\/plugins\/seo\/ -->\n<title>Espagne : d\u00e9mant\u00e8lement d&#039;un gang sp\u00e9cialis\u00e9 dans le trafic de drogue \u00e0 partir du Maroc - El Mawkie<\/title>\n<meta name=\"robots\" content=\"index, follow, max-snippet:-1, max-image-preview:large, max-video-preview:-1\" \/>\n<link rel=\"canonical\" href=\"https:\/\/elmawkie.dz\/fr\/espagne-demantelement-dun-gang-specialise-dans-le-trafic-de-drogue-a-partir-du-maroc\/\" \/>\n<meta property=\"og:locale\" content=\"fr_FR\" \/>\n<meta property=\"og:type\" content=\"article\" \/>\n<meta property=\"og:title\" content=\"Espagne : d\u00e9mant\u00e8lement d&#039;un gang sp\u00e9cialis\u00e9 dans le trafic de drogue \u00e0 partir du Maroc\" \/>\n<meta property=\"og:description\" content=\"La police espagnole a r\u00e9ussi \u00e0 d\u00e9manteler une bande criminelle sp\u00e9cialis\u00e9e dans le trafic de drogue \u00e0 partir du Maroc, en arr\u00eatant six criminels, en plus de sept autres interpell\u00e9s en mai dernier, indique le journal espagnol El Faro de Ceuta. Selon le m\u00eame m\u00e9dia, la police nationale espagnole, appuy\u00e9e par les Mossos d&rsquo;Esquadra, une &hellip;\" \/>\n<meta property=\"og:url\" content=\"https:\/\/elmawkie.dz\/fr\/espagne-demantelement-dun-gang-specialise-dans-le-trafic-de-drogue-a-partir-du-maroc\/\" \/>\n<meta property=\"og:site_name\" content=\"El Mawkie\" \/>\n<meta property=\"article:publisher\" content=\"https:\/\/www.facebook.com\/profile.php?id=100088407094989&amp;locale=fr_FR\" \/>\n<meta property=\"article:published_time\" content=\"2025-01-26T20:51:24+00:00\" \/>\n<meta property=\"article:modified_time\" content=\"2025-01-26T20:53:32+00:00\" \/>\n<meta property=\"og:image\" content=\"https:\/\/elmawkie.dz\/fr\/wp-content\/uploads\/2025\/01\/IMG_8743.jpeg\" \/>\n\t<meta property=\"og:image:width\" content=\"738\" \/>\n\t<meta property=\"og:image:height\" content=\"415\" \/>\n\t<meta property=\"og:image:type\" content=\"image\/jpeg\" \/>\n<meta name=\"author\" content=\"R\u00e9daction\" \/>\n<meta name=\"twitter:card\" content=\"summary_large_image\" \/>\n<meta name=\"twitter:label1\" content=\"Written by\" \/>\n\t<meta name=\"twitter:data1\" content=\"R\u00e9daction\" \/>\n\t<meta name=\"twitter:label2\" content=\"Est. reading time\" \/>\n\t<meta name=\"twitter:data2\" content=\"3 minutes\" \/>\n<script type=\"application\/ld+json\" class=\"yoast-schema-graph\">{\"@context\":\"https:\/\/schema.org\",\"@graph\":[{\"@type\":\"Article\",\"@id\":\"https:\/\/elmawkie.dz\/fr\/espagne-demantelement-dun-gang-specialise-dans-le-trafic-de-drogue-a-partir-du-maroc\/#article\",\"isPartOf\":{\"@id\":\"https:\/\/elmawkie.dz\/fr\/espagne-demantelement-dun-gang-specialise-dans-le-trafic-de-drogue-a-partir-du-maroc\/\"},\"author\":{\"name\":\"R\u00e9daction\",\"@id\":\"https:\/\/elmawkie.dz\/fr\/#\/schema\/person\/e7bd59d6467874ba5c4723d8a9f0a63c\"},\"headline\":\"Espagne : d\u00e9mant\u00e8lement d&rsquo;un gang sp\u00e9cialis\u00e9 dans le trafic de drogue \u00e0 partir du Maroc\",\"datePublished\":\"2025-01-26T20:51:24+00:00\",\"dateModified\":\"2025-01-26T20:53:32+00:00\",\"mainEntityOfPage\":{\"@id\":\"https:\/\/elmawkie.dz\/fr\/espagne-demantelement-dun-gang-specialise-dans-le-trafic-de-drogue-a-partir-du-maroc\/\"},\"wordCount\":418,\"commentCount\":0,\"publisher\":{\"@id\":\"https:\/\/elmawkie.dz\/fr\/#organization\"},\"image\":{\"@id\":\"https:\/\/elmawkie.dz\/fr\/espagne-demantelement-dun-gang-specialise-dans-le-trafic-de-drogue-a-partir-du-maroc\/#primaryimage\"},\"thumbnailUrl\":\"https:\/\/elmawkie.dz\/fr\/wp-content\/uploads\/2025\/01\/IMG_8743.jpeg\",\"keywords\":[\"d\u00e9mant\u00e8lement\",\"Espagne\",\"Maroc\",\"trafic de drogue\"],\"articleSection\":[\"International\"],\"inLanguage\":\"fr-FR\",\"potentialAction\":[{\"@type\":\"CommentAction\",\"name\":\"Comment\",\"target\":[\"https:\/\/elmawkie.dz\/fr\/espagne-demantelement-dun-gang-specialise-dans-le-trafic-de-drogue-a-partir-du-maroc\/#respond\"]}]},{\"@type\":\"WebPage\",\"@id\":\"https:\/\/elmawkie.dz\/fr\/espagne-demantelement-dun-gang-specialise-dans-le-trafic-de-drogue-a-partir-du-maroc\/\",\"url\":\"https:\/\/elmawkie.dz\/fr\/espagne-demantelement-dun-gang-specialise-dans-le-trafic-de-drogue-a-partir-du-maroc\/\",\"name\":\"Espagne : d\u00e9mant\u00e8lement d'un gang sp\u00e9cialis\u00e9 dans le trafic de drogue \u00e0 partir du Maroc - El Mawkie\",\"isPartOf\":{\"@id\":\"https:\/\/elmawkie.dz\/fr\/#website\"},\"primaryImageOfPage\":{\"@id\":\"https:\/\/elmawkie.dz\/fr\/espagne-demantelement-dun-gang-specialise-dans-le-trafic-de-drogue-a-partir-du-maroc\/#primaryimage\"},\"image\":{\"@id\":\"https:\/\/elmawkie.dz\/fr\/espagne-demantelement-dun-gang-specialise-dans-le-trafic-de-drogue-a-partir-du-maroc\/#primaryimage\"},\"thumbnailUrl\":\"https:\/\/elmawkie.dz\/fr\/wp-content\/uploads\/2025\/01\/IMG_8743.jpeg\",\"datePublished\":\"2025-01-26T20:51:24+00:00\",\"dateModified\":\"2025-01-26T20:53:32+00:00\",\"breadcrumb\":{\"@id\":\"https:\/\/elmawkie.dz\/fr\/espagne-demantelement-dun-gang-specialise-dans-le-trafic-de-drogue-a-partir-du-maroc\/#breadcrumb\"},\"inLanguage\":\"fr-FR\",\"potentialAction\":[{\"@type\":\"ReadAction\",\"target\":[\"https:\/\/elmawkie.dz\/fr\/espagne-demantelement-dun-gang-specialise-dans-le-trafic-de-drogue-a-partir-du-maroc\/\"]}]},{\"@type\":\"ImageObject\",\"inLanguage\":\"fr-FR\",\"@id\":\"https:\/\/elmawkie.dz\/fr\/espagne-demantelement-dun-gang-specialise-dans-le-trafic-de-drogue-a-partir-du-maroc\/#primaryimage\",\"url\":\"https:\/\/elmawkie.dz\/fr\/wp-content\/uploads\/2025\/01\/IMG_8743.jpeg\",\"contentUrl\":\"https:\/\/elmawkie.dz\/fr\/wp-content\/uploads\/2025\/01\/IMG_8743.jpeg\",\"width\":738,\"height\":415},{\"@type\":\"BreadcrumbList\",\"@id\":\"https:\/\/elmawkie.dz\/fr\/espagne-demantelement-dun-gang-specialise-dans-le-trafic-de-drogue-a-partir-du-maroc\/#breadcrumb\",\"itemListElement\":[{\"@type\":\"ListItem\",\"position\":1,\"name\":\"Home\",\"item\":\"https:\/\/elmawkie.dz\/fr\/\"},{\"@type\":\"ListItem\",\"position\":2,\"name\":\"Espagne : d\u00e9mant\u00e8lement d&rsquo;un gang sp\u00e9cialis\u00e9 dans le trafic de drogue \u00e0 partir du Maroc\"}]},{\"@type\":\"WebSite\",\"@id\":\"https:\/\/elmawkie.dz\/fr\/#website\",\"url\":\"https:\/\/elmawkie.dz\/fr\/\",\"name\":\"EL MAWKIE\",\"description\":\"Journal \u00c9lectronique Alg\u00e9rien\",\"publisher\":{\"@id\":\"https:\/\/elmawkie.dz\/fr\/#organization\"},\"potentialAction\":[{\"@type\":\"SearchAction\",\"target\":{\"@type\":\"EntryPoint\",\"urlTemplate\":\"https:\/\/elmawkie.dz\/fr\/?s={search_term_string}\"},\"query-input\":\"required name=search_term_string\"}],\"inLanguage\":\"fr-FR\"},{\"@type\":\"Organization\",\"@id\":\"https:\/\/elmawkie.dz\/fr\/#organization\",\"name\":\"EL MAWKIE\",\"url\":\"https:\/\/elmawkie.dz\/fr\/\",\"logo\":{\"@type\":\"ImageObject\",\"inLanguage\":\"fr-FR\",\"@id\":\"https:\/\/elmawkie.dz\/fr\/#\/schema\/logo\/image\/\",\"url\":\"https:\/\/elmawkie.dz\/fr\/wp-content\/uploads\/2024\/05\/logo1.png\",\"contentUrl\":\"https:\/\/elmawkie.dz\/fr\/wp-content\/uploads\/2024\/05\/logo1.png\",\"width\":1648,\"height\":652,\"caption\":\"EL MAWKIE\"},\"image\":{\"@id\":\"https:\/\/elmawkie.dz\/fr\/#\/schema\/logo\/image\/\"},\"sameAs\":[\"https:\/\/www.facebook.com\/profile.php?id=100088407094989&locale=fr_FR\"]},{\"@type\":\"Person\",\"@id\":\"https:\/\/elmawkie.dz\/fr\/#\/schema\/person\/e7bd59d6467874ba5c4723d8a9f0a63c\",\"name\":\"R\u00e9daction\",\"image\":{\"@type\":\"ImageObject\",\"inLanguage\":\"fr-FR\",\"@id\":\"https:\/\/elmawkie.dz\/fr\/#\/schema\/person\/image\/\",\"url\":\"https:\/\/secure.gravatar.com\/avatar\/f0f773456344da4d2788c054a3d30a0c?s=96&d=mm&r=g\",\"contentUrl\":\"https:\/\/secure.gravatar.com\/avatar\/f0f773456344da4d2788c054a3d30a0c?s=96&d=mm&r=g\",\"caption\":\"R\u00e9daction\"},\"url\":\"https:\/\/elmawkie.dz\/fr\/author\/redaction\/\"}]}<\/script>\n<!-- \/ Yoast SEO Premium plugin. -->","yoast_head_json":{"title":"Espagne : d\u00e9mant\u00e8lement d'un gang sp\u00e9cialis\u00e9 dans le trafic de drogue \u00e0 partir du Maroc - El Mawkie","robots":{"index":"index","follow":"follow","max-snippet":"max-snippet:-1","max-image-preview":"max-image-preview:large","max-video-preview":"max-video-preview:-1"},"canonical":"https:\/\/elmawkie.dz\/fr\/espagne-demantelement-dun-gang-specialise-dans-le-trafic-de-drogue-a-partir-du-maroc\/","og_locale":"fr_FR","og_type":"article","og_title":"Espagne : d\u00e9mant\u00e8lement d'un gang sp\u00e9cialis\u00e9 dans le trafic de drogue \u00e0 partir du Maroc","og_description":"La police espagnole a r\u00e9ussi \u00e0 d\u00e9manteler une bande criminelle sp\u00e9cialis\u00e9e dans le trafic de drogue \u00e0 partir du Maroc, en arr\u00eatant six criminels, en plus de sept autres interpell\u00e9s en mai dernier, indique le journal espagnol El Faro de Ceuta. Selon le m\u00eame m\u00e9dia, la police nationale espagnole, appuy\u00e9e par les Mossos d&rsquo;Esquadra, une &hellip;","og_url":"https:\/\/elmawkie.dz\/fr\/espagne-demantelement-dun-gang-specialise-dans-le-trafic-de-drogue-a-partir-du-maroc\/","og_site_name":"El Mawkie","article_publisher":"https:\/\/www.facebook.com\/profile.php?id=100088407094989&locale=fr_FR","article_published_time":"2025-01-26T20:51:24+00:00","article_modified_time":"2025-01-26T20:53:32+00:00","og_image":[{"width":738,"height":415,"url":"https:\/\/elmawkie.dz\/fr\/wp-content\/uploads\/2025\/01\/IMG_8743.jpeg","type":"image\/jpeg"}],"author":"R\u00e9daction","twitter_card":"summary_large_image","twitter_misc":{"Written by":"R\u00e9daction","Est. reading time":"3 minutes"},"schema":{"@context":"https:\/\/schema.org","@graph":[{"@type":"Article","@id":"https:\/\/elmawkie.dz\/fr\/espagne-demantelement-dun-gang-specialise-dans-le-trafic-de-drogue-a-partir-du-maroc\/#article","isPartOf":{"@id":"https:\/\/elmawkie.dz\/fr\/espagne-demantelement-dun-gang-specialise-dans-le-trafic-de-drogue-a-partir-du-maroc\/"},"author":{"name":"R\u00e9daction","@id":"https:\/\/elmawkie.dz\/fr\/#\/schema\/person\/e7bd59d6467874ba5c4723d8a9f0a63c"},"headline":"Espagne : d\u00e9mant\u00e8lement d&rsquo;un gang sp\u00e9cialis\u00e9 dans le trafic de drogue \u00e0 partir du Maroc","datePublished":"2025-01-26T20:51:24+00:00","dateModified":"2025-01-26T20:53:32+00:00","mainEntityOfPage":{"@id":"https:\/\/elmawkie.dz\/fr\/espagne-demantelement-dun-gang-specialise-dans-le-trafic-de-drogue-a-partir-du-maroc\/"},"wordCount":418,"commentCount":0,"publisher":{"@id":"https:\/\/elmawkie.dz\/fr\/#organization"},"image":{"@id":"https:\/\/elmawkie.dz\/fr\/espagne-demantelement-dun-gang-specialise-dans-le-trafic-de-drogue-a-partir-du-maroc\/#primaryimage"},"thumbnailUrl":"https:\/\/elmawkie.dz\/fr\/wp-content\/uploads\/2025\/01\/IMG_8743.jpeg","keywords":["d\u00e9mant\u00e8lement","Espagne","Maroc","trafic de drogue"],"articleSection":["International"],"inLanguage":"fr-FR","potentialAction":[{"@type":"CommentAction","name":"Comment","target":["https:\/\/elmawkie.dz\/fr\/espagne-demantelement-dun-gang-specialise-dans-le-trafic-de-drogue-a-partir-du-maroc\/#respond"]}]},{"@type":"WebPage","@id":"https:\/\/elmawkie.dz\/fr\/espagne-demantelement-dun-gang-specialise-dans-le-trafic-de-drogue-a-partir-du-maroc\/","url":"https:\/\/elmawkie.dz\/fr\/espagne-demantelement-dun-gang-specialise-dans-le-trafic-de-drogue-a-partir-du-maroc\/","name":"Espagne : d\u00e9mant\u00e8lement d'un gang sp\u00e9cialis\u00e9 dans le trafic de drogue \u00e0 partir du Maroc - El Mawkie","isPartOf":{"@id":"https:\/\/elmawkie.dz\/fr\/#website"},"primaryImageOfPage":{"@id":"https:\/\/elmawkie.dz\/fr\/espagne-demantelement-dun-gang-specialise-dans-le-trafic-de-drogue-a-partir-du-maroc\/#primaryimage"},"image":{"@id":"https:\/\/elmawkie.dz\/fr\/espagne-demantelement-dun-gang-specialise-dans-le-trafic-de-drogue-a-partir-du-maroc\/#primaryimage"},"thumbnailUrl":"https:\/\/elmawkie.dz\/fr\/wp-content\/uploads\/2025\/01\/IMG_8743.jpeg","datePublished":"2025-01-26T20:51:24+00:00","dateModified":"2025-01-26T20:53:32+00:00","breadcrumb":{"@id":"https:\/\/elmawkie.dz\/fr\/espagne-demantelement-dun-gang-specialise-dans-le-trafic-de-drogue-a-partir-du-maroc\/#breadcrumb"},"inLanguage":"fr-FR","potentialAction":[{"@type":"ReadAction","target":["https:\/\/elmawkie.dz\/fr\/espagne-demantelement-dun-gang-specialise-dans-le-trafic-de-drogue-a-partir-du-maroc\/"]}]},{"@type":"ImageObject","inLanguage":"fr-FR","@id":"https:\/\/elmawkie.dz\/fr\/espagne-demantelement-dun-gang-specialise-dans-le-trafic-de-drogue-a-partir-du-maroc\/#primaryimage","url":"https:\/\/elmawkie.dz\/fr\/wp-content\/uploads\/2025\/01\/IMG_8743.jpeg","contentUrl":"https:\/\/elmawkie.dz\/fr\/wp-content\/uploads\/2025\/01\/IMG_8743.jpeg","width":738,"height":415},{"@type":"BreadcrumbList","@id":"https:\/\/elmawkie.dz\/fr\/espagne-demantelement-dun-gang-specialise-dans-le-trafic-de-drogue-a-partir-du-maroc\/#breadcrumb","itemListElement":[{"@type":"ListItem","position":1,"name":"Home","item":"https:\/\/elmawkie.dz\/fr\/"},{"@type":"ListItem","position":2,"name":"Espagne : d\u00e9mant\u00e8lement d&rsquo;un gang sp\u00e9cialis\u00e9 dans le trafic de drogue \u00e0 partir du Maroc"}]},{"@type":"WebSite","@id":"https:\/\/elmawkie.dz\/fr\/#website","url":"https:\/\/elmawkie.dz\/fr\/","name":"EL MAWKIE","description":"Journal \u00c9lectronique Alg\u00e9rien","publisher":{"@id":"https:\/\/elmawkie.dz\/fr\/#organization"},"potentialAction":[{"@type":"SearchAction","target":{"@type":"EntryPoint","urlTemplate":"https:\/\/elmawkie.dz\/fr\/?s={search_term_string}"},"query-input":"required name=search_term_string"}],"inLanguage":"fr-FR"},{"@type":"Organization","@id":"https:\/\/elmawkie.dz\/fr\/#organization","name":"EL MAWKIE","url":"https:\/\/elmawkie.dz\/fr\/","logo":{"@type":"ImageObject","inLanguage":"fr-FR","@id":"https:\/\/elmawkie.dz\/fr\/#\/schema\/logo\/image\/","url":"https:\/\/elmawkie.dz\/fr\/wp-content\/uploads\/2024\/05\/logo1.png","contentUrl":"https:\/\/elmawkie.dz\/fr\/wp-content\/uploads\/2024\/05\/logo1.png","width":1648,"height":652,"caption":"EL MAWKIE"},"image":{"@id":"https:\/\/elmawkie.dz\/fr\/#\/schema\/logo\/image\/"},"sameAs":["https:\/\/www.facebook.com\/profile.php?id=100088407094989&locale=fr_FR"]},{"@type":"Person","@id":"https:\/\/elmawkie.dz\/fr\/#\/schema\/person\/e7bd59d6467874ba5c4723d8a9f0a63c","name":"R\u00e9daction","image":{"@type":"ImageObject","inLanguage":"fr-FR","@id":"https:\/\/elmawkie.dz\/fr\/#\/schema\/person\/image\/","url":"https:\/\/secure.gravatar.com\/avatar\/f0f773456344da4d2788c054a3d30a0c?s=96&d=mm&r=g","contentUrl":"https:\/\/secure.gravatar.com\/avatar\/f0f773456344da4d2788c054a3d30a0c?s=96&d=mm&r=g","caption":"R\u00e9daction"},"url":"https:\/\/elmawkie.dz\/fr\/author\/redaction\/"}]}},"_links":{"self":[{"href":"https:\/\/elmawkie.dz\/fr\/wp-json\/wp\/v2\/posts\/46297","targetHints":{"allow":["GET"]}}],"collection":[{"href":"https:\/\/elmawkie.dz\/fr\/wp-json\/wp\/v2\/posts"}],"about":[{"href":"https:\/\/elmawkie.dz\/fr\/wp-json\/wp\/v2\/types\/post"}],"author":[{"embeddable":true,"href":"https:\/\/elmawkie.dz\/fr\/wp-json\/wp\/v2\/users\/9"}],"replies":[{"embeddable":true,"href":"https:\/\/elmawkie.dz\/fr\/wp-json\/wp\/v2\/comments?post=46297"}],"version-history":[{"count":1,"href":"https:\/\/elmawkie.dz\/fr\/wp-json\/wp\/v2\/posts\/46297\/revisions"}],"predecessor-version":[{"id":46300,"href":"https:\/\/elmawkie.dz\/fr\/wp-json\/wp\/v2\/posts\/46297\/revisions\/46300"}],"wp:featuredmedia":[{"embeddable":true,"href":"https:\/\/elmawkie.dz\/fr\/wp-json\/wp\/v2\/media\/46301"}],"wp:attachment":[{"href":"https:\/\/elmawkie.dz\/fr\/wp-json\/wp\/v2\/media?parent=46297"}],"wp:term":[{"taxonomy":"category","embeddable":true,"href":"https:\/\/elmawkie.dz\/fr\/wp-json\/wp\/v2\/categories?post=46297"},{"taxonomy":"post_tag","embeddable":true,"href":"https:\/\/elmawkie.dz\/fr\/wp-json\/wp\/v2\/tags?post=46297"}],"curies":[{"name":"wp","href":"https:\/\/api.w.org\/{rel}","templated":true}]}}