{"id":46291,"date":"2025-01-26T20:24:14","date_gmt":"2025-01-26T19:24:14","guid":{"rendered":"https:\/\/elmawkie.dz\/fr\/?p=46291"},"modified":"2025-01-26T20:32:31","modified_gmt":"2025-01-26T19:32:31","slug":"lancement-de-lenquete-post-censitaire-du-recensement-general-de-lagriculture","status":"publish","type":"post","link":"https:\/\/elmawkie.dz\/fr\/lancement-de-lenquete-post-censitaire-du-recensement-general-de-lagriculture\/","title":{"rendered":"Lancement de l&rsquo;enqu\u00eate post-censitaire du Recensement G\u00e9n\u00e9ral de l\u2019Agriculture"},"content":{"rendered":"\n<p><strong>L&rsquo;enqu\u00eate <a href=\"https:\/\/www.facebook.com\/share\/p\/1TxR3gknhn\/?mibextid=wwXIfr\">post-censitaire<\/a> du Recensement G\u00e9n\u00e9ral de l\u2019Agriculture (RGA 2024) a \u00e9t\u00e9 lanc\u00e9e ce dimanche <\/strong>, <strong>selon un communiqu\u00e9 du minist\u00e8re de l\u2019agriculture, du d\u00e9veloppement rural et de la p\u00eache <\/strong>. <strong>elle constitue une \u00e9tape cl\u00e9 qui suit la collecte des donn\u00e9es lors du Recensement r\u00e9alis\u00e9 entre le 19 mai au 27 juillet 2024 . <\/strong><br>Pour cette op\u00e9ration le minist\u00e8re a pr\u00e9cis\u00e9 que 300 enqu\u00eateurs (recenseurs) ont \u00e9t\u00e9 mobilis\u00e9s, se d\u00e9roulera sur une p\u00e9riode de 15 jours \u00e0 partir du 26 janvier 2025. Environs 23000 exploitations agricoles seront enqu\u00eat\u00e9es, r\u00e9parties sur 100 zones d\u2019intervention (100 communes) r\u00e9parties sur 28 wilayas. Les wilayas concern\u00e9es selon le communiqu\u00e9 du minist\u00e8re sont Adrar, Laghouat, Oum El Bouaghi, Batna, B\u00e9ja\u00efa, Biskra, B\u00e9char, Tamanghasset, Tlemcen, Tiaret, Djelfa, S\u00e9tif, Skikda, Guelma, M\u00e9d\u00e9a, Mostaganem, Mascara, Ouargla, El Bayadh, Boumerd\u00e8s, El Tarf, El Oued, Mila, Ain Defla, Timimoun, Ouled Djellal, El M&rsquo;ghair et El Menia. Cette op\u00e9ration vise \u00e0 v\u00e9rifier la qualit\u00e9 et la fiabilit\u00e9 des donn\u00e9es recueillies lors du troisi\u00e8me recensement g\u00e9n\u00e9ral de l&rsquo;agriculture, afin de corriger d&rsquo;\u00e9ventuelles erreurs et d&rsquo;\u00e9valuer la couverture du recensement, c&rsquo;est-\u00e0-dire identifier les exploitations agricoles qui auraient pu \u00eatre omises. L&rsquo;enqu\u00eate post-censitaire sera r\u00e9alis\u00e9e \u00ab\u00a0sur un \u00e9chantillon repr\u00e9sentatif des exploitations agricoles recens\u00e9es et ou non recens\u00e9es. Elle implique une nouvelle visite sur le terrain, o\u00f9 des enqu\u00eateurs (recenseurs) enqu\u00eatent aupr\u00e8s des exploitants pour confirmer ou corriger les donn\u00e9es pr\u00e9c\u00e9demment collect\u00e9es\u00a0\u00bb, ajoute la m\u00eame source. Les informations v\u00e9rifi\u00e9es peuvent concerner la superficie des terres, les types de cultures, le cheptel, l&rsquo;\u00e9quipement agricole, ainsi que les pratiques culturales. Les r\u00e9sultats de cette enqu\u00eate \u00ab\u00a0sont essentiels pour am\u00e9liorer la pr\u00e9cision des statistiques agricoles et pour ajuster les r\u00e9sultats du RGA, pour mieux orienter les politiques agricoles\u00a0\u00bb.<\/p>\n","protected":false},"excerpt":{"rendered":"<p>L&rsquo;enqu\u00eate post-censitaire du Recensement G\u00e9n\u00e9ral de l\u2019Agriculture (RGA 2024) a \u00e9t\u00e9 lanc\u00e9e ce dimanche , selon un communiqu\u00e9 du minist\u00e8re de l\u2019agriculture, du d\u00e9veloppement rural et de la p\u00eache . elle constitue une \u00e9tape cl\u00e9 qui suit la collecte des donn\u00e9es lors du Recensement r\u00e9alis\u00e9 entre le 19 mai au 27 juillet 2024 . Pour &hellip;<\/p>\n","protected":false},"author":9,"featured_media":46293,"comment_status":"open","ping_status":"open","sticky":false,"template":"","format":"standard","meta":{"footnotes":""},"categories":[47],"tags":[],"class_list":["post-46291","post","type-post","status-publish","format-standard","has-post-thumbnail","hentry","category-national"],"yoast_head":"<!-- This site is optimized with the Yoast SEO Premium plugin v22.6 (Yoast SEO v22.6) - https:\/\/yoast.com\/wordpress\/plugins\/seo\/ -->\n<title>Lancement de l&#039;enqu\u00eate post-censitaire du Recensement G\u00e9n\u00e9ral de l\u2019Agriculture - El Mawkie<\/title>\n<meta name=\"robots\" content=\"index, follow, max-snippet:-1, max-image-preview:large, max-video-preview:-1\" \/>\n<link rel=\"canonical\" href=\"https:\/\/elmawkie.dz\/fr\/lancement-de-lenquete-post-censitaire-du-recensement-general-de-lagriculture\/\" \/>\n<meta property=\"og:locale\" content=\"fr_FR\" \/>\n<meta property=\"og:type\" content=\"article\" \/>\n<meta property=\"og:title\" content=\"Lancement de l&#039;enqu\u00eate post-censitaire du Recensement G\u00e9n\u00e9ral de l\u2019Agriculture\" \/>\n<meta property=\"og:description\" content=\"L&rsquo;enqu\u00eate post-censitaire du Recensement G\u00e9n\u00e9ral de l\u2019Agriculture (RGA 2024) a \u00e9t\u00e9 lanc\u00e9e ce dimanche , selon un communiqu\u00e9 du minist\u00e8re de l\u2019agriculture, du d\u00e9veloppement rural et de la p\u00eache . elle constitue une \u00e9tape cl\u00e9 qui suit la collecte des donn\u00e9es lors du Recensement r\u00e9alis\u00e9 entre le 19 mai au 27 juillet 2024 . Pour &hellip;\" \/>\n<meta property=\"og:url\" content=\"https:\/\/elmawkie.dz\/fr\/lancement-de-lenquete-post-censitaire-du-recensement-general-de-lagriculture\/\" \/>\n<meta property=\"og:site_name\" content=\"El Mawkie\" \/>\n<meta property=\"article:publisher\" content=\"https:\/\/www.facebook.com\/profile.php?id=100088407094989&amp;locale=fr_FR\" \/>\n<meta property=\"article:published_time\" content=\"2025-01-26T19:24:14+00:00\" \/>\n<meta property=\"article:modified_time\" content=\"2025-01-26T19:32:31+00:00\" \/>\n<meta property=\"og:image\" content=\"https:\/\/elmawkie.dz\/fr\/wp-content\/uploads\/2025\/01\/IMG_8740.jpeg\" \/>\n\t<meta property=\"og:image:width\" content=\"739\" \/>\n\t<meta property=\"og:image:height\" content=\"415\" \/>\n\t<meta property=\"og:image:type\" content=\"image\/jpeg\" \/>\n<meta name=\"author\" content=\"R\u00e9daction\" \/>\n<meta name=\"twitter:card\" content=\"summary_large_image\" \/>\n<meta name=\"twitter:label1\" content=\"Written by\" \/>\n\t<meta name=\"twitter:data1\" content=\"R\u00e9daction\" \/>\n\t<meta name=\"twitter:label2\" content=\"Est. reading time\" \/>\n\t<meta name=\"twitter:data2\" content=\"2 minutes\" \/>\n<script type=\"application\/ld+json\" class=\"yoast-schema-graph\">{\"@context\":\"https:\/\/schema.org\",\"@graph\":[{\"@type\":\"Article\",\"@id\":\"https:\/\/elmawkie.dz\/fr\/lancement-de-lenquete-post-censitaire-du-recensement-general-de-lagriculture\/#article\",\"isPartOf\":{\"@id\":\"https:\/\/elmawkie.dz\/fr\/lancement-de-lenquete-post-censitaire-du-recensement-general-de-lagriculture\/\"},\"author\":{\"name\":\"R\u00e9daction\",\"@id\":\"https:\/\/elmawkie.dz\/fr\/#\/schema\/person\/e7bd59d6467874ba5c4723d8a9f0a63c\"},\"headline\":\"Lancement de l&rsquo;enqu\u00eate post-censitaire du Recensement G\u00e9n\u00e9ral de l\u2019Agriculture\",\"datePublished\":\"2025-01-26T19:24:14+00:00\",\"dateModified\":\"2025-01-26T19:32:31+00:00\",\"mainEntityOfPage\":{\"@id\":\"https:\/\/elmawkie.dz\/fr\/lancement-de-lenquete-post-censitaire-du-recensement-general-de-lagriculture\/\"},\"wordCount\":345,\"commentCount\":0,\"publisher\":{\"@id\":\"https:\/\/elmawkie.dz\/fr\/#organization\"},\"image\":{\"@id\":\"https:\/\/elmawkie.dz\/fr\/lancement-de-lenquete-post-censitaire-du-recensement-general-de-lagriculture\/#primaryimage\"},\"thumbnailUrl\":\"https:\/\/elmawkie.dz\/fr\/wp-content\/uploads\/2025\/01\/IMG_8740.jpeg\",\"articleSection\":[\"National\"],\"inLanguage\":\"fr-FR\",\"potentialAction\":[{\"@type\":\"CommentAction\",\"name\":\"Comment\",\"target\":[\"https:\/\/elmawkie.dz\/fr\/lancement-de-lenquete-post-censitaire-du-recensement-general-de-lagriculture\/#respond\"]}]},{\"@type\":\"WebPage\",\"@id\":\"https:\/\/elmawkie.dz\/fr\/lancement-de-lenquete-post-censitaire-du-recensement-general-de-lagriculture\/\",\"url\":\"https:\/\/elmawkie.dz\/fr\/lancement-de-lenquete-post-censitaire-du-recensement-general-de-lagriculture\/\",\"name\":\"Lancement de l'enqu\u00eate post-censitaire du Recensement G\u00e9n\u00e9ral de l\u2019Agriculture - El Mawkie\",\"isPartOf\":{\"@id\":\"https:\/\/elmawkie.dz\/fr\/#website\"},\"primaryImageOfPage\":{\"@id\":\"https:\/\/elmawkie.dz\/fr\/lancement-de-lenquete-post-censitaire-du-recensement-general-de-lagriculture\/#primaryimage\"},\"image\":{\"@id\":\"https:\/\/elmawkie.dz\/fr\/lancement-de-lenquete-post-censitaire-du-recensement-general-de-lagriculture\/#primaryimage\"},\"thumbnailUrl\":\"https:\/\/elmawkie.dz\/fr\/wp-content\/uploads\/2025\/01\/IMG_8740.jpeg\",\"datePublished\":\"2025-01-26T19:24:14+00:00\",\"dateModified\":\"2025-01-26T19:32:31+00:00\",\"breadcrumb\":{\"@id\":\"https:\/\/elmawkie.dz\/fr\/lancement-de-lenquete-post-censitaire-du-recensement-general-de-lagriculture\/#breadcrumb\"},\"inLanguage\":\"fr-FR\",\"potentialAction\":[{\"@type\":\"ReadAction\",\"target\":[\"https:\/\/elmawkie.dz\/fr\/lancement-de-lenquete-post-censitaire-du-recensement-general-de-lagriculture\/\"]}]},{\"@type\":\"ImageObject\",\"inLanguage\":\"fr-FR\",\"@id\":\"https:\/\/elmawkie.dz\/fr\/lancement-de-lenquete-post-censitaire-du-recensement-general-de-lagriculture\/#primaryimage\",\"url\":\"https:\/\/elmawkie.dz\/fr\/wp-content\/uploads\/2025\/01\/IMG_8740.jpeg\",\"contentUrl\":\"https:\/\/elmawkie.dz\/fr\/wp-content\/uploads\/2025\/01\/IMG_8740.jpeg\",\"width\":739,\"height\":415},{\"@type\":\"BreadcrumbList\",\"@id\":\"https:\/\/elmawkie.dz\/fr\/lancement-de-lenquete-post-censitaire-du-recensement-general-de-lagriculture\/#breadcrumb\",\"itemListElement\":[{\"@type\":\"ListItem\",\"position\":1,\"name\":\"Home\",\"item\":\"https:\/\/elmawkie.dz\/fr\/\"},{\"@type\":\"ListItem\",\"position\":2,\"name\":\"Lancement de l&rsquo;enqu\u00eate post-censitaire du Recensement G\u00e9n\u00e9ral de l\u2019Agriculture\"}]},{\"@type\":\"WebSite\",\"@id\":\"https:\/\/elmawkie.dz\/fr\/#website\",\"url\":\"https:\/\/elmawkie.dz\/fr\/\",\"name\":\"EL MAWKIE\",\"description\":\"Journal \u00c9lectronique Alg\u00e9rien\",\"publisher\":{\"@id\":\"https:\/\/elmawkie.dz\/fr\/#organization\"},\"potentialAction\":[{\"@type\":\"SearchAction\",\"target\":{\"@type\":\"EntryPoint\",\"urlTemplate\":\"https:\/\/elmawkie.dz\/fr\/?s={search_term_string}\"},\"query-input\":\"required name=search_term_string\"}],\"inLanguage\":\"fr-FR\"},{\"@type\":\"Organization\",\"@id\":\"https:\/\/elmawkie.dz\/fr\/#organization\",\"name\":\"EL MAWKIE\",\"url\":\"https:\/\/elmawkie.dz\/fr\/\",\"logo\":{\"@type\":\"ImageObject\",\"inLanguage\":\"fr-FR\",\"@id\":\"https:\/\/elmawkie.dz\/fr\/#\/schema\/logo\/image\/\",\"url\":\"https:\/\/elmawkie.dz\/fr\/wp-content\/uploads\/2024\/05\/logo1.png\",\"contentUrl\":\"https:\/\/elmawkie.dz\/fr\/wp-content\/uploads\/2024\/05\/logo1.png\",\"width\":1648,\"height\":652,\"caption\":\"EL MAWKIE\"},\"image\":{\"@id\":\"https:\/\/elmawkie.dz\/fr\/#\/schema\/logo\/image\/\"},\"sameAs\":[\"https:\/\/www.facebook.com\/profile.php?id=100088407094989&locale=fr_FR\"]},{\"@type\":\"Person\",\"@id\":\"https:\/\/elmawkie.dz\/fr\/#\/schema\/person\/e7bd59d6467874ba5c4723d8a9f0a63c\",\"name\":\"R\u00e9daction\",\"image\":{\"@type\":\"ImageObject\",\"inLanguage\":\"fr-FR\",\"@id\":\"https:\/\/elmawkie.dz\/fr\/#\/schema\/person\/image\/\",\"url\":\"https:\/\/secure.gravatar.com\/avatar\/f0f773456344da4d2788c054a3d30a0c?s=96&d=mm&r=g\",\"contentUrl\":\"https:\/\/secure.gravatar.com\/avatar\/f0f773456344da4d2788c054a3d30a0c?s=96&d=mm&r=g\",\"caption\":\"R\u00e9daction\"},\"url\":\"https:\/\/elmawkie.dz\/fr\/author\/redaction\/\"}]}<\/script>\n<!-- \/ Yoast SEO Premium plugin. -->","yoast_head_json":{"title":"Lancement de l'enqu\u00eate post-censitaire du Recensement G\u00e9n\u00e9ral de l\u2019Agriculture - El Mawkie","robots":{"index":"index","follow":"follow","max-snippet":"max-snippet:-1","max-image-preview":"max-image-preview:large","max-video-preview":"max-video-preview:-1"},"canonical":"https:\/\/elmawkie.dz\/fr\/lancement-de-lenquete-post-censitaire-du-recensement-general-de-lagriculture\/","og_locale":"fr_FR","og_type":"article","og_title":"Lancement de l'enqu\u00eate post-censitaire du Recensement G\u00e9n\u00e9ral de l\u2019Agriculture","og_description":"L&rsquo;enqu\u00eate post-censitaire du Recensement G\u00e9n\u00e9ral de l\u2019Agriculture (RGA 2024) a \u00e9t\u00e9 lanc\u00e9e ce dimanche , selon un communiqu\u00e9 du minist\u00e8re de l\u2019agriculture, du d\u00e9veloppement rural et de la p\u00eache . elle constitue une \u00e9tape cl\u00e9 qui suit la collecte des donn\u00e9es lors du Recensement r\u00e9alis\u00e9 entre le 19 mai au 27 juillet 2024 . Pour &hellip;","og_url":"https:\/\/elmawkie.dz\/fr\/lancement-de-lenquete-post-censitaire-du-recensement-general-de-lagriculture\/","og_site_name":"El Mawkie","article_publisher":"https:\/\/www.facebook.com\/profile.php?id=100088407094989&locale=fr_FR","article_published_time":"2025-01-26T19:24:14+00:00","article_modified_time":"2025-01-26T19:32:31+00:00","og_image":[{"width":739,"height":415,"url":"https:\/\/elmawkie.dz\/fr\/wp-content\/uploads\/2025\/01\/IMG_8740.jpeg","type":"image\/jpeg"}],"author":"R\u00e9daction","twitter_card":"summary_large_image","twitter_misc":{"Written by":"R\u00e9daction","Est. reading time":"2 minutes"},"schema":{"@context":"https:\/\/schema.org","@graph":[{"@type":"Article","@id":"https:\/\/elmawkie.dz\/fr\/lancement-de-lenquete-post-censitaire-du-recensement-general-de-lagriculture\/#article","isPartOf":{"@id":"https:\/\/elmawkie.dz\/fr\/lancement-de-lenquete-post-censitaire-du-recensement-general-de-lagriculture\/"},"author":{"name":"R\u00e9daction","@id":"https:\/\/elmawkie.dz\/fr\/#\/schema\/person\/e7bd59d6467874ba5c4723d8a9f0a63c"},"headline":"Lancement de l&rsquo;enqu\u00eate post-censitaire du Recensement G\u00e9n\u00e9ral de l\u2019Agriculture","datePublished":"2025-01-26T19:24:14+00:00","dateModified":"2025-01-26T19:32:31+00:00","mainEntityOfPage":{"@id":"https:\/\/elmawkie.dz\/fr\/lancement-de-lenquete-post-censitaire-du-recensement-general-de-lagriculture\/"},"wordCount":345,"commentCount":0,"publisher":{"@id":"https:\/\/elmawkie.dz\/fr\/#organization"},"image":{"@id":"https:\/\/elmawkie.dz\/fr\/lancement-de-lenquete-post-censitaire-du-recensement-general-de-lagriculture\/#primaryimage"},"thumbnailUrl":"https:\/\/elmawkie.dz\/fr\/wp-content\/uploads\/2025\/01\/IMG_8740.jpeg","articleSection":["National"],"inLanguage":"fr-FR","potentialAction":[{"@type":"CommentAction","name":"Comment","target":["https:\/\/elmawkie.dz\/fr\/lancement-de-lenquete-post-censitaire-du-recensement-general-de-lagriculture\/#respond"]}]},{"@type":"WebPage","@id":"https:\/\/elmawkie.dz\/fr\/lancement-de-lenquete-post-censitaire-du-recensement-general-de-lagriculture\/","url":"https:\/\/elmawkie.dz\/fr\/lancement-de-lenquete-post-censitaire-du-recensement-general-de-lagriculture\/","name":"Lancement de l'enqu\u00eate post-censitaire du Recensement G\u00e9n\u00e9ral de l\u2019Agriculture - El Mawkie","isPartOf":{"@id":"https:\/\/elmawkie.dz\/fr\/#website"},"primaryImageOfPage":{"@id":"https:\/\/elmawkie.dz\/fr\/lancement-de-lenquete-post-censitaire-du-recensement-general-de-lagriculture\/#primaryimage"},"image":{"@id":"https:\/\/elmawkie.dz\/fr\/lancement-de-lenquete-post-censitaire-du-recensement-general-de-lagriculture\/#primaryimage"},"thumbnailUrl":"https:\/\/elmawkie.dz\/fr\/wp-content\/uploads\/2025\/01\/IMG_8740.jpeg","datePublished":"2025-01-26T19:24:14+00:00","dateModified":"2025-01-26T19:32:31+00:00","breadcrumb":{"@id":"https:\/\/elmawkie.dz\/fr\/lancement-de-lenquete-post-censitaire-du-recensement-general-de-lagriculture\/#breadcrumb"},"inLanguage":"fr-FR","potentialAction":[{"@type":"ReadAction","target":["https:\/\/elmawkie.dz\/fr\/lancement-de-lenquete-post-censitaire-du-recensement-general-de-lagriculture\/"]}]},{"@type":"ImageObject","inLanguage":"fr-FR","@id":"https:\/\/elmawkie.dz\/fr\/lancement-de-lenquete-post-censitaire-du-recensement-general-de-lagriculture\/#primaryimage","url":"https:\/\/elmawkie.dz\/fr\/wp-content\/uploads\/2025\/01\/IMG_8740.jpeg","contentUrl":"https:\/\/elmawkie.dz\/fr\/wp-content\/uploads\/2025\/01\/IMG_8740.jpeg","width":739,"height":415},{"@type":"BreadcrumbList","@id":"https:\/\/elmawkie.dz\/fr\/lancement-de-lenquete-post-censitaire-du-recensement-general-de-lagriculture\/#breadcrumb","itemListElement":[{"@type":"ListItem","position":1,"name":"Home","item":"https:\/\/elmawkie.dz\/fr\/"},{"@type":"ListItem","position":2,"name":"Lancement de l&rsquo;enqu\u00eate post-censitaire du Recensement G\u00e9n\u00e9ral de l\u2019Agriculture"}]},{"@type":"WebSite","@id":"https:\/\/elmawkie.dz\/fr\/#website","url":"https:\/\/elmawkie.dz\/fr\/","name":"EL MAWKIE","description":"Journal \u00c9lectronique Alg\u00e9rien","publisher":{"@id":"https:\/\/elmawkie.dz\/fr\/#organization"},"potentialAction":[{"@type":"SearchAction","target":{"@type":"EntryPoint","urlTemplate":"https:\/\/elmawkie.dz\/fr\/?s={search_term_string}"},"query-input":"required name=search_term_string"}],"inLanguage":"fr-FR"},{"@type":"Organization","@id":"https:\/\/elmawkie.dz\/fr\/#organization","name":"EL MAWKIE","url":"https:\/\/elmawkie.dz\/fr\/","logo":{"@type":"ImageObject","inLanguage":"fr-FR","@id":"https:\/\/elmawkie.dz\/fr\/#\/schema\/logo\/image\/","url":"https:\/\/elmawkie.dz\/fr\/wp-content\/uploads\/2024\/05\/logo1.png","contentUrl":"https:\/\/elmawkie.dz\/fr\/wp-content\/uploads\/2024\/05\/logo1.png","width":1648,"height":652,"caption":"EL MAWKIE"},"image":{"@id":"https:\/\/elmawkie.dz\/fr\/#\/schema\/logo\/image\/"},"sameAs":["https:\/\/www.facebook.com\/profile.php?id=100088407094989&locale=fr_FR"]},{"@type":"Person","@id":"https:\/\/elmawkie.dz\/fr\/#\/schema\/person\/e7bd59d6467874ba5c4723d8a9f0a63c","name":"R\u00e9daction","image":{"@type":"ImageObject","inLanguage":"fr-FR","@id":"https:\/\/elmawkie.dz\/fr\/#\/schema\/person\/image\/","url":"https:\/\/secure.gravatar.com\/avatar\/f0f773456344da4d2788c054a3d30a0c?s=96&d=mm&r=g","contentUrl":"https:\/\/secure.gravatar.com\/avatar\/f0f773456344da4d2788c054a3d30a0c?s=96&d=mm&r=g","caption":"R\u00e9daction"},"url":"https:\/\/elmawkie.dz\/fr\/author\/redaction\/"}]}},"_links":{"self":[{"href":"https:\/\/elmawkie.dz\/fr\/wp-json\/wp\/v2\/posts\/46291","targetHints":{"allow":["GET"]}}],"collection":[{"href":"https:\/\/elmawkie.dz\/fr\/wp-json\/wp\/v2\/posts"}],"about":[{"href":"https:\/\/elmawkie.dz\/fr\/wp-json\/wp\/v2\/types\/post"}],"author":[{"embeddable":true,"href":"https:\/\/elmawkie.dz\/fr\/wp-json\/wp\/v2\/users\/9"}],"replies":[{"embeddable":true,"href":"https:\/\/elmawkie.dz\/fr\/wp-json\/wp\/v2\/comments?post=46291"}],"version-history":[{"count":2,"href":"https:\/\/elmawkie.dz\/fr\/wp-json\/wp\/v2\/posts\/46291\/revisions"}],"predecessor-version":[{"id":46296,"href":"https:\/\/elmawkie.dz\/fr\/wp-json\/wp\/v2\/posts\/46291\/revisions\/46296"}],"wp:featuredmedia":[{"embeddable":true,"href":"https:\/\/elmawkie.dz\/fr\/wp-json\/wp\/v2\/media\/46293"}],"wp:attachment":[{"href":"https:\/\/elmawkie.dz\/fr\/wp-json\/wp\/v2\/media?parent=46291"}],"wp:term":[{"taxonomy":"category","embeddable":true,"href":"https:\/\/elmawkie.dz\/fr\/wp-json\/wp\/v2\/categories?post=46291"},{"taxonomy":"post_tag","embeddable":true,"href":"https:\/\/elmawkie.dz\/fr\/wp-json\/wp\/v2\/tags?post=46291"}],"curies":[{"name":"wp","href":"https:\/\/api.w.org\/{rel}","templated":true}]}}