{"id":46264,"date":"2025-01-26T15:18:28","date_gmt":"2025-01-26T14:18:28","guid":{"rendered":"https:\/\/elmawkie.dz\/fr\/?p=46264"},"modified":"2025-01-26T15:18:29","modified_gmt":"2025-01-26T14:18:29","slug":"bechar-celebration-mardi-du-68e-anniversaire-de-la-greve-historique-des-huit-jours","status":"publish","type":"post","link":"https:\/\/elmawkie.dz\/fr\/bechar-celebration-mardi-du-68e-anniversaire-de-la-greve-historique-des-huit-jours\/","title":{"rendered":"Bechar : c\u00e9l\u00e9bration mardi du 68e anniversaire de la gr\u00e8ve historique des huit jours"},"content":{"rendered":"\n<p><strong>La wilaya de Bechar accueillera mardi prochain les festivit\u00e9s nationales de comm\u00e9moration du 68\u00e8me anniversaire de la gr\u00e8ve des huit jours (28 janvier-4 f\u00e9vrier 1957), qui donneront lieu \u00e0 diverses manifestations et activit\u00e9s, a-t-on appris dimanche des services de la wilaya. <\/strong><br>Le programme de la comm\u00e9moration pr\u00e9voit, en plus d&rsquo;une c\u00e9r\u00e9monie de lev\u00e9e des couleurs et la lecture de la Fatiha du Coran \u00e0 la m\u00e9moire des Chouhada, la d\u00e9nomination de la polyclinique de la cit\u00e9 des \u00ab\u00a01.500 logements AADL\u00a0\u00bb, au chef-lieu de wilaya, au nom du Chahid Fernand Yveton, guillotin\u00e9 le 11 f\u00e9vrier 1957, pour son combat pour une Alg\u00e9rie ind\u00e9pendante. Il est projet\u00e9 \u00e9galement l&rsquo;inauguration d&rsquo;une importante exposition historique d\u00e9di\u00e9e aux diff\u00e9rentes phases de cette gr\u00e8ve et de la lutte du peuple alg\u00e9rien pour son ind\u00e9pendance du joug colonial fran\u00e7ais. La comm\u00e9moration du 68\u00e8me anniversaire de la gr\u00e8ve des huit jours, qui reste un \u00e9v\u00e9nement ancr\u00e9 dans l&rsquo;histoire de l&rsquo;Alg\u00e9rie, verra, en plus de l&rsquo;organisation de conf\u00e9rences sur la port\u00e9e \u00e9conomique de cette action de lutte politique du peuple alg\u00e9rien, la signature d&rsquo;une convention de partenariat entre le secteur des Moudjahidines et Ayants-droits et l&rsquo;Union locale des artisans et commer\u00e7ants alg\u00e9riens. Diverses autres manifestations \u00e0 caract\u00e8re culturel et sportif sont pr\u00e9vues dans diff\u00e9rentes collectivit\u00e9s de la wilaya de Bechar, selon le programme des festivit\u00e9s.<\/p>\n","protected":false},"excerpt":{"rendered":"<p>La wilaya de Bechar accueillera mardi prochain les festivit\u00e9s nationales de comm\u00e9moration du 68\u00e8me anniversaire de la gr\u00e8ve des huit jours (28 janvier-4 f\u00e9vrier 1957), qui donneront lieu \u00e0 diverses manifestations et activit\u00e9s, a-t-on appris dimanche des services de la wilaya. Le programme de la comm\u00e9moration pr\u00e9voit, en plus d&rsquo;une c\u00e9r\u00e9monie de lev\u00e9e des couleurs &hellip;<\/p>\n","protected":false},"author":9,"featured_media":46266,"comment_status":"open","ping_status":"open","sticky":false,"template":"","format":"standard","meta":{"footnotes":""},"categories":[50],"tags":[2267,2265,1683,2266],"class_list":["post-46264","post","type-post","status-publish","format-standard","has-post-thumbnail","hentry","category-region","tag-68e-anniversaire","tag-bechar-2","tag-greve","tag-huit-jours"],"yoast_head":"<!-- This site is optimized with the Yoast SEO Premium plugin v22.6 (Yoast SEO v22.6) - https:\/\/yoast.com\/wordpress\/plugins\/seo\/ -->\n<title>Bechar : c\u00e9l\u00e9bration mardi du 68e anniversaire de la gr\u00e8ve historique des huit jours - El Mawkie<\/title>\n<meta name=\"robots\" content=\"index, follow, max-snippet:-1, max-image-preview:large, max-video-preview:-1\" \/>\n<link rel=\"canonical\" href=\"https:\/\/elmawkie.dz\/fr\/bechar-celebration-mardi-du-68e-anniversaire-de-la-greve-historique-des-huit-jours\/\" \/>\n<meta property=\"og:locale\" content=\"fr_FR\" \/>\n<meta property=\"og:type\" content=\"article\" \/>\n<meta property=\"og:title\" content=\"Bechar : c\u00e9l\u00e9bration mardi du 68e anniversaire de la gr\u00e8ve historique des huit jours\" \/>\n<meta property=\"og:description\" content=\"La wilaya de Bechar accueillera mardi prochain les festivit\u00e9s nationales de comm\u00e9moration du 68\u00e8me anniversaire de la gr\u00e8ve des huit jours (28 janvier-4 f\u00e9vrier 1957), qui donneront lieu \u00e0 diverses manifestations et activit\u00e9s, a-t-on appris dimanche des services de la wilaya. Le programme de la comm\u00e9moration pr\u00e9voit, en plus d&rsquo;une c\u00e9r\u00e9monie de lev\u00e9e des couleurs &hellip;\" \/>\n<meta property=\"og:url\" content=\"https:\/\/elmawkie.dz\/fr\/bechar-celebration-mardi-du-68e-anniversaire-de-la-greve-historique-des-huit-jours\/\" \/>\n<meta property=\"og:site_name\" content=\"El Mawkie\" \/>\n<meta property=\"article:publisher\" content=\"https:\/\/www.facebook.com\/profile.php?id=100088407094989&amp;locale=fr_FR\" \/>\n<meta property=\"article:published_time\" content=\"2025-01-26T14:18:28+00:00\" \/>\n<meta property=\"article:modified_time\" content=\"2025-01-26T14:18:29+00:00\" \/>\n<meta property=\"og:image\" content=\"https:\/\/elmawkie.dz\/fr\/wp-content\/uploads\/2025\/01\/IMG_8690.jpeg\" \/>\n\t<meta property=\"og:image:width\" content=\"500\" \/>\n\t<meta property=\"og:image:height\" content=\"339\" \/>\n\t<meta property=\"og:image:type\" content=\"image\/jpeg\" \/>\n<meta name=\"author\" content=\"R\u00e9daction\" \/>\n<meta name=\"twitter:card\" content=\"summary_large_image\" \/>\n<meta name=\"twitter:label1\" content=\"Written by\" \/>\n\t<meta name=\"twitter:data1\" content=\"R\u00e9daction\" \/>\n\t<meta name=\"twitter:label2\" content=\"Est. reading time\" \/>\n\t<meta name=\"twitter:data2\" content=\"2 minutes\" \/>\n<script type=\"application\/ld+json\" class=\"yoast-schema-graph\">{\"@context\":\"https:\/\/schema.org\",\"@graph\":[{\"@type\":\"Article\",\"@id\":\"https:\/\/elmawkie.dz\/fr\/bechar-celebration-mardi-du-68e-anniversaire-de-la-greve-historique-des-huit-jours\/#article\",\"isPartOf\":{\"@id\":\"https:\/\/elmawkie.dz\/fr\/bechar-celebration-mardi-du-68e-anniversaire-de-la-greve-historique-des-huit-jours\/\"},\"author\":{\"name\":\"R\u00e9daction\",\"@id\":\"https:\/\/elmawkie.dz\/fr\/#\/schema\/person\/e7bd59d6467874ba5c4723d8a9f0a63c\"},\"headline\":\"Bechar : c\u00e9l\u00e9bration mardi du 68e anniversaire de la gr\u00e8ve historique des huit jours\",\"datePublished\":\"2025-01-26T14:18:28+00:00\",\"dateModified\":\"2025-01-26T14:18:29+00:00\",\"mainEntityOfPage\":{\"@id\":\"https:\/\/elmawkie.dz\/fr\/bechar-celebration-mardi-du-68e-anniversaire-de-la-greve-historique-des-huit-jours\/\"},\"wordCount\":268,\"commentCount\":0,\"publisher\":{\"@id\":\"https:\/\/elmawkie.dz\/fr\/#organization\"},\"image\":{\"@id\":\"https:\/\/elmawkie.dz\/fr\/bechar-celebration-mardi-du-68e-anniversaire-de-la-greve-historique-des-huit-jours\/#primaryimage\"},\"thumbnailUrl\":\"https:\/\/elmawkie.dz\/fr\/wp-content\/uploads\/2025\/01\/IMG_8690.jpeg\",\"keywords\":[\"68e anniversaire\",\"Bechar\",\"gr\u00e8ve\",\"huit jours\"],\"articleSection\":[\"R\u00e9gion\"],\"inLanguage\":\"fr-FR\",\"potentialAction\":[{\"@type\":\"CommentAction\",\"name\":\"Comment\",\"target\":[\"https:\/\/elmawkie.dz\/fr\/bechar-celebration-mardi-du-68e-anniversaire-de-la-greve-historique-des-huit-jours\/#respond\"]}]},{\"@type\":\"WebPage\",\"@id\":\"https:\/\/elmawkie.dz\/fr\/bechar-celebration-mardi-du-68e-anniversaire-de-la-greve-historique-des-huit-jours\/\",\"url\":\"https:\/\/elmawkie.dz\/fr\/bechar-celebration-mardi-du-68e-anniversaire-de-la-greve-historique-des-huit-jours\/\",\"name\":\"Bechar : c\u00e9l\u00e9bration mardi du 68e anniversaire de la gr\u00e8ve historique des huit jours - El Mawkie\",\"isPartOf\":{\"@id\":\"https:\/\/elmawkie.dz\/fr\/#website\"},\"primaryImageOfPage\":{\"@id\":\"https:\/\/elmawkie.dz\/fr\/bechar-celebration-mardi-du-68e-anniversaire-de-la-greve-historique-des-huit-jours\/#primaryimage\"},\"image\":{\"@id\":\"https:\/\/elmawkie.dz\/fr\/bechar-celebration-mardi-du-68e-anniversaire-de-la-greve-historique-des-huit-jours\/#primaryimage\"},\"thumbnailUrl\":\"https:\/\/elmawkie.dz\/fr\/wp-content\/uploads\/2025\/01\/IMG_8690.jpeg\",\"datePublished\":\"2025-01-26T14:18:28+00:00\",\"dateModified\":\"2025-01-26T14:18:29+00:00\",\"breadcrumb\":{\"@id\":\"https:\/\/elmawkie.dz\/fr\/bechar-celebration-mardi-du-68e-anniversaire-de-la-greve-historique-des-huit-jours\/#breadcrumb\"},\"inLanguage\":\"fr-FR\",\"potentialAction\":[{\"@type\":\"ReadAction\",\"target\":[\"https:\/\/elmawkie.dz\/fr\/bechar-celebration-mardi-du-68e-anniversaire-de-la-greve-historique-des-huit-jours\/\"]}]},{\"@type\":\"ImageObject\",\"inLanguage\":\"fr-FR\",\"@id\":\"https:\/\/elmawkie.dz\/fr\/bechar-celebration-mardi-du-68e-anniversaire-de-la-greve-historique-des-huit-jours\/#primaryimage\",\"url\":\"https:\/\/elmawkie.dz\/fr\/wp-content\/uploads\/2025\/01\/IMG_8690.jpeg\",\"contentUrl\":\"https:\/\/elmawkie.dz\/fr\/wp-content\/uploads\/2025\/01\/IMG_8690.jpeg\",\"width\":500,\"height\":339},{\"@type\":\"BreadcrumbList\",\"@id\":\"https:\/\/elmawkie.dz\/fr\/bechar-celebration-mardi-du-68e-anniversaire-de-la-greve-historique-des-huit-jours\/#breadcrumb\",\"itemListElement\":[{\"@type\":\"ListItem\",\"position\":1,\"name\":\"Home\",\"item\":\"https:\/\/elmawkie.dz\/fr\/\"},{\"@type\":\"ListItem\",\"position\":2,\"name\":\"Bechar : c\u00e9l\u00e9bration mardi du 68e anniversaire de la gr\u00e8ve historique des huit jours\"}]},{\"@type\":\"WebSite\",\"@id\":\"https:\/\/elmawkie.dz\/fr\/#website\",\"url\":\"https:\/\/elmawkie.dz\/fr\/\",\"name\":\"EL MAWKIE\",\"description\":\"Journal \u00c9lectronique Alg\u00e9rien\",\"publisher\":{\"@id\":\"https:\/\/elmawkie.dz\/fr\/#organization\"},\"potentialAction\":[{\"@type\":\"SearchAction\",\"target\":{\"@type\":\"EntryPoint\",\"urlTemplate\":\"https:\/\/elmawkie.dz\/fr\/?s={search_term_string}\"},\"query-input\":\"required name=search_term_string\"}],\"inLanguage\":\"fr-FR\"},{\"@type\":\"Organization\",\"@id\":\"https:\/\/elmawkie.dz\/fr\/#organization\",\"name\":\"EL MAWKIE\",\"url\":\"https:\/\/elmawkie.dz\/fr\/\",\"logo\":{\"@type\":\"ImageObject\",\"inLanguage\":\"fr-FR\",\"@id\":\"https:\/\/elmawkie.dz\/fr\/#\/schema\/logo\/image\/\",\"url\":\"https:\/\/elmawkie.dz\/fr\/wp-content\/uploads\/2024\/05\/logo1.png\",\"contentUrl\":\"https:\/\/elmawkie.dz\/fr\/wp-content\/uploads\/2024\/05\/logo1.png\",\"width\":1648,\"height\":652,\"caption\":\"EL MAWKIE\"},\"image\":{\"@id\":\"https:\/\/elmawkie.dz\/fr\/#\/schema\/logo\/image\/\"},\"sameAs\":[\"https:\/\/www.facebook.com\/profile.php?id=100088407094989&locale=fr_FR\"]},{\"@type\":\"Person\",\"@id\":\"https:\/\/elmawkie.dz\/fr\/#\/schema\/person\/e7bd59d6467874ba5c4723d8a9f0a63c\",\"name\":\"R\u00e9daction\",\"image\":{\"@type\":\"ImageObject\",\"inLanguage\":\"fr-FR\",\"@id\":\"https:\/\/elmawkie.dz\/fr\/#\/schema\/person\/image\/\",\"url\":\"https:\/\/secure.gravatar.com\/avatar\/f0f773456344da4d2788c054a3d30a0c?s=96&d=mm&r=g\",\"contentUrl\":\"https:\/\/secure.gravatar.com\/avatar\/f0f773456344da4d2788c054a3d30a0c?s=96&d=mm&r=g\",\"caption\":\"R\u00e9daction\"},\"url\":\"https:\/\/elmawkie.dz\/fr\/author\/redaction\/\"}]}<\/script>\n<!-- \/ Yoast SEO Premium plugin. -->","yoast_head_json":{"title":"Bechar : c\u00e9l\u00e9bration mardi du 68e anniversaire de la gr\u00e8ve historique des huit jours - El Mawkie","robots":{"index":"index","follow":"follow","max-snippet":"max-snippet:-1","max-image-preview":"max-image-preview:large","max-video-preview":"max-video-preview:-1"},"canonical":"https:\/\/elmawkie.dz\/fr\/bechar-celebration-mardi-du-68e-anniversaire-de-la-greve-historique-des-huit-jours\/","og_locale":"fr_FR","og_type":"article","og_title":"Bechar : c\u00e9l\u00e9bration mardi du 68e anniversaire de la gr\u00e8ve historique des huit jours","og_description":"La wilaya de Bechar accueillera mardi prochain les festivit\u00e9s nationales de comm\u00e9moration du 68\u00e8me anniversaire de la gr\u00e8ve des huit jours (28 janvier-4 f\u00e9vrier 1957), qui donneront lieu \u00e0 diverses manifestations et activit\u00e9s, a-t-on appris dimanche des services de la wilaya. Le programme de la comm\u00e9moration pr\u00e9voit, en plus d&rsquo;une c\u00e9r\u00e9monie de lev\u00e9e des couleurs &hellip;","og_url":"https:\/\/elmawkie.dz\/fr\/bechar-celebration-mardi-du-68e-anniversaire-de-la-greve-historique-des-huit-jours\/","og_site_name":"El Mawkie","article_publisher":"https:\/\/www.facebook.com\/profile.php?id=100088407094989&locale=fr_FR","article_published_time":"2025-01-26T14:18:28+00:00","article_modified_time":"2025-01-26T14:18:29+00:00","og_image":[{"width":500,"height":339,"url":"https:\/\/elmawkie.dz\/fr\/wp-content\/uploads\/2025\/01\/IMG_8690.jpeg","type":"image\/jpeg"}],"author":"R\u00e9daction","twitter_card":"summary_large_image","twitter_misc":{"Written by":"R\u00e9daction","Est. reading time":"2 minutes"},"schema":{"@context":"https:\/\/schema.org","@graph":[{"@type":"Article","@id":"https:\/\/elmawkie.dz\/fr\/bechar-celebration-mardi-du-68e-anniversaire-de-la-greve-historique-des-huit-jours\/#article","isPartOf":{"@id":"https:\/\/elmawkie.dz\/fr\/bechar-celebration-mardi-du-68e-anniversaire-de-la-greve-historique-des-huit-jours\/"},"author":{"name":"R\u00e9daction","@id":"https:\/\/elmawkie.dz\/fr\/#\/schema\/person\/e7bd59d6467874ba5c4723d8a9f0a63c"},"headline":"Bechar : c\u00e9l\u00e9bration mardi du 68e anniversaire de la gr\u00e8ve historique des huit jours","datePublished":"2025-01-26T14:18:28+00:00","dateModified":"2025-01-26T14:18:29+00:00","mainEntityOfPage":{"@id":"https:\/\/elmawkie.dz\/fr\/bechar-celebration-mardi-du-68e-anniversaire-de-la-greve-historique-des-huit-jours\/"},"wordCount":268,"commentCount":0,"publisher":{"@id":"https:\/\/elmawkie.dz\/fr\/#organization"},"image":{"@id":"https:\/\/elmawkie.dz\/fr\/bechar-celebration-mardi-du-68e-anniversaire-de-la-greve-historique-des-huit-jours\/#primaryimage"},"thumbnailUrl":"https:\/\/elmawkie.dz\/fr\/wp-content\/uploads\/2025\/01\/IMG_8690.jpeg","keywords":["68e anniversaire","Bechar","gr\u00e8ve","huit jours"],"articleSection":["R\u00e9gion"],"inLanguage":"fr-FR","potentialAction":[{"@type":"CommentAction","name":"Comment","target":["https:\/\/elmawkie.dz\/fr\/bechar-celebration-mardi-du-68e-anniversaire-de-la-greve-historique-des-huit-jours\/#respond"]}]},{"@type":"WebPage","@id":"https:\/\/elmawkie.dz\/fr\/bechar-celebration-mardi-du-68e-anniversaire-de-la-greve-historique-des-huit-jours\/","url":"https:\/\/elmawkie.dz\/fr\/bechar-celebration-mardi-du-68e-anniversaire-de-la-greve-historique-des-huit-jours\/","name":"Bechar : c\u00e9l\u00e9bration mardi du 68e anniversaire de la gr\u00e8ve historique des huit jours - El Mawkie","isPartOf":{"@id":"https:\/\/elmawkie.dz\/fr\/#website"},"primaryImageOfPage":{"@id":"https:\/\/elmawkie.dz\/fr\/bechar-celebration-mardi-du-68e-anniversaire-de-la-greve-historique-des-huit-jours\/#primaryimage"},"image":{"@id":"https:\/\/elmawkie.dz\/fr\/bechar-celebration-mardi-du-68e-anniversaire-de-la-greve-historique-des-huit-jours\/#primaryimage"},"thumbnailUrl":"https:\/\/elmawkie.dz\/fr\/wp-content\/uploads\/2025\/01\/IMG_8690.jpeg","datePublished":"2025-01-26T14:18:28+00:00","dateModified":"2025-01-26T14:18:29+00:00","breadcrumb":{"@id":"https:\/\/elmawkie.dz\/fr\/bechar-celebration-mardi-du-68e-anniversaire-de-la-greve-historique-des-huit-jours\/#breadcrumb"},"inLanguage":"fr-FR","potentialAction":[{"@type":"ReadAction","target":["https:\/\/elmawkie.dz\/fr\/bechar-celebration-mardi-du-68e-anniversaire-de-la-greve-historique-des-huit-jours\/"]}]},{"@type":"ImageObject","inLanguage":"fr-FR","@id":"https:\/\/elmawkie.dz\/fr\/bechar-celebration-mardi-du-68e-anniversaire-de-la-greve-historique-des-huit-jours\/#primaryimage","url":"https:\/\/elmawkie.dz\/fr\/wp-content\/uploads\/2025\/01\/IMG_8690.jpeg","contentUrl":"https:\/\/elmawkie.dz\/fr\/wp-content\/uploads\/2025\/01\/IMG_8690.jpeg","width":500,"height":339},{"@type":"BreadcrumbList","@id":"https:\/\/elmawkie.dz\/fr\/bechar-celebration-mardi-du-68e-anniversaire-de-la-greve-historique-des-huit-jours\/#breadcrumb","itemListElement":[{"@type":"ListItem","position":1,"name":"Home","item":"https:\/\/elmawkie.dz\/fr\/"},{"@type":"ListItem","position":2,"name":"Bechar : c\u00e9l\u00e9bration mardi du 68e anniversaire de la gr\u00e8ve historique des huit jours"}]},{"@type":"WebSite","@id":"https:\/\/elmawkie.dz\/fr\/#website","url":"https:\/\/elmawkie.dz\/fr\/","name":"EL MAWKIE","description":"Journal \u00c9lectronique Alg\u00e9rien","publisher":{"@id":"https:\/\/elmawkie.dz\/fr\/#organization"},"potentialAction":[{"@type":"SearchAction","target":{"@type":"EntryPoint","urlTemplate":"https:\/\/elmawkie.dz\/fr\/?s={search_term_string}"},"query-input":"required name=search_term_string"}],"inLanguage":"fr-FR"},{"@type":"Organization","@id":"https:\/\/elmawkie.dz\/fr\/#organization","name":"EL MAWKIE","url":"https:\/\/elmawkie.dz\/fr\/","logo":{"@type":"ImageObject","inLanguage":"fr-FR","@id":"https:\/\/elmawkie.dz\/fr\/#\/schema\/logo\/image\/","url":"https:\/\/elmawkie.dz\/fr\/wp-content\/uploads\/2024\/05\/logo1.png","contentUrl":"https:\/\/elmawkie.dz\/fr\/wp-content\/uploads\/2024\/05\/logo1.png","width":1648,"height":652,"caption":"EL MAWKIE"},"image":{"@id":"https:\/\/elmawkie.dz\/fr\/#\/schema\/logo\/image\/"},"sameAs":["https:\/\/www.facebook.com\/profile.php?id=100088407094989&locale=fr_FR"]},{"@type":"Person","@id":"https:\/\/elmawkie.dz\/fr\/#\/schema\/person\/e7bd59d6467874ba5c4723d8a9f0a63c","name":"R\u00e9daction","image":{"@type":"ImageObject","inLanguage":"fr-FR","@id":"https:\/\/elmawkie.dz\/fr\/#\/schema\/person\/image\/","url":"https:\/\/secure.gravatar.com\/avatar\/f0f773456344da4d2788c054a3d30a0c?s=96&d=mm&r=g","contentUrl":"https:\/\/secure.gravatar.com\/avatar\/f0f773456344da4d2788c054a3d30a0c?s=96&d=mm&r=g","caption":"R\u00e9daction"},"url":"https:\/\/elmawkie.dz\/fr\/author\/redaction\/"}]}},"_links":{"self":[{"href":"https:\/\/elmawkie.dz\/fr\/wp-json\/wp\/v2\/posts\/46264","targetHints":{"allow":["GET"]}}],"collection":[{"href":"https:\/\/elmawkie.dz\/fr\/wp-json\/wp\/v2\/posts"}],"about":[{"href":"https:\/\/elmawkie.dz\/fr\/wp-json\/wp\/v2\/types\/post"}],"author":[{"embeddable":true,"href":"https:\/\/elmawkie.dz\/fr\/wp-json\/wp\/v2\/users\/9"}],"replies":[{"embeddable":true,"href":"https:\/\/elmawkie.dz\/fr\/wp-json\/wp\/v2\/comments?post=46264"}],"version-history":[{"count":1,"href":"https:\/\/elmawkie.dz\/fr\/wp-json\/wp\/v2\/posts\/46264\/revisions"}],"predecessor-version":[{"id":46267,"href":"https:\/\/elmawkie.dz\/fr\/wp-json\/wp\/v2\/posts\/46264\/revisions\/46267"}],"wp:featuredmedia":[{"embeddable":true,"href":"https:\/\/elmawkie.dz\/fr\/wp-json\/wp\/v2\/media\/46266"}],"wp:attachment":[{"href":"https:\/\/elmawkie.dz\/fr\/wp-json\/wp\/v2\/media?parent=46264"}],"wp:term":[{"taxonomy":"category","embeddable":true,"href":"https:\/\/elmawkie.dz\/fr\/wp-json\/wp\/v2\/categories?post=46264"},{"taxonomy":"post_tag","embeddable":true,"href":"https:\/\/elmawkie.dz\/fr\/wp-json\/wp\/v2\/tags?post=46264"}],"curies":[{"name":"wp","href":"https:\/\/api.w.org\/{rel}","templated":true}]}}