{"id":46211,"date":"2025-01-25T13:40:38","date_gmt":"2025-01-25T12:40:38","guid":{"rendered":"https:\/\/elmawkie.dz\/fr\/?p=46211"},"modified":"2025-01-25T13:40:39","modified_gmt":"2025-01-25T12:40:39","slug":"le-parlement-arabe-condamne-fermement-la-declaration-du-parlement-europeen-sur-lalgerie","status":"publish","type":"post","link":"https:\/\/elmawkie.dz\/fr\/le-parlement-arabe-condamne-fermement-la-declaration-du-parlement-europeen-sur-lalgerie\/","title":{"rendered":"Le Parlement arabe condamne fermement la d\u00e9claration du Parlement europ\u00e9en sur l&rsquo;Alg\u00e9rie"},"content":{"rendered":"\n<p><strong>Le Parlement arabe a vivement condamn\u00e9 la d\u00e9claration du Parlement europ\u00e9en concernant l&rsquo;Alg\u00e9rie, la consid\u00e9rant comme \u00ab\u00a0une ing\u00e9rence flagrante et inacceptable\u00a0\u00bb dans les affaires int\u00e9rieures du pays. Dans un communiqu\u00e9 de presse, le Parlement arabe a appel\u00e9 le Parlement europ\u00e9en \u00e0 \u00ab\u00a0respecter les d\u00e9cisions de la justice alg\u00e9rienne et \u00e0 cesser imm\u00e9diatement de tels agissements qui constituent une violation flagrante de tous les instruments internationaux\u00a0\u00bb, affirmant \u00ab\u00a0le respect de la souverainet\u00e9 des Etats et la non-ing\u00e9rence dans leurs affaires int\u00e9rieures\u00a0\u00bb. <\/strong><br>Le Parlement arabe a soulign\u00e9 \u00ab\u00a0sa pleine solidarit\u00e9 avec la R\u00e9publique alg\u00e9rienne d\u00e9mocratique populaire\u00a0\u00bb et exhort\u00e9 le Parlement europ\u00e9en \u00e0 \u00ab\u00a0ne pas politiser la question des droits de l&rsquo;homme et \u00e0 ne pas l&rsquo;utiliser comme pr\u00e9texte pour une ing\u00e9rence injustifi\u00e9e et inacceptable dans les affaires int\u00e9rieures des Etats\u00a0\u00bb, poursuit le communiqu\u00e9. En outre, le Parlement arabe a affirm\u00e9 que \u00ab\u00a0la R\u00e9publique alg\u00e9rienne est un pays r\u00e9gi par des lois et des institutions constitutionnelles jouissant d&rsquo;une ind\u00e9pendance de d\u00e9cision, ainsi que par des autorit\u00e9s judiciaires capables de fournir toutes les garanties n\u00e9cessaires pour prot\u00e9ger les libert\u00e9s, les droits de l&rsquo;Homme et la libert\u00e9 d&rsquo;expression de chaque citoyen alg\u00e9rien\u00a0\u00bb, d&rsquo;apr\u00e8s la m\u00eame source. Le Parlement arabe a soulign\u00e9 aussi que \u00ab\u00a0les d\u00e9put\u00e9s du Parlement europ\u00e9en sont rest\u00e9s inactifs et les yeux ferm\u00e9s alors que les droits de l&rsquo;Homme \u00e9taient viol\u00e9s en Palestine et que le peuple palestinien subissait un g\u00e9nocide aux yeux du monde entier\u00a0\u00bb, affirmant qu'\u00a0\u00bbil n&rsquo;appartient pas au Parlement europ\u00e9en de donner aujourd&rsquo;hui des le\u00e7ons \u00e0 l&rsquo;Alg\u00e9rie ou aux pays arabes en mati\u00e8re d&rsquo;application de la loi et de protection des libert\u00e9s\u00a0\u00bb, note le texte.<\/p>\n","protected":false},"excerpt":{"rendered":"<p>Le Parlement arabe a vivement condamn\u00e9 la d\u00e9claration du Parlement europ\u00e9en concernant l&rsquo;Alg\u00e9rie, la consid\u00e9rant comme \u00ab\u00a0une ing\u00e9rence flagrante et inacceptable\u00a0\u00bb dans les affaires int\u00e9rieures du pays. Dans un communiqu\u00e9 de presse, le Parlement arabe a appel\u00e9 le Parlement europ\u00e9en \u00e0 \u00ab\u00a0respecter les d\u00e9cisions de la justice alg\u00e9rienne et \u00e0 cesser imm\u00e9diatement de tels agissements &hellip;<\/p>\n","protected":false},"author":9,"featured_media":46213,"comment_status":"open","ping_status":"open","sticky":false,"template":"","format":"standard","meta":{"footnotes":""},"categories":[44,47],"tags":[294,2250,2251],"class_list":["post-46211","post","type-post","status-publish","format-standard","has-post-thumbnail","hentry","category-international","category-national","tag-lalgerie","tag-le-parlement-arabe","tag-parlement-europeen"],"yoast_head":"<!-- This site is optimized with the Yoast SEO Premium plugin v22.6 (Yoast SEO v22.6) - https:\/\/yoast.com\/wordpress\/plugins\/seo\/ -->\n<title>Le Parlement arabe condamne fermement la d\u00e9claration du Parlement europ\u00e9en sur l&#039;Alg\u00e9rie - El Mawkie<\/title>\n<meta name=\"robots\" content=\"index, follow, max-snippet:-1, max-image-preview:large, max-video-preview:-1\" \/>\n<link rel=\"canonical\" href=\"https:\/\/elmawkie.dz\/fr\/le-parlement-arabe-condamne-fermement-la-declaration-du-parlement-europeen-sur-lalgerie\/\" \/>\n<meta property=\"og:locale\" content=\"fr_FR\" \/>\n<meta property=\"og:type\" content=\"article\" \/>\n<meta property=\"og:title\" content=\"Le Parlement arabe condamne fermement la d\u00e9claration du Parlement europ\u00e9en sur l&#039;Alg\u00e9rie\" \/>\n<meta property=\"og:description\" content=\"Le Parlement arabe a vivement condamn\u00e9 la d\u00e9claration du Parlement europ\u00e9en concernant l&rsquo;Alg\u00e9rie, la consid\u00e9rant comme \u00ab\u00a0une ing\u00e9rence flagrante et inacceptable\u00a0\u00bb dans les affaires int\u00e9rieures du pays. Dans un communiqu\u00e9 de presse, le Parlement arabe a appel\u00e9 le Parlement europ\u00e9en \u00e0 \u00ab\u00a0respecter les d\u00e9cisions de la justice alg\u00e9rienne et \u00e0 cesser imm\u00e9diatement de tels agissements &hellip;\" \/>\n<meta property=\"og:url\" content=\"https:\/\/elmawkie.dz\/fr\/le-parlement-arabe-condamne-fermement-la-declaration-du-parlement-europeen-sur-lalgerie\/\" \/>\n<meta property=\"og:site_name\" content=\"El Mawkie\" \/>\n<meta property=\"article:publisher\" content=\"https:\/\/www.facebook.com\/profile.php?id=100088407094989&amp;locale=fr_FR\" \/>\n<meta property=\"article:published_time\" content=\"2025-01-25T12:40:38+00:00\" \/>\n<meta property=\"article:modified_time\" content=\"2025-01-25T12:40:39+00:00\" \/>\n<meta property=\"og:image\" content=\"https:\/\/elmawkie.dz\/fr\/wp-content\/uploads\/2025\/01\/IMG_8633.jpeg\" \/>\n\t<meta property=\"og:image:width\" content=\"274\" \/>\n\t<meta property=\"og:image:height\" content=\"184\" \/>\n\t<meta property=\"og:image:type\" content=\"image\/jpeg\" \/>\n<meta name=\"author\" content=\"R\u00e9daction\" \/>\n<meta name=\"twitter:card\" content=\"summary_large_image\" \/>\n<meta name=\"twitter:label1\" content=\"Written by\" \/>\n\t<meta name=\"twitter:data1\" content=\"R\u00e9daction\" \/>\n\t<meta name=\"twitter:label2\" content=\"Est. reading time\" \/>\n\t<meta name=\"twitter:data2\" content=\"2 minutes\" \/>\n<script type=\"application\/ld+json\" class=\"yoast-schema-graph\">{\"@context\":\"https:\/\/schema.org\",\"@graph\":[{\"@type\":\"Article\",\"@id\":\"https:\/\/elmawkie.dz\/fr\/le-parlement-arabe-condamne-fermement-la-declaration-du-parlement-europeen-sur-lalgerie\/#article\",\"isPartOf\":{\"@id\":\"https:\/\/elmawkie.dz\/fr\/le-parlement-arabe-condamne-fermement-la-declaration-du-parlement-europeen-sur-lalgerie\/\"},\"author\":{\"name\":\"R\u00e9daction\",\"@id\":\"https:\/\/elmawkie.dz\/fr\/#\/schema\/person\/e7bd59d6467874ba5c4723d8a9f0a63c\"},\"headline\":\"Le Parlement arabe condamne fermement la d\u00e9claration du Parlement europ\u00e9en sur l&rsquo;Alg\u00e9rie\",\"datePublished\":\"2025-01-25T12:40:38+00:00\",\"dateModified\":\"2025-01-25T12:40:39+00:00\",\"mainEntityOfPage\":{\"@id\":\"https:\/\/elmawkie.dz\/fr\/le-parlement-arabe-condamne-fermement-la-declaration-du-parlement-europeen-sur-lalgerie\/\"},\"wordCount\":333,\"commentCount\":0,\"publisher\":{\"@id\":\"https:\/\/elmawkie.dz\/fr\/#organization\"},\"image\":{\"@id\":\"https:\/\/elmawkie.dz\/fr\/le-parlement-arabe-condamne-fermement-la-declaration-du-parlement-europeen-sur-lalgerie\/#primaryimage\"},\"thumbnailUrl\":\"https:\/\/elmawkie.dz\/fr\/wp-content\/uploads\/2025\/01\/IMG_8633.jpeg\",\"keywords\":[\"L'Alg\u00e9rie\",\"Le Parlement arabe\",\"Parlement europ\u00e9en\"],\"articleSection\":[\"International\",\"National\"],\"inLanguage\":\"fr-FR\",\"potentialAction\":[{\"@type\":\"CommentAction\",\"name\":\"Comment\",\"target\":[\"https:\/\/elmawkie.dz\/fr\/le-parlement-arabe-condamne-fermement-la-declaration-du-parlement-europeen-sur-lalgerie\/#respond\"]}]},{\"@type\":\"WebPage\",\"@id\":\"https:\/\/elmawkie.dz\/fr\/le-parlement-arabe-condamne-fermement-la-declaration-du-parlement-europeen-sur-lalgerie\/\",\"url\":\"https:\/\/elmawkie.dz\/fr\/le-parlement-arabe-condamne-fermement-la-declaration-du-parlement-europeen-sur-lalgerie\/\",\"name\":\"Le Parlement arabe condamne fermement la d\u00e9claration du Parlement europ\u00e9en sur l'Alg\u00e9rie - El Mawkie\",\"isPartOf\":{\"@id\":\"https:\/\/elmawkie.dz\/fr\/#website\"},\"primaryImageOfPage\":{\"@id\":\"https:\/\/elmawkie.dz\/fr\/le-parlement-arabe-condamne-fermement-la-declaration-du-parlement-europeen-sur-lalgerie\/#primaryimage\"},\"image\":{\"@id\":\"https:\/\/elmawkie.dz\/fr\/le-parlement-arabe-condamne-fermement-la-declaration-du-parlement-europeen-sur-lalgerie\/#primaryimage\"},\"thumbnailUrl\":\"https:\/\/elmawkie.dz\/fr\/wp-content\/uploads\/2025\/01\/IMG_8633.jpeg\",\"datePublished\":\"2025-01-25T12:40:38+00:00\",\"dateModified\":\"2025-01-25T12:40:39+00:00\",\"breadcrumb\":{\"@id\":\"https:\/\/elmawkie.dz\/fr\/le-parlement-arabe-condamne-fermement-la-declaration-du-parlement-europeen-sur-lalgerie\/#breadcrumb\"},\"inLanguage\":\"fr-FR\",\"potentialAction\":[{\"@type\":\"ReadAction\",\"target\":[\"https:\/\/elmawkie.dz\/fr\/le-parlement-arabe-condamne-fermement-la-declaration-du-parlement-europeen-sur-lalgerie\/\"]}]},{\"@type\":\"ImageObject\",\"inLanguage\":\"fr-FR\",\"@id\":\"https:\/\/elmawkie.dz\/fr\/le-parlement-arabe-condamne-fermement-la-declaration-du-parlement-europeen-sur-lalgerie\/#primaryimage\",\"url\":\"https:\/\/elmawkie.dz\/fr\/wp-content\/uploads\/2025\/01\/IMG_8633.jpeg\",\"contentUrl\":\"https:\/\/elmawkie.dz\/fr\/wp-content\/uploads\/2025\/01\/IMG_8633.jpeg\",\"width\":274,\"height\":184},{\"@type\":\"BreadcrumbList\",\"@id\":\"https:\/\/elmawkie.dz\/fr\/le-parlement-arabe-condamne-fermement-la-declaration-du-parlement-europeen-sur-lalgerie\/#breadcrumb\",\"itemListElement\":[{\"@type\":\"ListItem\",\"position\":1,\"name\":\"Home\",\"item\":\"https:\/\/elmawkie.dz\/fr\/\"},{\"@type\":\"ListItem\",\"position\":2,\"name\":\"Le Parlement arabe condamne fermement la d\u00e9claration du Parlement europ\u00e9en sur l&rsquo;Alg\u00e9rie\"}]},{\"@type\":\"WebSite\",\"@id\":\"https:\/\/elmawkie.dz\/fr\/#website\",\"url\":\"https:\/\/elmawkie.dz\/fr\/\",\"name\":\"EL MAWKIE\",\"description\":\"Journal \u00c9lectronique Alg\u00e9rien\",\"publisher\":{\"@id\":\"https:\/\/elmawkie.dz\/fr\/#organization\"},\"potentialAction\":[{\"@type\":\"SearchAction\",\"target\":{\"@type\":\"EntryPoint\",\"urlTemplate\":\"https:\/\/elmawkie.dz\/fr\/?s={search_term_string}\"},\"query-input\":\"required name=search_term_string\"}],\"inLanguage\":\"fr-FR\"},{\"@type\":\"Organization\",\"@id\":\"https:\/\/elmawkie.dz\/fr\/#organization\",\"name\":\"EL MAWKIE\",\"url\":\"https:\/\/elmawkie.dz\/fr\/\",\"logo\":{\"@type\":\"ImageObject\",\"inLanguage\":\"fr-FR\",\"@id\":\"https:\/\/elmawkie.dz\/fr\/#\/schema\/logo\/image\/\",\"url\":\"https:\/\/elmawkie.dz\/fr\/wp-content\/uploads\/2024\/05\/logo1.png\",\"contentUrl\":\"https:\/\/elmawkie.dz\/fr\/wp-content\/uploads\/2024\/05\/logo1.png\",\"width\":1648,\"height\":652,\"caption\":\"EL MAWKIE\"},\"image\":{\"@id\":\"https:\/\/elmawkie.dz\/fr\/#\/schema\/logo\/image\/\"},\"sameAs\":[\"https:\/\/www.facebook.com\/profile.php?id=100088407094989&locale=fr_FR\"]},{\"@type\":\"Person\",\"@id\":\"https:\/\/elmawkie.dz\/fr\/#\/schema\/person\/e7bd59d6467874ba5c4723d8a9f0a63c\",\"name\":\"R\u00e9daction\",\"image\":{\"@type\":\"ImageObject\",\"inLanguage\":\"fr-FR\",\"@id\":\"https:\/\/elmawkie.dz\/fr\/#\/schema\/person\/image\/\",\"url\":\"https:\/\/secure.gravatar.com\/avatar\/f0f773456344da4d2788c054a3d30a0c?s=96&d=mm&r=g\",\"contentUrl\":\"https:\/\/secure.gravatar.com\/avatar\/f0f773456344da4d2788c054a3d30a0c?s=96&d=mm&r=g\",\"caption\":\"R\u00e9daction\"},\"url\":\"https:\/\/elmawkie.dz\/fr\/author\/redaction\/\"}]}<\/script>\n<!-- \/ Yoast SEO Premium plugin. -->","yoast_head_json":{"title":"Le Parlement arabe condamne fermement la d\u00e9claration du Parlement europ\u00e9en sur l'Alg\u00e9rie - El Mawkie","robots":{"index":"index","follow":"follow","max-snippet":"max-snippet:-1","max-image-preview":"max-image-preview:large","max-video-preview":"max-video-preview:-1"},"canonical":"https:\/\/elmawkie.dz\/fr\/le-parlement-arabe-condamne-fermement-la-declaration-du-parlement-europeen-sur-lalgerie\/","og_locale":"fr_FR","og_type":"article","og_title":"Le Parlement arabe condamne fermement la d\u00e9claration du Parlement europ\u00e9en sur l'Alg\u00e9rie","og_description":"Le Parlement arabe a vivement condamn\u00e9 la d\u00e9claration du Parlement europ\u00e9en concernant l&rsquo;Alg\u00e9rie, la consid\u00e9rant comme \u00ab\u00a0une ing\u00e9rence flagrante et inacceptable\u00a0\u00bb dans les affaires int\u00e9rieures du pays. Dans un communiqu\u00e9 de presse, le Parlement arabe a appel\u00e9 le Parlement europ\u00e9en \u00e0 \u00ab\u00a0respecter les d\u00e9cisions de la justice alg\u00e9rienne et \u00e0 cesser imm\u00e9diatement de tels agissements &hellip;","og_url":"https:\/\/elmawkie.dz\/fr\/le-parlement-arabe-condamne-fermement-la-declaration-du-parlement-europeen-sur-lalgerie\/","og_site_name":"El Mawkie","article_publisher":"https:\/\/www.facebook.com\/profile.php?id=100088407094989&locale=fr_FR","article_published_time":"2025-01-25T12:40:38+00:00","article_modified_time":"2025-01-25T12:40:39+00:00","og_image":[{"width":274,"height":184,"url":"https:\/\/elmawkie.dz\/fr\/wp-content\/uploads\/2025\/01\/IMG_8633.jpeg","type":"image\/jpeg"}],"author":"R\u00e9daction","twitter_card":"summary_large_image","twitter_misc":{"Written by":"R\u00e9daction","Est. reading time":"2 minutes"},"schema":{"@context":"https:\/\/schema.org","@graph":[{"@type":"Article","@id":"https:\/\/elmawkie.dz\/fr\/le-parlement-arabe-condamne-fermement-la-declaration-du-parlement-europeen-sur-lalgerie\/#article","isPartOf":{"@id":"https:\/\/elmawkie.dz\/fr\/le-parlement-arabe-condamne-fermement-la-declaration-du-parlement-europeen-sur-lalgerie\/"},"author":{"name":"R\u00e9daction","@id":"https:\/\/elmawkie.dz\/fr\/#\/schema\/person\/e7bd59d6467874ba5c4723d8a9f0a63c"},"headline":"Le Parlement arabe condamne fermement la d\u00e9claration du Parlement europ\u00e9en sur l&rsquo;Alg\u00e9rie","datePublished":"2025-01-25T12:40:38+00:00","dateModified":"2025-01-25T12:40:39+00:00","mainEntityOfPage":{"@id":"https:\/\/elmawkie.dz\/fr\/le-parlement-arabe-condamne-fermement-la-declaration-du-parlement-europeen-sur-lalgerie\/"},"wordCount":333,"commentCount":0,"publisher":{"@id":"https:\/\/elmawkie.dz\/fr\/#organization"},"image":{"@id":"https:\/\/elmawkie.dz\/fr\/le-parlement-arabe-condamne-fermement-la-declaration-du-parlement-europeen-sur-lalgerie\/#primaryimage"},"thumbnailUrl":"https:\/\/elmawkie.dz\/fr\/wp-content\/uploads\/2025\/01\/IMG_8633.jpeg","keywords":["L'Alg\u00e9rie","Le Parlement arabe","Parlement europ\u00e9en"],"articleSection":["International","National"],"inLanguage":"fr-FR","potentialAction":[{"@type":"CommentAction","name":"Comment","target":["https:\/\/elmawkie.dz\/fr\/le-parlement-arabe-condamne-fermement-la-declaration-du-parlement-europeen-sur-lalgerie\/#respond"]}]},{"@type":"WebPage","@id":"https:\/\/elmawkie.dz\/fr\/le-parlement-arabe-condamne-fermement-la-declaration-du-parlement-europeen-sur-lalgerie\/","url":"https:\/\/elmawkie.dz\/fr\/le-parlement-arabe-condamne-fermement-la-declaration-du-parlement-europeen-sur-lalgerie\/","name":"Le Parlement arabe condamne fermement la d\u00e9claration du Parlement europ\u00e9en sur l'Alg\u00e9rie - El Mawkie","isPartOf":{"@id":"https:\/\/elmawkie.dz\/fr\/#website"},"primaryImageOfPage":{"@id":"https:\/\/elmawkie.dz\/fr\/le-parlement-arabe-condamne-fermement-la-declaration-du-parlement-europeen-sur-lalgerie\/#primaryimage"},"image":{"@id":"https:\/\/elmawkie.dz\/fr\/le-parlement-arabe-condamne-fermement-la-declaration-du-parlement-europeen-sur-lalgerie\/#primaryimage"},"thumbnailUrl":"https:\/\/elmawkie.dz\/fr\/wp-content\/uploads\/2025\/01\/IMG_8633.jpeg","datePublished":"2025-01-25T12:40:38+00:00","dateModified":"2025-01-25T12:40:39+00:00","breadcrumb":{"@id":"https:\/\/elmawkie.dz\/fr\/le-parlement-arabe-condamne-fermement-la-declaration-du-parlement-europeen-sur-lalgerie\/#breadcrumb"},"inLanguage":"fr-FR","potentialAction":[{"@type":"ReadAction","target":["https:\/\/elmawkie.dz\/fr\/le-parlement-arabe-condamne-fermement-la-declaration-du-parlement-europeen-sur-lalgerie\/"]}]},{"@type":"ImageObject","inLanguage":"fr-FR","@id":"https:\/\/elmawkie.dz\/fr\/le-parlement-arabe-condamne-fermement-la-declaration-du-parlement-europeen-sur-lalgerie\/#primaryimage","url":"https:\/\/elmawkie.dz\/fr\/wp-content\/uploads\/2025\/01\/IMG_8633.jpeg","contentUrl":"https:\/\/elmawkie.dz\/fr\/wp-content\/uploads\/2025\/01\/IMG_8633.jpeg","width":274,"height":184},{"@type":"BreadcrumbList","@id":"https:\/\/elmawkie.dz\/fr\/le-parlement-arabe-condamne-fermement-la-declaration-du-parlement-europeen-sur-lalgerie\/#breadcrumb","itemListElement":[{"@type":"ListItem","position":1,"name":"Home","item":"https:\/\/elmawkie.dz\/fr\/"},{"@type":"ListItem","position":2,"name":"Le Parlement arabe condamne fermement la d\u00e9claration du Parlement europ\u00e9en sur l&rsquo;Alg\u00e9rie"}]},{"@type":"WebSite","@id":"https:\/\/elmawkie.dz\/fr\/#website","url":"https:\/\/elmawkie.dz\/fr\/","name":"EL MAWKIE","description":"Journal \u00c9lectronique Alg\u00e9rien","publisher":{"@id":"https:\/\/elmawkie.dz\/fr\/#organization"},"potentialAction":[{"@type":"SearchAction","target":{"@type":"EntryPoint","urlTemplate":"https:\/\/elmawkie.dz\/fr\/?s={search_term_string}"},"query-input":"required name=search_term_string"}],"inLanguage":"fr-FR"},{"@type":"Organization","@id":"https:\/\/elmawkie.dz\/fr\/#organization","name":"EL MAWKIE","url":"https:\/\/elmawkie.dz\/fr\/","logo":{"@type":"ImageObject","inLanguage":"fr-FR","@id":"https:\/\/elmawkie.dz\/fr\/#\/schema\/logo\/image\/","url":"https:\/\/elmawkie.dz\/fr\/wp-content\/uploads\/2024\/05\/logo1.png","contentUrl":"https:\/\/elmawkie.dz\/fr\/wp-content\/uploads\/2024\/05\/logo1.png","width":1648,"height":652,"caption":"EL MAWKIE"},"image":{"@id":"https:\/\/elmawkie.dz\/fr\/#\/schema\/logo\/image\/"},"sameAs":["https:\/\/www.facebook.com\/profile.php?id=100088407094989&locale=fr_FR"]},{"@type":"Person","@id":"https:\/\/elmawkie.dz\/fr\/#\/schema\/person\/e7bd59d6467874ba5c4723d8a9f0a63c","name":"R\u00e9daction","image":{"@type":"ImageObject","inLanguage":"fr-FR","@id":"https:\/\/elmawkie.dz\/fr\/#\/schema\/person\/image\/","url":"https:\/\/secure.gravatar.com\/avatar\/f0f773456344da4d2788c054a3d30a0c?s=96&d=mm&r=g","contentUrl":"https:\/\/secure.gravatar.com\/avatar\/f0f773456344da4d2788c054a3d30a0c?s=96&d=mm&r=g","caption":"R\u00e9daction"},"url":"https:\/\/elmawkie.dz\/fr\/author\/redaction\/"}]}},"_links":{"self":[{"href":"https:\/\/elmawkie.dz\/fr\/wp-json\/wp\/v2\/posts\/46211","targetHints":{"allow":["GET"]}}],"collection":[{"href":"https:\/\/elmawkie.dz\/fr\/wp-json\/wp\/v2\/posts"}],"about":[{"href":"https:\/\/elmawkie.dz\/fr\/wp-json\/wp\/v2\/types\/post"}],"author":[{"embeddable":true,"href":"https:\/\/elmawkie.dz\/fr\/wp-json\/wp\/v2\/users\/9"}],"replies":[{"embeddable":true,"href":"https:\/\/elmawkie.dz\/fr\/wp-json\/wp\/v2\/comments?post=46211"}],"version-history":[{"count":1,"href":"https:\/\/elmawkie.dz\/fr\/wp-json\/wp\/v2\/posts\/46211\/revisions"}],"predecessor-version":[{"id":46214,"href":"https:\/\/elmawkie.dz\/fr\/wp-json\/wp\/v2\/posts\/46211\/revisions\/46214"}],"wp:featuredmedia":[{"embeddable":true,"href":"https:\/\/elmawkie.dz\/fr\/wp-json\/wp\/v2\/media\/46213"}],"wp:attachment":[{"href":"https:\/\/elmawkie.dz\/fr\/wp-json\/wp\/v2\/media?parent=46211"}],"wp:term":[{"taxonomy":"category","embeddable":true,"href":"https:\/\/elmawkie.dz\/fr\/wp-json\/wp\/v2\/categories?post=46211"},{"taxonomy":"post_tag","embeddable":true,"href":"https:\/\/elmawkie.dz\/fr\/wp-json\/wp\/v2\/tags?post=46211"}],"curies":[{"name":"wp","href":"https:\/\/api.w.org\/{rel}","templated":true}]}}