{"id":46109,"date":"2025-01-22T08:20:25","date_gmt":"2025-01-22T07:20:25","guid":{"rendered":"https:\/\/elmawkie.dz\/fr\/?p=46109"},"modified":"2025-01-22T08:20:25","modified_gmt":"2025-01-22T07:20:25","slug":"ceramique-une-relance-prometteuse-des-exportations-espagnoles-vers-lalgerie","status":"publish","type":"post","link":"https:\/\/elmawkie.dz\/fr\/ceramique-une-relance-prometteuse-des-exportations-espagnoles-vers-lalgerie\/","title":{"rendered":"C\u00e9ramique : une relance prometteuse des exportations espagnoles vers l\u2019Alg\u00e9rie"},"content":{"rendered":"\n<p><strong>Apr\u00e8s une p\u00e9riode de gel commercial entre l&rsquo;Alg\u00e9rie et l&rsquo;Espagne, une embellie se dessine dans le secteur de la c\u00e9ramique. Les exportateurs espagnols renouent progressivement avec le march\u00e9 alg\u00e9rien, marquant ainsi un tournant dans les relations \u00e9conomiques bilat\u00e9rales.<\/strong><\/p>\n\n\n\n<p>En effet, apr\u00e8s une interruption de plus de deux ans, les exportations espagnoles de mati\u00e8res premi\u00e8res pour l\u2019industrie de la c\u00e9ramique vers l\u2019Alg\u00e9rie connaissent enfin une reprise. Selon le m\u00e9dia espagnol Castellon Plaza, les premi\u00e8res donn\u00e9es officielles d\u2019exportation du mois de novembre 2024 r\u00e9v\u00e8lent que le secteur des frites et \u00e9maux a vendu des produits d\u2019une valeur de deux millions d\u2019euros \u00e0 l\u2019Alg\u00e9rie.<\/p>\n\n\n\n<p>Ces transactions marquent un tournant attendu par les c\u00e9ramistes espagnols depuis juin 2022, date \u00e0 laquelle les \u00e9changes commerciaux entre les deux pays avaient \u00e9t\u00e9 suspendus. Cette reprise, amorc\u00e9e \u00e0 l\u2019automne 2024, repr\u00e9sente un soulagement pour les acteurs du secteur, qui voient enfin un red\u00e9marrage des relations \u00e9conomiques dans ce domaine cl\u00e9.<\/p>\n\n\n\n<p>Avec cette relance, les perspectives s\u2019\u00e9largissent pour les deux partenaires, dans un contexte o\u00f9 la collaboration pourrait \u00e0 nouveau dynamiser le march\u00e9 de la c\u00e9ramique en Alg\u00e9rie.<\/p>\n","protected":false},"excerpt":{"rendered":"<p>Apr\u00e8s une p\u00e9riode de gel commercial entre l&rsquo;Alg\u00e9rie et l&rsquo;Espagne, une embellie se dessine dans le secteur de la c\u00e9ramique. Les exportateurs espagnols renouent progressivement avec le march\u00e9 alg\u00e9rien, marquant ainsi un tournant dans les relations \u00e9conomiques bilat\u00e9rales. En effet, apr\u00e8s une interruption de plus de deux ans, les exportations espagnoles de mati\u00e8res premi\u00e8res pour &hellip;<\/p>\n","protected":false},"author":8,"featured_media":46116,"comment_status":"open","ping_status":"open","sticky":false,"template":"","format":"standard","meta":{"footnotes":""},"categories":[47],"tags":[2214,111],"class_list":["post-46109","post","type-post","status-publish","format-standard","has-post-thumbnail","hentry","category-national","tag-ceramique","tag-exportations"],"yoast_head":"<!-- This site is optimized with the Yoast SEO Premium plugin v22.6 (Yoast SEO v22.6) - https:\/\/yoast.com\/wordpress\/plugins\/seo\/ -->\n<title>C\u00e9ramique : une relance prometteuse des exportations espagnoles vers l\u2019Alg\u00e9rie - El Mawkie<\/title>\n<meta name=\"robots\" content=\"index, follow, max-snippet:-1, max-image-preview:large, max-video-preview:-1\" \/>\n<link rel=\"canonical\" href=\"https:\/\/elmawkie.dz\/fr\/ceramique-une-relance-prometteuse-des-exportations-espagnoles-vers-lalgerie\/\" \/>\n<meta property=\"og:locale\" content=\"fr_FR\" \/>\n<meta property=\"og:type\" content=\"article\" \/>\n<meta property=\"og:title\" content=\"C\u00e9ramique : une relance prometteuse des exportations espagnoles vers l\u2019Alg\u00e9rie\" \/>\n<meta property=\"og:description\" content=\"Apr\u00e8s une p\u00e9riode de gel commercial entre l&rsquo;Alg\u00e9rie et l&rsquo;Espagne, une embellie se dessine dans le secteur de la c\u00e9ramique. Les exportateurs espagnols renouent progressivement avec le march\u00e9 alg\u00e9rien, marquant ainsi un tournant dans les relations \u00e9conomiques bilat\u00e9rales. En effet, apr\u00e8s une interruption de plus de deux ans, les exportations espagnoles de mati\u00e8res premi\u00e8res pour &hellip;\" \/>\n<meta property=\"og:url\" content=\"https:\/\/elmawkie.dz\/fr\/ceramique-une-relance-prometteuse-des-exportations-espagnoles-vers-lalgerie\/\" \/>\n<meta property=\"og:site_name\" content=\"El Mawkie\" \/>\n<meta property=\"article:publisher\" content=\"https:\/\/www.facebook.com\/profile.php?id=100088407094989&amp;locale=fr_FR\" \/>\n<meta property=\"article:published_time\" content=\"2025-01-22T07:20:25+00:00\" \/>\n<meta property=\"og:image\" content=\"https:\/\/elmawkie.dz\/fr\/wp-content\/uploads\/2025\/01\/95a5a1eb-d6d2-4792-9ba6-a558e9a49475.jpeg\" \/>\n\t<meta property=\"og:image:width\" content=\"580\" \/>\n\t<meta property=\"og:image:height\" content=\"350\" \/>\n\t<meta property=\"og:image:type\" content=\"image\/jpeg\" \/>\n<meta name=\"author\" content=\"khayro\" \/>\n<meta name=\"twitter:card\" content=\"summary_large_image\" \/>\n<meta name=\"twitter:label1\" content=\"Written by\" \/>\n\t<meta name=\"twitter:data1\" content=\"khayro\" \/>\n\t<meta name=\"twitter:label2\" content=\"Est. reading time\" \/>\n\t<meta name=\"twitter:data2\" content=\"2 minutes\" \/>\n<script type=\"application\/ld+json\" class=\"yoast-schema-graph\">{\"@context\":\"https:\/\/schema.org\",\"@graph\":[{\"@type\":\"Article\",\"@id\":\"https:\/\/elmawkie.dz\/fr\/ceramique-une-relance-prometteuse-des-exportations-espagnoles-vers-lalgerie\/#article\",\"isPartOf\":{\"@id\":\"https:\/\/elmawkie.dz\/fr\/ceramique-une-relance-prometteuse-des-exportations-espagnoles-vers-lalgerie\/\"},\"author\":{\"name\":\"khayro\",\"@id\":\"https:\/\/elmawkie.dz\/fr\/#\/schema\/person\/15cb7eba76e08e2d2d0ad4b4c4fbb6cb\"},\"headline\":\"C\u00e9ramique : une relance prometteuse des exportations espagnoles vers l\u2019Alg\u00e9rie\",\"datePublished\":\"2025-01-22T07:20:25+00:00\",\"dateModified\":\"2025-01-22T07:20:25+00:00\",\"mainEntityOfPage\":{\"@id\":\"https:\/\/elmawkie.dz\/fr\/ceramique-une-relance-prometteuse-des-exportations-espagnoles-vers-lalgerie\/\"},\"wordCount\":218,\"commentCount\":0,\"publisher\":{\"@id\":\"https:\/\/elmawkie.dz\/fr\/#organization\"},\"image\":{\"@id\":\"https:\/\/elmawkie.dz\/fr\/ceramique-une-relance-prometteuse-des-exportations-espagnoles-vers-lalgerie\/#primaryimage\"},\"thumbnailUrl\":\"https:\/\/elmawkie.dz\/fr\/wp-content\/uploads\/2025\/01\/95a5a1eb-d6d2-4792-9ba6-a558e9a49475.jpeg\",\"keywords\":[\"C\u00e9ramique\",\"exportations\"],\"articleSection\":[\"National\"],\"inLanguage\":\"fr-FR\",\"potentialAction\":[{\"@type\":\"CommentAction\",\"name\":\"Comment\",\"target\":[\"https:\/\/elmawkie.dz\/fr\/ceramique-une-relance-prometteuse-des-exportations-espagnoles-vers-lalgerie\/#respond\"]}]},{\"@type\":\"WebPage\",\"@id\":\"https:\/\/elmawkie.dz\/fr\/ceramique-une-relance-prometteuse-des-exportations-espagnoles-vers-lalgerie\/\",\"url\":\"https:\/\/elmawkie.dz\/fr\/ceramique-une-relance-prometteuse-des-exportations-espagnoles-vers-lalgerie\/\",\"name\":\"C\u00e9ramique : une relance prometteuse des exportations espagnoles vers l\u2019Alg\u00e9rie - El Mawkie\",\"isPartOf\":{\"@id\":\"https:\/\/elmawkie.dz\/fr\/#website\"},\"primaryImageOfPage\":{\"@id\":\"https:\/\/elmawkie.dz\/fr\/ceramique-une-relance-prometteuse-des-exportations-espagnoles-vers-lalgerie\/#primaryimage\"},\"image\":{\"@id\":\"https:\/\/elmawkie.dz\/fr\/ceramique-une-relance-prometteuse-des-exportations-espagnoles-vers-lalgerie\/#primaryimage\"},\"thumbnailUrl\":\"https:\/\/elmawkie.dz\/fr\/wp-content\/uploads\/2025\/01\/95a5a1eb-d6d2-4792-9ba6-a558e9a49475.jpeg\",\"datePublished\":\"2025-01-22T07:20:25+00:00\",\"dateModified\":\"2025-01-22T07:20:25+00:00\",\"breadcrumb\":{\"@id\":\"https:\/\/elmawkie.dz\/fr\/ceramique-une-relance-prometteuse-des-exportations-espagnoles-vers-lalgerie\/#breadcrumb\"},\"inLanguage\":\"fr-FR\",\"potentialAction\":[{\"@type\":\"ReadAction\",\"target\":[\"https:\/\/elmawkie.dz\/fr\/ceramique-une-relance-prometteuse-des-exportations-espagnoles-vers-lalgerie\/\"]}]},{\"@type\":\"ImageObject\",\"inLanguage\":\"fr-FR\",\"@id\":\"https:\/\/elmawkie.dz\/fr\/ceramique-une-relance-prometteuse-des-exportations-espagnoles-vers-lalgerie\/#primaryimage\",\"url\":\"https:\/\/elmawkie.dz\/fr\/wp-content\/uploads\/2025\/01\/95a5a1eb-d6d2-4792-9ba6-a558e9a49475.jpeg\",\"contentUrl\":\"https:\/\/elmawkie.dz\/fr\/wp-content\/uploads\/2025\/01\/95a5a1eb-d6d2-4792-9ba6-a558e9a49475.jpeg\",\"width\":580,\"height\":350},{\"@type\":\"BreadcrumbList\",\"@id\":\"https:\/\/elmawkie.dz\/fr\/ceramique-une-relance-prometteuse-des-exportations-espagnoles-vers-lalgerie\/#breadcrumb\",\"itemListElement\":[{\"@type\":\"ListItem\",\"position\":1,\"name\":\"Home\",\"item\":\"https:\/\/elmawkie.dz\/fr\/\"},{\"@type\":\"ListItem\",\"position\":2,\"name\":\"C\u00e9ramique : une relance prometteuse des exportations espagnoles vers l\u2019Alg\u00e9rie\"}]},{\"@type\":\"WebSite\",\"@id\":\"https:\/\/elmawkie.dz\/fr\/#website\",\"url\":\"https:\/\/elmawkie.dz\/fr\/\",\"name\":\"EL MAWKIE\",\"description\":\"Journal \u00c9lectronique Alg\u00e9rien\",\"publisher\":{\"@id\":\"https:\/\/elmawkie.dz\/fr\/#organization\"},\"potentialAction\":[{\"@type\":\"SearchAction\",\"target\":{\"@type\":\"EntryPoint\",\"urlTemplate\":\"https:\/\/elmawkie.dz\/fr\/?s={search_term_string}\"},\"query-input\":\"required name=search_term_string\"}],\"inLanguage\":\"fr-FR\"},{\"@type\":\"Organization\",\"@id\":\"https:\/\/elmawkie.dz\/fr\/#organization\",\"name\":\"EL MAWKIE\",\"url\":\"https:\/\/elmawkie.dz\/fr\/\",\"logo\":{\"@type\":\"ImageObject\",\"inLanguage\":\"fr-FR\",\"@id\":\"https:\/\/elmawkie.dz\/fr\/#\/schema\/logo\/image\/\",\"url\":\"https:\/\/elmawkie.dz\/fr\/wp-content\/uploads\/2024\/05\/logo1.png\",\"contentUrl\":\"https:\/\/elmawkie.dz\/fr\/wp-content\/uploads\/2024\/05\/logo1.png\",\"width\":1648,\"height\":652,\"caption\":\"EL MAWKIE\"},\"image\":{\"@id\":\"https:\/\/elmawkie.dz\/fr\/#\/schema\/logo\/image\/\"},\"sameAs\":[\"https:\/\/www.facebook.com\/profile.php?id=100088407094989&locale=fr_FR\"]},{\"@type\":\"Person\",\"@id\":\"https:\/\/elmawkie.dz\/fr\/#\/schema\/person\/15cb7eba76e08e2d2d0ad4b4c4fbb6cb\",\"name\":\"khayro\",\"image\":{\"@type\":\"ImageObject\",\"inLanguage\":\"fr-FR\",\"@id\":\"https:\/\/elmawkie.dz\/fr\/#\/schema\/person\/image\/\",\"url\":\"https:\/\/secure.gravatar.com\/avatar\/5d609f726f02f77f0ff2a1483fc81992?s=96&d=mm&r=g\",\"contentUrl\":\"https:\/\/secure.gravatar.com\/avatar\/5d609f726f02f77f0ff2a1483fc81992?s=96&d=mm&r=g\",\"caption\":\"khayro\"},\"url\":\"https:\/\/elmawkie.dz\/fr\/author\/khayro\/\"}]}<\/script>\n<!-- \/ Yoast SEO Premium plugin. -->","yoast_head_json":{"title":"C\u00e9ramique : une relance prometteuse des exportations espagnoles vers l\u2019Alg\u00e9rie - El Mawkie","robots":{"index":"index","follow":"follow","max-snippet":"max-snippet:-1","max-image-preview":"max-image-preview:large","max-video-preview":"max-video-preview:-1"},"canonical":"https:\/\/elmawkie.dz\/fr\/ceramique-une-relance-prometteuse-des-exportations-espagnoles-vers-lalgerie\/","og_locale":"fr_FR","og_type":"article","og_title":"C\u00e9ramique : une relance prometteuse des exportations espagnoles vers l\u2019Alg\u00e9rie","og_description":"Apr\u00e8s une p\u00e9riode de gel commercial entre l&rsquo;Alg\u00e9rie et l&rsquo;Espagne, une embellie se dessine dans le secteur de la c\u00e9ramique. Les exportateurs espagnols renouent progressivement avec le march\u00e9 alg\u00e9rien, marquant ainsi un tournant dans les relations \u00e9conomiques bilat\u00e9rales. En effet, apr\u00e8s une interruption de plus de deux ans, les exportations espagnoles de mati\u00e8res premi\u00e8res pour &hellip;","og_url":"https:\/\/elmawkie.dz\/fr\/ceramique-une-relance-prometteuse-des-exportations-espagnoles-vers-lalgerie\/","og_site_name":"El Mawkie","article_publisher":"https:\/\/www.facebook.com\/profile.php?id=100088407094989&locale=fr_FR","article_published_time":"2025-01-22T07:20:25+00:00","og_image":[{"width":580,"height":350,"url":"https:\/\/elmawkie.dz\/fr\/wp-content\/uploads\/2025\/01\/95a5a1eb-d6d2-4792-9ba6-a558e9a49475.jpeg","type":"image\/jpeg"}],"author":"khayro","twitter_card":"summary_large_image","twitter_misc":{"Written by":"khayro","Est. reading time":"2 minutes"},"schema":{"@context":"https:\/\/schema.org","@graph":[{"@type":"Article","@id":"https:\/\/elmawkie.dz\/fr\/ceramique-une-relance-prometteuse-des-exportations-espagnoles-vers-lalgerie\/#article","isPartOf":{"@id":"https:\/\/elmawkie.dz\/fr\/ceramique-une-relance-prometteuse-des-exportations-espagnoles-vers-lalgerie\/"},"author":{"name":"khayro","@id":"https:\/\/elmawkie.dz\/fr\/#\/schema\/person\/15cb7eba76e08e2d2d0ad4b4c4fbb6cb"},"headline":"C\u00e9ramique : une relance prometteuse des exportations espagnoles vers l\u2019Alg\u00e9rie","datePublished":"2025-01-22T07:20:25+00:00","dateModified":"2025-01-22T07:20:25+00:00","mainEntityOfPage":{"@id":"https:\/\/elmawkie.dz\/fr\/ceramique-une-relance-prometteuse-des-exportations-espagnoles-vers-lalgerie\/"},"wordCount":218,"commentCount":0,"publisher":{"@id":"https:\/\/elmawkie.dz\/fr\/#organization"},"image":{"@id":"https:\/\/elmawkie.dz\/fr\/ceramique-une-relance-prometteuse-des-exportations-espagnoles-vers-lalgerie\/#primaryimage"},"thumbnailUrl":"https:\/\/elmawkie.dz\/fr\/wp-content\/uploads\/2025\/01\/95a5a1eb-d6d2-4792-9ba6-a558e9a49475.jpeg","keywords":["C\u00e9ramique","exportations"],"articleSection":["National"],"inLanguage":"fr-FR","potentialAction":[{"@type":"CommentAction","name":"Comment","target":["https:\/\/elmawkie.dz\/fr\/ceramique-une-relance-prometteuse-des-exportations-espagnoles-vers-lalgerie\/#respond"]}]},{"@type":"WebPage","@id":"https:\/\/elmawkie.dz\/fr\/ceramique-une-relance-prometteuse-des-exportations-espagnoles-vers-lalgerie\/","url":"https:\/\/elmawkie.dz\/fr\/ceramique-une-relance-prometteuse-des-exportations-espagnoles-vers-lalgerie\/","name":"C\u00e9ramique : une relance prometteuse des exportations espagnoles vers l\u2019Alg\u00e9rie - El Mawkie","isPartOf":{"@id":"https:\/\/elmawkie.dz\/fr\/#website"},"primaryImageOfPage":{"@id":"https:\/\/elmawkie.dz\/fr\/ceramique-une-relance-prometteuse-des-exportations-espagnoles-vers-lalgerie\/#primaryimage"},"image":{"@id":"https:\/\/elmawkie.dz\/fr\/ceramique-une-relance-prometteuse-des-exportations-espagnoles-vers-lalgerie\/#primaryimage"},"thumbnailUrl":"https:\/\/elmawkie.dz\/fr\/wp-content\/uploads\/2025\/01\/95a5a1eb-d6d2-4792-9ba6-a558e9a49475.jpeg","datePublished":"2025-01-22T07:20:25+00:00","dateModified":"2025-01-22T07:20:25+00:00","breadcrumb":{"@id":"https:\/\/elmawkie.dz\/fr\/ceramique-une-relance-prometteuse-des-exportations-espagnoles-vers-lalgerie\/#breadcrumb"},"inLanguage":"fr-FR","potentialAction":[{"@type":"ReadAction","target":["https:\/\/elmawkie.dz\/fr\/ceramique-une-relance-prometteuse-des-exportations-espagnoles-vers-lalgerie\/"]}]},{"@type":"ImageObject","inLanguage":"fr-FR","@id":"https:\/\/elmawkie.dz\/fr\/ceramique-une-relance-prometteuse-des-exportations-espagnoles-vers-lalgerie\/#primaryimage","url":"https:\/\/elmawkie.dz\/fr\/wp-content\/uploads\/2025\/01\/95a5a1eb-d6d2-4792-9ba6-a558e9a49475.jpeg","contentUrl":"https:\/\/elmawkie.dz\/fr\/wp-content\/uploads\/2025\/01\/95a5a1eb-d6d2-4792-9ba6-a558e9a49475.jpeg","width":580,"height":350},{"@type":"BreadcrumbList","@id":"https:\/\/elmawkie.dz\/fr\/ceramique-une-relance-prometteuse-des-exportations-espagnoles-vers-lalgerie\/#breadcrumb","itemListElement":[{"@type":"ListItem","position":1,"name":"Home","item":"https:\/\/elmawkie.dz\/fr\/"},{"@type":"ListItem","position":2,"name":"C\u00e9ramique : une relance prometteuse des exportations espagnoles vers l\u2019Alg\u00e9rie"}]},{"@type":"WebSite","@id":"https:\/\/elmawkie.dz\/fr\/#website","url":"https:\/\/elmawkie.dz\/fr\/","name":"EL MAWKIE","description":"Journal \u00c9lectronique Alg\u00e9rien","publisher":{"@id":"https:\/\/elmawkie.dz\/fr\/#organization"},"potentialAction":[{"@type":"SearchAction","target":{"@type":"EntryPoint","urlTemplate":"https:\/\/elmawkie.dz\/fr\/?s={search_term_string}"},"query-input":"required name=search_term_string"}],"inLanguage":"fr-FR"},{"@type":"Organization","@id":"https:\/\/elmawkie.dz\/fr\/#organization","name":"EL MAWKIE","url":"https:\/\/elmawkie.dz\/fr\/","logo":{"@type":"ImageObject","inLanguage":"fr-FR","@id":"https:\/\/elmawkie.dz\/fr\/#\/schema\/logo\/image\/","url":"https:\/\/elmawkie.dz\/fr\/wp-content\/uploads\/2024\/05\/logo1.png","contentUrl":"https:\/\/elmawkie.dz\/fr\/wp-content\/uploads\/2024\/05\/logo1.png","width":1648,"height":652,"caption":"EL MAWKIE"},"image":{"@id":"https:\/\/elmawkie.dz\/fr\/#\/schema\/logo\/image\/"},"sameAs":["https:\/\/www.facebook.com\/profile.php?id=100088407094989&locale=fr_FR"]},{"@type":"Person","@id":"https:\/\/elmawkie.dz\/fr\/#\/schema\/person\/15cb7eba76e08e2d2d0ad4b4c4fbb6cb","name":"khayro","image":{"@type":"ImageObject","inLanguage":"fr-FR","@id":"https:\/\/elmawkie.dz\/fr\/#\/schema\/person\/image\/","url":"https:\/\/secure.gravatar.com\/avatar\/5d609f726f02f77f0ff2a1483fc81992?s=96&d=mm&r=g","contentUrl":"https:\/\/secure.gravatar.com\/avatar\/5d609f726f02f77f0ff2a1483fc81992?s=96&d=mm&r=g","caption":"khayro"},"url":"https:\/\/elmawkie.dz\/fr\/author\/khayro\/"}]}},"_links":{"self":[{"href":"https:\/\/elmawkie.dz\/fr\/wp-json\/wp\/v2\/posts\/46109","targetHints":{"allow":["GET"]}}],"collection":[{"href":"https:\/\/elmawkie.dz\/fr\/wp-json\/wp\/v2\/posts"}],"about":[{"href":"https:\/\/elmawkie.dz\/fr\/wp-json\/wp\/v2\/types\/post"}],"author":[{"embeddable":true,"href":"https:\/\/elmawkie.dz\/fr\/wp-json\/wp\/v2\/users\/8"}],"replies":[{"embeddable":true,"href":"https:\/\/elmawkie.dz\/fr\/wp-json\/wp\/v2\/comments?post=46109"}],"version-history":[{"count":2,"href":"https:\/\/elmawkie.dz\/fr\/wp-json\/wp\/v2\/posts\/46109\/revisions"}],"predecessor-version":[{"id":46117,"href":"https:\/\/elmawkie.dz\/fr\/wp-json\/wp\/v2\/posts\/46109\/revisions\/46117"}],"wp:featuredmedia":[{"embeddable":true,"href":"https:\/\/elmawkie.dz\/fr\/wp-json\/wp\/v2\/media\/46116"}],"wp:attachment":[{"href":"https:\/\/elmawkie.dz\/fr\/wp-json\/wp\/v2\/media?parent=46109"}],"wp:term":[{"taxonomy":"category","embeddable":true,"href":"https:\/\/elmawkie.dz\/fr\/wp-json\/wp\/v2\/categories?post=46109"},{"taxonomy":"post_tag","embeddable":true,"href":"https:\/\/elmawkie.dz\/fr\/wp-json\/wp\/v2\/tags?post=46109"}],"curies":[{"name":"wp","href":"https:\/\/api.w.org\/{rel}","templated":true}]}}