{"id":46081,"date":"2025-01-21T19:32:34","date_gmt":"2025-01-21T18:32:34","guid":{"rendered":"https:\/\/elmawkie.dz\/fr\/?p=46081"},"modified":"2025-01-21T19:32:35","modified_gmt":"2025-01-21T18:32:35","slug":"une-nouvelle-loi-pour-renforcer-la-prise-en-charge-des-personnes-aux-besoins-specifiques","status":"publish","type":"post","link":"https:\/\/elmawkie.dz\/fr\/une-nouvelle-loi-pour-renforcer-la-prise-en-charge-des-personnes-aux-besoins-specifiques\/","title":{"rendered":"Une nouvelle loi pour renforcer la prise en charge des personnes aux besoins sp\u00e9cifiques"},"content":{"rendered":"\n<p><strong>La ministre de la Solidarit\u00e9 nationale, de la Famille et de la Condition de la femme, Soraya Mouloudji a affirm\u00e9, mardi \u00e0 Alger, que le texte de loi relatif \u00e0 la protection et \u00e0 la promotion des personnes \u00e0 besoins sp\u00e9cifiques visait \u00e0 renforcer les m\u00e9canismes de prise en charge et de soutien d\u00e9di\u00e9s \u00e0 cette cat\u00e9gorie de la soci\u00e9t\u00e9<\/strong>. <br>R\u00e9pondant aux pr\u00e9occupations des membres du Conseil de la nation lors du d\u00e9bat autour de ce texte de loi, lors d&rsquo;une pl\u00e9ni\u00e8re pr\u00e9sid\u00e9e par M. Salah Goudjil, pr\u00e9sident du Conseil, en pr\u00e9sence de la ministre des Relations avec le Parlement, Kaouter Krikou, Mme Mouloudji a pr\u00e9cis\u00e9 que ce texte a pour objectif de \u00ab\u00a0consolider les acquis des personnes \u00e0 besoins sp\u00e9cifiques et de renforcer les mesures et m\u00e9canismes n\u00e9cessaires pour leur prise en charge et leur accompagnement\u00a0\u00bb. A ce propos, la ministre a \u00e9voqu\u00e9 les programmes nationaux \u00e9labor\u00e9s pour garantir la prise en charge, la protection et l&rsquo;accompagnement des personnes \u00e0 besoins sp\u00e9cifiques, ainsi que les mesures sociales et \u00e9ducatives et les dispositifs d&rsquo;\u00e9ducation sp\u00e9cialis\u00e9e, outre les m\u00e9canismes de soutien psychop\u00e9dagogique. Elle a \u00e9galement rappel\u00e9 les mesures prises dans le secteur de la Solidarit\u00e9 nationale en mati\u00e8re de formation et d&rsquo;\u00e9ducation sp\u00e9cialis\u00e9es, ajoutant que le secteur comptait 239 \u00e9tablissements sp\u00e9cialis\u00e9s et 19 annexes, dont des centres psychop\u00e9dagogiques pour enfants atteints d&rsquo;handicap mental, des \u00e9coles pour enfants sourds-muets, d&rsquo;autres pour enfants malvoyants et des centres psychop\u00e9dagogiques pour enfants handicap\u00e9s moteurs, encadr\u00e9s par un personnel p\u00e9dagogique pluridisciplinaire. Au terme des travaux de cette pl\u00e9ni\u00e8re, M. Salah Goudjil a affirm\u00e9 que ce texte de loi \u00ab\u00a0consacre le caract\u00e8re social de l&rsquo;Etat, tir\u00e9 de notre r\u00e9f\u00e9rent national, notamment dans la D\u00e9claration du 1er novembre 1954\u00a0\u00bb. Il a \u00e9galement rappel\u00e9 que ce texte, \u00e0 l&rsquo;instar de celui relatif aux d\u00e9chets, \u00ab\u00a0nous rappelle les crimes perp\u00e9tr\u00e9s par le colonisateur fran\u00e7ais contre le peuple alg\u00e9rien, notamment les cons\u00e9quences de ses essais nucl\u00e9aires dans le d\u00e9sert de notre pays sur l&rsquo;homme et l&rsquo;environnement, ainsi que les graves impacts des mines et explosifs pos\u00e9s le long des lignes Challe et Morice \u00e0 nos fronti\u00e8res est et ouest\u00a0\u00bb. Ces mines, qui \u00ab\u00a0s&rsquo;\u00e9levaient \u00e0 11 millions, ont co\u00fbt\u00e9 la vie \u00e0 des milliers d&rsquo;hommes, de femmes et d&rsquo;enfants, sans \u00e9pargner les animaux, causant \u00e9galement des handicaps\u00a0\u00bb, a-t-il dit. M. Goudjil a charg\u00e9 \u00ab\u00a0la commission comp\u00e9tente d&rsquo;inclure, dans son rapport compl\u00e9mentaire qu&rsquo;elle pr\u00e9sentera lors de la s\u00e9ance de vote de ce texte pr\u00e9vue le jeudi 23 janvier 2025, une recommandation appelant le Gouvernement \u00e0 acc\u00e9l\u00e9rer le recensement des victimes de ces mines et explosifs, morts ou bless\u00e9s, depuis l&rsquo;ind\u00e9pendance jusqu&rsquo;\u00e0 ce jour, afin de servir de t\u00e9moignage historique devant le monde sur les atrocit\u00e9s des crimes du colonisateur fran\u00e7ais et d&rsquo;inscrire dans les annales les sacrifices du peuple alg\u00e9rien pour la libert\u00e9 et la souverainet\u00e9\u00a0\u00bb.<\/p>\n","protected":false},"excerpt":{"rendered":"<p>La ministre de la Solidarit\u00e9 nationale, de la Famille et de la Condition de la femme, Soraya Mouloudji a affirm\u00e9, mardi \u00e0 Alger, que le texte de loi relatif \u00e0 la protection et \u00e0 la promotion des personnes \u00e0 besoins sp\u00e9cifiques visait \u00e0 renforcer les m\u00e9canismes de prise en charge et de soutien d\u00e9di\u00e9s \u00e0 &hellip;<\/p>\n","protected":false},"author":9,"featured_media":46083,"comment_status":"open","ping_status":"open","sticky":false,"template":"","format":"standard","meta":{"footnotes":""},"categories":[47],"tags":[2211,914,1013],"class_list":["post-46081","post","type-post","status-publish","format-standard","has-post-thumbnail","hentry","category-national","tag-des-personnes-a-besoins-specifiques","tag-goudjil","tag-mouloudji"],"yoast_head":"<!-- This site is optimized with the Yoast SEO Premium plugin v22.6 (Yoast SEO v22.6) - https:\/\/yoast.com\/wordpress\/plugins\/seo\/ -->\n<title>Une nouvelle loi pour renforcer la prise en charge des personnes aux besoins sp\u00e9cifiques - El Mawkie<\/title>\n<meta name=\"robots\" content=\"index, follow, max-snippet:-1, max-image-preview:large, max-video-preview:-1\" \/>\n<link rel=\"canonical\" href=\"https:\/\/elmawkie.dz\/fr\/une-nouvelle-loi-pour-renforcer-la-prise-en-charge-des-personnes-aux-besoins-specifiques\/\" \/>\n<meta property=\"og:locale\" content=\"fr_FR\" \/>\n<meta property=\"og:type\" content=\"article\" \/>\n<meta property=\"og:title\" content=\"Une nouvelle loi pour renforcer la prise en charge des personnes aux besoins sp\u00e9cifiques\" \/>\n<meta property=\"og:description\" content=\"La ministre de la Solidarit\u00e9 nationale, de la Famille et de la Condition de la femme, Soraya Mouloudji a affirm\u00e9, mardi \u00e0 Alger, que le texte de loi relatif \u00e0 la protection et \u00e0 la promotion des personnes \u00e0 besoins sp\u00e9cifiques visait \u00e0 renforcer les m\u00e9canismes de prise en charge et de soutien d\u00e9di\u00e9s \u00e0 &hellip;\" \/>\n<meta property=\"og:url\" content=\"https:\/\/elmawkie.dz\/fr\/une-nouvelle-loi-pour-renforcer-la-prise-en-charge-des-personnes-aux-besoins-specifiques\/\" \/>\n<meta property=\"og:site_name\" content=\"El Mawkie\" \/>\n<meta property=\"article:publisher\" content=\"https:\/\/www.facebook.com\/profile.php?id=100088407094989&amp;locale=fr_FR\" \/>\n<meta property=\"article:published_time\" content=\"2025-01-21T18:32:34+00:00\" \/>\n<meta property=\"article:modified_time\" content=\"2025-01-21T18:32:35+00:00\" \/>\n<meta property=\"og:image\" content=\"https:\/\/elmawkie.dz\/fr\/wp-content\/uploads\/2025\/01\/IMG_8438.jpeg\" \/>\n\t<meta property=\"og:image:width\" content=\"2048\" \/>\n\t<meta property=\"og:image:height\" content=\"1365\" \/>\n\t<meta property=\"og:image:type\" content=\"image\/jpeg\" \/>\n<meta name=\"author\" content=\"R\u00e9daction\" \/>\n<meta name=\"twitter:card\" content=\"summary_large_image\" \/>\n<meta name=\"twitter:label1\" content=\"Written by\" \/>\n\t<meta name=\"twitter:data1\" content=\"R\u00e9daction\" \/>\n\t<meta name=\"twitter:label2\" content=\"Est. reading time\" \/>\n\t<meta name=\"twitter:data2\" content=\"3 minutes\" \/>\n<script type=\"application\/ld+json\" class=\"yoast-schema-graph\">{\"@context\":\"https:\/\/schema.org\",\"@graph\":[{\"@type\":\"Article\",\"@id\":\"https:\/\/elmawkie.dz\/fr\/une-nouvelle-loi-pour-renforcer-la-prise-en-charge-des-personnes-aux-besoins-specifiques\/#article\",\"isPartOf\":{\"@id\":\"https:\/\/elmawkie.dz\/fr\/une-nouvelle-loi-pour-renforcer-la-prise-en-charge-des-personnes-aux-besoins-specifiques\/\"},\"author\":{\"name\":\"R\u00e9daction\",\"@id\":\"https:\/\/elmawkie.dz\/fr\/#\/schema\/person\/e7bd59d6467874ba5c4723d8a9f0a63c\"},\"headline\":\"Une nouvelle loi pour renforcer la prise en charge des personnes aux besoins sp\u00e9cifiques\",\"datePublished\":\"2025-01-21T18:32:34+00:00\",\"dateModified\":\"2025-01-21T18:32:35+00:00\",\"mainEntityOfPage\":{\"@id\":\"https:\/\/elmawkie.dz\/fr\/une-nouvelle-loi-pour-renforcer-la-prise-en-charge-des-personnes-aux-besoins-specifiques\/\"},\"wordCount\":541,\"commentCount\":0,\"publisher\":{\"@id\":\"https:\/\/elmawkie.dz\/fr\/#organization\"},\"image\":{\"@id\":\"https:\/\/elmawkie.dz\/fr\/une-nouvelle-loi-pour-renforcer-la-prise-en-charge-des-personnes-aux-besoins-specifiques\/#primaryimage\"},\"thumbnailUrl\":\"https:\/\/elmawkie.dz\/fr\/wp-content\/uploads\/2025\/01\/IMG_8438.jpeg\",\"keywords\":[\"des personnes \u00e0 besoins sp\u00e9cifiques\",\"Goudjil\",\"Mouloudji\"],\"articleSection\":[\"National\"],\"inLanguage\":\"fr-FR\",\"potentialAction\":[{\"@type\":\"CommentAction\",\"name\":\"Comment\",\"target\":[\"https:\/\/elmawkie.dz\/fr\/une-nouvelle-loi-pour-renforcer-la-prise-en-charge-des-personnes-aux-besoins-specifiques\/#respond\"]}]},{\"@type\":\"WebPage\",\"@id\":\"https:\/\/elmawkie.dz\/fr\/une-nouvelle-loi-pour-renforcer-la-prise-en-charge-des-personnes-aux-besoins-specifiques\/\",\"url\":\"https:\/\/elmawkie.dz\/fr\/une-nouvelle-loi-pour-renforcer-la-prise-en-charge-des-personnes-aux-besoins-specifiques\/\",\"name\":\"Une nouvelle loi pour renforcer la prise en charge des personnes aux besoins sp\u00e9cifiques - El Mawkie\",\"isPartOf\":{\"@id\":\"https:\/\/elmawkie.dz\/fr\/#website\"},\"primaryImageOfPage\":{\"@id\":\"https:\/\/elmawkie.dz\/fr\/une-nouvelle-loi-pour-renforcer-la-prise-en-charge-des-personnes-aux-besoins-specifiques\/#primaryimage\"},\"image\":{\"@id\":\"https:\/\/elmawkie.dz\/fr\/une-nouvelle-loi-pour-renforcer-la-prise-en-charge-des-personnes-aux-besoins-specifiques\/#primaryimage\"},\"thumbnailUrl\":\"https:\/\/elmawkie.dz\/fr\/wp-content\/uploads\/2025\/01\/IMG_8438.jpeg\",\"datePublished\":\"2025-01-21T18:32:34+00:00\",\"dateModified\":\"2025-01-21T18:32:35+00:00\",\"breadcrumb\":{\"@id\":\"https:\/\/elmawkie.dz\/fr\/une-nouvelle-loi-pour-renforcer-la-prise-en-charge-des-personnes-aux-besoins-specifiques\/#breadcrumb\"},\"inLanguage\":\"fr-FR\",\"potentialAction\":[{\"@type\":\"ReadAction\",\"target\":[\"https:\/\/elmawkie.dz\/fr\/une-nouvelle-loi-pour-renforcer-la-prise-en-charge-des-personnes-aux-besoins-specifiques\/\"]}]},{\"@type\":\"ImageObject\",\"inLanguage\":\"fr-FR\",\"@id\":\"https:\/\/elmawkie.dz\/fr\/une-nouvelle-loi-pour-renforcer-la-prise-en-charge-des-personnes-aux-besoins-specifiques\/#primaryimage\",\"url\":\"https:\/\/elmawkie.dz\/fr\/wp-content\/uploads\/2025\/01\/IMG_8438.jpeg\",\"contentUrl\":\"https:\/\/elmawkie.dz\/fr\/wp-content\/uploads\/2025\/01\/IMG_8438.jpeg\",\"width\":2048,\"height\":1365},{\"@type\":\"BreadcrumbList\",\"@id\":\"https:\/\/elmawkie.dz\/fr\/une-nouvelle-loi-pour-renforcer-la-prise-en-charge-des-personnes-aux-besoins-specifiques\/#breadcrumb\",\"itemListElement\":[{\"@type\":\"ListItem\",\"position\":1,\"name\":\"Home\",\"item\":\"https:\/\/elmawkie.dz\/fr\/\"},{\"@type\":\"ListItem\",\"position\":2,\"name\":\"Une nouvelle loi pour renforcer la prise en charge des personnes aux besoins sp\u00e9cifiques\"}]},{\"@type\":\"WebSite\",\"@id\":\"https:\/\/elmawkie.dz\/fr\/#website\",\"url\":\"https:\/\/elmawkie.dz\/fr\/\",\"name\":\"EL MAWKIE\",\"description\":\"Journal \u00c9lectronique Alg\u00e9rien\",\"publisher\":{\"@id\":\"https:\/\/elmawkie.dz\/fr\/#organization\"},\"potentialAction\":[{\"@type\":\"SearchAction\",\"target\":{\"@type\":\"EntryPoint\",\"urlTemplate\":\"https:\/\/elmawkie.dz\/fr\/?s={search_term_string}\"},\"query-input\":\"required name=search_term_string\"}],\"inLanguage\":\"fr-FR\"},{\"@type\":\"Organization\",\"@id\":\"https:\/\/elmawkie.dz\/fr\/#organization\",\"name\":\"EL MAWKIE\",\"url\":\"https:\/\/elmawkie.dz\/fr\/\",\"logo\":{\"@type\":\"ImageObject\",\"inLanguage\":\"fr-FR\",\"@id\":\"https:\/\/elmawkie.dz\/fr\/#\/schema\/logo\/image\/\",\"url\":\"https:\/\/elmawkie.dz\/fr\/wp-content\/uploads\/2024\/05\/logo1.png\",\"contentUrl\":\"https:\/\/elmawkie.dz\/fr\/wp-content\/uploads\/2024\/05\/logo1.png\",\"width\":1648,\"height\":652,\"caption\":\"EL MAWKIE\"},\"image\":{\"@id\":\"https:\/\/elmawkie.dz\/fr\/#\/schema\/logo\/image\/\"},\"sameAs\":[\"https:\/\/www.facebook.com\/profile.php?id=100088407094989&locale=fr_FR\"]},{\"@type\":\"Person\",\"@id\":\"https:\/\/elmawkie.dz\/fr\/#\/schema\/person\/e7bd59d6467874ba5c4723d8a9f0a63c\",\"name\":\"R\u00e9daction\",\"image\":{\"@type\":\"ImageObject\",\"inLanguage\":\"fr-FR\",\"@id\":\"https:\/\/elmawkie.dz\/fr\/#\/schema\/person\/image\/\",\"url\":\"https:\/\/secure.gravatar.com\/avatar\/f0f773456344da4d2788c054a3d30a0c?s=96&d=mm&r=g\",\"contentUrl\":\"https:\/\/secure.gravatar.com\/avatar\/f0f773456344da4d2788c054a3d30a0c?s=96&d=mm&r=g\",\"caption\":\"R\u00e9daction\"},\"url\":\"https:\/\/elmawkie.dz\/fr\/author\/redaction\/\"}]}<\/script>\n<!-- \/ Yoast SEO Premium plugin. -->","yoast_head_json":{"title":"Une nouvelle loi pour renforcer la prise en charge des personnes aux besoins sp\u00e9cifiques - El Mawkie","robots":{"index":"index","follow":"follow","max-snippet":"max-snippet:-1","max-image-preview":"max-image-preview:large","max-video-preview":"max-video-preview:-1"},"canonical":"https:\/\/elmawkie.dz\/fr\/une-nouvelle-loi-pour-renforcer-la-prise-en-charge-des-personnes-aux-besoins-specifiques\/","og_locale":"fr_FR","og_type":"article","og_title":"Une nouvelle loi pour renforcer la prise en charge des personnes aux besoins sp\u00e9cifiques","og_description":"La ministre de la Solidarit\u00e9 nationale, de la Famille et de la Condition de la femme, Soraya Mouloudji a affirm\u00e9, mardi \u00e0 Alger, que le texte de loi relatif \u00e0 la protection et \u00e0 la promotion des personnes \u00e0 besoins sp\u00e9cifiques visait \u00e0 renforcer les m\u00e9canismes de prise en charge et de soutien d\u00e9di\u00e9s \u00e0 &hellip;","og_url":"https:\/\/elmawkie.dz\/fr\/une-nouvelle-loi-pour-renforcer-la-prise-en-charge-des-personnes-aux-besoins-specifiques\/","og_site_name":"El Mawkie","article_publisher":"https:\/\/www.facebook.com\/profile.php?id=100088407094989&locale=fr_FR","article_published_time":"2025-01-21T18:32:34+00:00","article_modified_time":"2025-01-21T18:32:35+00:00","og_image":[{"width":2048,"height":1365,"url":"https:\/\/elmawkie.dz\/fr\/wp-content\/uploads\/2025\/01\/IMG_8438.jpeg","type":"image\/jpeg"}],"author":"R\u00e9daction","twitter_card":"summary_large_image","twitter_misc":{"Written by":"R\u00e9daction","Est. reading time":"3 minutes"},"schema":{"@context":"https:\/\/schema.org","@graph":[{"@type":"Article","@id":"https:\/\/elmawkie.dz\/fr\/une-nouvelle-loi-pour-renforcer-la-prise-en-charge-des-personnes-aux-besoins-specifiques\/#article","isPartOf":{"@id":"https:\/\/elmawkie.dz\/fr\/une-nouvelle-loi-pour-renforcer-la-prise-en-charge-des-personnes-aux-besoins-specifiques\/"},"author":{"name":"R\u00e9daction","@id":"https:\/\/elmawkie.dz\/fr\/#\/schema\/person\/e7bd59d6467874ba5c4723d8a9f0a63c"},"headline":"Une nouvelle loi pour renforcer la prise en charge des personnes aux besoins sp\u00e9cifiques","datePublished":"2025-01-21T18:32:34+00:00","dateModified":"2025-01-21T18:32:35+00:00","mainEntityOfPage":{"@id":"https:\/\/elmawkie.dz\/fr\/une-nouvelle-loi-pour-renforcer-la-prise-en-charge-des-personnes-aux-besoins-specifiques\/"},"wordCount":541,"commentCount":0,"publisher":{"@id":"https:\/\/elmawkie.dz\/fr\/#organization"},"image":{"@id":"https:\/\/elmawkie.dz\/fr\/une-nouvelle-loi-pour-renforcer-la-prise-en-charge-des-personnes-aux-besoins-specifiques\/#primaryimage"},"thumbnailUrl":"https:\/\/elmawkie.dz\/fr\/wp-content\/uploads\/2025\/01\/IMG_8438.jpeg","keywords":["des personnes \u00e0 besoins sp\u00e9cifiques","Goudjil","Mouloudji"],"articleSection":["National"],"inLanguage":"fr-FR","potentialAction":[{"@type":"CommentAction","name":"Comment","target":["https:\/\/elmawkie.dz\/fr\/une-nouvelle-loi-pour-renforcer-la-prise-en-charge-des-personnes-aux-besoins-specifiques\/#respond"]}]},{"@type":"WebPage","@id":"https:\/\/elmawkie.dz\/fr\/une-nouvelle-loi-pour-renforcer-la-prise-en-charge-des-personnes-aux-besoins-specifiques\/","url":"https:\/\/elmawkie.dz\/fr\/une-nouvelle-loi-pour-renforcer-la-prise-en-charge-des-personnes-aux-besoins-specifiques\/","name":"Une nouvelle loi pour renforcer la prise en charge des personnes aux besoins sp\u00e9cifiques - El Mawkie","isPartOf":{"@id":"https:\/\/elmawkie.dz\/fr\/#website"},"primaryImageOfPage":{"@id":"https:\/\/elmawkie.dz\/fr\/une-nouvelle-loi-pour-renforcer-la-prise-en-charge-des-personnes-aux-besoins-specifiques\/#primaryimage"},"image":{"@id":"https:\/\/elmawkie.dz\/fr\/une-nouvelle-loi-pour-renforcer-la-prise-en-charge-des-personnes-aux-besoins-specifiques\/#primaryimage"},"thumbnailUrl":"https:\/\/elmawkie.dz\/fr\/wp-content\/uploads\/2025\/01\/IMG_8438.jpeg","datePublished":"2025-01-21T18:32:34+00:00","dateModified":"2025-01-21T18:32:35+00:00","breadcrumb":{"@id":"https:\/\/elmawkie.dz\/fr\/une-nouvelle-loi-pour-renforcer-la-prise-en-charge-des-personnes-aux-besoins-specifiques\/#breadcrumb"},"inLanguage":"fr-FR","potentialAction":[{"@type":"ReadAction","target":["https:\/\/elmawkie.dz\/fr\/une-nouvelle-loi-pour-renforcer-la-prise-en-charge-des-personnes-aux-besoins-specifiques\/"]}]},{"@type":"ImageObject","inLanguage":"fr-FR","@id":"https:\/\/elmawkie.dz\/fr\/une-nouvelle-loi-pour-renforcer-la-prise-en-charge-des-personnes-aux-besoins-specifiques\/#primaryimage","url":"https:\/\/elmawkie.dz\/fr\/wp-content\/uploads\/2025\/01\/IMG_8438.jpeg","contentUrl":"https:\/\/elmawkie.dz\/fr\/wp-content\/uploads\/2025\/01\/IMG_8438.jpeg","width":2048,"height":1365},{"@type":"BreadcrumbList","@id":"https:\/\/elmawkie.dz\/fr\/une-nouvelle-loi-pour-renforcer-la-prise-en-charge-des-personnes-aux-besoins-specifiques\/#breadcrumb","itemListElement":[{"@type":"ListItem","position":1,"name":"Home","item":"https:\/\/elmawkie.dz\/fr\/"},{"@type":"ListItem","position":2,"name":"Une nouvelle loi pour renforcer la prise en charge des personnes aux besoins sp\u00e9cifiques"}]},{"@type":"WebSite","@id":"https:\/\/elmawkie.dz\/fr\/#website","url":"https:\/\/elmawkie.dz\/fr\/","name":"EL MAWKIE","description":"Journal \u00c9lectronique Alg\u00e9rien","publisher":{"@id":"https:\/\/elmawkie.dz\/fr\/#organization"},"potentialAction":[{"@type":"SearchAction","target":{"@type":"EntryPoint","urlTemplate":"https:\/\/elmawkie.dz\/fr\/?s={search_term_string}"},"query-input":"required name=search_term_string"}],"inLanguage":"fr-FR"},{"@type":"Organization","@id":"https:\/\/elmawkie.dz\/fr\/#organization","name":"EL MAWKIE","url":"https:\/\/elmawkie.dz\/fr\/","logo":{"@type":"ImageObject","inLanguage":"fr-FR","@id":"https:\/\/elmawkie.dz\/fr\/#\/schema\/logo\/image\/","url":"https:\/\/elmawkie.dz\/fr\/wp-content\/uploads\/2024\/05\/logo1.png","contentUrl":"https:\/\/elmawkie.dz\/fr\/wp-content\/uploads\/2024\/05\/logo1.png","width":1648,"height":652,"caption":"EL MAWKIE"},"image":{"@id":"https:\/\/elmawkie.dz\/fr\/#\/schema\/logo\/image\/"},"sameAs":["https:\/\/www.facebook.com\/profile.php?id=100088407094989&locale=fr_FR"]},{"@type":"Person","@id":"https:\/\/elmawkie.dz\/fr\/#\/schema\/person\/e7bd59d6467874ba5c4723d8a9f0a63c","name":"R\u00e9daction","image":{"@type":"ImageObject","inLanguage":"fr-FR","@id":"https:\/\/elmawkie.dz\/fr\/#\/schema\/person\/image\/","url":"https:\/\/secure.gravatar.com\/avatar\/f0f773456344da4d2788c054a3d30a0c?s=96&d=mm&r=g","contentUrl":"https:\/\/secure.gravatar.com\/avatar\/f0f773456344da4d2788c054a3d30a0c?s=96&d=mm&r=g","caption":"R\u00e9daction"},"url":"https:\/\/elmawkie.dz\/fr\/author\/redaction\/"}]}},"_links":{"self":[{"href":"https:\/\/elmawkie.dz\/fr\/wp-json\/wp\/v2\/posts\/46081","targetHints":{"allow":["GET"]}}],"collection":[{"href":"https:\/\/elmawkie.dz\/fr\/wp-json\/wp\/v2\/posts"}],"about":[{"href":"https:\/\/elmawkie.dz\/fr\/wp-json\/wp\/v2\/types\/post"}],"author":[{"embeddable":true,"href":"https:\/\/elmawkie.dz\/fr\/wp-json\/wp\/v2\/users\/9"}],"replies":[{"embeddable":true,"href":"https:\/\/elmawkie.dz\/fr\/wp-json\/wp\/v2\/comments?post=46081"}],"version-history":[{"count":1,"href":"https:\/\/elmawkie.dz\/fr\/wp-json\/wp\/v2\/posts\/46081\/revisions"}],"predecessor-version":[{"id":46084,"href":"https:\/\/elmawkie.dz\/fr\/wp-json\/wp\/v2\/posts\/46081\/revisions\/46084"}],"wp:featuredmedia":[{"embeddable":true,"href":"https:\/\/elmawkie.dz\/fr\/wp-json\/wp\/v2\/media\/46083"}],"wp:attachment":[{"href":"https:\/\/elmawkie.dz\/fr\/wp-json\/wp\/v2\/media?parent=46081"}],"wp:term":[{"taxonomy":"category","embeddable":true,"href":"https:\/\/elmawkie.dz\/fr\/wp-json\/wp\/v2\/categories?post=46081"},{"taxonomy":"post_tag","embeddable":true,"href":"https:\/\/elmawkie.dz\/fr\/wp-json\/wp\/v2\/tags?post=46081"}],"curies":[{"name":"wp","href":"https:\/\/api.w.org\/{rel}","templated":true}]}}