{"id":4494,"date":"2024-08-31T21:41:41","date_gmt":"2024-08-31T20:41:41","guid":{"rendered":"https:\/\/elmawkie.dz\/fr\/?p=4494"},"modified":"2024-08-31T21:41:41","modified_gmt":"2024-08-31T20:41:41","slug":"bouira-attribution-dun-projet-dusine-iveco-au-groupe-ferrovial","status":"publish","type":"post","link":"https:\/\/elmawkie.dz\/fr\/bouira-attribution-dun-projet-dusine-iveco-au-groupe-ferrovial\/","title":{"rendered":"Bouira : Attribution d\u2019un projet d\u2019usine Iveco au groupe Ferrovial"},"content":{"rendered":"<p><strong><em>Le wali de Bouira, M. Abdelkrim Lamouri, a pr\u00e9sid\u00e9 ce samedi une c\u00e9r\u00e9monie officielle marquant l&rsquo;attribution du projet de r\u00e9alisation d&rsquo;une usine de v\u00e9hicules utilitaires de la marque italienne IVECO au groupe public Ferrovial. Cette d\u00e9cision s&rsquo;inscrit dans le cadre de l&rsquo;application des r\u00e9solutions adopt\u00e9es en juin dernier lors de la r\u00e9union du conseil de participation d&rsquo;\u00c9tat (CPE), pr\u00e9sid\u00e9e par le Premier ministre M. Nadir Larbaoui.<\/em><\/strong><\/p>\n<p><em>En effet, selon un communiqu\u00e9 de la wilaya, cette initiative fait partie de la mise en \u0153uvre des d\u00e9crets du Conseil de la Participation de l&rsquo;\u00c9tat concernant l&rsquo;ex\u00e9cution des d\u00e9cisions judiciaires relatives \u00e0 la restitution des biens immobiliers et mobiliers.<\/em><\/p>\n<p><em>La c\u00e9r\u00e9monie s&rsquo;est d\u00e9roul\u00e9e dans la zone industrielle de Oued el-Bordj, en pr\u00e9sence des \u00e9lus locaux et du pr\u00e9sident-directeur g\u00e9n\u00e9ral du groupe Ferroviaire, M. Amari Bouyoucef. Elle a marqu\u00e9 la remise symbolique du projet d&rsquo;usine de production de v\u00e9hicules utilitaires et industriels pour la marque italienne \u00ab\u00a0Iveco\u00a0\u00bb au groupe \u00ab\u00a0Ferrovial\u00a0\u00bb, sp\u00e9cialis\u00e9 dans la fabrication de locomotives et d&rsquo;\u00e9quipements ferroviaires.<\/em><\/p>\n<p><em>D&rsquo;apr\u00e8s la fiche technique pr\u00e9sent\u00e9e par la direction de l&rsquo;investissement de Bouira, ce projet s&rsquo;inscrit dans la continuit\u00e9 du pr\u00e9c\u00e9dent, \u00e0 savoir la construction et le montage des v\u00e9hicules utilitaires de la marque Iveco. De plus, le groupe Ferrovial envisage d&rsquo;\u00e9tendre l&rsquo;usine, actuellement r\u00e9alis\u00e9e \u00e0 55%, pour inclure la production de conteneurs.<\/em><\/p>\n<p><em>Une fois achev\u00e9e, cette usine devrait cr\u00e9er environ 750 emplois directs et 1200 emplois indirects, selon les m\u00eames sources.<\/em><\/p>\n","protected":false},"excerpt":{"rendered":"<p>Le wali de Bouira, M. Abdelkrim Lamouri, a pr\u00e9sid\u00e9 ce samedi une c\u00e9r\u00e9monie officielle marquant l&rsquo;attribution du projet de r\u00e9alisation d&rsquo;une usine de v\u00e9hicules utilitaires de la marque italienne IVECO au groupe public Ferrovial. Cette d\u00e9cision s&rsquo;inscrit dans le cadre de l&rsquo;application des r\u00e9solutions adopt\u00e9es en juin dernier lors de la r\u00e9union du conseil de &hellip;<\/p>\n","protected":false},"author":8,"featured_media":4499,"comment_status":"open","ping_status":"open","sticky":false,"template":"","format":"standard","meta":{"footnotes":""},"categories":[47],"tags":[473,475,474],"class_list":["post-4494","post","type-post","status-publish","format-standard","has-post-thumbnail","hentry","category-national","tag-bouira","tag-ferrovial","tag-iveco"],"yoast_head":"<!-- This site is optimized with the Yoast SEO Premium plugin v22.6 (Yoast SEO v22.6) - https:\/\/yoast.com\/wordpress\/plugins\/seo\/ -->\n<title>Bouira : Attribution d\u2019un projet d\u2019usine Iveco au groupe Ferrovial - El Mawkie<\/title>\n<meta name=\"robots\" content=\"index, follow, max-snippet:-1, max-image-preview:large, max-video-preview:-1\" \/>\n<link rel=\"canonical\" href=\"https:\/\/elmawkie.dz\/fr\/bouira-attribution-dun-projet-dusine-iveco-au-groupe-ferrovial\/\" \/>\n<meta property=\"og:locale\" content=\"fr_FR\" \/>\n<meta property=\"og:type\" content=\"article\" \/>\n<meta property=\"og:title\" content=\"Bouira : Attribution d\u2019un projet d\u2019usine Iveco au groupe Ferrovial\" \/>\n<meta property=\"og:description\" content=\"Le wali de Bouira, M. Abdelkrim Lamouri, a pr\u00e9sid\u00e9 ce samedi une c\u00e9r\u00e9monie officielle marquant l&rsquo;attribution du projet de r\u00e9alisation d&rsquo;une usine de v\u00e9hicules utilitaires de la marque italienne IVECO au groupe public Ferrovial. Cette d\u00e9cision s&rsquo;inscrit dans le cadre de l&rsquo;application des r\u00e9solutions adopt\u00e9es en juin dernier lors de la r\u00e9union du conseil de &hellip;\" \/>\n<meta property=\"og:url\" content=\"https:\/\/elmawkie.dz\/fr\/bouira-attribution-dun-projet-dusine-iveco-au-groupe-ferrovial\/\" \/>\n<meta property=\"og:site_name\" content=\"El Mawkie\" \/>\n<meta property=\"article:publisher\" content=\"https:\/\/www.facebook.com\/profile.php?id=100088407094989&amp;locale=fr_FR\" \/>\n<meta property=\"article:published_time\" content=\"2024-08-31T20:41:41+00:00\" \/>\n<meta property=\"og:image\" content=\"https:\/\/elmawkie.dz\/fr\/wp-content\/uploads\/2024\/08\/456095cc-212e-4e4a-b680-6449796a6a71.jpeg\" \/>\n\t<meta property=\"og:image:width\" content=\"1080\" \/>\n\t<meta property=\"og:image:height\" content=\"720\" \/>\n\t<meta property=\"og:image:type\" content=\"image\/jpeg\" \/>\n<meta name=\"author\" content=\"khayro\" \/>\n<meta name=\"twitter:card\" content=\"summary_large_image\" \/>\n<meta name=\"twitter:label1\" content=\"Written by\" \/>\n\t<meta name=\"twitter:data1\" content=\"khayro\" \/>\n\t<meta name=\"twitter:label2\" content=\"Est. reading time\" \/>\n\t<meta name=\"twitter:data2\" content=\"1 minute\" \/>\n<script type=\"application\/ld+json\" class=\"yoast-schema-graph\">{\"@context\":\"https:\/\/schema.org\",\"@graph\":[{\"@type\":\"Article\",\"@id\":\"https:\/\/elmawkie.dz\/fr\/bouira-attribution-dun-projet-dusine-iveco-au-groupe-ferrovial\/#article\",\"isPartOf\":{\"@id\":\"https:\/\/elmawkie.dz\/fr\/bouira-attribution-dun-projet-dusine-iveco-au-groupe-ferrovial\/\"},\"author\":{\"name\":\"khayro\",\"@id\":\"https:\/\/elmawkie.dz\/fr\/#\/schema\/person\/15cb7eba76e08e2d2d0ad4b4c4fbb6cb\"},\"headline\":\"Bouira : Attribution d\u2019un projet d\u2019usine Iveco au groupe Ferrovial\",\"datePublished\":\"2024-08-31T20:41:41+00:00\",\"dateModified\":\"2024-08-31T20:41:41+00:00\",\"mainEntityOfPage\":{\"@id\":\"https:\/\/elmawkie.dz\/fr\/bouira-attribution-dun-projet-dusine-iveco-au-groupe-ferrovial\/\"},\"wordCount\":291,\"commentCount\":0,\"publisher\":{\"@id\":\"https:\/\/elmawkie.dz\/fr\/#organization\"},\"image\":{\"@id\":\"https:\/\/elmawkie.dz\/fr\/bouira-attribution-dun-projet-dusine-iveco-au-groupe-ferrovial\/#primaryimage\"},\"thumbnailUrl\":\"https:\/\/elmawkie.dz\/fr\/wp-content\/uploads\/2024\/08\/456095cc-212e-4e4a-b680-6449796a6a71.jpeg\",\"keywords\":[\"Bouira\",\"Ferrovial\",\"Iveco\"],\"articleSection\":[\"National\"],\"inLanguage\":\"fr-FR\",\"potentialAction\":[{\"@type\":\"CommentAction\",\"name\":\"Comment\",\"target\":[\"https:\/\/elmawkie.dz\/fr\/bouira-attribution-dun-projet-dusine-iveco-au-groupe-ferrovial\/#respond\"]}]},{\"@type\":\"WebPage\",\"@id\":\"https:\/\/elmawkie.dz\/fr\/bouira-attribution-dun-projet-dusine-iveco-au-groupe-ferrovial\/\",\"url\":\"https:\/\/elmawkie.dz\/fr\/bouira-attribution-dun-projet-dusine-iveco-au-groupe-ferrovial\/\",\"name\":\"Bouira : Attribution d\u2019un projet d\u2019usine Iveco au groupe Ferrovial - El Mawkie\",\"isPartOf\":{\"@id\":\"https:\/\/elmawkie.dz\/fr\/#website\"},\"primaryImageOfPage\":{\"@id\":\"https:\/\/elmawkie.dz\/fr\/bouira-attribution-dun-projet-dusine-iveco-au-groupe-ferrovial\/#primaryimage\"},\"image\":{\"@id\":\"https:\/\/elmawkie.dz\/fr\/bouira-attribution-dun-projet-dusine-iveco-au-groupe-ferrovial\/#primaryimage\"},\"thumbnailUrl\":\"https:\/\/elmawkie.dz\/fr\/wp-content\/uploads\/2024\/08\/456095cc-212e-4e4a-b680-6449796a6a71.jpeg\",\"datePublished\":\"2024-08-31T20:41:41+00:00\",\"dateModified\":\"2024-08-31T20:41:41+00:00\",\"breadcrumb\":{\"@id\":\"https:\/\/elmawkie.dz\/fr\/bouira-attribution-dun-projet-dusine-iveco-au-groupe-ferrovial\/#breadcrumb\"},\"inLanguage\":\"fr-FR\",\"potentialAction\":[{\"@type\":\"ReadAction\",\"target\":[\"https:\/\/elmawkie.dz\/fr\/bouira-attribution-dun-projet-dusine-iveco-au-groupe-ferrovial\/\"]}]},{\"@type\":\"ImageObject\",\"inLanguage\":\"fr-FR\",\"@id\":\"https:\/\/elmawkie.dz\/fr\/bouira-attribution-dun-projet-dusine-iveco-au-groupe-ferrovial\/#primaryimage\",\"url\":\"https:\/\/elmawkie.dz\/fr\/wp-content\/uploads\/2024\/08\/456095cc-212e-4e4a-b680-6449796a6a71.jpeg\",\"contentUrl\":\"https:\/\/elmawkie.dz\/fr\/wp-content\/uploads\/2024\/08\/456095cc-212e-4e4a-b680-6449796a6a71.jpeg\",\"width\":1080,\"height\":720},{\"@type\":\"BreadcrumbList\",\"@id\":\"https:\/\/elmawkie.dz\/fr\/bouira-attribution-dun-projet-dusine-iveco-au-groupe-ferrovial\/#breadcrumb\",\"itemListElement\":[{\"@type\":\"ListItem\",\"position\":1,\"name\":\"Home\",\"item\":\"https:\/\/elmawkie.dz\/fr\/\"},{\"@type\":\"ListItem\",\"position\":2,\"name\":\"Bouira : Attribution d\u2019un projet d\u2019usine Iveco au groupe Ferrovial\"}]},{\"@type\":\"WebSite\",\"@id\":\"https:\/\/elmawkie.dz\/fr\/#website\",\"url\":\"https:\/\/elmawkie.dz\/fr\/\",\"name\":\"EL MAWKIE\",\"description\":\"Journal \u00c9lectronique Alg\u00e9rien\",\"publisher\":{\"@id\":\"https:\/\/elmawkie.dz\/fr\/#organization\"},\"potentialAction\":[{\"@type\":\"SearchAction\",\"target\":{\"@type\":\"EntryPoint\",\"urlTemplate\":\"https:\/\/elmawkie.dz\/fr\/?s={search_term_string}\"},\"query-input\":\"required name=search_term_string\"}],\"inLanguage\":\"fr-FR\"},{\"@type\":\"Organization\",\"@id\":\"https:\/\/elmawkie.dz\/fr\/#organization\",\"name\":\"EL MAWKIE\",\"url\":\"https:\/\/elmawkie.dz\/fr\/\",\"logo\":{\"@type\":\"ImageObject\",\"inLanguage\":\"fr-FR\",\"@id\":\"https:\/\/elmawkie.dz\/fr\/#\/schema\/logo\/image\/\",\"url\":\"https:\/\/elmawkie.dz\/fr\/wp-content\/uploads\/2024\/05\/logo1.png\",\"contentUrl\":\"https:\/\/elmawkie.dz\/fr\/wp-content\/uploads\/2024\/05\/logo1.png\",\"width\":1648,\"height\":652,\"caption\":\"EL MAWKIE\"},\"image\":{\"@id\":\"https:\/\/elmawkie.dz\/fr\/#\/schema\/logo\/image\/\"},\"sameAs\":[\"https:\/\/www.facebook.com\/profile.php?id=100088407094989&locale=fr_FR\"]},{\"@type\":\"Person\",\"@id\":\"https:\/\/elmawkie.dz\/fr\/#\/schema\/person\/15cb7eba76e08e2d2d0ad4b4c4fbb6cb\",\"name\":\"khayro\",\"image\":{\"@type\":\"ImageObject\",\"inLanguage\":\"fr-FR\",\"@id\":\"https:\/\/elmawkie.dz\/fr\/#\/schema\/person\/image\/\",\"url\":\"https:\/\/secure.gravatar.com\/avatar\/5d609f726f02f77f0ff2a1483fc81992?s=96&d=mm&r=g\",\"contentUrl\":\"https:\/\/secure.gravatar.com\/avatar\/5d609f726f02f77f0ff2a1483fc81992?s=96&d=mm&r=g\",\"caption\":\"khayro\"},\"url\":\"https:\/\/elmawkie.dz\/fr\/author\/khayro\/\"}]}<\/script>\n<!-- \/ Yoast SEO Premium plugin. -->","yoast_head_json":{"title":"Bouira : Attribution d\u2019un projet d\u2019usine Iveco au groupe Ferrovial - El Mawkie","robots":{"index":"index","follow":"follow","max-snippet":"max-snippet:-1","max-image-preview":"max-image-preview:large","max-video-preview":"max-video-preview:-1"},"canonical":"https:\/\/elmawkie.dz\/fr\/bouira-attribution-dun-projet-dusine-iveco-au-groupe-ferrovial\/","og_locale":"fr_FR","og_type":"article","og_title":"Bouira : Attribution d\u2019un projet d\u2019usine Iveco au groupe Ferrovial","og_description":"Le wali de Bouira, M. Abdelkrim Lamouri, a pr\u00e9sid\u00e9 ce samedi une c\u00e9r\u00e9monie officielle marquant l&rsquo;attribution du projet de r\u00e9alisation d&rsquo;une usine de v\u00e9hicules utilitaires de la marque italienne IVECO au groupe public Ferrovial. Cette d\u00e9cision s&rsquo;inscrit dans le cadre de l&rsquo;application des r\u00e9solutions adopt\u00e9es en juin dernier lors de la r\u00e9union du conseil de &hellip;","og_url":"https:\/\/elmawkie.dz\/fr\/bouira-attribution-dun-projet-dusine-iveco-au-groupe-ferrovial\/","og_site_name":"El Mawkie","article_publisher":"https:\/\/www.facebook.com\/profile.php?id=100088407094989&locale=fr_FR","article_published_time":"2024-08-31T20:41:41+00:00","og_image":[{"width":1080,"height":720,"url":"https:\/\/elmawkie.dz\/fr\/wp-content\/uploads\/2024\/08\/456095cc-212e-4e4a-b680-6449796a6a71.jpeg","type":"image\/jpeg"}],"author":"khayro","twitter_card":"summary_large_image","twitter_misc":{"Written by":"khayro","Est. reading time":"1 minute"},"schema":{"@context":"https:\/\/schema.org","@graph":[{"@type":"Article","@id":"https:\/\/elmawkie.dz\/fr\/bouira-attribution-dun-projet-dusine-iveco-au-groupe-ferrovial\/#article","isPartOf":{"@id":"https:\/\/elmawkie.dz\/fr\/bouira-attribution-dun-projet-dusine-iveco-au-groupe-ferrovial\/"},"author":{"name":"khayro","@id":"https:\/\/elmawkie.dz\/fr\/#\/schema\/person\/15cb7eba76e08e2d2d0ad4b4c4fbb6cb"},"headline":"Bouira : Attribution d\u2019un projet d\u2019usine Iveco au groupe Ferrovial","datePublished":"2024-08-31T20:41:41+00:00","dateModified":"2024-08-31T20:41:41+00:00","mainEntityOfPage":{"@id":"https:\/\/elmawkie.dz\/fr\/bouira-attribution-dun-projet-dusine-iveco-au-groupe-ferrovial\/"},"wordCount":291,"commentCount":0,"publisher":{"@id":"https:\/\/elmawkie.dz\/fr\/#organization"},"image":{"@id":"https:\/\/elmawkie.dz\/fr\/bouira-attribution-dun-projet-dusine-iveco-au-groupe-ferrovial\/#primaryimage"},"thumbnailUrl":"https:\/\/elmawkie.dz\/fr\/wp-content\/uploads\/2024\/08\/456095cc-212e-4e4a-b680-6449796a6a71.jpeg","keywords":["Bouira","Ferrovial","Iveco"],"articleSection":["National"],"inLanguage":"fr-FR","potentialAction":[{"@type":"CommentAction","name":"Comment","target":["https:\/\/elmawkie.dz\/fr\/bouira-attribution-dun-projet-dusine-iveco-au-groupe-ferrovial\/#respond"]}]},{"@type":"WebPage","@id":"https:\/\/elmawkie.dz\/fr\/bouira-attribution-dun-projet-dusine-iveco-au-groupe-ferrovial\/","url":"https:\/\/elmawkie.dz\/fr\/bouira-attribution-dun-projet-dusine-iveco-au-groupe-ferrovial\/","name":"Bouira : Attribution d\u2019un projet d\u2019usine Iveco au groupe Ferrovial - El Mawkie","isPartOf":{"@id":"https:\/\/elmawkie.dz\/fr\/#website"},"primaryImageOfPage":{"@id":"https:\/\/elmawkie.dz\/fr\/bouira-attribution-dun-projet-dusine-iveco-au-groupe-ferrovial\/#primaryimage"},"image":{"@id":"https:\/\/elmawkie.dz\/fr\/bouira-attribution-dun-projet-dusine-iveco-au-groupe-ferrovial\/#primaryimage"},"thumbnailUrl":"https:\/\/elmawkie.dz\/fr\/wp-content\/uploads\/2024\/08\/456095cc-212e-4e4a-b680-6449796a6a71.jpeg","datePublished":"2024-08-31T20:41:41+00:00","dateModified":"2024-08-31T20:41:41+00:00","breadcrumb":{"@id":"https:\/\/elmawkie.dz\/fr\/bouira-attribution-dun-projet-dusine-iveco-au-groupe-ferrovial\/#breadcrumb"},"inLanguage":"fr-FR","potentialAction":[{"@type":"ReadAction","target":["https:\/\/elmawkie.dz\/fr\/bouira-attribution-dun-projet-dusine-iveco-au-groupe-ferrovial\/"]}]},{"@type":"ImageObject","inLanguage":"fr-FR","@id":"https:\/\/elmawkie.dz\/fr\/bouira-attribution-dun-projet-dusine-iveco-au-groupe-ferrovial\/#primaryimage","url":"https:\/\/elmawkie.dz\/fr\/wp-content\/uploads\/2024\/08\/456095cc-212e-4e4a-b680-6449796a6a71.jpeg","contentUrl":"https:\/\/elmawkie.dz\/fr\/wp-content\/uploads\/2024\/08\/456095cc-212e-4e4a-b680-6449796a6a71.jpeg","width":1080,"height":720},{"@type":"BreadcrumbList","@id":"https:\/\/elmawkie.dz\/fr\/bouira-attribution-dun-projet-dusine-iveco-au-groupe-ferrovial\/#breadcrumb","itemListElement":[{"@type":"ListItem","position":1,"name":"Home","item":"https:\/\/elmawkie.dz\/fr\/"},{"@type":"ListItem","position":2,"name":"Bouira : Attribution d\u2019un projet d\u2019usine Iveco au groupe Ferrovial"}]},{"@type":"WebSite","@id":"https:\/\/elmawkie.dz\/fr\/#website","url":"https:\/\/elmawkie.dz\/fr\/","name":"EL MAWKIE","description":"Journal \u00c9lectronique Alg\u00e9rien","publisher":{"@id":"https:\/\/elmawkie.dz\/fr\/#organization"},"potentialAction":[{"@type":"SearchAction","target":{"@type":"EntryPoint","urlTemplate":"https:\/\/elmawkie.dz\/fr\/?s={search_term_string}"},"query-input":"required name=search_term_string"}],"inLanguage":"fr-FR"},{"@type":"Organization","@id":"https:\/\/elmawkie.dz\/fr\/#organization","name":"EL MAWKIE","url":"https:\/\/elmawkie.dz\/fr\/","logo":{"@type":"ImageObject","inLanguage":"fr-FR","@id":"https:\/\/elmawkie.dz\/fr\/#\/schema\/logo\/image\/","url":"https:\/\/elmawkie.dz\/fr\/wp-content\/uploads\/2024\/05\/logo1.png","contentUrl":"https:\/\/elmawkie.dz\/fr\/wp-content\/uploads\/2024\/05\/logo1.png","width":1648,"height":652,"caption":"EL MAWKIE"},"image":{"@id":"https:\/\/elmawkie.dz\/fr\/#\/schema\/logo\/image\/"},"sameAs":["https:\/\/www.facebook.com\/profile.php?id=100088407094989&locale=fr_FR"]},{"@type":"Person","@id":"https:\/\/elmawkie.dz\/fr\/#\/schema\/person\/15cb7eba76e08e2d2d0ad4b4c4fbb6cb","name":"khayro","image":{"@type":"ImageObject","inLanguage":"fr-FR","@id":"https:\/\/elmawkie.dz\/fr\/#\/schema\/person\/image\/","url":"https:\/\/secure.gravatar.com\/avatar\/5d609f726f02f77f0ff2a1483fc81992?s=96&d=mm&r=g","contentUrl":"https:\/\/secure.gravatar.com\/avatar\/5d609f726f02f77f0ff2a1483fc81992?s=96&d=mm&r=g","caption":"khayro"},"url":"https:\/\/elmawkie.dz\/fr\/author\/khayro\/"}]}},"_links":{"self":[{"href":"https:\/\/elmawkie.dz\/fr\/wp-json\/wp\/v2\/posts\/4494","targetHints":{"allow":["GET"]}}],"collection":[{"href":"https:\/\/elmawkie.dz\/fr\/wp-json\/wp\/v2\/posts"}],"about":[{"href":"https:\/\/elmawkie.dz\/fr\/wp-json\/wp\/v2\/types\/post"}],"author":[{"embeddable":true,"href":"https:\/\/elmawkie.dz\/fr\/wp-json\/wp\/v2\/users\/8"}],"replies":[{"embeddable":true,"href":"https:\/\/elmawkie.dz\/fr\/wp-json\/wp\/v2\/comments?post=4494"}],"version-history":[{"count":0,"href":"https:\/\/elmawkie.dz\/fr\/wp-json\/wp\/v2\/posts\/4494\/revisions"}],"wp:featuredmedia":[{"embeddable":true,"href":"https:\/\/elmawkie.dz\/fr\/wp-json\/wp\/v2\/media\/4499"}],"wp:attachment":[{"href":"https:\/\/elmawkie.dz\/fr\/wp-json\/wp\/v2\/media?parent=4494"}],"wp:term":[{"taxonomy":"category","embeddable":true,"href":"https:\/\/elmawkie.dz\/fr\/wp-json\/wp\/v2\/categories?post=4494"},{"taxonomy":"post_tag","embeddable":true,"href":"https:\/\/elmawkie.dz\/fr\/wp-json\/wp\/v2\/tags?post=4494"}],"curies":[{"name":"wp","href":"https:\/\/api.w.org\/{rel}","templated":true}]}}