{"id":4488,"date":"2024-08-31T18:19:37","date_gmt":"2024-08-31T17:19:37","guid":{"rendered":"https:\/\/elmawkie.dz\/fr\/?p=4488"},"modified":"2024-08-31T18:19:37","modified_gmt":"2024-08-31T17:19:37","slug":"oran-sapprete-a-lance-la-campagne-agricole-2024-2025","status":"publish","type":"post","link":"https:\/\/elmawkie.dz\/fr\/oran-sapprete-a-lance-la-campagne-agricole-2024-2025\/","title":{"rendered":"Oran s\u2019appr\u00eate a lanc\u00e9 la campagne agricole 2024\/2025"},"content":{"rendered":"<p data-removefontsize=\"true\" data-originalcomputedfontsize=\"13\"><em><strong>Le secr\u00e9taire g\u00e9n\u00e9ral de la wilaya a r\u00e9uni l\u2019ensemble des chefs de da\u00efra et P.APC, la directrice de la DSA, ainsi que les repr\u00e9sentants de la coop\u00e9rative des c\u00e9r\u00e9ales et l\u00e9gumes sec (CCLS) pour la pr\u00e9paration de la campagne 2024 labours-semailles dans toutes les communes d\u2019Oran.<\/strong><br \/>\nCeci, en pr\u00e9vision d&rsquo;\u00e9ventuelles pluies pr\u00e9coces, et ce \u00e0 travers le renforcement des mesures de soutien aux agriculteurs et de fourniture des semences trait\u00e9es et des engrais, a indiqu\u00e9 notre source de la DSA. Et dans le cadre de cette campagne, les ing\u00e9nieurs et autres cadres de la Direction des services agricoles (DSA) de la wilaya m\u00e8neront une campagne de sensibilisation aupr\u00e8s des agriculteurs sur les diff\u00e9rentes formules dont ils pourront en b\u00e9n\u00e9ficier pour s\u2019assurer une excellente r\u00e9colte. La wilaya d\u2019Oran a trac\u00e9 un programme de d\u00e9veloppement de l&rsquo;agriculture du bl\u00e9 dur en vue d&rsquo;augmenter la superficie globale d&rsquo;agriculture des c\u00e9r\u00e9ales, et ce, en ex\u00e9cution des instructions du wali d\u2019Oran Sa\u00efd Sa\u00e2youd. Lors du renoncement g\u00e9n\u00e9ral, il avait ordonn\u00e9 le lancement d&rsquo;une op\u00e9ration de recensement\u00a0 des terres agricoles favorables \u00e0 la culture du bl\u00e9 dur au niveau du territoire de la wilaya. Dans ce cadre, une feuille de route sera adopt\u00e9e pour d\u00e9terminer les zones habilit\u00e9es pour l&rsquo;agriculture du bl\u00e9 dur. Les agriculteurs qui entameront cette activit\u00e9 devront b\u00e9n\u00e9ficier de soutien financier. Le secteur adopte \u00e9galement un programme de d\u00e9veloppement de l&rsquo;agriculture de l&rsquo;orge pour approvisionner les \u00e9leveurs en cette mati\u00e8re. Les agriculteurs b\u00e9n\u00e9ficieront durant la campagne labours-semailles d&rsquo;accompagnement technique d&rsquo;instituts agricoles \u00e0 travers toutes les communes de la wilaya. a-t-on indiqu\u00e9.<\/em><\/p>\n<p data-removefontsize=\"true\" data-originalcomputedfontsize=\"13\">Yacine H<\/p>\n","protected":false},"excerpt":{"rendered":"<p>Le secr\u00e9taire g\u00e9n\u00e9ral de la wilaya a r\u00e9uni l\u2019ensemble des chefs de da\u00efra et P.APC, la directrice de la DSA, ainsi que les repr\u00e9sentants de la coop\u00e9rative des c\u00e9r\u00e9ales et l\u00e9gumes sec (CCLS) pour la pr\u00e9paration de la campagne 2024 labours-semailles dans toutes les communes d\u2019Oran. Ceci, en pr\u00e9vision d&rsquo;\u00e9ventuelles pluies pr\u00e9coces, et ce \u00e0 &hellip;<\/p>\n","protected":false},"author":3,"featured_media":4489,"comment_status":"open","ping_status":"open","sticky":false,"template":"","format":"standard","meta":{"footnotes":""},"categories":[50],"tags":[472,471],"class_list":["post-4488","post","type-post","status-publish","format-standard","has-post-thumbnail","hentry","category-region","tag-la-dsa","tag-oran-sapprete-a-lance-la-campagne-agricole"],"yoast_head":"<!-- This site is optimized with the Yoast SEO Premium plugin v22.6 (Yoast SEO v22.6) - https:\/\/yoast.com\/wordpress\/plugins\/seo\/ -->\n<title>Oran s\u2019appr\u00eate a lanc\u00e9 la campagne agricole 2024\/2025 - El Mawkie<\/title>\n<meta name=\"robots\" content=\"index, follow, max-snippet:-1, max-image-preview:large, max-video-preview:-1\" \/>\n<link rel=\"canonical\" href=\"https:\/\/elmawkie.dz\/fr\/oran-sapprete-a-lance-la-campagne-agricole-2024-2025\/\" \/>\n<meta property=\"og:locale\" content=\"fr_FR\" \/>\n<meta property=\"og:type\" content=\"article\" \/>\n<meta property=\"og:title\" content=\"Oran s\u2019appr\u00eate a lanc\u00e9 la campagne agricole 2024\/2025\" \/>\n<meta property=\"og:description\" content=\"Le secr\u00e9taire g\u00e9n\u00e9ral de la wilaya a r\u00e9uni l\u2019ensemble des chefs de da\u00efra et P.APC, la directrice de la DSA, ainsi que les repr\u00e9sentants de la coop\u00e9rative des c\u00e9r\u00e9ales et l\u00e9gumes sec (CCLS) pour la pr\u00e9paration de la campagne 2024 labours-semailles dans toutes les communes d\u2019Oran. Ceci, en pr\u00e9vision d&rsquo;\u00e9ventuelles pluies pr\u00e9coces, et ce \u00e0 &hellip;\" \/>\n<meta property=\"og:url\" content=\"https:\/\/elmawkie.dz\/fr\/oran-sapprete-a-lance-la-campagne-agricole-2024-2025\/\" \/>\n<meta property=\"og:site_name\" content=\"El Mawkie\" \/>\n<meta property=\"article:publisher\" content=\"https:\/\/www.facebook.com\/profile.php?id=100088407094989&amp;locale=fr_FR\" \/>\n<meta property=\"article:published_time\" content=\"2024-08-31T17:19:37+00:00\" \/>\n<meta property=\"og:image\" content=\"https:\/\/elmawkie.dz\/fr\/wp-content\/uploads\/2024\/08\/IMG_1113.jpeg\" \/>\n\t<meta property=\"og:image:width\" content=\"504\" \/>\n\t<meta property=\"og:image:height\" content=\"231\" \/>\n\t<meta property=\"og:image:type\" content=\"image\/jpeg\" \/>\n<meta name=\"author\" content=\"Hamra Fouzia\" \/>\n<meta name=\"twitter:card\" content=\"summary_large_image\" \/>\n<meta name=\"twitter:label1\" content=\"Written by\" \/>\n\t<meta name=\"twitter:data1\" content=\"Hamra Fouzia\" \/>\n\t<meta name=\"twitter:label2\" content=\"Est. reading time\" \/>\n\t<meta name=\"twitter:data2\" content=\"2 minutes\" \/>\n<script type=\"application\/ld+json\" class=\"yoast-schema-graph\">{\"@context\":\"https:\/\/schema.org\",\"@graph\":[{\"@type\":\"Article\",\"@id\":\"https:\/\/elmawkie.dz\/fr\/oran-sapprete-a-lance-la-campagne-agricole-2024-2025\/#article\",\"isPartOf\":{\"@id\":\"https:\/\/elmawkie.dz\/fr\/oran-sapprete-a-lance-la-campagne-agricole-2024-2025\/\"},\"author\":{\"name\":\"Hamra Fouzia\",\"@id\":\"https:\/\/elmawkie.dz\/fr\/#\/schema\/person\/4ed8433201bc23634185d8dd37097c64\"},\"headline\":\"Oran s\u2019appr\u00eate a lanc\u00e9 la campagne agricole 2024\/2025\",\"datePublished\":\"2024-08-31T17:19:37+00:00\",\"dateModified\":\"2024-08-31T17:19:37+00:00\",\"mainEntityOfPage\":{\"@id\":\"https:\/\/elmawkie.dz\/fr\/oran-sapprete-a-lance-la-campagne-agricole-2024-2025\/\"},\"wordCount\":320,\"commentCount\":0,\"publisher\":{\"@id\":\"https:\/\/elmawkie.dz\/fr\/#organization\"},\"image\":{\"@id\":\"https:\/\/elmawkie.dz\/fr\/oran-sapprete-a-lance-la-campagne-agricole-2024-2025\/#primaryimage\"},\"thumbnailUrl\":\"https:\/\/elmawkie.dz\/fr\/wp-content\/uploads\/2024\/08\/IMG_1113.jpeg\",\"keywords\":[\"la DSA\",\"Oran s\u2019appr\u00eate a lanc\u00e9 la campagne agricole\"],\"articleSection\":[\"R\u00e9gion\"],\"inLanguage\":\"fr-FR\",\"potentialAction\":[{\"@type\":\"CommentAction\",\"name\":\"Comment\",\"target\":[\"https:\/\/elmawkie.dz\/fr\/oran-sapprete-a-lance-la-campagne-agricole-2024-2025\/#respond\"]}]},{\"@type\":\"WebPage\",\"@id\":\"https:\/\/elmawkie.dz\/fr\/oran-sapprete-a-lance-la-campagne-agricole-2024-2025\/\",\"url\":\"https:\/\/elmawkie.dz\/fr\/oran-sapprete-a-lance-la-campagne-agricole-2024-2025\/\",\"name\":\"Oran s\u2019appr\u00eate a lanc\u00e9 la campagne agricole 2024\/2025 - El Mawkie\",\"isPartOf\":{\"@id\":\"https:\/\/elmawkie.dz\/fr\/#website\"},\"primaryImageOfPage\":{\"@id\":\"https:\/\/elmawkie.dz\/fr\/oran-sapprete-a-lance-la-campagne-agricole-2024-2025\/#primaryimage\"},\"image\":{\"@id\":\"https:\/\/elmawkie.dz\/fr\/oran-sapprete-a-lance-la-campagne-agricole-2024-2025\/#primaryimage\"},\"thumbnailUrl\":\"https:\/\/elmawkie.dz\/fr\/wp-content\/uploads\/2024\/08\/IMG_1113.jpeg\",\"datePublished\":\"2024-08-31T17:19:37+00:00\",\"dateModified\":\"2024-08-31T17:19:37+00:00\",\"breadcrumb\":{\"@id\":\"https:\/\/elmawkie.dz\/fr\/oran-sapprete-a-lance-la-campagne-agricole-2024-2025\/#breadcrumb\"},\"inLanguage\":\"fr-FR\",\"potentialAction\":[{\"@type\":\"ReadAction\",\"target\":[\"https:\/\/elmawkie.dz\/fr\/oran-sapprete-a-lance-la-campagne-agricole-2024-2025\/\"]}]},{\"@type\":\"ImageObject\",\"inLanguage\":\"fr-FR\",\"@id\":\"https:\/\/elmawkie.dz\/fr\/oran-sapprete-a-lance-la-campagne-agricole-2024-2025\/#primaryimage\",\"url\":\"https:\/\/elmawkie.dz\/fr\/wp-content\/uploads\/2024\/08\/IMG_1113.jpeg\",\"contentUrl\":\"https:\/\/elmawkie.dz\/fr\/wp-content\/uploads\/2024\/08\/IMG_1113.jpeg\",\"width\":504,\"height\":231},{\"@type\":\"BreadcrumbList\",\"@id\":\"https:\/\/elmawkie.dz\/fr\/oran-sapprete-a-lance-la-campagne-agricole-2024-2025\/#breadcrumb\",\"itemListElement\":[{\"@type\":\"ListItem\",\"position\":1,\"name\":\"Home\",\"item\":\"https:\/\/elmawkie.dz\/fr\/\"},{\"@type\":\"ListItem\",\"position\":2,\"name\":\"Oran s\u2019appr\u00eate a lanc\u00e9 la campagne agricole 2024\/2025\"}]},{\"@type\":\"WebSite\",\"@id\":\"https:\/\/elmawkie.dz\/fr\/#website\",\"url\":\"https:\/\/elmawkie.dz\/fr\/\",\"name\":\"EL MAWKIE\",\"description\":\"Journal \u00c9lectronique Alg\u00e9rien\",\"publisher\":{\"@id\":\"https:\/\/elmawkie.dz\/fr\/#organization\"},\"potentialAction\":[{\"@type\":\"SearchAction\",\"target\":{\"@type\":\"EntryPoint\",\"urlTemplate\":\"https:\/\/elmawkie.dz\/fr\/?s={search_term_string}\"},\"query-input\":\"required name=search_term_string\"}],\"inLanguage\":\"fr-FR\"},{\"@type\":\"Organization\",\"@id\":\"https:\/\/elmawkie.dz\/fr\/#organization\",\"name\":\"EL MAWKIE\",\"url\":\"https:\/\/elmawkie.dz\/fr\/\",\"logo\":{\"@type\":\"ImageObject\",\"inLanguage\":\"fr-FR\",\"@id\":\"https:\/\/elmawkie.dz\/fr\/#\/schema\/logo\/image\/\",\"url\":\"https:\/\/elmawkie.dz\/fr\/wp-content\/uploads\/2024\/05\/logo1.png\",\"contentUrl\":\"https:\/\/elmawkie.dz\/fr\/wp-content\/uploads\/2024\/05\/logo1.png\",\"width\":1648,\"height\":652,\"caption\":\"EL MAWKIE\"},\"image\":{\"@id\":\"https:\/\/elmawkie.dz\/fr\/#\/schema\/logo\/image\/\"},\"sameAs\":[\"https:\/\/www.facebook.com\/profile.php?id=100088407094989&locale=fr_FR\"]},{\"@type\":\"Person\",\"@id\":\"https:\/\/elmawkie.dz\/fr\/#\/schema\/person\/4ed8433201bc23634185d8dd37097c64\",\"name\":\"Hamra Fouzia\",\"image\":{\"@type\":\"ImageObject\",\"inLanguage\":\"fr-FR\",\"@id\":\"https:\/\/elmawkie.dz\/fr\/#\/schema\/person\/image\/\",\"url\":\"https:\/\/secure.gravatar.com\/avatar\/ea215268aad51f3219f9a59227db6fa1?s=96&d=mm&r=g\",\"contentUrl\":\"https:\/\/secure.gravatar.com\/avatar\/ea215268aad51f3219f9a59227db6fa1?s=96&d=mm&r=g\",\"caption\":\"Hamra Fouzia\"},\"sameAs\":[\"https:\/\/elmawkie.dz\/fr\"],\"url\":\"https:\/\/elmawkie.dz\/fr\/author\/elmawkie\/\"}]}<\/script>\n<!-- \/ Yoast SEO Premium plugin. -->","yoast_head_json":{"title":"Oran s\u2019appr\u00eate a lanc\u00e9 la campagne agricole 2024\/2025 - El Mawkie","robots":{"index":"index","follow":"follow","max-snippet":"max-snippet:-1","max-image-preview":"max-image-preview:large","max-video-preview":"max-video-preview:-1"},"canonical":"https:\/\/elmawkie.dz\/fr\/oran-sapprete-a-lance-la-campagne-agricole-2024-2025\/","og_locale":"fr_FR","og_type":"article","og_title":"Oran s\u2019appr\u00eate a lanc\u00e9 la campagne agricole 2024\/2025","og_description":"Le secr\u00e9taire g\u00e9n\u00e9ral de la wilaya a r\u00e9uni l\u2019ensemble des chefs de da\u00efra et P.APC, la directrice de la DSA, ainsi que les repr\u00e9sentants de la coop\u00e9rative des c\u00e9r\u00e9ales et l\u00e9gumes sec (CCLS) pour la pr\u00e9paration de la campagne 2024 labours-semailles dans toutes les communes d\u2019Oran. Ceci, en pr\u00e9vision d&rsquo;\u00e9ventuelles pluies pr\u00e9coces, et ce \u00e0 &hellip;","og_url":"https:\/\/elmawkie.dz\/fr\/oran-sapprete-a-lance-la-campagne-agricole-2024-2025\/","og_site_name":"El Mawkie","article_publisher":"https:\/\/www.facebook.com\/profile.php?id=100088407094989&locale=fr_FR","article_published_time":"2024-08-31T17:19:37+00:00","og_image":[{"width":504,"height":231,"url":"https:\/\/elmawkie.dz\/fr\/wp-content\/uploads\/2024\/08\/IMG_1113.jpeg","type":"image\/jpeg"}],"author":"Hamra Fouzia","twitter_card":"summary_large_image","twitter_misc":{"Written by":"Hamra Fouzia","Est. reading time":"2 minutes"},"schema":{"@context":"https:\/\/schema.org","@graph":[{"@type":"Article","@id":"https:\/\/elmawkie.dz\/fr\/oran-sapprete-a-lance-la-campagne-agricole-2024-2025\/#article","isPartOf":{"@id":"https:\/\/elmawkie.dz\/fr\/oran-sapprete-a-lance-la-campagne-agricole-2024-2025\/"},"author":{"name":"Hamra Fouzia","@id":"https:\/\/elmawkie.dz\/fr\/#\/schema\/person\/4ed8433201bc23634185d8dd37097c64"},"headline":"Oran s\u2019appr\u00eate a lanc\u00e9 la campagne agricole 2024\/2025","datePublished":"2024-08-31T17:19:37+00:00","dateModified":"2024-08-31T17:19:37+00:00","mainEntityOfPage":{"@id":"https:\/\/elmawkie.dz\/fr\/oran-sapprete-a-lance-la-campagne-agricole-2024-2025\/"},"wordCount":320,"commentCount":0,"publisher":{"@id":"https:\/\/elmawkie.dz\/fr\/#organization"},"image":{"@id":"https:\/\/elmawkie.dz\/fr\/oran-sapprete-a-lance-la-campagne-agricole-2024-2025\/#primaryimage"},"thumbnailUrl":"https:\/\/elmawkie.dz\/fr\/wp-content\/uploads\/2024\/08\/IMG_1113.jpeg","keywords":["la DSA","Oran s\u2019appr\u00eate a lanc\u00e9 la campagne agricole"],"articleSection":["R\u00e9gion"],"inLanguage":"fr-FR","potentialAction":[{"@type":"CommentAction","name":"Comment","target":["https:\/\/elmawkie.dz\/fr\/oran-sapprete-a-lance-la-campagne-agricole-2024-2025\/#respond"]}]},{"@type":"WebPage","@id":"https:\/\/elmawkie.dz\/fr\/oran-sapprete-a-lance-la-campagne-agricole-2024-2025\/","url":"https:\/\/elmawkie.dz\/fr\/oran-sapprete-a-lance-la-campagne-agricole-2024-2025\/","name":"Oran s\u2019appr\u00eate a lanc\u00e9 la campagne agricole 2024\/2025 - El Mawkie","isPartOf":{"@id":"https:\/\/elmawkie.dz\/fr\/#website"},"primaryImageOfPage":{"@id":"https:\/\/elmawkie.dz\/fr\/oran-sapprete-a-lance-la-campagne-agricole-2024-2025\/#primaryimage"},"image":{"@id":"https:\/\/elmawkie.dz\/fr\/oran-sapprete-a-lance-la-campagne-agricole-2024-2025\/#primaryimage"},"thumbnailUrl":"https:\/\/elmawkie.dz\/fr\/wp-content\/uploads\/2024\/08\/IMG_1113.jpeg","datePublished":"2024-08-31T17:19:37+00:00","dateModified":"2024-08-31T17:19:37+00:00","breadcrumb":{"@id":"https:\/\/elmawkie.dz\/fr\/oran-sapprete-a-lance-la-campagne-agricole-2024-2025\/#breadcrumb"},"inLanguage":"fr-FR","potentialAction":[{"@type":"ReadAction","target":["https:\/\/elmawkie.dz\/fr\/oran-sapprete-a-lance-la-campagne-agricole-2024-2025\/"]}]},{"@type":"ImageObject","inLanguage":"fr-FR","@id":"https:\/\/elmawkie.dz\/fr\/oran-sapprete-a-lance-la-campagne-agricole-2024-2025\/#primaryimage","url":"https:\/\/elmawkie.dz\/fr\/wp-content\/uploads\/2024\/08\/IMG_1113.jpeg","contentUrl":"https:\/\/elmawkie.dz\/fr\/wp-content\/uploads\/2024\/08\/IMG_1113.jpeg","width":504,"height":231},{"@type":"BreadcrumbList","@id":"https:\/\/elmawkie.dz\/fr\/oran-sapprete-a-lance-la-campagne-agricole-2024-2025\/#breadcrumb","itemListElement":[{"@type":"ListItem","position":1,"name":"Home","item":"https:\/\/elmawkie.dz\/fr\/"},{"@type":"ListItem","position":2,"name":"Oran s\u2019appr\u00eate a lanc\u00e9 la campagne agricole 2024\/2025"}]},{"@type":"WebSite","@id":"https:\/\/elmawkie.dz\/fr\/#website","url":"https:\/\/elmawkie.dz\/fr\/","name":"EL MAWKIE","description":"Journal \u00c9lectronique Alg\u00e9rien","publisher":{"@id":"https:\/\/elmawkie.dz\/fr\/#organization"},"potentialAction":[{"@type":"SearchAction","target":{"@type":"EntryPoint","urlTemplate":"https:\/\/elmawkie.dz\/fr\/?s={search_term_string}"},"query-input":"required name=search_term_string"}],"inLanguage":"fr-FR"},{"@type":"Organization","@id":"https:\/\/elmawkie.dz\/fr\/#organization","name":"EL MAWKIE","url":"https:\/\/elmawkie.dz\/fr\/","logo":{"@type":"ImageObject","inLanguage":"fr-FR","@id":"https:\/\/elmawkie.dz\/fr\/#\/schema\/logo\/image\/","url":"https:\/\/elmawkie.dz\/fr\/wp-content\/uploads\/2024\/05\/logo1.png","contentUrl":"https:\/\/elmawkie.dz\/fr\/wp-content\/uploads\/2024\/05\/logo1.png","width":1648,"height":652,"caption":"EL MAWKIE"},"image":{"@id":"https:\/\/elmawkie.dz\/fr\/#\/schema\/logo\/image\/"},"sameAs":["https:\/\/www.facebook.com\/profile.php?id=100088407094989&locale=fr_FR"]},{"@type":"Person","@id":"https:\/\/elmawkie.dz\/fr\/#\/schema\/person\/4ed8433201bc23634185d8dd37097c64","name":"Hamra Fouzia","image":{"@type":"ImageObject","inLanguage":"fr-FR","@id":"https:\/\/elmawkie.dz\/fr\/#\/schema\/person\/image\/","url":"https:\/\/secure.gravatar.com\/avatar\/ea215268aad51f3219f9a59227db6fa1?s=96&d=mm&r=g","contentUrl":"https:\/\/secure.gravatar.com\/avatar\/ea215268aad51f3219f9a59227db6fa1?s=96&d=mm&r=g","caption":"Hamra Fouzia"},"sameAs":["https:\/\/elmawkie.dz\/fr"],"url":"https:\/\/elmawkie.dz\/fr\/author\/elmawkie\/"}]}},"_links":{"self":[{"href":"https:\/\/elmawkie.dz\/fr\/wp-json\/wp\/v2\/posts\/4488","targetHints":{"allow":["GET"]}}],"collection":[{"href":"https:\/\/elmawkie.dz\/fr\/wp-json\/wp\/v2\/posts"}],"about":[{"href":"https:\/\/elmawkie.dz\/fr\/wp-json\/wp\/v2\/types\/post"}],"author":[{"embeddable":true,"href":"https:\/\/elmawkie.dz\/fr\/wp-json\/wp\/v2\/users\/3"}],"replies":[{"embeddable":true,"href":"https:\/\/elmawkie.dz\/fr\/wp-json\/wp\/v2\/comments?post=4488"}],"version-history":[{"count":0,"href":"https:\/\/elmawkie.dz\/fr\/wp-json\/wp\/v2\/posts\/4488\/revisions"}],"wp:featuredmedia":[{"embeddable":true,"href":"https:\/\/elmawkie.dz\/fr\/wp-json\/wp\/v2\/media\/4489"}],"wp:attachment":[{"href":"https:\/\/elmawkie.dz\/fr\/wp-json\/wp\/v2\/media?parent=4488"}],"wp:term":[{"taxonomy":"category","embeddable":true,"href":"https:\/\/elmawkie.dz\/fr\/wp-json\/wp\/v2\/categories?post=4488"},{"taxonomy":"post_tag","embeddable":true,"href":"https:\/\/elmawkie.dz\/fr\/wp-json\/wp\/v2\/tags?post=4488"}],"curies":[{"name":"wp","href":"https:\/\/api.w.org\/{rel}","templated":true}]}}