{"id":4220,"date":"2024-08-25T13:20:32","date_gmt":"2024-08-25T12:20:32","guid":{"rendered":"https:\/\/elmawkie.dz\/fr\/?p=4220"},"modified":"2024-08-25T19:26:06","modified_gmt":"2024-08-25T18:26:06","slug":"formation-sur-le-traitement-et-la-gestion-des-dechets-a-oran","status":"publish","type":"post","link":"https:\/\/elmawkie.dz\/fr\/formation-sur-le-traitement-et-la-gestion-des-dechets-a-oran\/","title":{"rendered":"Formation sur le traitement et la gestion des d\u00e9chets \u00e0 Oran"},"content":{"rendered":"<p data-removefontsize=\"true\" data-originalcomputedfontsize=\"13\"><strong><em>Dans une r\u00e9cente rencontre avec la presse, la charg\u00e9e de communication et du volet de sensibilisation aupr\u00e8s de la direction de l\u2019environnement, a pr\u00e9cis\u00e9 que l\u2019actuelle session de formation du CFPA recense un nombre important de stagiaire dans le domaine de la gestion et le traitement des d\u00e9chets.<br \/>\nCette nouvelle sp\u00e9cialit\u00e9 est en application \u00e0 la faveur d\u2019une convention paraph\u00e9e avec la direction de la formation professionnelle, a annonc\u00e9 la m\u00eame responsable, Mansouri A\u00efcha.<br \/>\nCette convention, qui \u00a0s\u2019inscrit dans un contexte de la formation professionnelle \u00e0 la protection et la pr\u00e9servation de notre environnement directe, vise un apprentissage technique qui s\u2019articule autour du planning pour le tri-s\u00e9lectif\u00a0 et le recyclage des d\u00e9chets selon un programme de formation sur le terrain, en coordination avec les acteurs impliqu\u00e9es dans le champ de l\u2019environnement. , tel que des EPIC activant dans le domaine de la gestion de d\u00e9chets, comme l\u2019EPIC de gestion des centres d\u2019enfouissement technique de la wilaya d\u2019Oran. la formation comprend \u00a0plusieurs axes, comme la d\u00e9finition des services et des r\u00f4les de la Direction de l&rsquo;environnement, la d\u00e9finition des principaux \u00e9tablissements et entreprises publiques et priv\u00e9es activant dans le domaine de la valorisation et du traitement des divers types de d\u00e9chets, en plus de la pr\u00e9sentation d&rsquo;un probl\u00e8me environnemental et la recherche des solutions appropri\u00e9es.<br \/>\nNotons que La premi\u00e8re promotion de techniciens sup\u00e9rieurs dans le domaine de la gestion et du traitement des d\u00e9chets sortira en septembre prochain, apr\u00e8s deux ann\u00e9es de formation.<\/em><\/strong><\/p>\n<p data-removefontsize=\"true\" data-originalcomputedfontsize=\"13\">R\u00e9daction<\/p>\n<p data-removefontsize=\"true\" data-originalcomputedfontsize=\"13\">\n","protected":false},"excerpt":{"rendered":"<p>Dans une r\u00e9cente rencontre avec la presse, la charg\u00e9e de communication et du volet de sensibilisation aupr\u00e8s de la direction de l\u2019environnement, a pr\u00e9cis\u00e9 que l\u2019actuelle session de formation du CFPA recense un nombre important de stagiaire dans le domaine de la gestion et le traitement des d\u00e9chets. Cette nouvelle sp\u00e9cialit\u00e9 est en application \u00e0 &hellip;<\/p>\n","protected":false},"author":3,"featured_media":4221,"comment_status":"open","ping_status":"open","sticky":false,"template":"","format":"standard","meta":{"footnotes":""},"categories":[50],"tags":[391,390,389,75],"class_list":["post-4220","post","type-post","status-publish","format-standard","has-post-thumbnail","hentry","category-region","tag-cfpa","tag-direction-de-lenvironnement","tag-formation-sur-le-traitement-et-la-gestion-des-dechets","tag-oran"],"yoast_head":"<!-- This site is optimized with the Yoast SEO Premium plugin v22.6 (Yoast SEO v22.6) - https:\/\/yoast.com\/wordpress\/plugins\/seo\/ -->\n<title>Formation sur le traitement et la gestion des d\u00e9chets \u00e0 Oran - El Mawkie<\/title>\n<meta name=\"robots\" content=\"index, follow, max-snippet:-1, max-image-preview:large, max-video-preview:-1\" \/>\n<link rel=\"canonical\" href=\"https:\/\/elmawkie.dz\/fr\/formation-sur-le-traitement-et-la-gestion-des-dechets-a-oran\/\" \/>\n<meta property=\"og:locale\" content=\"fr_FR\" \/>\n<meta property=\"og:type\" content=\"article\" \/>\n<meta property=\"og:title\" content=\"Formation sur le traitement et la gestion des d\u00e9chets \u00e0 Oran\" \/>\n<meta property=\"og:description\" content=\"Dans une r\u00e9cente rencontre avec la presse, la charg\u00e9e de communication et du volet de sensibilisation aupr\u00e8s de la direction de l\u2019environnement, a pr\u00e9cis\u00e9 que l\u2019actuelle session de formation du CFPA recense un nombre important de stagiaire dans le domaine de la gestion et le traitement des d\u00e9chets. Cette nouvelle sp\u00e9cialit\u00e9 est en application \u00e0 &hellip;\" \/>\n<meta property=\"og:url\" content=\"https:\/\/elmawkie.dz\/fr\/formation-sur-le-traitement-et-la-gestion-des-dechets-a-oran\/\" \/>\n<meta property=\"og:site_name\" content=\"El Mawkie\" \/>\n<meta property=\"article:publisher\" content=\"https:\/\/www.facebook.com\/profile.php?id=100088407094989&amp;locale=fr_FR\" \/>\n<meta property=\"article:published_time\" content=\"2024-08-25T12:20:32+00:00\" \/>\n<meta property=\"article:modified_time\" content=\"2024-08-25T18:26:06+00:00\" \/>\n<meta property=\"og:image\" content=\"https:\/\/elmawkie.dz\/fr\/wp-content\/uploads\/2024\/08\/IMG_0710.jpeg\" \/>\n\t<meta property=\"og:image:width\" content=\"554\" \/>\n\t<meta property=\"og:image:height\" content=\"470\" \/>\n\t<meta property=\"og:image:type\" content=\"image\/jpeg\" \/>\n<meta name=\"author\" content=\"Hamra Fouzia\" \/>\n<meta name=\"twitter:card\" content=\"summary_large_image\" \/>\n<meta name=\"twitter:label1\" content=\"Written by\" \/>\n\t<meta name=\"twitter:data1\" content=\"Hamra Fouzia\" \/>\n\t<meta name=\"twitter:label2\" content=\"Est. reading time\" \/>\n\t<meta name=\"twitter:data2\" content=\"1 minute\" \/>\n<script type=\"application\/ld+json\" class=\"yoast-schema-graph\">{\"@context\":\"https:\/\/schema.org\",\"@graph\":[{\"@type\":\"Article\",\"@id\":\"https:\/\/elmawkie.dz\/fr\/formation-sur-le-traitement-et-la-gestion-des-dechets-a-oran\/#article\",\"isPartOf\":{\"@id\":\"https:\/\/elmawkie.dz\/fr\/formation-sur-le-traitement-et-la-gestion-des-dechets-a-oran\/\"},\"author\":{\"name\":\"Hamra Fouzia\",\"@id\":\"https:\/\/elmawkie.dz\/fr\/#\/schema\/person\/4ed8433201bc23634185d8dd37097c64\"},\"headline\":\"Formation sur le traitement et la gestion des d\u00e9chets \u00e0 Oran\",\"datePublished\":\"2024-08-25T12:20:32+00:00\",\"dateModified\":\"2024-08-25T18:26:06+00:00\",\"mainEntityOfPage\":{\"@id\":\"https:\/\/elmawkie.dz\/fr\/formation-sur-le-traitement-et-la-gestion-des-dechets-a-oran\/\"},\"wordCount\":290,\"commentCount\":0,\"publisher\":{\"@id\":\"https:\/\/elmawkie.dz\/fr\/#organization\"},\"image\":{\"@id\":\"https:\/\/elmawkie.dz\/fr\/formation-sur-le-traitement-et-la-gestion-des-dechets-a-oran\/#primaryimage\"},\"thumbnailUrl\":\"https:\/\/elmawkie.dz\/fr\/wp-content\/uploads\/2024\/08\/IMG_0710.jpeg\",\"keywords\":[\"CFPA\",\"direction de l\u2019environnement\",\"Formation sur le traitement et la gestion des d\u00e9chets\",\"Oran\"],\"articleSection\":[\"R\u00e9gion\"],\"inLanguage\":\"fr-FR\",\"potentialAction\":[{\"@type\":\"CommentAction\",\"name\":\"Comment\",\"target\":[\"https:\/\/elmawkie.dz\/fr\/formation-sur-le-traitement-et-la-gestion-des-dechets-a-oran\/#respond\"]}]},{\"@type\":\"WebPage\",\"@id\":\"https:\/\/elmawkie.dz\/fr\/formation-sur-le-traitement-et-la-gestion-des-dechets-a-oran\/\",\"url\":\"https:\/\/elmawkie.dz\/fr\/formation-sur-le-traitement-et-la-gestion-des-dechets-a-oran\/\",\"name\":\"Formation sur le traitement et la gestion des d\u00e9chets \u00e0 Oran - El Mawkie\",\"isPartOf\":{\"@id\":\"https:\/\/elmawkie.dz\/fr\/#website\"},\"primaryImageOfPage\":{\"@id\":\"https:\/\/elmawkie.dz\/fr\/formation-sur-le-traitement-et-la-gestion-des-dechets-a-oran\/#primaryimage\"},\"image\":{\"@id\":\"https:\/\/elmawkie.dz\/fr\/formation-sur-le-traitement-et-la-gestion-des-dechets-a-oran\/#primaryimage\"},\"thumbnailUrl\":\"https:\/\/elmawkie.dz\/fr\/wp-content\/uploads\/2024\/08\/IMG_0710.jpeg\",\"datePublished\":\"2024-08-25T12:20:32+00:00\",\"dateModified\":\"2024-08-25T18:26:06+00:00\",\"breadcrumb\":{\"@id\":\"https:\/\/elmawkie.dz\/fr\/formation-sur-le-traitement-et-la-gestion-des-dechets-a-oran\/#breadcrumb\"},\"inLanguage\":\"fr-FR\",\"potentialAction\":[{\"@type\":\"ReadAction\",\"target\":[\"https:\/\/elmawkie.dz\/fr\/formation-sur-le-traitement-et-la-gestion-des-dechets-a-oran\/\"]}]},{\"@type\":\"ImageObject\",\"inLanguage\":\"fr-FR\",\"@id\":\"https:\/\/elmawkie.dz\/fr\/formation-sur-le-traitement-et-la-gestion-des-dechets-a-oran\/#primaryimage\",\"url\":\"https:\/\/elmawkie.dz\/fr\/wp-content\/uploads\/2024\/08\/IMG_0710.jpeg\",\"contentUrl\":\"https:\/\/elmawkie.dz\/fr\/wp-content\/uploads\/2024\/08\/IMG_0710.jpeg\",\"width\":554,\"height\":470},{\"@type\":\"BreadcrumbList\",\"@id\":\"https:\/\/elmawkie.dz\/fr\/formation-sur-le-traitement-et-la-gestion-des-dechets-a-oran\/#breadcrumb\",\"itemListElement\":[{\"@type\":\"ListItem\",\"position\":1,\"name\":\"Home\",\"item\":\"https:\/\/elmawkie.dz\/fr\/\"},{\"@type\":\"ListItem\",\"position\":2,\"name\":\"Formation sur le traitement et la gestion des d\u00e9chets \u00e0 Oran\"}]},{\"@type\":\"WebSite\",\"@id\":\"https:\/\/elmawkie.dz\/fr\/#website\",\"url\":\"https:\/\/elmawkie.dz\/fr\/\",\"name\":\"EL MAWKIE\",\"description\":\"Journal \u00c9lectronique Alg\u00e9rien\",\"publisher\":{\"@id\":\"https:\/\/elmawkie.dz\/fr\/#organization\"},\"potentialAction\":[{\"@type\":\"SearchAction\",\"target\":{\"@type\":\"EntryPoint\",\"urlTemplate\":\"https:\/\/elmawkie.dz\/fr\/?s={search_term_string}\"},\"query-input\":\"required name=search_term_string\"}],\"inLanguage\":\"fr-FR\"},{\"@type\":\"Organization\",\"@id\":\"https:\/\/elmawkie.dz\/fr\/#organization\",\"name\":\"EL MAWKIE\",\"url\":\"https:\/\/elmawkie.dz\/fr\/\",\"logo\":{\"@type\":\"ImageObject\",\"inLanguage\":\"fr-FR\",\"@id\":\"https:\/\/elmawkie.dz\/fr\/#\/schema\/logo\/image\/\",\"url\":\"https:\/\/elmawkie.dz\/fr\/wp-content\/uploads\/2024\/05\/logo1.png\",\"contentUrl\":\"https:\/\/elmawkie.dz\/fr\/wp-content\/uploads\/2024\/05\/logo1.png\",\"width\":1648,\"height\":652,\"caption\":\"EL MAWKIE\"},\"image\":{\"@id\":\"https:\/\/elmawkie.dz\/fr\/#\/schema\/logo\/image\/\"},\"sameAs\":[\"https:\/\/www.facebook.com\/profile.php?id=100088407094989&locale=fr_FR\"]},{\"@type\":\"Person\",\"@id\":\"https:\/\/elmawkie.dz\/fr\/#\/schema\/person\/4ed8433201bc23634185d8dd37097c64\",\"name\":\"Hamra Fouzia\",\"image\":{\"@type\":\"ImageObject\",\"inLanguage\":\"fr-FR\",\"@id\":\"https:\/\/elmawkie.dz\/fr\/#\/schema\/person\/image\/\",\"url\":\"https:\/\/secure.gravatar.com\/avatar\/ea215268aad51f3219f9a59227db6fa1?s=96&d=mm&r=g\",\"contentUrl\":\"https:\/\/secure.gravatar.com\/avatar\/ea215268aad51f3219f9a59227db6fa1?s=96&d=mm&r=g\",\"caption\":\"Hamra Fouzia\"},\"sameAs\":[\"https:\/\/elmawkie.dz\/fr\"],\"url\":\"https:\/\/elmawkie.dz\/fr\/author\/elmawkie\/\"}]}<\/script>\n<!-- \/ Yoast SEO Premium plugin. -->","yoast_head_json":{"title":"Formation sur le traitement et la gestion des d\u00e9chets \u00e0 Oran - El Mawkie","robots":{"index":"index","follow":"follow","max-snippet":"max-snippet:-1","max-image-preview":"max-image-preview:large","max-video-preview":"max-video-preview:-1"},"canonical":"https:\/\/elmawkie.dz\/fr\/formation-sur-le-traitement-et-la-gestion-des-dechets-a-oran\/","og_locale":"fr_FR","og_type":"article","og_title":"Formation sur le traitement et la gestion des d\u00e9chets \u00e0 Oran","og_description":"Dans une r\u00e9cente rencontre avec la presse, la charg\u00e9e de communication et du volet de sensibilisation aupr\u00e8s de la direction de l\u2019environnement, a pr\u00e9cis\u00e9 que l\u2019actuelle session de formation du CFPA recense un nombre important de stagiaire dans le domaine de la gestion et le traitement des d\u00e9chets. Cette nouvelle sp\u00e9cialit\u00e9 est en application \u00e0 &hellip;","og_url":"https:\/\/elmawkie.dz\/fr\/formation-sur-le-traitement-et-la-gestion-des-dechets-a-oran\/","og_site_name":"El Mawkie","article_publisher":"https:\/\/www.facebook.com\/profile.php?id=100088407094989&locale=fr_FR","article_published_time":"2024-08-25T12:20:32+00:00","article_modified_time":"2024-08-25T18:26:06+00:00","og_image":[{"width":554,"height":470,"url":"https:\/\/elmawkie.dz\/fr\/wp-content\/uploads\/2024\/08\/IMG_0710.jpeg","type":"image\/jpeg"}],"author":"Hamra Fouzia","twitter_card":"summary_large_image","twitter_misc":{"Written by":"Hamra Fouzia","Est. reading time":"1 minute"},"schema":{"@context":"https:\/\/schema.org","@graph":[{"@type":"Article","@id":"https:\/\/elmawkie.dz\/fr\/formation-sur-le-traitement-et-la-gestion-des-dechets-a-oran\/#article","isPartOf":{"@id":"https:\/\/elmawkie.dz\/fr\/formation-sur-le-traitement-et-la-gestion-des-dechets-a-oran\/"},"author":{"name":"Hamra Fouzia","@id":"https:\/\/elmawkie.dz\/fr\/#\/schema\/person\/4ed8433201bc23634185d8dd37097c64"},"headline":"Formation sur le traitement et la gestion des d\u00e9chets \u00e0 Oran","datePublished":"2024-08-25T12:20:32+00:00","dateModified":"2024-08-25T18:26:06+00:00","mainEntityOfPage":{"@id":"https:\/\/elmawkie.dz\/fr\/formation-sur-le-traitement-et-la-gestion-des-dechets-a-oran\/"},"wordCount":290,"commentCount":0,"publisher":{"@id":"https:\/\/elmawkie.dz\/fr\/#organization"},"image":{"@id":"https:\/\/elmawkie.dz\/fr\/formation-sur-le-traitement-et-la-gestion-des-dechets-a-oran\/#primaryimage"},"thumbnailUrl":"https:\/\/elmawkie.dz\/fr\/wp-content\/uploads\/2024\/08\/IMG_0710.jpeg","keywords":["CFPA","direction de l\u2019environnement","Formation sur le traitement et la gestion des d\u00e9chets","Oran"],"articleSection":["R\u00e9gion"],"inLanguage":"fr-FR","potentialAction":[{"@type":"CommentAction","name":"Comment","target":["https:\/\/elmawkie.dz\/fr\/formation-sur-le-traitement-et-la-gestion-des-dechets-a-oran\/#respond"]}]},{"@type":"WebPage","@id":"https:\/\/elmawkie.dz\/fr\/formation-sur-le-traitement-et-la-gestion-des-dechets-a-oran\/","url":"https:\/\/elmawkie.dz\/fr\/formation-sur-le-traitement-et-la-gestion-des-dechets-a-oran\/","name":"Formation sur le traitement et la gestion des d\u00e9chets \u00e0 Oran - El Mawkie","isPartOf":{"@id":"https:\/\/elmawkie.dz\/fr\/#website"},"primaryImageOfPage":{"@id":"https:\/\/elmawkie.dz\/fr\/formation-sur-le-traitement-et-la-gestion-des-dechets-a-oran\/#primaryimage"},"image":{"@id":"https:\/\/elmawkie.dz\/fr\/formation-sur-le-traitement-et-la-gestion-des-dechets-a-oran\/#primaryimage"},"thumbnailUrl":"https:\/\/elmawkie.dz\/fr\/wp-content\/uploads\/2024\/08\/IMG_0710.jpeg","datePublished":"2024-08-25T12:20:32+00:00","dateModified":"2024-08-25T18:26:06+00:00","breadcrumb":{"@id":"https:\/\/elmawkie.dz\/fr\/formation-sur-le-traitement-et-la-gestion-des-dechets-a-oran\/#breadcrumb"},"inLanguage":"fr-FR","potentialAction":[{"@type":"ReadAction","target":["https:\/\/elmawkie.dz\/fr\/formation-sur-le-traitement-et-la-gestion-des-dechets-a-oran\/"]}]},{"@type":"ImageObject","inLanguage":"fr-FR","@id":"https:\/\/elmawkie.dz\/fr\/formation-sur-le-traitement-et-la-gestion-des-dechets-a-oran\/#primaryimage","url":"https:\/\/elmawkie.dz\/fr\/wp-content\/uploads\/2024\/08\/IMG_0710.jpeg","contentUrl":"https:\/\/elmawkie.dz\/fr\/wp-content\/uploads\/2024\/08\/IMG_0710.jpeg","width":554,"height":470},{"@type":"BreadcrumbList","@id":"https:\/\/elmawkie.dz\/fr\/formation-sur-le-traitement-et-la-gestion-des-dechets-a-oran\/#breadcrumb","itemListElement":[{"@type":"ListItem","position":1,"name":"Home","item":"https:\/\/elmawkie.dz\/fr\/"},{"@type":"ListItem","position":2,"name":"Formation sur le traitement et la gestion des d\u00e9chets \u00e0 Oran"}]},{"@type":"WebSite","@id":"https:\/\/elmawkie.dz\/fr\/#website","url":"https:\/\/elmawkie.dz\/fr\/","name":"EL MAWKIE","description":"Journal \u00c9lectronique Alg\u00e9rien","publisher":{"@id":"https:\/\/elmawkie.dz\/fr\/#organization"},"potentialAction":[{"@type":"SearchAction","target":{"@type":"EntryPoint","urlTemplate":"https:\/\/elmawkie.dz\/fr\/?s={search_term_string}"},"query-input":"required name=search_term_string"}],"inLanguage":"fr-FR"},{"@type":"Organization","@id":"https:\/\/elmawkie.dz\/fr\/#organization","name":"EL MAWKIE","url":"https:\/\/elmawkie.dz\/fr\/","logo":{"@type":"ImageObject","inLanguage":"fr-FR","@id":"https:\/\/elmawkie.dz\/fr\/#\/schema\/logo\/image\/","url":"https:\/\/elmawkie.dz\/fr\/wp-content\/uploads\/2024\/05\/logo1.png","contentUrl":"https:\/\/elmawkie.dz\/fr\/wp-content\/uploads\/2024\/05\/logo1.png","width":1648,"height":652,"caption":"EL MAWKIE"},"image":{"@id":"https:\/\/elmawkie.dz\/fr\/#\/schema\/logo\/image\/"},"sameAs":["https:\/\/www.facebook.com\/profile.php?id=100088407094989&locale=fr_FR"]},{"@type":"Person","@id":"https:\/\/elmawkie.dz\/fr\/#\/schema\/person\/4ed8433201bc23634185d8dd37097c64","name":"Hamra Fouzia","image":{"@type":"ImageObject","inLanguage":"fr-FR","@id":"https:\/\/elmawkie.dz\/fr\/#\/schema\/person\/image\/","url":"https:\/\/secure.gravatar.com\/avatar\/ea215268aad51f3219f9a59227db6fa1?s=96&d=mm&r=g","contentUrl":"https:\/\/secure.gravatar.com\/avatar\/ea215268aad51f3219f9a59227db6fa1?s=96&d=mm&r=g","caption":"Hamra Fouzia"},"sameAs":["https:\/\/elmawkie.dz\/fr"],"url":"https:\/\/elmawkie.dz\/fr\/author\/elmawkie\/"}]}},"_links":{"self":[{"href":"https:\/\/elmawkie.dz\/fr\/wp-json\/wp\/v2\/posts\/4220","targetHints":{"allow":["GET"]}}],"collection":[{"href":"https:\/\/elmawkie.dz\/fr\/wp-json\/wp\/v2\/posts"}],"about":[{"href":"https:\/\/elmawkie.dz\/fr\/wp-json\/wp\/v2\/types\/post"}],"author":[{"embeddable":true,"href":"https:\/\/elmawkie.dz\/fr\/wp-json\/wp\/v2\/users\/3"}],"replies":[{"embeddable":true,"href":"https:\/\/elmawkie.dz\/fr\/wp-json\/wp\/v2\/comments?post=4220"}],"version-history":[{"count":0,"href":"https:\/\/elmawkie.dz\/fr\/wp-json\/wp\/v2\/posts\/4220\/revisions"}],"wp:featuredmedia":[{"embeddable":true,"href":"https:\/\/elmawkie.dz\/fr\/wp-json\/wp\/v2\/media\/4221"}],"wp:attachment":[{"href":"https:\/\/elmawkie.dz\/fr\/wp-json\/wp\/v2\/media?parent=4220"}],"wp:term":[{"taxonomy":"category","embeddable":true,"href":"https:\/\/elmawkie.dz\/fr\/wp-json\/wp\/v2\/categories?post=4220"},{"taxonomy":"post_tag","embeddable":true,"href":"https:\/\/elmawkie.dz\/fr\/wp-json\/wp\/v2\/tags?post=4220"}],"curies":[{"name":"wp","href":"https:\/\/api.w.org\/{rel}","templated":true}]}}