{"id":4217,"date":"2024-08-25T13:06:03","date_gmt":"2024-08-25T12:06:03","guid":{"rendered":"https:\/\/elmawkie.dz\/fr\/?p=4217"},"modified":"2024-08-25T13:06:03","modified_gmt":"2024-08-25T12:06:03","slug":"reunion-du-ticad-au-japon-des-pays-africains-dejouent-les-tentatives-du-maroc","status":"publish","type":"post","link":"https:\/\/elmawkie.dz\/fr\/reunion-du-ticad-au-japon-des-pays-africains-dejouent-les-tentatives-du-maroc\/","title":{"rendered":"R\u00e9union du TICAD au Japon\u2026 Des pays africains d\u00e9jouent les tentatives du Maroc"},"content":{"rendered":"<p><strong><em>La diplomatie marocaine a subi un cuisant \u00e9chec lors de la r\u00e9union minist\u00e9rielle de la TICAD, \u00a0un forum ouvert auquel participent non seulement les pays africains mais aussi les organisations internationales, le secteur priv\u00e9 et la soci\u00e9t\u00e9 civile qui \u0153uvrent au d\u00e9veloppement de l&rsquo;Afrique,, \u00a0qui s\u2019est achev\u00e9e, aujourd\u2019hui \u00e0 Tokyo, par un communiqu\u00e9 conjoint.\u00a0<\/em><\/strong><\/p>\n<p><strong><em>En effet, selon ce communiqu\u00e9, la question de la participation de la partie sahraouie aux r\u00e9unions de la TICAD, a \u00e9t\u00e9 d\u00e9finitivement tranch\u00e9e en sa faveur par les membres participants. Ce communiqu\u00e9 fait part \u00e9galement du droit de tous les Etats membres de l\u2019UA de participer \u00e0 part enti\u00e8re \u00e0\u00a0 toutes les r\u00e9unions de partenariat entre le Continent africain et le Japon. Ainsi, le Maroc, le seul pays \u00e0 avoir soulev\u00e9 des r\u00e9serves concernant l\u2019expression \u00ab Etats membres de l\u2019Union Africaine \u00bb.qui a tout fait pour exclure la RASD, a \u00e9chou\u00e9 dans ses tentatives sordides et n\u2019a trouv\u00e9 aucun soutien parmi les membres participants qui ont form\u00e9 un consensus g\u00e9n\u00e9ral lors de la r\u00e9union de Tokyo sur la question de la participation de la RASD au TICAD<\/em><\/strong><\/p>\n<p><strong><em>\u00a0Par ce camouflet, la diplomatie marocaine, compl\u00e8tement isol\u00e9e dans ses tentatives d\u2019exclure la RASD, vient d\u2019enregistrer un autre \u00e9chec. En effet, les pays africains, \u00e9tant \u00ab alli\u00e9s traditionnels \u00bb, d\u00e9pit\u00e9s par le comportement crapuleux des voyous marocains se consid\u00e9rant et se pr\u00e9sentant faussement comme des diplomates. ont estim\u00e9 n\u00e9cessaire de rejeter leurs r\u00e9serves et de ne pas leur aider sur cette question. <\/em><\/strong><\/p>\n","protected":false},"excerpt":{"rendered":"<p>La diplomatie marocaine a subi un cuisant \u00e9chec lors de la r\u00e9union minist\u00e9rielle de la TICAD, \u00a0un forum ouvert auquel participent non seulement les pays africains mais aussi les organisations internationales, le secteur priv\u00e9 et la soci\u00e9t\u00e9 civile qui \u0153uvrent au d\u00e9veloppement de l&rsquo;Afrique,, \u00a0qui s\u2019est achev\u00e9e, aujourd\u2019hui \u00e0 Tokyo, par un communiqu\u00e9 conjoint.\u00a0 En &hellip;<\/p>\n","protected":false},"author":3,"featured_media":4218,"comment_status":"open","ping_status":"open","sticky":false,"template":"","format":"standard","meta":{"footnotes":""},"categories":[35,44],"tags":[388],"class_list":["post-4217","post","type-post","status-publish","format-standard","has-post-thumbnail","hentry","category-diplomatie","category-international","tag-reunion-du-ticad-au-japon"],"yoast_head":"<!-- This site is optimized with the Yoast SEO Premium plugin v22.6 (Yoast SEO v22.6) - https:\/\/yoast.com\/wordpress\/plugins\/seo\/ -->\n<title>R\u00e9union du TICAD au Japon\u2026 Des pays africains d\u00e9jouent les tentatives du Maroc - El Mawkie<\/title>\n<meta name=\"robots\" content=\"index, follow, max-snippet:-1, max-image-preview:large, max-video-preview:-1\" \/>\n<link rel=\"canonical\" href=\"https:\/\/elmawkie.dz\/fr\/reunion-du-ticad-au-japon-des-pays-africains-dejouent-les-tentatives-du-maroc\/\" \/>\n<meta property=\"og:locale\" content=\"fr_FR\" \/>\n<meta property=\"og:type\" content=\"article\" \/>\n<meta property=\"og:title\" content=\"R\u00e9union du TICAD au Japon\u2026 Des pays africains d\u00e9jouent les tentatives du Maroc\" \/>\n<meta property=\"og:description\" content=\"La diplomatie marocaine a subi un cuisant \u00e9chec lors de la r\u00e9union minist\u00e9rielle de la TICAD, \u00a0un forum ouvert auquel participent non seulement les pays africains mais aussi les organisations internationales, le secteur priv\u00e9 et la soci\u00e9t\u00e9 civile qui \u0153uvrent au d\u00e9veloppement de l&rsquo;Afrique,, \u00a0qui s\u2019est achev\u00e9e, aujourd\u2019hui \u00e0 Tokyo, par un communiqu\u00e9 conjoint.\u00a0 En &hellip;\" \/>\n<meta property=\"og:url\" content=\"https:\/\/elmawkie.dz\/fr\/reunion-du-ticad-au-japon-des-pays-africains-dejouent-les-tentatives-du-maroc\/\" \/>\n<meta property=\"og:site_name\" content=\"El Mawkie\" \/>\n<meta property=\"article:publisher\" content=\"https:\/\/www.facebook.com\/profile.php?id=100088407094989&amp;locale=fr_FR\" \/>\n<meta property=\"article:published_time\" content=\"2024-08-25T12:06:03+00:00\" \/>\n<meta property=\"og:image\" content=\"https:\/\/elmawkie.dz\/fr\/wp-content\/uploads\/2024\/08\/IMG_0709.jpeg\" \/>\n\t<meta property=\"og:image:width\" content=\"640\" \/>\n\t<meta property=\"og:image:height\" content=\"480\" \/>\n\t<meta property=\"og:image:type\" content=\"image\/jpeg\" \/>\n<meta name=\"author\" content=\"Hamra Fouzia\" \/>\n<meta name=\"twitter:card\" content=\"summary_large_image\" \/>\n<meta name=\"twitter:label1\" content=\"Written by\" \/>\n\t<meta name=\"twitter:data1\" content=\"Hamra Fouzia\" \/>\n\t<meta name=\"twitter:label2\" content=\"Est. reading time\" \/>\n\t<meta name=\"twitter:data2\" content=\"1 minute\" \/>\n<script type=\"application\/ld+json\" class=\"yoast-schema-graph\">{\"@context\":\"https:\/\/schema.org\",\"@graph\":[{\"@type\":\"Article\",\"@id\":\"https:\/\/elmawkie.dz\/fr\/reunion-du-ticad-au-japon-des-pays-africains-dejouent-les-tentatives-du-maroc\/#article\",\"isPartOf\":{\"@id\":\"https:\/\/elmawkie.dz\/fr\/reunion-du-ticad-au-japon-des-pays-africains-dejouent-les-tentatives-du-maroc\/\"},\"author\":{\"name\":\"Hamra Fouzia\",\"@id\":\"https:\/\/elmawkie.dz\/fr\/#\/schema\/person\/4ed8433201bc23634185d8dd37097c64\"},\"headline\":\"R\u00e9union du TICAD au Japon\u2026 Des pays africains d\u00e9jouent les tentatives du Maroc\",\"datePublished\":\"2024-08-25T12:06:03+00:00\",\"dateModified\":\"2024-08-25T12:06:03+00:00\",\"mainEntityOfPage\":{\"@id\":\"https:\/\/elmawkie.dz\/fr\/reunion-du-ticad-au-japon-des-pays-africains-dejouent-les-tentatives-du-maroc\/\"},\"wordCount\":283,\"commentCount\":0,\"publisher\":{\"@id\":\"https:\/\/elmawkie.dz\/fr\/#organization\"},\"image\":{\"@id\":\"https:\/\/elmawkie.dz\/fr\/reunion-du-ticad-au-japon-des-pays-africains-dejouent-les-tentatives-du-maroc\/#primaryimage\"},\"thumbnailUrl\":\"https:\/\/elmawkie.dz\/fr\/wp-content\/uploads\/2024\/08\/IMG_0709.jpeg\",\"keywords\":[\"R\u00e9union du TICAD au Japon\"],\"articleSection\":[\"Diplomatie\",\"International\"],\"inLanguage\":\"fr-FR\",\"potentialAction\":[{\"@type\":\"CommentAction\",\"name\":\"Comment\",\"target\":[\"https:\/\/elmawkie.dz\/fr\/reunion-du-ticad-au-japon-des-pays-africains-dejouent-les-tentatives-du-maroc\/#respond\"]}]},{\"@type\":\"WebPage\",\"@id\":\"https:\/\/elmawkie.dz\/fr\/reunion-du-ticad-au-japon-des-pays-africains-dejouent-les-tentatives-du-maroc\/\",\"url\":\"https:\/\/elmawkie.dz\/fr\/reunion-du-ticad-au-japon-des-pays-africains-dejouent-les-tentatives-du-maroc\/\",\"name\":\"R\u00e9union du TICAD au Japon\u2026 Des pays africains d\u00e9jouent les tentatives du Maroc - El Mawkie\",\"isPartOf\":{\"@id\":\"https:\/\/elmawkie.dz\/fr\/#website\"},\"primaryImageOfPage\":{\"@id\":\"https:\/\/elmawkie.dz\/fr\/reunion-du-ticad-au-japon-des-pays-africains-dejouent-les-tentatives-du-maroc\/#primaryimage\"},\"image\":{\"@id\":\"https:\/\/elmawkie.dz\/fr\/reunion-du-ticad-au-japon-des-pays-africains-dejouent-les-tentatives-du-maroc\/#primaryimage\"},\"thumbnailUrl\":\"https:\/\/elmawkie.dz\/fr\/wp-content\/uploads\/2024\/08\/IMG_0709.jpeg\",\"datePublished\":\"2024-08-25T12:06:03+00:00\",\"dateModified\":\"2024-08-25T12:06:03+00:00\",\"breadcrumb\":{\"@id\":\"https:\/\/elmawkie.dz\/fr\/reunion-du-ticad-au-japon-des-pays-africains-dejouent-les-tentatives-du-maroc\/#breadcrumb\"},\"inLanguage\":\"fr-FR\",\"potentialAction\":[{\"@type\":\"ReadAction\",\"target\":[\"https:\/\/elmawkie.dz\/fr\/reunion-du-ticad-au-japon-des-pays-africains-dejouent-les-tentatives-du-maroc\/\"]}]},{\"@type\":\"ImageObject\",\"inLanguage\":\"fr-FR\",\"@id\":\"https:\/\/elmawkie.dz\/fr\/reunion-du-ticad-au-japon-des-pays-africains-dejouent-les-tentatives-du-maroc\/#primaryimage\",\"url\":\"https:\/\/elmawkie.dz\/fr\/wp-content\/uploads\/2024\/08\/IMG_0709.jpeg\",\"contentUrl\":\"https:\/\/elmawkie.dz\/fr\/wp-content\/uploads\/2024\/08\/IMG_0709.jpeg\",\"width\":640,\"height\":480},{\"@type\":\"BreadcrumbList\",\"@id\":\"https:\/\/elmawkie.dz\/fr\/reunion-du-ticad-au-japon-des-pays-africains-dejouent-les-tentatives-du-maroc\/#breadcrumb\",\"itemListElement\":[{\"@type\":\"ListItem\",\"position\":1,\"name\":\"Home\",\"item\":\"https:\/\/elmawkie.dz\/fr\/\"},{\"@type\":\"ListItem\",\"position\":2,\"name\":\"R\u00e9union du TICAD au Japon\u2026 Des pays africains d\u00e9jouent les tentatives du Maroc\"}]},{\"@type\":\"WebSite\",\"@id\":\"https:\/\/elmawkie.dz\/fr\/#website\",\"url\":\"https:\/\/elmawkie.dz\/fr\/\",\"name\":\"EL MAWKIE\",\"description\":\"Journal \u00c9lectronique Alg\u00e9rien\",\"publisher\":{\"@id\":\"https:\/\/elmawkie.dz\/fr\/#organization\"},\"potentialAction\":[{\"@type\":\"SearchAction\",\"target\":{\"@type\":\"EntryPoint\",\"urlTemplate\":\"https:\/\/elmawkie.dz\/fr\/?s={search_term_string}\"},\"query-input\":\"required name=search_term_string\"}],\"inLanguage\":\"fr-FR\"},{\"@type\":\"Organization\",\"@id\":\"https:\/\/elmawkie.dz\/fr\/#organization\",\"name\":\"EL MAWKIE\",\"url\":\"https:\/\/elmawkie.dz\/fr\/\",\"logo\":{\"@type\":\"ImageObject\",\"inLanguage\":\"fr-FR\",\"@id\":\"https:\/\/elmawkie.dz\/fr\/#\/schema\/logo\/image\/\",\"url\":\"https:\/\/elmawkie.dz\/fr\/wp-content\/uploads\/2024\/05\/logo1.png\",\"contentUrl\":\"https:\/\/elmawkie.dz\/fr\/wp-content\/uploads\/2024\/05\/logo1.png\",\"width\":1648,\"height\":652,\"caption\":\"EL MAWKIE\"},\"image\":{\"@id\":\"https:\/\/elmawkie.dz\/fr\/#\/schema\/logo\/image\/\"},\"sameAs\":[\"https:\/\/www.facebook.com\/profile.php?id=100088407094989&locale=fr_FR\"]},{\"@type\":\"Person\",\"@id\":\"https:\/\/elmawkie.dz\/fr\/#\/schema\/person\/4ed8433201bc23634185d8dd37097c64\",\"name\":\"Hamra Fouzia\",\"image\":{\"@type\":\"ImageObject\",\"inLanguage\":\"fr-FR\",\"@id\":\"https:\/\/elmawkie.dz\/fr\/#\/schema\/person\/image\/\",\"url\":\"https:\/\/secure.gravatar.com\/avatar\/ea215268aad51f3219f9a59227db6fa1?s=96&d=mm&r=g\",\"contentUrl\":\"https:\/\/secure.gravatar.com\/avatar\/ea215268aad51f3219f9a59227db6fa1?s=96&d=mm&r=g\",\"caption\":\"Hamra Fouzia\"},\"sameAs\":[\"https:\/\/elmawkie.dz\/fr\"],\"url\":\"https:\/\/elmawkie.dz\/fr\/author\/elmawkie\/\"}]}<\/script>\n<!-- \/ Yoast SEO Premium plugin. -->","yoast_head_json":{"title":"R\u00e9union du TICAD au Japon\u2026 Des pays africains d\u00e9jouent les tentatives du Maroc - El Mawkie","robots":{"index":"index","follow":"follow","max-snippet":"max-snippet:-1","max-image-preview":"max-image-preview:large","max-video-preview":"max-video-preview:-1"},"canonical":"https:\/\/elmawkie.dz\/fr\/reunion-du-ticad-au-japon-des-pays-africains-dejouent-les-tentatives-du-maroc\/","og_locale":"fr_FR","og_type":"article","og_title":"R\u00e9union du TICAD au Japon\u2026 Des pays africains d\u00e9jouent les tentatives du Maroc","og_description":"La diplomatie marocaine a subi un cuisant \u00e9chec lors de la r\u00e9union minist\u00e9rielle de la TICAD, \u00a0un forum ouvert auquel participent non seulement les pays africains mais aussi les organisations internationales, le secteur priv\u00e9 et la soci\u00e9t\u00e9 civile qui \u0153uvrent au d\u00e9veloppement de l&rsquo;Afrique,, \u00a0qui s\u2019est achev\u00e9e, aujourd\u2019hui \u00e0 Tokyo, par un communiqu\u00e9 conjoint.\u00a0 En &hellip;","og_url":"https:\/\/elmawkie.dz\/fr\/reunion-du-ticad-au-japon-des-pays-africains-dejouent-les-tentatives-du-maroc\/","og_site_name":"El Mawkie","article_publisher":"https:\/\/www.facebook.com\/profile.php?id=100088407094989&locale=fr_FR","article_published_time":"2024-08-25T12:06:03+00:00","og_image":[{"width":640,"height":480,"url":"https:\/\/elmawkie.dz\/fr\/wp-content\/uploads\/2024\/08\/IMG_0709.jpeg","type":"image\/jpeg"}],"author":"Hamra Fouzia","twitter_card":"summary_large_image","twitter_misc":{"Written by":"Hamra Fouzia","Est. reading time":"1 minute"},"schema":{"@context":"https:\/\/schema.org","@graph":[{"@type":"Article","@id":"https:\/\/elmawkie.dz\/fr\/reunion-du-ticad-au-japon-des-pays-africains-dejouent-les-tentatives-du-maroc\/#article","isPartOf":{"@id":"https:\/\/elmawkie.dz\/fr\/reunion-du-ticad-au-japon-des-pays-africains-dejouent-les-tentatives-du-maroc\/"},"author":{"name":"Hamra Fouzia","@id":"https:\/\/elmawkie.dz\/fr\/#\/schema\/person\/4ed8433201bc23634185d8dd37097c64"},"headline":"R\u00e9union du TICAD au Japon\u2026 Des pays africains d\u00e9jouent les tentatives du Maroc","datePublished":"2024-08-25T12:06:03+00:00","dateModified":"2024-08-25T12:06:03+00:00","mainEntityOfPage":{"@id":"https:\/\/elmawkie.dz\/fr\/reunion-du-ticad-au-japon-des-pays-africains-dejouent-les-tentatives-du-maroc\/"},"wordCount":283,"commentCount":0,"publisher":{"@id":"https:\/\/elmawkie.dz\/fr\/#organization"},"image":{"@id":"https:\/\/elmawkie.dz\/fr\/reunion-du-ticad-au-japon-des-pays-africains-dejouent-les-tentatives-du-maroc\/#primaryimage"},"thumbnailUrl":"https:\/\/elmawkie.dz\/fr\/wp-content\/uploads\/2024\/08\/IMG_0709.jpeg","keywords":["R\u00e9union du TICAD au Japon"],"articleSection":["Diplomatie","International"],"inLanguage":"fr-FR","potentialAction":[{"@type":"CommentAction","name":"Comment","target":["https:\/\/elmawkie.dz\/fr\/reunion-du-ticad-au-japon-des-pays-africains-dejouent-les-tentatives-du-maroc\/#respond"]}]},{"@type":"WebPage","@id":"https:\/\/elmawkie.dz\/fr\/reunion-du-ticad-au-japon-des-pays-africains-dejouent-les-tentatives-du-maroc\/","url":"https:\/\/elmawkie.dz\/fr\/reunion-du-ticad-au-japon-des-pays-africains-dejouent-les-tentatives-du-maroc\/","name":"R\u00e9union du TICAD au Japon\u2026 Des pays africains d\u00e9jouent les tentatives du Maroc - El Mawkie","isPartOf":{"@id":"https:\/\/elmawkie.dz\/fr\/#website"},"primaryImageOfPage":{"@id":"https:\/\/elmawkie.dz\/fr\/reunion-du-ticad-au-japon-des-pays-africains-dejouent-les-tentatives-du-maroc\/#primaryimage"},"image":{"@id":"https:\/\/elmawkie.dz\/fr\/reunion-du-ticad-au-japon-des-pays-africains-dejouent-les-tentatives-du-maroc\/#primaryimage"},"thumbnailUrl":"https:\/\/elmawkie.dz\/fr\/wp-content\/uploads\/2024\/08\/IMG_0709.jpeg","datePublished":"2024-08-25T12:06:03+00:00","dateModified":"2024-08-25T12:06:03+00:00","breadcrumb":{"@id":"https:\/\/elmawkie.dz\/fr\/reunion-du-ticad-au-japon-des-pays-africains-dejouent-les-tentatives-du-maroc\/#breadcrumb"},"inLanguage":"fr-FR","potentialAction":[{"@type":"ReadAction","target":["https:\/\/elmawkie.dz\/fr\/reunion-du-ticad-au-japon-des-pays-africains-dejouent-les-tentatives-du-maroc\/"]}]},{"@type":"ImageObject","inLanguage":"fr-FR","@id":"https:\/\/elmawkie.dz\/fr\/reunion-du-ticad-au-japon-des-pays-africains-dejouent-les-tentatives-du-maroc\/#primaryimage","url":"https:\/\/elmawkie.dz\/fr\/wp-content\/uploads\/2024\/08\/IMG_0709.jpeg","contentUrl":"https:\/\/elmawkie.dz\/fr\/wp-content\/uploads\/2024\/08\/IMG_0709.jpeg","width":640,"height":480},{"@type":"BreadcrumbList","@id":"https:\/\/elmawkie.dz\/fr\/reunion-du-ticad-au-japon-des-pays-africains-dejouent-les-tentatives-du-maroc\/#breadcrumb","itemListElement":[{"@type":"ListItem","position":1,"name":"Home","item":"https:\/\/elmawkie.dz\/fr\/"},{"@type":"ListItem","position":2,"name":"R\u00e9union du TICAD au Japon\u2026 Des pays africains d\u00e9jouent les tentatives du Maroc"}]},{"@type":"WebSite","@id":"https:\/\/elmawkie.dz\/fr\/#website","url":"https:\/\/elmawkie.dz\/fr\/","name":"EL MAWKIE","description":"Journal \u00c9lectronique Alg\u00e9rien","publisher":{"@id":"https:\/\/elmawkie.dz\/fr\/#organization"},"potentialAction":[{"@type":"SearchAction","target":{"@type":"EntryPoint","urlTemplate":"https:\/\/elmawkie.dz\/fr\/?s={search_term_string}"},"query-input":"required name=search_term_string"}],"inLanguage":"fr-FR"},{"@type":"Organization","@id":"https:\/\/elmawkie.dz\/fr\/#organization","name":"EL MAWKIE","url":"https:\/\/elmawkie.dz\/fr\/","logo":{"@type":"ImageObject","inLanguage":"fr-FR","@id":"https:\/\/elmawkie.dz\/fr\/#\/schema\/logo\/image\/","url":"https:\/\/elmawkie.dz\/fr\/wp-content\/uploads\/2024\/05\/logo1.png","contentUrl":"https:\/\/elmawkie.dz\/fr\/wp-content\/uploads\/2024\/05\/logo1.png","width":1648,"height":652,"caption":"EL MAWKIE"},"image":{"@id":"https:\/\/elmawkie.dz\/fr\/#\/schema\/logo\/image\/"},"sameAs":["https:\/\/www.facebook.com\/profile.php?id=100088407094989&locale=fr_FR"]},{"@type":"Person","@id":"https:\/\/elmawkie.dz\/fr\/#\/schema\/person\/4ed8433201bc23634185d8dd37097c64","name":"Hamra Fouzia","image":{"@type":"ImageObject","inLanguage":"fr-FR","@id":"https:\/\/elmawkie.dz\/fr\/#\/schema\/person\/image\/","url":"https:\/\/secure.gravatar.com\/avatar\/ea215268aad51f3219f9a59227db6fa1?s=96&d=mm&r=g","contentUrl":"https:\/\/secure.gravatar.com\/avatar\/ea215268aad51f3219f9a59227db6fa1?s=96&d=mm&r=g","caption":"Hamra Fouzia"},"sameAs":["https:\/\/elmawkie.dz\/fr"],"url":"https:\/\/elmawkie.dz\/fr\/author\/elmawkie\/"}]}},"_links":{"self":[{"href":"https:\/\/elmawkie.dz\/fr\/wp-json\/wp\/v2\/posts\/4217","targetHints":{"allow":["GET"]}}],"collection":[{"href":"https:\/\/elmawkie.dz\/fr\/wp-json\/wp\/v2\/posts"}],"about":[{"href":"https:\/\/elmawkie.dz\/fr\/wp-json\/wp\/v2\/types\/post"}],"author":[{"embeddable":true,"href":"https:\/\/elmawkie.dz\/fr\/wp-json\/wp\/v2\/users\/3"}],"replies":[{"embeddable":true,"href":"https:\/\/elmawkie.dz\/fr\/wp-json\/wp\/v2\/comments?post=4217"}],"version-history":[{"count":0,"href":"https:\/\/elmawkie.dz\/fr\/wp-json\/wp\/v2\/posts\/4217\/revisions"}],"wp:featuredmedia":[{"embeddable":true,"href":"https:\/\/elmawkie.dz\/fr\/wp-json\/wp\/v2\/media\/4218"}],"wp:attachment":[{"href":"https:\/\/elmawkie.dz\/fr\/wp-json\/wp\/v2\/media?parent=4217"}],"wp:term":[{"taxonomy":"category","embeddable":true,"href":"https:\/\/elmawkie.dz\/fr\/wp-json\/wp\/v2\/categories?post=4217"},{"taxonomy":"post_tag","embeddable":true,"href":"https:\/\/elmawkie.dz\/fr\/wp-json\/wp\/v2\/tags?post=4217"}],"curies":[{"name":"wp","href":"https:\/\/api.w.org\/{rel}","templated":true}]}}