{"id":4207,"date":"2024-08-25T10:29:13","date_gmt":"2024-08-25T09:29:13","guid":{"rendered":"https:\/\/elmawkie.dz\/fr\/?p=4207"},"modified":"2024-08-25T10:29:13","modified_gmt":"2024-08-25T09:29:13","slug":"collision-entre-un-bus-et-une-voiture-a-tlemcen-deux-morts-et-quatorze-blesses","status":"publish","type":"post","link":"https:\/\/elmawkie.dz\/fr\/collision-entre-un-bus-et-une-voiture-a-tlemcen-deux-morts-et-quatorze-blesses\/","title":{"rendered":"Collision entre un bus et une voiture \u00e0 Tlemcen : deux morts et quatorze bless\u00e9s"},"content":{"rendered":"<p><b style=\"font-weight: 400;\"><strong><em>Une violente collision entre un bus de transports de voyageurs et une voiture a fait deux mort et <a href=\"https:\/\/www.facebook.com\/share\/p\/dbnRQoHZBkzPXTX7\/?mibextid=WC7FNe\">quatorze<\/a> bless\u00e9s \u00e0 la wilaya de Tlemcen, selon un communiqu\u00e9 rendu public par la direction de wilaya de la protection civile de <a href=\"https:\/\/www.facebook.com\/share\/p\/dbnRQoHZBkzPXTX7\/?mibextid=WC7FNe\">Tlemcen<\/a> .<\/em><br \/>\n<\/strong><\/b><strong><em>Ce drame <\/em><\/strong><span style=\"font-weight: 400;\"><strong><em>s\u2019est produit entre un Bus de transports de voyageurs (Toyota Coaster) assurant la liaison entre<\/em><\/strong><\/span><span style=\"font-weight: 400;\"><strong><em> (Tlemcen-Sebdou) et un v\u00e9hicule utilitaire de type Peugeot 404, aux alentours de 07h25 \u00a0sur la RN N\u00b0 22, reliant Tlemcen et Sebdou \u00e0 la localit\u00e9 d\u2019 Essheb au lieu-dit Ghar Boumaaza, relevant de la commune de Tirni da\u00efra d\u2019El Mansoura , a-t-on appris de la m\u00eame source.<\/em><\/strong><b><strong><br \/>\n<\/strong><\/b><\/span><\/p>\n<p style=\"font-weight: 400;\"><strong><em>Les victimes, \u00e2g\u00e9es entre 13 et 51 ans souffrant de diff\u00e9rentes blessures ont \u00e9t\u00e9 secourus sur les lieux par les \u00e9l\u00e9ments de la Protection civile avant d\u2019\u00eatre transport\u00e9es vers l&rsquo;h\u00f4pital de Sebdou, tandis que la d\u00e9pouille des deux victimes \u00e2g\u00e9es entre \u00a045 et 52 ans ont \u00e9t\u00e9 \u00a0transf\u00e9r\u00e9e vers \u00e0 la morgue de l\u2019h\u00f4pital local .<\/em><\/strong><\/p>\n<p style=\"font-weight: 400;\">\n<p>&nbsp;<\/p>\n","protected":false},"excerpt":{"rendered":"<p>Une violente collision entre un bus de transports de voyageurs et une voiture a fait deux mort et quatorze bless\u00e9s \u00e0 la wilaya de Tlemcen, selon un communiqu\u00e9 rendu public par la direction de wilaya de la protection civile de Tlemcen . Ce drame s\u2019est produit entre un Bus de transports de voyageurs (Toyota Coaster) &hellip;<\/p>\n","protected":false},"author":3,"featured_media":4208,"comment_status":"open","ping_status":"open","sticky":false,"template":"","format":"standard","meta":{"footnotes":""},"categories":[51],"tags":[379,380,149],"class_list":["post-4207","post","type-post","status-publish","format-standard","has-post-thumbnail","hentry","category-societe","tag-collision-entre-un-bus-et-une-voiture-a-tlemcen","tag-deux-morts-et-quatorze-blesses","tag-protection-civile"],"yoast_head":"<!-- This site is optimized with the Yoast SEO Premium plugin v22.6 (Yoast SEO v22.6) - https:\/\/yoast.com\/wordpress\/plugins\/seo\/ -->\n<title>Collision entre un bus et une voiture \u00e0 Tlemcen : deux morts et quatorze bless\u00e9s - El Mawkie<\/title>\n<meta name=\"robots\" content=\"index, follow, max-snippet:-1, max-image-preview:large, max-video-preview:-1\" \/>\n<link rel=\"canonical\" href=\"https:\/\/elmawkie.dz\/fr\/collision-entre-un-bus-et-une-voiture-a-tlemcen-deux-morts-et-quatorze-blesses\/\" \/>\n<meta property=\"og:locale\" content=\"fr_FR\" \/>\n<meta property=\"og:type\" content=\"article\" \/>\n<meta property=\"og:title\" content=\"Collision entre un bus et une voiture \u00e0 Tlemcen : deux morts et quatorze bless\u00e9s\" \/>\n<meta property=\"og:description\" content=\"Une violente collision entre un bus de transports de voyageurs et une voiture a fait deux mort et quatorze bless\u00e9s \u00e0 la wilaya de Tlemcen, selon un communiqu\u00e9 rendu public par la direction de wilaya de la protection civile de Tlemcen . Ce drame s\u2019est produit entre un Bus de transports de voyageurs (Toyota Coaster) &hellip;\" \/>\n<meta property=\"og:url\" content=\"https:\/\/elmawkie.dz\/fr\/collision-entre-un-bus-et-une-voiture-a-tlemcen-deux-morts-et-quatorze-blesses\/\" \/>\n<meta property=\"og:site_name\" content=\"El Mawkie\" \/>\n<meta property=\"article:publisher\" content=\"https:\/\/www.facebook.com\/profile.php?id=100088407094989&amp;locale=fr_FR\" \/>\n<meta property=\"article:published_time\" content=\"2024-08-25T09:29:13+00:00\" \/>\n<meta property=\"og:image\" content=\"https:\/\/elmawkie.dz\/fr\/wp-content\/uploads\/2024\/08\/IMG_0689.jpeg\" \/>\n\t<meta property=\"og:image:width\" content=\"348\" \/>\n\t<meta property=\"og:image:height\" content=\"384\" \/>\n\t<meta property=\"og:image:type\" content=\"image\/jpeg\" \/>\n<meta name=\"author\" content=\"Hamra Fouzia\" \/>\n<meta name=\"twitter:card\" content=\"summary_large_image\" \/>\n<meta name=\"twitter:label1\" content=\"Written by\" \/>\n\t<meta name=\"twitter:data1\" content=\"Hamra Fouzia\" \/>\n\t<meta name=\"twitter:label2\" content=\"Est. reading time\" \/>\n\t<meta name=\"twitter:data2\" content=\"1 minute\" \/>\n<script type=\"application\/ld+json\" class=\"yoast-schema-graph\">{\"@context\":\"https:\/\/schema.org\",\"@graph\":[{\"@type\":\"Article\",\"@id\":\"https:\/\/elmawkie.dz\/fr\/collision-entre-un-bus-et-une-voiture-a-tlemcen-deux-morts-et-quatorze-blesses\/#article\",\"isPartOf\":{\"@id\":\"https:\/\/elmawkie.dz\/fr\/collision-entre-un-bus-et-une-voiture-a-tlemcen-deux-morts-et-quatorze-blesses\/\"},\"author\":{\"name\":\"Hamra Fouzia\",\"@id\":\"https:\/\/elmawkie.dz\/fr\/#\/schema\/person\/4ed8433201bc23634185d8dd37097c64\"},\"headline\":\"Collision entre un bus et une voiture \u00e0 Tlemcen : deux morts et quatorze bless\u00e9s\",\"datePublished\":\"2024-08-25T09:29:13+00:00\",\"dateModified\":\"2024-08-25T09:29:13+00:00\",\"mainEntityOfPage\":{\"@id\":\"https:\/\/elmawkie.dz\/fr\/collision-entre-un-bus-et-une-voiture-a-tlemcen-deux-morts-et-quatorze-blesses\/\"},\"wordCount\":184,\"commentCount\":0,\"publisher\":{\"@id\":\"https:\/\/elmawkie.dz\/fr\/#organization\"},\"image\":{\"@id\":\"https:\/\/elmawkie.dz\/fr\/collision-entre-un-bus-et-une-voiture-a-tlemcen-deux-morts-et-quatorze-blesses\/#primaryimage\"},\"thumbnailUrl\":\"https:\/\/elmawkie.dz\/fr\/wp-content\/uploads\/2024\/08\/IMG_0689.jpeg\",\"keywords\":[\"Collision entre un bus et une voiture \u00e0 Tlemcen\",\"deux morts et quatorze bless\u00e9s\",\"Protection civile\"],\"articleSection\":[\"Soci\u00e9t\u00e9\"],\"inLanguage\":\"fr-FR\",\"potentialAction\":[{\"@type\":\"CommentAction\",\"name\":\"Comment\",\"target\":[\"https:\/\/elmawkie.dz\/fr\/collision-entre-un-bus-et-une-voiture-a-tlemcen-deux-morts-et-quatorze-blesses\/#respond\"]}]},{\"@type\":\"WebPage\",\"@id\":\"https:\/\/elmawkie.dz\/fr\/collision-entre-un-bus-et-une-voiture-a-tlemcen-deux-morts-et-quatorze-blesses\/\",\"url\":\"https:\/\/elmawkie.dz\/fr\/collision-entre-un-bus-et-une-voiture-a-tlemcen-deux-morts-et-quatorze-blesses\/\",\"name\":\"Collision entre un bus et une voiture \u00e0 Tlemcen : deux morts et quatorze bless\u00e9s - El Mawkie\",\"isPartOf\":{\"@id\":\"https:\/\/elmawkie.dz\/fr\/#website\"},\"primaryImageOfPage\":{\"@id\":\"https:\/\/elmawkie.dz\/fr\/collision-entre-un-bus-et-une-voiture-a-tlemcen-deux-morts-et-quatorze-blesses\/#primaryimage\"},\"image\":{\"@id\":\"https:\/\/elmawkie.dz\/fr\/collision-entre-un-bus-et-une-voiture-a-tlemcen-deux-morts-et-quatorze-blesses\/#primaryimage\"},\"thumbnailUrl\":\"https:\/\/elmawkie.dz\/fr\/wp-content\/uploads\/2024\/08\/IMG_0689.jpeg\",\"datePublished\":\"2024-08-25T09:29:13+00:00\",\"dateModified\":\"2024-08-25T09:29:13+00:00\",\"breadcrumb\":{\"@id\":\"https:\/\/elmawkie.dz\/fr\/collision-entre-un-bus-et-une-voiture-a-tlemcen-deux-morts-et-quatorze-blesses\/#breadcrumb\"},\"inLanguage\":\"fr-FR\",\"potentialAction\":[{\"@type\":\"ReadAction\",\"target\":[\"https:\/\/elmawkie.dz\/fr\/collision-entre-un-bus-et-une-voiture-a-tlemcen-deux-morts-et-quatorze-blesses\/\"]}]},{\"@type\":\"ImageObject\",\"inLanguage\":\"fr-FR\",\"@id\":\"https:\/\/elmawkie.dz\/fr\/collision-entre-un-bus-et-une-voiture-a-tlemcen-deux-morts-et-quatorze-blesses\/#primaryimage\",\"url\":\"https:\/\/elmawkie.dz\/fr\/wp-content\/uploads\/2024\/08\/IMG_0689.jpeg\",\"contentUrl\":\"https:\/\/elmawkie.dz\/fr\/wp-content\/uploads\/2024\/08\/IMG_0689.jpeg\",\"width\":348,\"height\":384},{\"@type\":\"BreadcrumbList\",\"@id\":\"https:\/\/elmawkie.dz\/fr\/collision-entre-un-bus-et-une-voiture-a-tlemcen-deux-morts-et-quatorze-blesses\/#breadcrumb\",\"itemListElement\":[{\"@type\":\"ListItem\",\"position\":1,\"name\":\"Home\",\"item\":\"https:\/\/elmawkie.dz\/fr\/\"},{\"@type\":\"ListItem\",\"position\":2,\"name\":\"Collision entre un bus et une voiture \u00e0 Tlemcen : deux morts et quatorze bless\u00e9s\"}]},{\"@type\":\"WebSite\",\"@id\":\"https:\/\/elmawkie.dz\/fr\/#website\",\"url\":\"https:\/\/elmawkie.dz\/fr\/\",\"name\":\"EL MAWKIE\",\"description\":\"Journal \u00c9lectronique Alg\u00e9rien\",\"publisher\":{\"@id\":\"https:\/\/elmawkie.dz\/fr\/#organization\"},\"potentialAction\":[{\"@type\":\"SearchAction\",\"target\":{\"@type\":\"EntryPoint\",\"urlTemplate\":\"https:\/\/elmawkie.dz\/fr\/?s={search_term_string}\"},\"query-input\":\"required name=search_term_string\"}],\"inLanguage\":\"fr-FR\"},{\"@type\":\"Organization\",\"@id\":\"https:\/\/elmawkie.dz\/fr\/#organization\",\"name\":\"EL MAWKIE\",\"url\":\"https:\/\/elmawkie.dz\/fr\/\",\"logo\":{\"@type\":\"ImageObject\",\"inLanguage\":\"fr-FR\",\"@id\":\"https:\/\/elmawkie.dz\/fr\/#\/schema\/logo\/image\/\",\"url\":\"https:\/\/elmawkie.dz\/fr\/wp-content\/uploads\/2024\/05\/logo1.png\",\"contentUrl\":\"https:\/\/elmawkie.dz\/fr\/wp-content\/uploads\/2024\/05\/logo1.png\",\"width\":1648,\"height\":652,\"caption\":\"EL MAWKIE\"},\"image\":{\"@id\":\"https:\/\/elmawkie.dz\/fr\/#\/schema\/logo\/image\/\"},\"sameAs\":[\"https:\/\/www.facebook.com\/profile.php?id=100088407094989&locale=fr_FR\"]},{\"@type\":\"Person\",\"@id\":\"https:\/\/elmawkie.dz\/fr\/#\/schema\/person\/4ed8433201bc23634185d8dd37097c64\",\"name\":\"Hamra Fouzia\",\"image\":{\"@type\":\"ImageObject\",\"inLanguage\":\"fr-FR\",\"@id\":\"https:\/\/elmawkie.dz\/fr\/#\/schema\/person\/image\/\",\"url\":\"https:\/\/secure.gravatar.com\/avatar\/ea215268aad51f3219f9a59227db6fa1?s=96&d=mm&r=g\",\"contentUrl\":\"https:\/\/secure.gravatar.com\/avatar\/ea215268aad51f3219f9a59227db6fa1?s=96&d=mm&r=g\",\"caption\":\"Hamra Fouzia\"},\"sameAs\":[\"https:\/\/elmawkie.dz\/fr\"],\"url\":\"https:\/\/elmawkie.dz\/fr\/author\/elmawkie\/\"}]}<\/script>\n<!-- \/ Yoast SEO Premium plugin. -->","yoast_head_json":{"title":"Collision entre un bus et une voiture \u00e0 Tlemcen : deux morts et quatorze bless\u00e9s - El Mawkie","robots":{"index":"index","follow":"follow","max-snippet":"max-snippet:-1","max-image-preview":"max-image-preview:large","max-video-preview":"max-video-preview:-1"},"canonical":"https:\/\/elmawkie.dz\/fr\/collision-entre-un-bus-et-une-voiture-a-tlemcen-deux-morts-et-quatorze-blesses\/","og_locale":"fr_FR","og_type":"article","og_title":"Collision entre un bus et une voiture \u00e0 Tlemcen : deux morts et quatorze bless\u00e9s","og_description":"Une violente collision entre un bus de transports de voyageurs et une voiture a fait deux mort et quatorze bless\u00e9s \u00e0 la wilaya de Tlemcen, selon un communiqu\u00e9 rendu public par la direction de wilaya de la protection civile de Tlemcen . Ce drame s\u2019est produit entre un Bus de transports de voyageurs (Toyota Coaster) &hellip;","og_url":"https:\/\/elmawkie.dz\/fr\/collision-entre-un-bus-et-une-voiture-a-tlemcen-deux-morts-et-quatorze-blesses\/","og_site_name":"El Mawkie","article_publisher":"https:\/\/www.facebook.com\/profile.php?id=100088407094989&locale=fr_FR","article_published_time":"2024-08-25T09:29:13+00:00","og_image":[{"width":348,"height":384,"url":"https:\/\/elmawkie.dz\/fr\/wp-content\/uploads\/2024\/08\/IMG_0689.jpeg","type":"image\/jpeg"}],"author":"Hamra Fouzia","twitter_card":"summary_large_image","twitter_misc":{"Written by":"Hamra Fouzia","Est. reading time":"1 minute"},"schema":{"@context":"https:\/\/schema.org","@graph":[{"@type":"Article","@id":"https:\/\/elmawkie.dz\/fr\/collision-entre-un-bus-et-une-voiture-a-tlemcen-deux-morts-et-quatorze-blesses\/#article","isPartOf":{"@id":"https:\/\/elmawkie.dz\/fr\/collision-entre-un-bus-et-une-voiture-a-tlemcen-deux-morts-et-quatorze-blesses\/"},"author":{"name":"Hamra Fouzia","@id":"https:\/\/elmawkie.dz\/fr\/#\/schema\/person\/4ed8433201bc23634185d8dd37097c64"},"headline":"Collision entre un bus et une voiture \u00e0 Tlemcen : deux morts et quatorze bless\u00e9s","datePublished":"2024-08-25T09:29:13+00:00","dateModified":"2024-08-25T09:29:13+00:00","mainEntityOfPage":{"@id":"https:\/\/elmawkie.dz\/fr\/collision-entre-un-bus-et-une-voiture-a-tlemcen-deux-morts-et-quatorze-blesses\/"},"wordCount":184,"commentCount":0,"publisher":{"@id":"https:\/\/elmawkie.dz\/fr\/#organization"},"image":{"@id":"https:\/\/elmawkie.dz\/fr\/collision-entre-un-bus-et-une-voiture-a-tlemcen-deux-morts-et-quatorze-blesses\/#primaryimage"},"thumbnailUrl":"https:\/\/elmawkie.dz\/fr\/wp-content\/uploads\/2024\/08\/IMG_0689.jpeg","keywords":["Collision entre un bus et une voiture \u00e0 Tlemcen","deux morts et quatorze bless\u00e9s","Protection civile"],"articleSection":["Soci\u00e9t\u00e9"],"inLanguage":"fr-FR","potentialAction":[{"@type":"CommentAction","name":"Comment","target":["https:\/\/elmawkie.dz\/fr\/collision-entre-un-bus-et-une-voiture-a-tlemcen-deux-morts-et-quatorze-blesses\/#respond"]}]},{"@type":"WebPage","@id":"https:\/\/elmawkie.dz\/fr\/collision-entre-un-bus-et-une-voiture-a-tlemcen-deux-morts-et-quatorze-blesses\/","url":"https:\/\/elmawkie.dz\/fr\/collision-entre-un-bus-et-une-voiture-a-tlemcen-deux-morts-et-quatorze-blesses\/","name":"Collision entre un bus et une voiture \u00e0 Tlemcen : deux morts et quatorze bless\u00e9s - El Mawkie","isPartOf":{"@id":"https:\/\/elmawkie.dz\/fr\/#website"},"primaryImageOfPage":{"@id":"https:\/\/elmawkie.dz\/fr\/collision-entre-un-bus-et-une-voiture-a-tlemcen-deux-morts-et-quatorze-blesses\/#primaryimage"},"image":{"@id":"https:\/\/elmawkie.dz\/fr\/collision-entre-un-bus-et-une-voiture-a-tlemcen-deux-morts-et-quatorze-blesses\/#primaryimage"},"thumbnailUrl":"https:\/\/elmawkie.dz\/fr\/wp-content\/uploads\/2024\/08\/IMG_0689.jpeg","datePublished":"2024-08-25T09:29:13+00:00","dateModified":"2024-08-25T09:29:13+00:00","breadcrumb":{"@id":"https:\/\/elmawkie.dz\/fr\/collision-entre-un-bus-et-une-voiture-a-tlemcen-deux-morts-et-quatorze-blesses\/#breadcrumb"},"inLanguage":"fr-FR","potentialAction":[{"@type":"ReadAction","target":["https:\/\/elmawkie.dz\/fr\/collision-entre-un-bus-et-une-voiture-a-tlemcen-deux-morts-et-quatorze-blesses\/"]}]},{"@type":"ImageObject","inLanguage":"fr-FR","@id":"https:\/\/elmawkie.dz\/fr\/collision-entre-un-bus-et-une-voiture-a-tlemcen-deux-morts-et-quatorze-blesses\/#primaryimage","url":"https:\/\/elmawkie.dz\/fr\/wp-content\/uploads\/2024\/08\/IMG_0689.jpeg","contentUrl":"https:\/\/elmawkie.dz\/fr\/wp-content\/uploads\/2024\/08\/IMG_0689.jpeg","width":348,"height":384},{"@type":"BreadcrumbList","@id":"https:\/\/elmawkie.dz\/fr\/collision-entre-un-bus-et-une-voiture-a-tlemcen-deux-morts-et-quatorze-blesses\/#breadcrumb","itemListElement":[{"@type":"ListItem","position":1,"name":"Home","item":"https:\/\/elmawkie.dz\/fr\/"},{"@type":"ListItem","position":2,"name":"Collision entre un bus et une voiture \u00e0 Tlemcen : deux morts et quatorze bless\u00e9s"}]},{"@type":"WebSite","@id":"https:\/\/elmawkie.dz\/fr\/#website","url":"https:\/\/elmawkie.dz\/fr\/","name":"EL MAWKIE","description":"Journal \u00c9lectronique Alg\u00e9rien","publisher":{"@id":"https:\/\/elmawkie.dz\/fr\/#organization"},"potentialAction":[{"@type":"SearchAction","target":{"@type":"EntryPoint","urlTemplate":"https:\/\/elmawkie.dz\/fr\/?s={search_term_string}"},"query-input":"required name=search_term_string"}],"inLanguage":"fr-FR"},{"@type":"Organization","@id":"https:\/\/elmawkie.dz\/fr\/#organization","name":"EL MAWKIE","url":"https:\/\/elmawkie.dz\/fr\/","logo":{"@type":"ImageObject","inLanguage":"fr-FR","@id":"https:\/\/elmawkie.dz\/fr\/#\/schema\/logo\/image\/","url":"https:\/\/elmawkie.dz\/fr\/wp-content\/uploads\/2024\/05\/logo1.png","contentUrl":"https:\/\/elmawkie.dz\/fr\/wp-content\/uploads\/2024\/05\/logo1.png","width":1648,"height":652,"caption":"EL MAWKIE"},"image":{"@id":"https:\/\/elmawkie.dz\/fr\/#\/schema\/logo\/image\/"},"sameAs":["https:\/\/www.facebook.com\/profile.php?id=100088407094989&locale=fr_FR"]},{"@type":"Person","@id":"https:\/\/elmawkie.dz\/fr\/#\/schema\/person\/4ed8433201bc23634185d8dd37097c64","name":"Hamra Fouzia","image":{"@type":"ImageObject","inLanguage":"fr-FR","@id":"https:\/\/elmawkie.dz\/fr\/#\/schema\/person\/image\/","url":"https:\/\/secure.gravatar.com\/avatar\/ea215268aad51f3219f9a59227db6fa1?s=96&d=mm&r=g","contentUrl":"https:\/\/secure.gravatar.com\/avatar\/ea215268aad51f3219f9a59227db6fa1?s=96&d=mm&r=g","caption":"Hamra Fouzia"},"sameAs":["https:\/\/elmawkie.dz\/fr"],"url":"https:\/\/elmawkie.dz\/fr\/author\/elmawkie\/"}]}},"_links":{"self":[{"href":"https:\/\/elmawkie.dz\/fr\/wp-json\/wp\/v2\/posts\/4207","targetHints":{"allow":["GET"]}}],"collection":[{"href":"https:\/\/elmawkie.dz\/fr\/wp-json\/wp\/v2\/posts"}],"about":[{"href":"https:\/\/elmawkie.dz\/fr\/wp-json\/wp\/v2\/types\/post"}],"author":[{"embeddable":true,"href":"https:\/\/elmawkie.dz\/fr\/wp-json\/wp\/v2\/users\/3"}],"replies":[{"embeddable":true,"href":"https:\/\/elmawkie.dz\/fr\/wp-json\/wp\/v2\/comments?post=4207"}],"version-history":[{"count":0,"href":"https:\/\/elmawkie.dz\/fr\/wp-json\/wp\/v2\/posts\/4207\/revisions"}],"wp:featuredmedia":[{"embeddable":true,"href":"https:\/\/elmawkie.dz\/fr\/wp-json\/wp\/v2\/media\/4208"}],"wp:attachment":[{"href":"https:\/\/elmawkie.dz\/fr\/wp-json\/wp\/v2\/media?parent=4207"}],"wp:term":[{"taxonomy":"category","embeddable":true,"href":"https:\/\/elmawkie.dz\/fr\/wp-json\/wp\/v2\/categories?post=4207"},{"taxonomy":"post_tag","embeddable":true,"href":"https:\/\/elmawkie.dz\/fr\/wp-json\/wp\/v2\/tags?post=4207"}],"curies":[{"name":"wp","href":"https:\/\/api.w.org\/{rel}","templated":true}]}}