{"id":4085,"date":"2024-08-21T11:49:52","date_gmt":"2024-08-21T10:49:52","guid":{"rendered":"https:\/\/elmawkie.dz\/fr\/?p=4085"},"modified":"2024-08-21T11:49:52","modified_gmt":"2024-08-21T10:49:52","slug":"holcim-el-djazair-receptionne-le-premier-camion-100-electrique-en-algerie","status":"publish","type":"post","link":"https:\/\/elmawkie.dz\/fr\/holcim-el-djazair-receptionne-le-premier-camion-100-electrique-en-algerie\/","title":{"rendered":"Holcim El Djaza\u00efr r\u00e9ceptionne le premier camion 100% \u00e9lectrique en Alg\u00e9rie"},"content":{"rendered":"<p><strong><em>Dans un communiqu\u00e9 publi\u00e9 ce mardi, le groupe Holcim El Djaza\u00efr a annonc\u00e9 la r\u00e9ception du premier camion 100% \u00e9lectrique en Alg\u00e9rie. Cette acquisition marque une nouvelle \u00e9tape dans la transition \u00e9cologique du leader de la production et de la distribution de mat\u00e9riaux de construction dans le pays.<\/em><\/strong><\/p>\n<p><strong><em>En effet, dans ce communiqu\u00e9 le groupe Holcim pr\u00e9cise \u00ab fid\u00e8le \u00e0 son engagement ind\u00e9fectible en faveur de la durabilit\u00e9, Holcim El-Djaza\u00efr franchit aujourd\u2019hui une \u00e9tape d\u00e9cisive vers une logistique durable en recevant le premier camion enti\u00e8rement \u00e9lectrique d\u2019Alg\u00e9rie. Cette initiative s\u2019inscrit dans la strat\u00e9gie 2025 du Groupe Holcim et t\u00e9moigne de l\u2019engagement de l\u2019entreprise \u00e0 op\u00e9rer de mani\u00e8re respectueuse de l\u2019environnement\u00a0\u00bb tout en soulignant \u00ab\u00a0d\u00e9j\u00e0 leader en mati\u00e8re de production de ciment vert en Alg\u00e9rie avec son produit CHAMIL\u2122 ECOPlanet, Holcim El-Djaza\u00efr continue d\u2019innover. Toutes ses cimenteries sont certifi\u00e9es ISO 14001, et l\u2019entreprise est pionni\u00e8re dans la valorisation des d\u00e9chets gr\u00e2ce \u00e0 son activit\u00e9 Geocycle\u2122. Ses cimenteries affichent une performance exceptionnelle en mati\u00e8re d\u2019exportations vertes en Alg\u00e9rie. De plus, son site de production de sacs en papier kraft est aliment\u00e9 par \u00e9nergie solaire, une premi\u00e8re en Alg\u00e9rie\u00a0\u00bb.<\/em><\/strong><\/p>\n<p><strong><em>Dans ce sillage, l\u2019on explique que \u00ab\u00a0la r\u00e9ception de ce camion, qui sera en circulation dans quelques jours, marque une avanc\u00e9e majeure vers un transport durable. Il permettra de r\u00e9duire jusqu\u2019\u00e0 80 tonnes de CO2 par an par rapport \u00e0 un camion diesel traditionnel. Ce v\u00e9hicule, import\u00e9 de Chine dans le cadre d\u2019un partenariat avec l\u2019un de nos plus importants transporteurs, sera d\u00e9di\u00e9 au transport de mati\u00e8res premi\u00e8res alternatives trait\u00e9es dans le cadre de notre activit\u00e9 Geocycle\u2122. Gr\u00e2ce \u00e0 sa propulsion \u00e9lectrique, aucun polluant direct n\u2019est \u00e9mis et le bruit est r\u00e9duit au minimum\u00a0\u00bb.<\/em><\/strong><\/p>\n<p><strong><em>En conclusion, Hichem Kaouli, Directeur Supply Chain de Holcim El-Djaza\u00efr\u00a0 a exprim\u00e9 sa fiert\u00e9 \u00ab\u00a0de prendre des mesures concr\u00e8tes pour r\u00e9duire notre empreinte environnementale, en parfaite ad\u00e9quation avec les objectifs nationaux de durabilit\u00e9 \u00bb, en pr\u00e9cisant que \u00ab\u00a0cet investissement dans un camion \u00e9lectrique, ainsi que l\u2019infrastructure de recharge fournie par Sonelgaz, constitue une avanc\u00e9e majeure vers un transport de marchandises durable, et nous les remercions pour leur soutien essentiel dans cette initiative. D\u2019autres acquisitions suivront dans les prochains mois, en partenariat avec notre prestataire logistique partageant notre vision ambitieuse de la durabilit\u00e9. Ensemble, nous acc\u00e9l\u00e9rons la d\u00e9carbonation de la cha\u00eene de valeur de la construction en Alg\u00e9rie\u00a0\u00bb.<\/em><\/strong><\/p>\n","protected":false},"excerpt":{"rendered":"<p>Dans un communiqu\u00e9 publi\u00e9 ce mardi, le groupe Holcim El Djaza\u00efr a annonc\u00e9 la r\u00e9ception du premier camion 100% \u00e9lectrique en Alg\u00e9rie. Cette acquisition marque une nouvelle \u00e9tape dans la transition \u00e9cologique du leader de la production et de la distribution de mat\u00e9riaux de construction dans le pays. En effet, dans ce communiqu\u00e9 le groupe &hellip;<\/p>\n","protected":false},"author":8,"featured_media":4092,"comment_status":"open","ping_status":"open","sticky":false,"template":"","format":"standard","meta":{"footnotes":""},"categories":[47],"tags":[88,342,341],"class_list":["post-4085","post","type-post","status-publish","format-standard","has-post-thumbnail","hentry","category-national","tag-algerie","tag-camion-electrique","tag-holcim-el-djazair"],"yoast_head":"<!-- This site is optimized with the Yoast SEO Premium plugin v22.6 (Yoast SEO v22.6) - https:\/\/yoast.com\/wordpress\/plugins\/seo\/ -->\n<title>Holcim El Djaza\u00efr r\u00e9ceptionne le premier camion 100% \u00e9lectrique en Alg\u00e9rie - El Mawkie<\/title>\n<meta name=\"robots\" content=\"index, follow, max-snippet:-1, max-image-preview:large, max-video-preview:-1\" \/>\n<link rel=\"canonical\" href=\"https:\/\/elmawkie.dz\/fr\/holcim-el-djazair-receptionne-le-premier-camion-100-electrique-en-algerie\/\" \/>\n<meta property=\"og:locale\" content=\"fr_FR\" \/>\n<meta property=\"og:type\" content=\"article\" \/>\n<meta property=\"og:title\" content=\"Holcim El Djaza\u00efr r\u00e9ceptionne le premier camion 100% \u00e9lectrique en Alg\u00e9rie\" \/>\n<meta property=\"og:description\" content=\"Dans un communiqu\u00e9 publi\u00e9 ce mardi, le groupe Holcim El Djaza\u00efr a annonc\u00e9 la r\u00e9ception du premier camion 100% \u00e9lectrique en Alg\u00e9rie. Cette acquisition marque une nouvelle \u00e9tape dans la transition \u00e9cologique du leader de la production et de la distribution de mat\u00e9riaux de construction dans le pays. En effet, dans ce communiqu\u00e9 le groupe &hellip;\" \/>\n<meta property=\"og:url\" content=\"https:\/\/elmawkie.dz\/fr\/holcim-el-djazair-receptionne-le-premier-camion-100-electrique-en-algerie\/\" \/>\n<meta property=\"og:site_name\" content=\"El Mawkie\" \/>\n<meta property=\"article:publisher\" content=\"https:\/\/www.facebook.com\/profile.php?id=100088407094989&amp;locale=fr_FR\" \/>\n<meta property=\"article:published_time\" content=\"2024-08-21T10:49:52+00:00\" \/>\n<meta property=\"og:image\" content=\"https:\/\/elmawkie.dz\/fr\/wp-content\/uploads\/2024\/08\/a30573e3-bc22-4f43-8087-938e866c976e.jpeg\" \/>\n\t<meta property=\"og:image:width\" content=\"720\" \/>\n\t<meta property=\"og:image:height\" content=\"405\" \/>\n\t<meta property=\"og:image:type\" content=\"image\/jpeg\" \/>\n<meta name=\"author\" content=\"khayro\" \/>\n<meta name=\"twitter:card\" content=\"summary_large_image\" \/>\n<meta name=\"twitter:label1\" content=\"Written by\" \/>\n\t<meta name=\"twitter:data1\" content=\"khayro\" \/>\n\t<meta name=\"twitter:label2\" content=\"Est. reading time\" \/>\n\t<meta name=\"twitter:data2\" content=\"2 minutes\" \/>\n<script type=\"application\/ld+json\" class=\"yoast-schema-graph\">{\"@context\":\"https:\/\/schema.org\",\"@graph\":[{\"@type\":\"Article\",\"@id\":\"https:\/\/elmawkie.dz\/fr\/holcim-el-djazair-receptionne-le-premier-camion-100-electrique-en-algerie\/#article\",\"isPartOf\":{\"@id\":\"https:\/\/elmawkie.dz\/fr\/holcim-el-djazair-receptionne-le-premier-camion-100-electrique-en-algerie\/\"},\"author\":{\"name\":\"khayro\",\"@id\":\"https:\/\/elmawkie.dz\/fr\/#\/schema\/person\/15cb7eba76e08e2d2d0ad4b4c4fbb6cb\"},\"headline\":\"Holcim El Djaza\u00efr r\u00e9ceptionne le premier camion 100% \u00e9lectrique en Alg\u00e9rie\",\"datePublished\":\"2024-08-21T10:49:52+00:00\",\"dateModified\":\"2024-08-21T10:49:52+00:00\",\"mainEntityOfPage\":{\"@id\":\"https:\/\/elmawkie.dz\/fr\/holcim-el-djazair-receptionne-le-premier-camion-100-electrique-en-algerie\/\"},\"wordCount\":452,\"commentCount\":0,\"publisher\":{\"@id\":\"https:\/\/elmawkie.dz\/fr\/#organization\"},\"image\":{\"@id\":\"https:\/\/elmawkie.dz\/fr\/holcim-el-djazair-receptionne-le-premier-camion-100-electrique-en-algerie\/#primaryimage\"},\"thumbnailUrl\":\"https:\/\/elmawkie.dz\/fr\/wp-content\/uploads\/2024\/08\/a30573e3-bc22-4f43-8087-938e866c976e.jpeg\",\"keywords\":[\"Alg\u00e9rie\",\"camion \u00e9lectrique\",\"Holcim El Djazair\"],\"articleSection\":[\"National\"],\"inLanguage\":\"fr-FR\",\"potentialAction\":[{\"@type\":\"CommentAction\",\"name\":\"Comment\",\"target\":[\"https:\/\/elmawkie.dz\/fr\/holcim-el-djazair-receptionne-le-premier-camion-100-electrique-en-algerie\/#respond\"]}]},{\"@type\":\"WebPage\",\"@id\":\"https:\/\/elmawkie.dz\/fr\/holcim-el-djazair-receptionne-le-premier-camion-100-electrique-en-algerie\/\",\"url\":\"https:\/\/elmawkie.dz\/fr\/holcim-el-djazair-receptionne-le-premier-camion-100-electrique-en-algerie\/\",\"name\":\"Holcim El Djaza\u00efr r\u00e9ceptionne le premier camion 100% \u00e9lectrique en Alg\u00e9rie - El Mawkie\",\"isPartOf\":{\"@id\":\"https:\/\/elmawkie.dz\/fr\/#website\"},\"primaryImageOfPage\":{\"@id\":\"https:\/\/elmawkie.dz\/fr\/holcim-el-djazair-receptionne-le-premier-camion-100-electrique-en-algerie\/#primaryimage\"},\"image\":{\"@id\":\"https:\/\/elmawkie.dz\/fr\/holcim-el-djazair-receptionne-le-premier-camion-100-electrique-en-algerie\/#primaryimage\"},\"thumbnailUrl\":\"https:\/\/elmawkie.dz\/fr\/wp-content\/uploads\/2024\/08\/a30573e3-bc22-4f43-8087-938e866c976e.jpeg\",\"datePublished\":\"2024-08-21T10:49:52+00:00\",\"dateModified\":\"2024-08-21T10:49:52+00:00\",\"breadcrumb\":{\"@id\":\"https:\/\/elmawkie.dz\/fr\/holcim-el-djazair-receptionne-le-premier-camion-100-electrique-en-algerie\/#breadcrumb\"},\"inLanguage\":\"fr-FR\",\"potentialAction\":[{\"@type\":\"ReadAction\",\"target\":[\"https:\/\/elmawkie.dz\/fr\/holcim-el-djazair-receptionne-le-premier-camion-100-electrique-en-algerie\/\"]}]},{\"@type\":\"ImageObject\",\"inLanguage\":\"fr-FR\",\"@id\":\"https:\/\/elmawkie.dz\/fr\/holcim-el-djazair-receptionne-le-premier-camion-100-electrique-en-algerie\/#primaryimage\",\"url\":\"https:\/\/elmawkie.dz\/fr\/wp-content\/uploads\/2024\/08\/a30573e3-bc22-4f43-8087-938e866c976e.jpeg\",\"contentUrl\":\"https:\/\/elmawkie.dz\/fr\/wp-content\/uploads\/2024\/08\/a30573e3-bc22-4f43-8087-938e866c976e.jpeg\",\"width\":720,\"height\":405},{\"@type\":\"BreadcrumbList\",\"@id\":\"https:\/\/elmawkie.dz\/fr\/holcim-el-djazair-receptionne-le-premier-camion-100-electrique-en-algerie\/#breadcrumb\",\"itemListElement\":[{\"@type\":\"ListItem\",\"position\":1,\"name\":\"Home\",\"item\":\"https:\/\/elmawkie.dz\/fr\/\"},{\"@type\":\"ListItem\",\"position\":2,\"name\":\"Holcim El Djaza\u00efr r\u00e9ceptionne le premier camion 100% \u00e9lectrique en Alg\u00e9rie\"}]},{\"@type\":\"WebSite\",\"@id\":\"https:\/\/elmawkie.dz\/fr\/#website\",\"url\":\"https:\/\/elmawkie.dz\/fr\/\",\"name\":\"EL MAWKIE\",\"description\":\"Journal \u00c9lectronique Alg\u00e9rien\",\"publisher\":{\"@id\":\"https:\/\/elmawkie.dz\/fr\/#organization\"},\"potentialAction\":[{\"@type\":\"SearchAction\",\"target\":{\"@type\":\"EntryPoint\",\"urlTemplate\":\"https:\/\/elmawkie.dz\/fr\/?s={search_term_string}\"},\"query-input\":\"required name=search_term_string\"}],\"inLanguage\":\"fr-FR\"},{\"@type\":\"Organization\",\"@id\":\"https:\/\/elmawkie.dz\/fr\/#organization\",\"name\":\"EL MAWKIE\",\"url\":\"https:\/\/elmawkie.dz\/fr\/\",\"logo\":{\"@type\":\"ImageObject\",\"inLanguage\":\"fr-FR\",\"@id\":\"https:\/\/elmawkie.dz\/fr\/#\/schema\/logo\/image\/\",\"url\":\"https:\/\/elmawkie.dz\/fr\/wp-content\/uploads\/2024\/05\/logo1.png\",\"contentUrl\":\"https:\/\/elmawkie.dz\/fr\/wp-content\/uploads\/2024\/05\/logo1.png\",\"width\":1648,\"height\":652,\"caption\":\"EL MAWKIE\"},\"image\":{\"@id\":\"https:\/\/elmawkie.dz\/fr\/#\/schema\/logo\/image\/\"},\"sameAs\":[\"https:\/\/www.facebook.com\/profile.php?id=100088407094989&locale=fr_FR\"]},{\"@type\":\"Person\",\"@id\":\"https:\/\/elmawkie.dz\/fr\/#\/schema\/person\/15cb7eba76e08e2d2d0ad4b4c4fbb6cb\",\"name\":\"khayro\",\"image\":{\"@type\":\"ImageObject\",\"inLanguage\":\"fr-FR\",\"@id\":\"https:\/\/elmawkie.dz\/fr\/#\/schema\/person\/image\/\",\"url\":\"https:\/\/secure.gravatar.com\/avatar\/5d609f726f02f77f0ff2a1483fc81992?s=96&d=mm&r=g\",\"contentUrl\":\"https:\/\/secure.gravatar.com\/avatar\/5d609f726f02f77f0ff2a1483fc81992?s=96&d=mm&r=g\",\"caption\":\"khayro\"},\"url\":\"https:\/\/elmawkie.dz\/fr\/author\/khayro\/\"}]}<\/script>\n<!-- \/ Yoast SEO Premium plugin. -->","yoast_head_json":{"title":"Holcim El Djaza\u00efr r\u00e9ceptionne le premier camion 100% \u00e9lectrique en Alg\u00e9rie - El Mawkie","robots":{"index":"index","follow":"follow","max-snippet":"max-snippet:-1","max-image-preview":"max-image-preview:large","max-video-preview":"max-video-preview:-1"},"canonical":"https:\/\/elmawkie.dz\/fr\/holcim-el-djazair-receptionne-le-premier-camion-100-electrique-en-algerie\/","og_locale":"fr_FR","og_type":"article","og_title":"Holcim El Djaza\u00efr r\u00e9ceptionne le premier camion 100% \u00e9lectrique en Alg\u00e9rie","og_description":"Dans un communiqu\u00e9 publi\u00e9 ce mardi, le groupe Holcim El Djaza\u00efr a annonc\u00e9 la r\u00e9ception du premier camion 100% \u00e9lectrique en Alg\u00e9rie. Cette acquisition marque une nouvelle \u00e9tape dans la transition \u00e9cologique du leader de la production et de la distribution de mat\u00e9riaux de construction dans le pays. En effet, dans ce communiqu\u00e9 le groupe &hellip;","og_url":"https:\/\/elmawkie.dz\/fr\/holcim-el-djazair-receptionne-le-premier-camion-100-electrique-en-algerie\/","og_site_name":"El Mawkie","article_publisher":"https:\/\/www.facebook.com\/profile.php?id=100088407094989&locale=fr_FR","article_published_time":"2024-08-21T10:49:52+00:00","og_image":[{"width":720,"height":405,"url":"https:\/\/elmawkie.dz\/fr\/wp-content\/uploads\/2024\/08\/a30573e3-bc22-4f43-8087-938e866c976e.jpeg","type":"image\/jpeg"}],"author":"khayro","twitter_card":"summary_large_image","twitter_misc":{"Written by":"khayro","Est. reading time":"2 minutes"},"schema":{"@context":"https:\/\/schema.org","@graph":[{"@type":"Article","@id":"https:\/\/elmawkie.dz\/fr\/holcim-el-djazair-receptionne-le-premier-camion-100-electrique-en-algerie\/#article","isPartOf":{"@id":"https:\/\/elmawkie.dz\/fr\/holcim-el-djazair-receptionne-le-premier-camion-100-electrique-en-algerie\/"},"author":{"name":"khayro","@id":"https:\/\/elmawkie.dz\/fr\/#\/schema\/person\/15cb7eba76e08e2d2d0ad4b4c4fbb6cb"},"headline":"Holcim El Djaza\u00efr r\u00e9ceptionne le premier camion 100% \u00e9lectrique en Alg\u00e9rie","datePublished":"2024-08-21T10:49:52+00:00","dateModified":"2024-08-21T10:49:52+00:00","mainEntityOfPage":{"@id":"https:\/\/elmawkie.dz\/fr\/holcim-el-djazair-receptionne-le-premier-camion-100-electrique-en-algerie\/"},"wordCount":452,"commentCount":0,"publisher":{"@id":"https:\/\/elmawkie.dz\/fr\/#organization"},"image":{"@id":"https:\/\/elmawkie.dz\/fr\/holcim-el-djazair-receptionne-le-premier-camion-100-electrique-en-algerie\/#primaryimage"},"thumbnailUrl":"https:\/\/elmawkie.dz\/fr\/wp-content\/uploads\/2024\/08\/a30573e3-bc22-4f43-8087-938e866c976e.jpeg","keywords":["Alg\u00e9rie","camion \u00e9lectrique","Holcim El Djazair"],"articleSection":["National"],"inLanguage":"fr-FR","potentialAction":[{"@type":"CommentAction","name":"Comment","target":["https:\/\/elmawkie.dz\/fr\/holcim-el-djazair-receptionne-le-premier-camion-100-electrique-en-algerie\/#respond"]}]},{"@type":"WebPage","@id":"https:\/\/elmawkie.dz\/fr\/holcim-el-djazair-receptionne-le-premier-camion-100-electrique-en-algerie\/","url":"https:\/\/elmawkie.dz\/fr\/holcim-el-djazair-receptionne-le-premier-camion-100-electrique-en-algerie\/","name":"Holcim El Djaza\u00efr r\u00e9ceptionne le premier camion 100% \u00e9lectrique en Alg\u00e9rie - El Mawkie","isPartOf":{"@id":"https:\/\/elmawkie.dz\/fr\/#website"},"primaryImageOfPage":{"@id":"https:\/\/elmawkie.dz\/fr\/holcim-el-djazair-receptionne-le-premier-camion-100-electrique-en-algerie\/#primaryimage"},"image":{"@id":"https:\/\/elmawkie.dz\/fr\/holcim-el-djazair-receptionne-le-premier-camion-100-electrique-en-algerie\/#primaryimage"},"thumbnailUrl":"https:\/\/elmawkie.dz\/fr\/wp-content\/uploads\/2024\/08\/a30573e3-bc22-4f43-8087-938e866c976e.jpeg","datePublished":"2024-08-21T10:49:52+00:00","dateModified":"2024-08-21T10:49:52+00:00","breadcrumb":{"@id":"https:\/\/elmawkie.dz\/fr\/holcim-el-djazair-receptionne-le-premier-camion-100-electrique-en-algerie\/#breadcrumb"},"inLanguage":"fr-FR","potentialAction":[{"@type":"ReadAction","target":["https:\/\/elmawkie.dz\/fr\/holcim-el-djazair-receptionne-le-premier-camion-100-electrique-en-algerie\/"]}]},{"@type":"ImageObject","inLanguage":"fr-FR","@id":"https:\/\/elmawkie.dz\/fr\/holcim-el-djazair-receptionne-le-premier-camion-100-electrique-en-algerie\/#primaryimage","url":"https:\/\/elmawkie.dz\/fr\/wp-content\/uploads\/2024\/08\/a30573e3-bc22-4f43-8087-938e866c976e.jpeg","contentUrl":"https:\/\/elmawkie.dz\/fr\/wp-content\/uploads\/2024\/08\/a30573e3-bc22-4f43-8087-938e866c976e.jpeg","width":720,"height":405},{"@type":"BreadcrumbList","@id":"https:\/\/elmawkie.dz\/fr\/holcim-el-djazair-receptionne-le-premier-camion-100-electrique-en-algerie\/#breadcrumb","itemListElement":[{"@type":"ListItem","position":1,"name":"Home","item":"https:\/\/elmawkie.dz\/fr\/"},{"@type":"ListItem","position":2,"name":"Holcim El Djaza\u00efr r\u00e9ceptionne le premier camion 100% \u00e9lectrique en Alg\u00e9rie"}]},{"@type":"WebSite","@id":"https:\/\/elmawkie.dz\/fr\/#website","url":"https:\/\/elmawkie.dz\/fr\/","name":"EL MAWKIE","description":"Journal \u00c9lectronique Alg\u00e9rien","publisher":{"@id":"https:\/\/elmawkie.dz\/fr\/#organization"},"potentialAction":[{"@type":"SearchAction","target":{"@type":"EntryPoint","urlTemplate":"https:\/\/elmawkie.dz\/fr\/?s={search_term_string}"},"query-input":"required name=search_term_string"}],"inLanguage":"fr-FR"},{"@type":"Organization","@id":"https:\/\/elmawkie.dz\/fr\/#organization","name":"EL MAWKIE","url":"https:\/\/elmawkie.dz\/fr\/","logo":{"@type":"ImageObject","inLanguage":"fr-FR","@id":"https:\/\/elmawkie.dz\/fr\/#\/schema\/logo\/image\/","url":"https:\/\/elmawkie.dz\/fr\/wp-content\/uploads\/2024\/05\/logo1.png","contentUrl":"https:\/\/elmawkie.dz\/fr\/wp-content\/uploads\/2024\/05\/logo1.png","width":1648,"height":652,"caption":"EL MAWKIE"},"image":{"@id":"https:\/\/elmawkie.dz\/fr\/#\/schema\/logo\/image\/"},"sameAs":["https:\/\/www.facebook.com\/profile.php?id=100088407094989&locale=fr_FR"]},{"@type":"Person","@id":"https:\/\/elmawkie.dz\/fr\/#\/schema\/person\/15cb7eba76e08e2d2d0ad4b4c4fbb6cb","name":"khayro","image":{"@type":"ImageObject","inLanguage":"fr-FR","@id":"https:\/\/elmawkie.dz\/fr\/#\/schema\/person\/image\/","url":"https:\/\/secure.gravatar.com\/avatar\/5d609f726f02f77f0ff2a1483fc81992?s=96&d=mm&r=g","contentUrl":"https:\/\/secure.gravatar.com\/avatar\/5d609f726f02f77f0ff2a1483fc81992?s=96&d=mm&r=g","caption":"khayro"},"url":"https:\/\/elmawkie.dz\/fr\/author\/khayro\/"}]}},"_links":{"self":[{"href":"https:\/\/elmawkie.dz\/fr\/wp-json\/wp\/v2\/posts\/4085","targetHints":{"allow":["GET"]}}],"collection":[{"href":"https:\/\/elmawkie.dz\/fr\/wp-json\/wp\/v2\/posts"}],"about":[{"href":"https:\/\/elmawkie.dz\/fr\/wp-json\/wp\/v2\/types\/post"}],"author":[{"embeddable":true,"href":"https:\/\/elmawkie.dz\/fr\/wp-json\/wp\/v2\/users\/8"}],"replies":[{"embeddable":true,"href":"https:\/\/elmawkie.dz\/fr\/wp-json\/wp\/v2\/comments?post=4085"}],"version-history":[{"count":0,"href":"https:\/\/elmawkie.dz\/fr\/wp-json\/wp\/v2\/posts\/4085\/revisions"}],"wp:featuredmedia":[{"embeddable":true,"href":"https:\/\/elmawkie.dz\/fr\/wp-json\/wp\/v2\/media\/4092"}],"wp:attachment":[{"href":"https:\/\/elmawkie.dz\/fr\/wp-json\/wp\/v2\/media?parent=4085"}],"wp:term":[{"taxonomy":"category","embeddable":true,"href":"https:\/\/elmawkie.dz\/fr\/wp-json\/wp\/v2\/categories?post=4085"},{"taxonomy":"post_tag","embeddable":true,"href":"https:\/\/elmawkie.dz\/fr\/wp-json\/wp\/v2\/tags?post=4085"}],"curies":[{"name":"wp","href":"https:\/\/api.w.org\/{rel}","templated":true}]}}