{"id":4082,"date":"2024-08-21T11:55:51","date_gmt":"2024-08-21T10:55:51","guid":{"rendered":"https:\/\/elmawkie.dz\/fr\/?p=4082"},"modified":"2024-08-21T11:55:51","modified_gmt":"2024-08-21T10:55:51","slug":"reveil-industriel-les-strategies-des-candidats-a-lelection-pour-transformer-lindustrie-du-pays","status":"publish","type":"post","link":"https:\/\/elmawkie.dz\/fr\/reveil-industriel-les-strategies-des-candidats-a-lelection-pour-transformer-lindustrie-du-pays\/","title":{"rendered":"R\u00e9veil industriel : Les strat\u00e9gies des candidats \u00e0 l\u2019\u00e9lection pour transformer l&rsquo;industrie du pays"},"content":{"rendered":"<p><strong><em>La relance et le d\u00e9veloppement du secteur industriel national s&rsquo;annoncent comme des enjeux \u00e9conomiques cruciaux pour le prochain quinquennat. \u00c0 l&rsquo;heure o\u00f9 la diversification de l&rsquo;\u00e9conomie et l&rsquo;int\u00e9gration dans les cha\u00eenes de valeur internationales deviennent des priorit\u00e9s incontournables, l&rsquo;industrie se retrouve au c\u0153ur des d\u00e9bats \u00e9lectoraux. \u00c0 l&rsquo;approche de l&rsquo;\u00e9lection pr\u00e9sidentielle du 7 septembre, les trois principaux candidats ont d\u00e9voil\u00e9 leurs visions et strat\u00e9gies pour redynamiser ce secteur cl\u00e9. Chacun d&rsquo;eux propose des plans ambitieux visant \u00e0 insuffler un nouvel \u00e9lan au tissu industriel du pays, avec l&rsquo;objectif commun d&rsquo;acc\u00e9l\u00e9rer le tant attendu \u00ab r\u00e9veil industriel \u00bb.<\/em><\/strong><\/p>\n<p><strong><em>En effet, apr\u00e8s des ann\u00e9es de stagnation, la machine industrielle nationale a amorc\u00e9 ces derniers temps une lente remise en marche, affichant des performances de plus en plus positives et contribuant davantage \u00e0 la croissance \u00e9conomique globale du pays. Toutefois, malgr\u00e9 cette tendance encourageante, l&rsquo;apport de l&rsquo;industrie au produit int\u00e9rieur brut (PIB) ainsi que ses niveaux d&rsquo;int\u00e9gration restent encore bien en de\u00e7\u00e0 des seuils requis pour amorcer v\u00e9ritablement un sursaut industriel d\u00e9cisif. C\u2019est pourquoi, ce volet occupe une place de choix dans les programmes \u00e9lectoraux des 3 candidats aux prochaines \u00e9lections pr\u00e9sidentielles.<\/em><\/strong><\/p>\n<p><strong><em>Dans sa strat\u00e9gie de d\u00e9veloppement industriel, le candidat ind\u00e9pendant Abdelmadjid Tebboune met l&rsquo;accent sur la n\u00e9cessit\u00e9 d&rsquo;accro\u00eetre les taux d&rsquo;int\u00e9gration locale, notamment dans les fili\u00e8res \u00e9lectronique, \u00e9lectrom\u00e9nager, automobile et agroalimentaire. L&rsquo;objectif selon lui est de r\u00e9duire la d\u00e9pendance du pays aux importations. Pour rappel, durant son premier mandat, des progr\u00e8s ont \u00e9t\u00e9 enregistr\u00e9s dans diverses fili\u00e8res telles que la sid\u00e9rurgie, les mines, la p\u00e9trochimie et la pharmacie, m\u00eame si les industries manufacturi\u00e8res restent encore \u00e0 d\u00e9velopper et d\u00e9pendent largement des importations d&rsquo;intrants.<\/em><\/strong><\/p>\n<p><strong><em>Sur le plan des r\u00e9alisations, Tebboune peut se pr\u00e9valoir de taux de croissance industrielle positifs et en constante \u00e9volution ces trois derni\u00e8res ann\u00e9es, y compris dans le secteur public. Il entrevoit \u00e9galement des perspectives prometteuses pour la mise en place d&rsquo;une v\u00e9ritable industrie automobile nationale, rompant avec la logique d\u00e9sastreuse du simple montage et assemblage qui pr\u00e9valait auparavant.<\/em><\/strong><\/p>\n<p><strong><em>Parmi les actions majeures pr\u00e9vues \u00e0 court et moyen termes, la strat\u00e9gie industrielle du pr\u00e9sident-candidat comprend le renforcement de l&rsquo;existant \u00e0 travers la r\u00e9forme du secteur public marchand, la promotion de l&rsquo;investissement dans de nouvelles fili\u00e8res porteuses, ainsi que l&rsquo;encouragement de projets de partenariat et de colocalisation avec des investisseurs \u00e9trangers apportant un savoir-faire technologique. Les objectifs vis\u00e9s sont de porter la contribution de l&rsquo;industrie nationale au PIB de 5 \u00e0 15% et d&rsquo;accro\u00eetre ses niveaux d&rsquo;int\u00e9gration de 10% actuellement \u00e0 30 ou 40%.<\/em><\/strong><\/p>\n<p><strong><em>Pour le candidat du MSP, Hassani Cherif Abdelali, l&rsquo;objectif est de porter la contribution de l&rsquo;industrie au PIB \u00e0 12%. Il pr\u00e9voit d&rsquo;asseoir sa strat\u00e9gie de d\u00e9veloppement industriel sur plusieurs mesures, notamment l&rsquo;augmentation du nombre de petites et moyennes entreprises (PME) \u00e0 un million, dont 10% dans les activit\u00e9s de transformation.<\/em><\/strong><\/p>\n<p><strong><em>Parmi les autres \u00e9l\u00e9ments de son programme, Abdelali propose \u00ab\u00a0l&rsquo;adoption d&rsquo;un syst\u00e8me national de management du secteur public\u00a0\u00bb, \u00ab\u00a0l&rsquo;encouragement de partenariats \u00e0 transfert technologique\u00a0\u00bb, ainsi que la mise en place d&rsquo;une industrie automobile avec \u00ab\u00a0un projet national de fabrication de v\u00e9hicules d&rsquo;origine alg\u00e9rienne\u00a0\u00bb. Il s&rsquo;engage \u00e9galement \u00e0 cr\u00e9er \u00ab\u00a0une base industrielle assurant conception et fabrication, avec un taux d&rsquo;int\u00e9gration initial de 25%\u00a0\u00bb, et \u00e0 initier des mesures incitatives pour d\u00e9velopper une fili\u00e8re de sous-traitance et de production de pi\u00e8ces d\u00e9tach\u00e9es avec un taux d&rsquo;int\u00e9gration de 50%.<\/em><\/strong><\/p>\n<p><strong><em>Le candidat pr\u00e9voit aussi \u00ab\u00a0l&rsquo;adoption d&rsquo;une plateforme nationale int\u00e9gr\u00e9e de ressources et activit\u00e9s mini\u00e8res\u00a0\u00bb, le \u00ab\u00a0renforcement des capacit\u00e9s d&rsquo;exploration et l&rsquo;int\u00e9gration du secteur priv\u00e9 hors carri\u00e8res\u00a0\u00bb, \u00ab\u00a0l&rsquo;interdiction de l&rsquo;exportation de ressources mini\u00e8res brutes et la lib\u00e9ralisation des proc\u00e9dures de financement des investissements miniers\u00a0\u00bb, ainsi que \u00ab\u00a0la stimulation des activit\u00e9s de transformation\u00a0\u00bb et \u00ab\u00a0la r\u00e9vision du syst\u00e8me des groupes \u00e9conomiques et des participations de l&rsquo;Etat\u00a0\u00bb.<\/em><\/strong><\/p>\n<p><em><strong>Par ailleurs, Le projet de \u00ab\u00a0nouvelle politique industrielle\u00a0\u00bb du candidat du FFS, Youcef Aouchiche, accorde une priorit\u00e9 \u00e0 l&rsquo;investissement dans les industries sid\u00e9rurgiques, m\u00e9tallurgiques, m\u00e9caniques, \u00e9lectriques, \u00e9lectroniques, agroalimentaires et chimiques.<\/strong><\/em><\/p>\n<p><strong><em>Selon son programme \u00e9lectoral, Aouchiche s&rsquo;engage \u00ab\u00a0\u00e0 favoriser le d\u00e9veloppement des cha\u00eenes de valeur locales et des industries de substitution pour r\u00e9duire la d\u00e9pendance aux importations et augmenter le taux d&rsquo;int\u00e9gration industrielle locale\u00a0\u00bb. Comme point de d\u00e9part, il pr\u00e9voit d&rsquo;organiser \u00ab\u00a0des \u00e9tats g\u00e9n\u00e9raux de l&rsquo;industrie\u00a0\u00bb pour mettre en place \u00ab\u00a0des comit\u00e9s strat\u00e9giques de fili\u00e8res, r\u00e9unissant les professionnels du secteur, les organisations syndicales et les pouvoirs publics, afin de faciliter les \u00e9changes et renforcer la comp\u00e9titivit\u00e9 des diff\u00e9rentes fili\u00e8res\u00a0\u00bb.<\/em><\/strong><\/p>\n<p><strong><em>Parmi les actions qu&rsquo;il propose, Aouchiche \u00e9voque une r\u00e9organisation des entreprises publiques, la d\u00e9p\u00e9nalisation de l&rsquo;acte de gestion et le recours au secteur des \u00e9nergies et des mines comme levier pour soutenir les autres secteurs. Il envisage \u00e9galement la cr\u00e9ation d&rsquo;un fonds souverain aliment\u00e9 par les revenus du p\u00e9trole et du gaz, pour investir dans divers secteurs et diversifier les activit\u00e9s p\u00e9trochimiques.<\/em><\/strong><\/p>\n<p><strong><em>Le candidat s&rsquo;engage par ailleurs \u00e0 soutenir la sous-traitance afin d&rsquo;am\u00e9liorer les taux d&rsquo;int\u00e9gration industrielle, ainsi qu&rsquo;\u00e0 booster le d\u00e9veloppement de l&rsquo;industrie automobile pour avoir un effet d&rsquo;entra\u00eenement sur les autres fili\u00e8res.<\/em><\/strong><\/p>\n","protected":false},"excerpt":{"rendered":"<p>La relance et le d\u00e9veloppement du secteur industriel national s&rsquo;annoncent comme des enjeux \u00e9conomiques cruciaux pour le prochain quinquennat. \u00c0 l&rsquo;heure o\u00f9 la diversification de l&rsquo;\u00e9conomie et l&rsquo;int\u00e9gration dans les cha\u00eenes de valeur internationales deviennent des priorit\u00e9s incontournables, l&rsquo;industrie se retrouve au c\u0153ur des d\u00e9bats \u00e9lectoraux. \u00c0 l&rsquo;approche de l&rsquo;\u00e9lection pr\u00e9sidentielle du 7 septembre, les &hellip;<\/p>\n","protected":false},"author":8,"featured_media":4095,"comment_status":"open","ping_status":"open","sticky":false,"template":"","format":"standard","meta":{"footnotes":""},"categories":[47],"tags":[340,91,339,338],"class_list":["post-4082","post","type-post","status-publish","format-standard","has-post-thumbnail","hentry","category-national","tag-candidats","tag-election-presidentielle","tag-relance-economique","tag-reveil-industriel"],"yoast_head":"<!-- This site is optimized with the Yoast SEO Premium plugin v22.6 (Yoast SEO v22.6) - https:\/\/yoast.com\/wordpress\/plugins\/seo\/ -->\n<title>R\u00e9veil industriel : Les strat\u00e9gies des candidats \u00e0 l\u2019\u00e9lection pour transformer l&#039;industrie du pays - El Mawkie<\/title>\n<meta name=\"robots\" content=\"index, follow, max-snippet:-1, max-image-preview:large, max-video-preview:-1\" \/>\n<link rel=\"canonical\" href=\"https:\/\/elmawkie.dz\/fr\/reveil-industriel-les-strategies-des-candidats-a-lelection-pour-transformer-lindustrie-du-pays\/\" \/>\n<meta property=\"og:locale\" content=\"fr_FR\" \/>\n<meta property=\"og:type\" content=\"article\" \/>\n<meta property=\"og:title\" content=\"R\u00e9veil industriel : Les strat\u00e9gies des candidats \u00e0 l\u2019\u00e9lection pour transformer l&#039;industrie du pays\" \/>\n<meta property=\"og:description\" content=\"La relance et le d\u00e9veloppement du secteur industriel national s&rsquo;annoncent comme des enjeux \u00e9conomiques cruciaux pour le prochain quinquennat. \u00c0 l&rsquo;heure o\u00f9 la diversification de l&rsquo;\u00e9conomie et l&rsquo;int\u00e9gration dans les cha\u00eenes de valeur internationales deviennent des priorit\u00e9s incontournables, l&rsquo;industrie se retrouve au c\u0153ur des d\u00e9bats \u00e9lectoraux. \u00c0 l&rsquo;approche de l&rsquo;\u00e9lection pr\u00e9sidentielle du 7 septembre, les &hellip;\" \/>\n<meta property=\"og:url\" content=\"https:\/\/elmawkie.dz\/fr\/reveil-industriel-les-strategies-des-candidats-a-lelection-pour-transformer-lindustrie-du-pays\/\" \/>\n<meta property=\"og:site_name\" content=\"El Mawkie\" \/>\n<meta property=\"article:publisher\" content=\"https:\/\/www.facebook.com\/profile.php?id=100088407094989&amp;locale=fr_FR\" \/>\n<meta property=\"article:published_time\" content=\"2024-08-21T10:55:51+00:00\" \/>\n<meta property=\"og:image\" content=\"https:\/\/elmawkie.dz\/fr\/wp-content\/uploads\/2024\/08\/420949ac-70b1-4910-9ce0-064e44069ef8.jpeg\" \/>\n\t<meta property=\"og:image:width\" content=\"678\" \/>\n\t<meta property=\"og:image:height\" content=\"452\" \/>\n\t<meta property=\"og:image:type\" content=\"image\/jpeg\" \/>\n<meta name=\"author\" content=\"khayro\" \/>\n<meta name=\"twitter:card\" content=\"summary_large_image\" \/>\n<meta name=\"twitter:label1\" content=\"Written by\" \/>\n\t<meta name=\"twitter:data1\" content=\"khayro\" \/>\n\t<meta name=\"twitter:label2\" content=\"Est. reading time\" \/>\n\t<meta name=\"twitter:data2\" content=\"5 minutes\" \/>\n<script type=\"application\/ld+json\" class=\"yoast-schema-graph\">{\"@context\":\"https:\/\/schema.org\",\"@graph\":[{\"@type\":\"Article\",\"@id\":\"https:\/\/elmawkie.dz\/fr\/reveil-industriel-les-strategies-des-candidats-a-lelection-pour-transformer-lindustrie-du-pays\/#article\",\"isPartOf\":{\"@id\":\"https:\/\/elmawkie.dz\/fr\/reveil-industriel-les-strategies-des-candidats-a-lelection-pour-transformer-lindustrie-du-pays\/\"},\"author\":{\"name\":\"khayro\",\"@id\":\"https:\/\/elmawkie.dz\/fr\/#\/schema\/person\/15cb7eba76e08e2d2d0ad4b4c4fbb6cb\"},\"headline\":\"R\u00e9veil industriel : Les strat\u00e9gies des candidats \u00e0 l\u2019\u00e9lection pour transformer l&rsquo;industrie du pays\",\"datePublished\":\"2024-08-21T10:55:51+00:00\",\"dateModified\":\"2024-08-21T10:55:51+00:00\",\"mainEntityOfPage\":{\"@id\":\"https:\/\/elmawkie.dz\/fr\/reveil-industriel-les-strategies-des-candidats-a-lelection-pour-transformer-lindustrie-du-pays\/\"},\"wordCount\":974,\"commentCount\":0,\"publisher\":{\"@id\":\"https:\/\/elmawkie.dz\/fr\/#organization\"},\"image\":{\"@id\":\"https:\/\/elmawkie.dz\/fr\/reveil-industriel-les-strategies-des-candidats-a-lelection-pour-transformer-lindustrie-du-pays\/#primaryimage\"},\"thumbnailUrl\":\"https:\/\/elmawkie.dz\/fr\/wp-content\/uploads\/2024\/08\/420949ac-70b1-4910-9ce0-064e44069ef8.jpeg\",\"keywords\":[\"candidats\",\"Election pr\u00e9sidentielle\",\"relance \u00e9conomique\",\"r\u00e9veil industriel\"],\"articleSection\":[\"National\"],\"inLanguage\":\"fr-FR\",\"potentialAction\":[{\"@type\":\"CommentAction\",\"name\":\"Comment\",\"target\":[\"https:\/\/elmawkie.dz\/fr\/reveil-industriel-les-strategies-des-candidats-a-lelection-pour-transformer-lindustrie-du-pays\/#respond\"]}]},{\"@type\":\"WebPage\",\"@id\":\"https:\/\/elmawkie.dz\/fr\/reveil-industriel-les-strategies-des-candidats-a-lelection-pour-transformer-lindustrie-du-pays\/\",\"url\":\"https:\/\/elmawkie.dz\/fr\/reveil-industriel-les-strategies-des-candidats-a-lelection-pour-transformer-lindustrie-du-pays\/\",\"name\":\"R\u00e9veil industriel : Les strat\u00e9gies des candidats \u00e0 l\u2019\u00e9lection pour transformer l'industrie du pays - El Mawkie\",\"isPartOf\":{\"@id\":\"https:\/\/elmawkie.dz\/fr\/#website\"},\"primaryImageOfPage\":{\"@id\":\"https:\/\/elmawkie.dz\/fr\/reveil-industriel-les-strategies-des-candidats-a-lelection-pour-transformer-lindustrie-du-pays\/#primaryimage\"},\"image\":{\"@id\":\"https:\/\/elmawkie.dz\/fr\/reveil-industriel-les-strategies-des-candidats-a-lelection-pour-transformer-lindustrie-du-pays\/#primaryimage\"},\"thumbnailUrl\":\"https:\/\/elmawkie.dz\/fr\/wp-content\/uploads\/2024\/08\/420949ac-70b1-4910-9ce0-064e44069ef8.jpeg\",\"datePublished\":\"2024-08-21T10:55:51+00:00\",\"dateModified\":\"2024-08-21T10:55:51+00:00\",\"breadcrumb\":{\"@id\":\"https:\/\/elmawkie.dz\/fr\/reveil-industriel-les-strategies-des-candidats-a-lelection-pour-transformer-lindustrie-du-pays\/#breadcrumb\"},\"inLanguage\":\"fr-FR\",\"potentialAction\":[{\"@type\":\"ReadAction\",\"target\":[\"https:\/\/elmawkie.dz\/fr\/reveil-industriel-les-strategies-des-candidats-a-lelection-pour-transformer-lindustrie-du-pays\/\"]}]},{\"@type\":\"ImageObject\",\"inLanguage\":\"fr-FR\",\"@id\":\"https:\/\/elmawkie.dz\/fr\/reveil-industriel-les-strategies-des-candidats-a-lelection-pour-transformer-lindustrie-du-pays\/#primaryimage\",\"url\":\"https:\/\/elmawkie.dz\/fr\/wp-content\/uploads\/2024\/08\/420949ac-70b1-4910-9ce0-064e44069ef8.jpeg\",\"contentUrl\":\"https:\/\/elmawkie.dz\/fr\/wp-content\/uploads\/2024\/08\/420949ac-70b1-4910-9ce0-064e44069ef8.jpeg\",\"width\":678,\"height\":452},{\"@type\":\"BreadcrumbList\",\"@id\":\"https:\/\/elmawkie.dz\/fr\/reveil-industriel-les-strategies-des-candidats-a-lelection-pour-transformer-lindustrie-du-pays\/#breadcrumb\",\"itemListElement\":[{\"@type\":\"ListItem\",\"position\":1,\"name\":\"Home\",\"item\":\"https:\/\/elmawkie.dz\/fr\/\"},{\"@type\":\"ListItem\",\"position\":2,\"name\":\"R\u00e9veil industriel : Les strat\u00e9gies des candidats \u00e0 l\u2019\u00e9lection pour transformer l&rsquo;industrie du pays\"}]},{\"@type\":\"WebSite\",\"@id\":\"https:\/\/elmawkie.dz\/fr\/#website\",\"url\":\"https:\/\/elmawkie.dz\/fr\/\",\"name\":\"EL MAWKIE\",\"description\":\"Journal \u00c9lectronique Alg\u00e9rien\",\"publisher\":{\"@id\":\"https:\/\/elmawkie.dz\/fr\/#organization\"},\"potentialAction\":[{\"@type\":\"SearchAction\",\"target\":{\"@type\":\"EntryPoint\",\"urlTemplate\":\"https:\/\/elmawkie.dz\/fr\/?s={search_term_string}\"},\"query-input\":\"required name=search_term_string\"}],\"inLanguage\":\"fr-FR\"},{\"@type\":\"Organization\",\"@id\":\"https:\/\/elmawkie.dz\/fr\/#organization\",\"name\":\"EL MAWKIE\",\"url\":\"https:\/\/elmawkie.dz\/fr\/\",\"logo\":{\"@type\":\"ImageObject\",\"inLanguage\":\"fr-FR\",\"@id\":\"https:\/\/elmawkie.dz\/fr\/#\/schema\/logo\/image\/\",\"url\":\"https:\/\/elmawkie.dz\/fr\/wp-content\/uploads\/2024\/05\/logo1.png\",\"contentUrl\":\"https:\/\/elmawkie.dz\/fr\/wp-content\/uploads\/2024\/05\/logo1.png\",\"width\":1648,\"height\":652,\"caption\":\"EL MAWKIE\"},\"image\":{\"@id\":\"https:\/\/elmawkie.dz\/fr\/#\/schema\/logo\/image\/\"},\"sameAs\":[\"https:\/\/www.facebook.com\/profile.php?id=100088407094989&locale=fr_FR\"]},{\"@type\":\"Person\",\"@id\":\"https:\/\/elmawkie.dz\/fr\/#\/schema\/person\/15cb7eba76e08e2d2d0ad4b4c4fbb6cb\",\"name\":\"khayro\",\"image\":{\"@type\":\"ImageObject\",\"inLanguage\":\"fr-FR\",\"@id\":\"https:\/\/elmawkie.dz\/fr\/#\/schema\/person\/image\/\",\"url\":\"https:\/\/secure.gravatar.com\/avatar\/5d609f726f02f77f0ff2a1483fc81992?s=96&d=mm&r=g\",\"contentUrl\":\"https:\/\/secure.gravatar.com\/avatar\/5d609f726f02f77f0ff2a1483fc81992?s=96&d=mm&r=g\",\"caption\":\"khayro\"},\"url\":\"https:\/\/elmawkie.dz\/fr\/author\/khayro\/\"}]}<\/script>\n<!-- \/ Yoast SEO Premium plugin. -->","yoast_head_json":{"title":"R\u00e9veil industriel : Les strat\u00e9gies des candidats \u00e0 l\u2019\u00e9lection pour transformer l'industrie du pays - El Mawkie","robots":{"index":"index","follow":"follow","max-snippet":"max-snippet:-1","max-image-preview":"max-image-preview:large","max-video-preview":"max-video-preview:-1"},"canonical":"https:\/\/elmawkie.dz\/fr\/reveil-industriel-les-strategies-des-candidats-a-lelection-pour-transformer-lindustrie-du-pays\/","og_locale":"fr_FR","og_type":"article","og_title":"R\u00e9veil industriel : Les strat\u00e9gies des candidats \u00e0 l\u2019\u00e9lection pour transformer l'industrie du pays","og_description":"La relance et le d\u00e9veloppement du secteur industriel national s&rsquo;annoncent comme des enjeux \u00e9conomiques cruciaux pour le prochain quinquennat. \u00c0 l&rsquo;heure o\u00f9 la diversification de l&rsquo;\u00e9conomie et l&rsquo;int\u00e9gration dans les cha\u00eenes de valeur internationales deviennent des priorit\u00e9s incontournables, l&rsquo;industrie se retrouve au c\u0153ur des d\u00e9bats \u00e9lectoraux. \u00c0 l&rsquo;approche de l&rsquo;\u00e9lection pr\u00e9sidentielle du 7 septembre, les &hellip;","og_url":"https:\/\/elmawkie.dz\/fr\/reveil-industriel-les-strategies-des-candidats-a-lelection-pour-transformer-lindustrie-du-pays\/","og_site_name":"El Mawkie","article_publisher":"https:\/\/www.facebook.com\/profile.php?id=100088407094989&locale=fr_FR","article_published_time":"2024-08-21T10:55:51+00:00","og_image":[{"width":678,"height":452,"url":"https:\/\/elmawkie.dz\/fr\/wp-content\/uploads\/2024\/08\/420949ac-70b1-4910-9ce0-064e44069ef8.jpeg","type":"image\/jpeg"}],"author":"khayro","twitter_card":"summary_large_image","twitter_misc":{"Written by":"khayro","Est. reading time":"5 minutes"},"schema":{"@context":"https:\/\/schema.org","@graph":[{"@type":"Article","@id":"https:\/\/elmawkie.dz\/fr\/reveil-industriel-les-strategies-des-candidats-a-lelection-pour-transformer-lindustrie-du-pays\/#article","isPartOf":{"@id":"https:\/\/elmawkie.dz\/fr\/reveil-industriel-les-strategies-des-candidats-a-lelection-pour-transformer-lindustrie-du-pays\/"},"author":{"name":"khayro","@id":"https:\/\/elmawkie.dz\/fr\/#\/schema\/person\/15cb7eba76e08e2d2d0ad4b4c4fbb6cb"},"headline":"R\u00e9veil industriel : Les strat\u00e9gies des candidats \u00e0 l\u2019\u00e9lection pour transformer l&rsquo;industrie du pays","datePublished":"2024-08-21T10:55:51+00:00","dateModified":"2024-08-21T10:55:51+00:00","mainEntityOfPage":{"@id":"https:\/\/elmawkie.dz\/fr\/reveil-industriel-les-strategies-des-candidats-a-lelection-pour-transformer-lindustrie-du-pays\/"},"wordCount":974,"commentCount":0,"publisher":{"@id":"https:\/\/elmawkie.dz\/fr\/#organization"},"image":{"@id":"https:\/\/elmawkie.dz\/fr\/reveil-industriel-les-strategies-des-candidats-a-lelection-pour-transformer-lindustrie-du-pays\/#primaryimage"},"thumbnailUrl":"https:\/\/elmawkie.dz\/fr\/wp-content\/uploads\/2024\/08\/420949ac-70b1-4910-9ce0-064e44069ef8.jpeg","keywords":["candidats","Election pr\u00e9sidentielle","relance \u00e9conomique","r\u00e9veil industriel"],"articleSection":["National"],"inLanguage":"fr-FR","potentialAction":[{"@type":"CommentAction","name":"Comment","target":["https:\/\/elmawkie.dz\/fr\/reveil-industriel-les-strategies-des-candidats-a-lelection-pour-transformer-lindustrie-du-pays\/#respond"]}]},{"@type":"WebPage","@id":"https:\/\/elmawkie.dz\/fr\/reveil-industriel-les-strategies-des-candidats-a-lelection-pour-transformer-lindustrie-du-pays\/","url":"https:\/\/elmawkie.dz\/fr\/reveil-industriel-les-strategies-des-candidats-a-lelection-pour-transformer-lindustrie-du-pays\/","name":"R\u00e9veil industriel : Les strat\u00e9gies des candidats \u00e0 l\u2019\u00e9lection pour transformer l'industrie du pays - El Mawkie","isPartOf":{"@id":"https:\/\/elmawkie.dz\/fr\/#website"},"primaryImageOfPage":{"@id":"https:\/\/elmawkie.dz\/fr\/reveil-industriel-les-strategies-des-candidats-a-lelection-pour-transformer-lindustrie-du-pays\/#primaryimage"},"image":{"@id":"https:\/\/elmawkie.dz\/fr\/reveil-industriel-les-strategies-des-candidats-a-lelection-pour-transformer-lindustrie-du-pays\/#primaryimage"},"thumbnailUrl":"https:\/\/elmawkie.dz\/fr\/wp-content\/uploads\/2024\/08\/420949ac-70b1-4910-9ce0-064e44069ef8.jpeg","datePublished":"2024-08-21T10:55:51+00:00","dateModified":"2024-08-21T10:55:51+00:00","breadcrumb":{"@id":"https:\/\/elmawkie.dz\/fr\/reveil-industriel-les-strategies-des-candidats-a-lelection-pour-transformer-lindustrie-du-pays\/#breadcrumb"},"inLanguage":"fr-FR","potentialAction":[{"@type":"ReadAction","target":["https:\/\/elmawkie.dz\/fr\/reveil-industriel-les-strategies-des-candidats-a-lelection-pour-transformer-lindustrie-du-pays\/"]}]},{"@type":"ImageObject","inLanguage":"fr-FR","@id":"https:\/\/elmawkie.dz\/fr\/reveil-industriel-les-strategies-des-candidats-a-lelection-pour-transformer-lindustrie-du-pays\/#primaryimage","url":"https:\/\/elmawkie.dz\/fr\/wp-content\/uploads\/2024\/08\/420949ac-70b1-4910-9ce0-064e44069ef8.jpeg","contentUrl":"https:\/\/elmawkie.dz\/fr\/wp-content\/uploads\/2024\/08\/420949ac-70b1-4910-9ce0-064e44069ef8.jpeg","width":678,"height":452},{"@type":"BreadcrumbList","@id":"https:\/\/elmawkie.dz\/fr\/reveil-industriel-les-strategies-des-candidats-a-lelection-pour-transformer-lindustrie-du-pays\/#breadcrumb","itemListElement":[{"@type":"ListItem","position":1,"name":"Home","item":"https:\/\/elmawkie.dz\/fr\/"},{"@type":"ListItem","position":2,"name":"R\u00e9veil industriel : Les strat\u00e9gies des candidats \u00e0 l\u2019\u00e9lection pour transformer l&rsquo;industrie du pays"}]},{"@type":"WebSite","@id":"https:\/\/elmawkie.dz\/fr\/#website","url":"https:\/\/elmawkie.dz\/fr\/","name":"EL MAWKIE","description":"Journal \u00c9lectronique Alg\u00e9rien","publisher":{"@id":"https:\/\/elmawkie.dz\/fr\/#organization"},"potentialAction":[{"@type":"SearchAction","target":{"@type":"EntryPoint","urlTemplate":"https:\/\/elmawkie.dz\/fr\/?s={search_term_string}"},"query-input":"required name=search_term_string"}],"inLanguage":"fr-FR"},{"@type":"Organization","@id":"https:\/\/elmawkie.dz\/fr\/#organization","name":"EL MAWKIE","url":"https:\/\/elmawkie.dz\/fr\/","logo":{"@type":"ImageObject","inLanguage":"fr-FR","@id":"https:\/\/elmawkie.dz\/fr\/#\/schema\/logo\/image\/","url":"https:\/\/elmawkie.dz\/fr\/wp-content\/uploads\/2024\/05\/logo1.png","contentUrl":"https:\/\/elmawkie.dz\/fr\/wp-content\/uploads\/2024\/05\/logo1.png","width":1648,"height":652,"caption":"EL MAWKIE"},"image":{"@id":"https:\/\/elmawkie.dz\/fr\/#\/schema\/logo\/image\/"},"sameAs":["https:\/\/www.facebook.com\/profile.php?id=100088407094989&locale=fr_FR"]},{"@type":"Person","@id":"https:\/\/elmawkie.dz\/fr\/#\/schema\/person\/15cb7eba76e08e2d2d0ad4b4c4fbb6cb","name":"khayro","image":{"@type":"ImageObject","inLanguage":"fr-FR","@id":"https:\/\/elmawkie.dz\/fr\/#\/schema\/person\/image\/","url":"https:\/\/secure.gravatar.com\/avatar\/5d609f726f02f77f0ff2a1483fc81992?s=96&d=mm&r=g","contentUrl":"https:\/\/secure.gravatar.com\/avatar\/5d609f726f02f77f0ff2a1483fc81992?s=96&d=mm&r=g","caption":"khayro"},"url":"https:\/\/elmawkie.dz\/fr\/author\/khayro\/"}]}},"_links":{"self":[{"href":"https:\/\/elmawkie.dz\/fr\/wp-json\/wp\/v2\/posts\/4082","targetHints":{"allow":["GET"]}}],"collection":[{"href":"https:\/\/elmawkie.dz\/fr\/wp-json\/wp\/v2\/posts"}],"about":[{"href":"https:\/\/elmawkie.dz\/fr\/wp-json\/wp\/v2\/types\/post"}],"author":[{"embeddable":true,"href":"https:\/\/elmawkie.dz\/fr\/wp-json\/wp\/v2\/users\/8"}],"replies":[{"embeddable":true,"href":"https:\/\/elmawkie.dz\/fr\/wp-json\/wp\/v2\/comments?post=4082"}],"version-history":[{"count":0,"href":"https:\/\/elmawkie.dz\/fr\/wp-json\/wp\/v2\/posts\/4082\/revisions"}],"wp:featuredmedia":[{"embeddable":true,"href":"https:\/\/elmawkie.dz\/fr\/wp-json\/wp\/v2\/media\/4095"}],"wp:attachment":[{"href":"https:\/\/elmawkie.dz\/fr\/wp-json\/wp\/v2\/media?parent=4082"}],"wp:term":[{"taxonomy":"category","embeddable":true,"href":"https:\/\/elmawkie.dz\/fr\/wp-json\/wp\/v2\/categories?post=4082"},{"taxonomy":"post_tag","embeddable":true,"href":"https:\/\/elmawkie.dz\/fr\/wp-json\/wp\/v2\/tags?post=4082"}],"curies":[{"name":"wp","href":"https:\/\/api.w.org\/{rel}","templated":true}]}}