{"id":4057,"date":"2024-08-20T15:23:38","date_gmt":"2024-08-20T14:23:38","guid":{"rendered":"https:\/\/elmawkie.dz\/fr\/?p=4057"},"modified":"2024-08-20T15:25:06","modified_gmt":"2024-08-20T14:25:06","slug":"presidentielle-bengrina-appelle-a-soutenir-le-projet-du-candidat-abdelmadjid-tebboune-et-a-voter-en-sa-faveur","status":"publish","type":"post","link":"https:\/\/elmawkie.dz\/fr\/presidentielle-bengrina-appelle-a-soutenir-le-projet-du-candidat-abdelmadjid-tebboune-et-a-voter-en-sa-faveur\/","title":{"rendered":"Pr\u00e9sidentielle: Bengrina appelle \u00e0 soutenir le projet du candidat Abdelmadjid Tebboune et \u00e0 voter en sa faveur"},"content":{"rendered":"<p><strong><em>Le pr\u00e9sident du Mouvement El-Bina, Abdelkader Bengrina a organis\u00e9 un meeting populaire \u00e0 Alger\u00a0aujourd\u2019hui. Dans son intervention, il a confirm\u00e9 que l\u2019Alg\u00e9rie conna\u00eetra, en cas de la victoire du candidat ind\u00e9pendant, M Abdelmadjd Tebboune, un renouveau des institutions et la restructuration \u00e9conomique, sociale et administrative. Ajoutant que son souci durant tout son premier mandat pr\u00e9sidentiel a \u00e9t\u00e9 la pr\u00e9servation de la m\u00e9moire nationale, et la concr\u00e9tisation de nombreux \u00a0projets \u00e0 l\u2019exemple de \u00ab l\u2019ouverture d\u2019une cha\u00eene publique d\u00e9di\u00e9e \u00e0 la m\u00e9moire et la r\u00e9vision du sixi\u00e8me couplet de l\u2019hymne national\u00a0\u00bb.<\/em><\/strong><\/p>\n<p><strong><em>Il a \u00e9galement salu\u00e9 la d\u00e9termination du candidat Tebboune \u00e0 \u00e9tablir une communication permanente entre les g\u00e9n\u00e9rations et \u00e0 mettre en valeur la m\u00e9moire nationale, appelant le peuple alg\u00e9rien \u00e0 soutenir le projet du candidat Tebboune et \u00e0 voter en sa faveur.<\/em><\/strong><\/p>\n<p>R\u00e9daction<\/p>\n","protected":false},"excerpt":{"rendered":"<p>Le pr\u00e9sident du Mouvement El-Bina, Abdelkader Bengrina a organis\u00e9 un meeting populaire \u00e0 Alger\u00a0aujourd\u2019hui. Dans son intervention, il a confirm\u00e9 que l\u2019Alg\u00e9rie conna\u00eetra, en cas de la victoire du candidat ind\u00e9pendant, M Abdelmadjd Tebboune, un renouveau des institutions et la restructuration \u00e9conomique, sociale et administrative. Ajoutant que son souci durant tout son premier mandat pr\u00e9sidentiel &hellip;<\/p>\n","protected":false},"author":3,"featured_media":4058,"comment_status":"open","ping_status":"open","sticky":false,"template":"","format":"standard","meta":{"footnotes":""},"categories":[47],"tags":[],"class_list":["post-4057","post","type-post","status-publish","format-standard","has-post-thumbnail","hentry","category-national"],"yoast_head":"<!-- This site is optimized with the Yoast SEO Premium plugin v22.6 (Yoast SEO v22.6) - https:\/\/yoast.com\/wordpress\/plugins\/seo\/ -->\n<title>Pr\u00e9sidentielle: Bengrina appelle \u00e0 soutenir le projet du candidat Abdelmadjid Tebboune et \u00e0 voter en sa faveur - El Mawkie<\/title>\n<meta name=\"robots\" content=\"index, follow, max-snippet:-1, max-image-preview:large, max-video-preview:-1\" \/>\n<link rel=\"canonical\" href=\"https:\/\/elmawkie.dz\/fr\/presidentielle-bengrina-appelle-a-soutenir-le-projet-du-candidat-abdelmadjid-tebboune-et-a-voter-en-sa-faveur\/\" \/>\n<meta property=\"og:locale\" content=\"fr_FR\" \/>\n<meta property=\"og:type\" content=\"article\" \/>\n<meta property=\"og:title\" content=\"Pr\u00e9sidentielle: Bengrina appelle \u00e0 soutenir le projet du candidat Abdelmadjid Tebboune et \u00e0 voter en sa faveur\" \/>\n<meta property=\"og:description\" content=\"Le pr\u00e9sident du Mouvement El-Bina, Abdelkader Bengrina a organis\u00e9 un meeting populaire \u00e0 Alger\u00a0aujourd\u2019hui. Dans son intervention, il a confirm\u00e9 que l\u2019Alg\u00e9rie conna\u00eetra, en cas de la victoire du candidat ind\u00e9pendant, M Abdelmadjd Tebboune, un renouveau des institutions et la restructuration \u00e9conomique, sociale et administrative. Ajoutant que son souci durant tout son premier mandat pr\u00e9sidentiel &hellip;\" \/>\n<meta property=\"og:url\" content=\"https:\/\/elmawkie.dz\/fr\/presidentielle-bengrina-appelle-a-soutenir-le-projet-du-candidat-abdelmadjid-tebboune-et-a-voter-en-sa-faveur\/\" \/>\n<meta property=\"og:site_name\" content=\"El Mawkie\" \/>\n<meta property=\"article:publisher\" content=\"https:\/\/www.facebook.com\/profile.php?id=100088407094989&amp;locale=fr_FR\" \/>\n<meta property=\"article:published_time\" content=\"2024-08-20T14:23:38+00:00\" \/>\n<meta property=\"article:modified_time\" content=\"2024-08-20T14:25:06+00:00\" \/>\n<meta property=\"og:image\" content=\"https:\/\/elmawkie.dz\/fr\/wp-content\/uploads\/2024\/08\/IMG_0401.jpeg\" \/>\n\t<meta property=\"og:image:width\" content=\"2048\" \/>\n\t<meta property=\"og:image:height\" content=\"1368\" \/>\n\t<meta property=\"og:image:type\" content=\"image\/jpeg\" \/>\n<meta name=\"author\" content=\"Hamra Fouzia\" \/>\n<meta name=\"twitter:card\" content=\"summary_large_image\" \/>\n<meta name=\"twitter:label1\" content=\"Written by\" \/>\n\t<meta name=\"twitter:data1\" content=\"Hamra Fouzia\" \/>\n\t<meta name=\"twitter:label2\" content=\"Est. reading time\" \/>\n\t<meta name=\"twitter:data2\" content=\"1 minute\" \/>\n<script type=\"application\/ld+json\" class=\"yoast-schema-graph\">{\"@context\":\"https:\/\/schema.org\",\"@graph\":[{\"@type\":\"Article\",\"@id\":\"https:\/\/elmawkie.dz\/fr\/presidentielle-bengrina-appelle-a-soutenir-le-projet-du-candidat-abdelmadjid-tebboune-et-a-voter-en-sa-faveur\/#article\",\"isPartOf\":{\"@id\":\"https:\/\/elmawkie.dz\/fr\/presidentielle-bengrina-appelle-a-soutenir-le-projet-du-candidat-abdelmadjid-tebboune-et-a-voter-en-sa-faveur\/\"},\"author\":{\"name\":\"Hamra Fouzia\",\"@id\":\"https:\/\/elmawkie.dz\/fr\/#\/schema\/person\/4ed8433201bc23634185d8dd37097c64\"},\"headline\":\"Pr\u00e9sidentielle: Bengrina appelle \u00e0 soutenir le projet du candidat Abdelmadjid Tebboune et \u00e0 voter en sa faveur\",\"datePublished\":\"2024-08-20T14:23:38+00:00\",\"dateModified\":\"2024-08-20T14:25:06+00:00\",\"mainEntityOfPage\":{\"@id\":\"https:\/\/elmawkie.dz\/fr\/presidentielle-bengrina-appelle-a-soutenir-le-projet-du-candidat-abdelmadjid-tebboune-et-a-voter-en-sa-faveur\/\"},\"wordCount\":168,\"commentCount\":0,\"publisher\":{\"@id\":\"https:\/\/elmawkie.dz\/fr\/#organization\"},\"image\":{\"@id\":\"https:\/\/elmawkie.dz\/fr\/presidentielle-bengrina-appelle-a-soutenir-le-projet-du-candidat-abdelmadjid-tebboune-et-a-voter-en-sa-faveur\/#primaryimage\"},\"thumbnailUrl\":\"https:\/\/elmawkie.dz\/fr\/wp-content\/uploads\/2024\/08\/IMG_0401.jpeg\",\"articleSection\":[\"National\"],\"inLanguage\":\"fr-FR\",\"potentialAction\":[{\"@type\":\"CommentAction\",\"name\":\"Comment\",\"target\":[\"https:\/\/elmawkie.dz\/fr\/presidentielle-bengrina-appelle-a-soutenir-le-projet-du-candidat-abdelmadjid-tebboune-et-a-voter-en-sa-faveur\/#respond\"]}]},{\"@type\":\"WebPage\",\"@id\":\"https:\/\/elmawkie.dz\/fr\/presidentielle-bengrina-appelle-a-soutenir-le-projet-du-candidat-abdelmadjid-tebboune-et-a-voter-en-sa-faveur\/\",\"url\":\"https:\/\/elmawkie.dz\/fr\/presidentielle-bengrina-appelle-a-soutenir-le-projet-du-candidat-abdelmadjid-tebboune-et-a-voter-en-sa-faveur\/\",\"name\":\"Pr\u00e9sidentielle: Bengrina appelle \u00e0 soutenir le projet du candidat Abdelmadjid Tebboune et \u00e0 voter en sa faveur - El Mawkie\",\"isPartOf\":{\"@id\":\"https:\/\/elmawkie.dz\/fr\/#website\"},\"primaryImageOfPage\":{\"@id\":\"https:\/\/elmawkie.dz\/fr\/presidentielle-bengrina-appelle-a-soutenir-le-projet-du-candidat-abdelmadjid-tebboune-et-a-voter-en-sa-faveur\/#primaryimage\"},\"image\":{\"@id\":\"https:\/\/elmawkie.dz\/fr\/presidentielle-bengrina-appelle-a-soutenir-le-projet-du-candidat-abdelmadjid-tebboune-et-a-voter-en-sa-faveur\/#primaryimage\"},\"thumbnailUrl\":\"https:\/\/elmawkie.dz\/fr\/wp-content\/uploads\/2024\/08\/IMG_0401.jpeg\",\"datePublished\":\"2024-08-20T14:23:38+00:00\",\"dateModified\":\"2024-08-20T14:25:06+00:00\",\"breadcrumb\":{\"@id\":\"https:\/\/elmawkie.dz\/fr\/presidentielle-bengrina-appelle-a-soutenir-le-projet-du-candidat-abdelmadjid-tebboune-et-a-voter-en-sa-faveur\/#breadcrumb\"},\"inLanguage\":\"fr-FR\",\"potentialAction\":[{\"@type\":\"ReadAction\",\"target\":[\"https:\/\/elmawkie.dz\/fr\/presidentielle-bengrina-appelle-a-soutenir-le-projet-du-candidat-abdelmadjid-tebboune-et-a-voter-en-sa-faveur\/\"]}]},{\"@type\":\"ImageObject\",\"inLanguage\":\"fr-FR\",\"@id\":\"https:\/\/elmawkie.dz\/fr\/presidentielle-bengrina-appelle-a-soutenir-le-projet-du-candidat-abdelmadjid-tebboune-et-a-voter-en-sa-faveur\/#primaryimage\",\"url\":\"https:\/\/elmawkie.dz\/fr\/wp-content\/uploads\/2024\/08\/IMG_0401.jpeg\",\"contentUrl\":\"https:\/\/elmawkie.dz\/fr\/wp-content\/uploads\/2024\/08\/IMG_0401.jpeg\",\"width\":2048,\"height\":1368},{\"@type\":\"BreadcrumbList\",\"@id\":\"https:\/\/elmawkie.dz\/fr\/presidentielle-bengrina-appelle-a-soutenir-le-projet-du-candidat-abdelmadjid-tebboune-et-a-voter-en-sa-faveur\/#breadcrumb\",\"itemListElement\":[{\"@type\":\"ListItem\",\"position\":1,\"name\":\"Home\",\"item\":\"https:\/\/elmawkie.dz\/fr\/\"},{\"@type\":\"ListItem\",\"position\":2,\"name\":\"Pr\u00e9sidentielle: Bengrina appelle \u00e0 soutenir le projet du candidat Abdelmadjid Tebboune et \u00e0 voter en sa faveur\"}]},{\"@type\":\"WebSite\",\"@id\":\"https:\/\/elmawkie.dz\/fr\/#website\",\"url\":\"https:\/\/elmawkie.dz\/fr\/\",\"name\":\"EL MAWKIE\",\"description\":\"Journal \u00c9lectronique Alg\u00e9rien\",\"publisher\":{\"@id\":\"https:\/\/elmawkie.dz\/fr\/#organization\"},\"potentialAction\":[{\"@type\":\"SearchAction\",\"target\":{\"@type\":\"EntryPoint\",\"urlTemplate\":\"https:\/\/elmawkie.dz\/fr\/?s={search_term_string}\"},\"query-input\":\"required name=search_term_string\"}],\"inLanguage\":\"fr-FR\"},{\"@type\":\"Organization\",\"@id\":\"https:\/\/elmawkie.dz\/fr\/#organization\",\"name\":\"EL MAWKIE\",\"url\":\"https:\/\/elmawkie.dz\/fr\/\",\"logo\":{\"@type\":\"ImageObject\",\"inLanguage\":\"fr-FR\",\"@id\":\"https:\/\/elmawkie.dz\/fr\/#\/schema\/logo\/image\/\",\"url\":\"https:\/\/elmawkie.dz\/fr\/wp-content\/uploads\/2024\/05\/logo1.png\",\"contentUrl\":\"https:\/\/elmawkie.dz\/fr\/wp-content\/uploads\/2024\/05\/logo1.png\",\"width\":1648,\"height\":652,\"caption\":\"EL MAWKIE\"},\"image\":{\"@id\":\"https:\/\/elmawkie.dz\/fr\/#\/schema\/logo\/image\/\"},\"sameAs\":[\"https:\/\/www.facebook.com\/profile.php?id=100088407094989&locale=fr_FR\"]},{\"@type\":\"Person\",\"@id\":\"https:\/\/elmawkie.dz\/fr\/#\/schema\/person\/4ed8433201bc23634185d8dd37097c64\",\"name\":\"Hamra Fouzia\",\"image\":{\"@type\":\"ImageObject\",\"inLanguage\":\"fr-FR\",\"@id\":\"https:\/\/elmawkie.dz\/fr\/#\/schema\/person\/image\/\",\"url\":\"https:\/\/secure.gravatar.com\/avatar\/ea215268aad51f3219f9a59227db6fa1?s=96&d=mm&r=g\",\"contentUrl\":\"https:\/\/secure.gravatar.com\/avatar\/ea215268aad51f3219f9a59227db6fa1?s=96&d=mm&r=g\",\"caption\":\"Hamra Fouzia\"},\"sameAs\":[\"https:\/\/elmawkie.dz\/fr\"],\"url\":\"https:\/\/elmawkie.dz\/fr\/author\/elmawkie\/\"}]}<\/script>\n<!-- \/ Yoast SEO Premium plugin. -->","yoast_head_json":{"title":"Pr\u00e9sidentielle: Bengrina appelle \u00e0 soutenir le projet du candidat Abdelmadjid Tebboune et \u00e0 voter en sa faveur - El Mawkie","robots":{"index":"index","follow":"follow","max-snippet":"max-snippet:-1","max-image-preview":"max-image-preview:large","max-video-preview":"max-video-preview:-1"},"canonical":"https:\/\/elmawkie.dz\/fr\/presidentielle-bengrina-appelle-a-soutenir-le-projet-du-candidat-abdelmadjid-tebboune-et-a-voter-en-sa-faveur\/","og_locale":"fr_FR","og_type":"article","og_title":"Pr\u00e9sidentielle: Bengrina appelle \u00e0 soutenir le projet du candidat Abdelmadjid Tebboune et \u00e0 voter en sa faveur","og_description":"Le pr\u00e9sident du Mouvement El-Bina, Abdelkader Bengrina a organis\u00e9 un meeting populaire \u00e0 Alger\u00a0aujourd\u2019hui. Dans son intervention, il a confirm\u00e9 que l\u2019Alg\u00e9rie conna\u00eetra, en cas de la victoire du candidat ind\u00e9pendant, M Abdelmadjd Tebboune, un renouveau des institutions et la restructuration \u00e9conomique, sociale et administrative. Ajoutant que son souci durant tout son premier mandat pr\u00e9sidentiel &hellip;","og_url":"https:\/\/elmawkie.dz\/fr\/presidentielle-bengrina-appelle-a-soutenir-le-projet-du-candidat-abdelmadjid-tebboune-et-a-voter-en-sa-faveur\/","og_site_name":"El Mawkie","article_publisher":"https:\/\/www.facebook.com\/profile.php?id=100088407094989&locale=fr_FR","article_published_time":"2024-08-20T14:23:38+00:00","article_modified_time":"2024-08-20T14:25:06+00:00","og_image":[{"width":2048,"height":1368,"url":"https:\/\/elmawkie.dz\/fr\/wp-content\/uploads\/2024\/08\/IMG_0401.jpeg","type":"image\/jpeg"}],"author":"Hamra Fouzia","twitter_card":"summary_large_image","twitter_misc":{"Written by":"Hamra Fouzia","Est. reading time":"1 minute"},"schema":{"@context":"https:\/\/schema.org","@graph":[{"@type":"Article","@id":"https:\/\/elmawkie.dz\/fr\/presidentielle-bengrina-appelle-a-soutenir-le-projet-du-candidat-abdelmadjid-tebboune-et-a-voter-en-sa-faveur\/#article","isPartOf":{"@id":"https:\/\/elmawkie.dz\/fr\/presidentielle-bengrina-appelle-a-soutenir-le-projet-du-candidat-abdelmadjid-tebboune-et-a-voter-en-sa-faveur\/"},"author":{"name":"Hamra Fouzia","@id":"https:\/\/elmawkie.dz\/fr\/#\/schema\/person\/4ed8433201bc23634185d8dd37097c64"},"headline":"Pr\u00e9sidentielle: Bengrina appelle \u00e0 soutenir le projet du candidat Abdelmadjid Tebboune et \u00e0 voter en sa faveur","datePublished":"2024-08-20T14:23:38+00:00","dateModified":"2024-08-20T14:25:06+00:00","mainEntityOfPage":{"@id":"https:\/\/elmawkie.dz\/fr\/presidentielle-bengrina-appelle-a-soutenir-le-projet-du-candidat-abdelmadjid-tebboune-et-a-voter-en-sa-faveur\/"},"wordCount":168,"commentCount":0,"publisher":{"@id":"https:\/\/elmawkie.dz\/fr\/#organization"},"image":{"@id":"https:\/\/elmawkie.dz\/fr\/presidentielle-bengrina-appelle-a-soutenir-le-projet-du-candidat-abdelmadjid-tebboune-et-a-voter-en-sa-faveur\/#primaryimage"},"thumbnailUrl":"https:\/\/elmawkie.dz\/fr\/wp-content\/uploads\/2024\/08\/IMG_0401.jpeg","articleSection":["National"],"inLanguage":"fr-FR","potentialAction":[{"@type":"CommentAction","name":"Comment","target":["https:\/\/elmawkie.dz\/fr\/presidentielle-bengrina-appelle-a-soutenir-le-projet-du-candidat-abdelmadjid-tebboune-et-a-voter-en-sa-faveur\/#respond"]}]},{"@type":"WebPage","@id":"https:\/\/elmawkie.dz\/fr\/presidentielle-bengrina-appelle-a-soutenir-le-projet-du-candidat-abdelmadjid-tebboune-et-a-voter-en-sa-faveur\/","url":"https:\/\/elmawkie.dz\/fr\/presidentielle-bengrina-appelle-a-soutenir-le-projet-du-candidat-abdelmadjid-tebboune-et-a-voter-en-sa-faveur\/","name":"Pr\u00e9sidentielle: Bengrina appelle \u00e0 soutenir le projet du candidat Abdelmadjid Tebboune et \u00e0 voter en sa faveur - El Mawkie","isPartOf":{"@id":"https:\/\/elmawkie.dz\/fr\/#website"},"primaryImageOfPage":{"@id":"https:\/\/elmawkie.dz\/fr\/presidentielle-bengrina-appelle-a-soutenir-le-projet-du-candidat-abdelmadjid-tebboune-et-a-voter-en-sa-faveur\/#primaryimage"},"image":{"@id":"https:\/\/elmawkie.dz\/fr\/presidentielle-bengrina-appelle-a-soutenir-le-projet-du-candidat-abdelmadjid-tebboune-et-a-voter-en-sa-faveur\/#primaryimage"},"thumbnailUrl":"https:\/\/elmawkie.dz\/fr\/wp-content\/uploads\/2024\/08\/IMG_0401.jpeg","datePublished":"2024-08-20T14:23:38+00:00","dateModified":"2024-08-20T14:25:06+00:00","breadcrumb":{"@id":"https:\/\/elmawkie.dz\/fr\/presidentielle-bengrina-appelle-a-soutenir-le-projet-du-candidat-abdelmadjid-tebboune-et-a-voter-en-sa-faveur\/#breadcrumb"},"inLanguage":"fr-FR","potentialAction":[{"@type":"ReadAction","target":["https:\/\/elmawkie.dz\/fr\/presidentielle-bengrina-appelle-a-soutenir-le-projet-du-candidat-abdelmadjid-tebboune-et-a-voter-en-sa-faveur\/"]}]},{"@type":"ImageObject","inLanguage":"fr-FR","@id":"https:\/\/elmawkie.dz\/fr\/presidentielle-bengrina-appelle-a-soutenir-le-projet-du-candidat-abdelmadjid-tebboune-et-a-voter-en-sa-faveur\/#primaryimage","url":"https:\/\/elmawkie.dz\/fr\/wp-content\/uploads\/2024\/08\/IMG_0401.jpeg","contentUrl":"https:\/\/elmawkie.dz\/fr\/wp-content\/uploads\/2024\/08\/IMG_0401.jpeg","width":2048,"height":1368},{"@type":"BreadcrumbList","@id":"https:\/\/elmawkie.dz\/fr\/presidentielle-bengrina-appelle-a-soutenir-le-projet-du-candidat-abdelmadjid-tebboune-et-a-voter-en-sa-faveur\/#breadcrumb","itemListElement":[{"@type":"ListItem","position":1,"name":"Home","item":"https:\/\/elmawkie.dz\/fr\/"},{"@type":"ListItem","position":2,"name":"Pr\u00e9sidentielle: Bengrina appelle \u00e0 soutenir le projet du candidat Abdelmadjid Tebboune et \u00e0 voter en sa faveur"}]},{"@type":"WebSite","@id":"https:\/\/elmawkie.dz\/fr\/#website","url":"https:\/\/elmawkie.dz\/fr\/","name":"EL MAWKIE","description":"Journal \u00c9lectronique Alg\u00e9rien","publisher":{"@id":"https:\/\/elmawkie.dz\/fr\/#organization"},"potentialAction":[{"@type":"SearchAction","target":{"@type":"EntryPoint","urlTemplate":"https:\/\/elmawkie.dz\/fr\/?s={search_term_string}"},"query-input":"required name=search_term_string"}],"inLanguage":"fr-FR"},{"@type":"Organization","@id":"https:\/\/elmawkie.dz\/fr\/#organization","name":"EL MAWKIE","url":"https:\/\/elmawkie.dz\/fr\/","logo":{"@type":"ImageObject","inLanguage":"fr-FR","@id":"https:\/\/elmawkie.dz\/fr\/#\/schema\/logo\/image\/","url":"https:\/\/elmawkie.dz\/fr\/wp-content\/uploads\/2024\/05\/logo1.png","contentUrl":"https:\/\/elmawkie.dz\/fr\/wp-content\/uploads\/2024\/05\/logo1.png","width":1648,"height":652,"caption":"EL MAWKIE"},"image":{"@id":"https:\/\/elmawkie.dz\/fr\/#\/schema\/logo\/image\/"},"sameAs":["https:\/\/www.facebook.com\/profile.php?id=100088407094989&locale=fr_FR"]},{"@type":"Person","@id":"https:\/\/elmawkie.dz\/fr\/#\/schema\/person\/4ed8433201bc23634185d8dd37097c64","name":"Hamra Fouzia","image":{"@type":"ImageObject","inLanguage":"fr-FR","@id":"https:\/\/elmawkie.dz\/fr\/#\/schema\/person\/image\/","url":"https:\/\/secure.gravatar.com\/avatar\/ea215268aad51f3219f9a59227db6fa1?s=96&d=mm&r=g","contentUrl":"https:\/\/secure.gravatar.com\/avatar\/ea215268aad51f3219f9a59227db6fa1?s=96&d=mm&r=g","caption":"Hamra Fouzia"},"sameAs":["https:\/\/elmawkie.dz\/fr"],"url":"https:\/\/elmawkie.dz\/fr\/author\/elmawkie\/"}]}},"_links":{"self":[{"href":"https:\/\/elmawkie.dz\/fr\/wp-json\/wp\/v2\/posts\/4057","targetHints":{"allow":["GET"]}}],"collection":[{"href":"https:\/\/elmawkie.dz\/fr\/wp-json\/wp\/v2\/posts"}],"about":[{"href":"https:\/\/elmawkie.dz\/fr\/wp-json\/wp\/v2\/types\/post"}],"author":[{"embeddable":true,"href":"https:\/\/elmawkie.dz\/fr\/wp-json\/wp\/v2\/users\/3"}],"replies":[{"embeddable":true,"href":"https:\/\/elmawkie.dz\/fr\/wp-json\/wp\/v2\/comments?post=4057"}],"version-history":[{"count":0,"href":"https:\/\/elmawkie.dz\/fr\/wp-json\/wp\/v2\/posts\/4057\/revisions"}],"wp:featuredmedia":[{"embeddable":true,"href":"https:\/\/elmawkie.dz\/fr\/wp-json\/wp\/v2\/media\/4058"}],"wp:attachment":[{"href":"https:\/\/elmawkie.dz\/fr\/wp-json\/wp\/v2\/media?parent=4057"}],"wp:term":[{"taxonomy":"category","embeddable":true,"href":"https:\/\/elmawkie.dz\/fr\/wp-json\/wp\/v2\/categories?post=4057"},{"taxonomy":"post_tag","embeddable":true,"href":"https:\/\/elmawkie.dz\/fr\/wp-json\/wp\/v2\/tags?post=4057"}],"curies":[{"name":"wp","href":"https:\/\/api.w.org\/{rel}","templated":true}]}}