{"id":4004,"date":"2024-08-19T01:41:15","date_gmt":"2024-08-19T00:41:15","guid":{"rendered":"https:\/\/elmawkie.dz\/fr\/?p=4004"},"modified":"2024-08-19T01:41:15","modified_gmt":"2024-08-19T00:41:15","slug":"abdelmadjid-tebboune-sest-engage-a-faire-un-prochain-mandat-economique-par-excellence","status":"publish","type":"post","link":"https:\/\/elmawkie.dz\/fr\/abdelmadjid-tebboune-sest-engage-a-faire-un-prochain-mandat-economique-par-excellence\/","title":{"rendered":"Abdelmadjid Tebboune s&rsquo;est engag\u00e9 \u00e0 faire \u00ab\u00a0un prochain mandat \u00e9conomique par excellence\u00a0\u00bb"},"content":{"rendered":"<div class=\"itemIntroText col-xs-hidden \">\n<p><strong>CONSTANTINE &#8211; Le candidat ind\u00e9pendant \u00e0 la Pr\u00e9sidentielle du 7 septembre prochain, M. Abdelmadjid Tebboune, s&rsquo;est engag\u00e9, dimanche depuis Constantine, \u00e0 r\u00e9aliser deux millions de logements, toutes formules confondues, et \u00e0 r\u00e9viser les codes communal et de wilaya afin de conf\u00e9rer de plus larges pr\u00e9rogatives aux \u00e9lus locaux.<\/strong><\/p>\n<\/div>\n<div class=\"itemFullText\">\n<p>Animant un meeting \u00e0 la salle Ahmed-Bey (Z\u00e9nith) de Constantine, au quatri\u00e8me jour de la campagne \u00e9lectorale de la Pr\u00e9sidentielle du 7 septembre prochain, M. Abdelmadjid Tebboune s&rsquo;est engag\u00e9 \u00e0 \u00ab\u00a0r\u00e9aliser deux (2) millions de logements, toutes formules confondues, notamment le logement rural et social\u00a0\u00bb, \u00e0 \u00ab\u00a0revoir le d\u00e9coupage administratif\u00a0\u00bb et \u00e0 \u00ab\u00a0r\u00e9viser les codes communal et de wilaya pour permettre aux \u00e9lus locaux de mieux exercer leurs pr\u00e9rogatives\u00a0\u00bb.<\/p>\n<p>Il s&rsquo;est \u00e9galement engag\u00e9, si le peuple lui renouvelait sa confiance le 7 septembre prochain, \u00e0 se rendre dans toutes les wilayas du pays et \u00e0 \u0153uvrer \u00e0 leur d\u00e9veloppement.<\/p>\n<p>Le candidat ind\u00e9pendant a aussi indiqu\u00e9 qu&rsquo;il comptait \u00ab\u00a0poursuivre le renforcement de la couverture sanitaire \u00e0 travers l&rsquo;ensemble des wilayas\u00a0\u00bb et \u00ab\u00a0concr\u00e9tiser le lancement effectif du projet de nouveau Centre hospitalo-universitaire de Constantine\u00a0\u00bb.<\/p>\n<p>M. Abdelmadjid Tebboune a, par ailleurs, affirm\u00e9 qu&rsquo;il renforcera le pouvoir d&rsquo;achat des citoyens \u00e0 travers plusieurs mesures, dont \u00ab\u00a0le plafonnement des prix, la lutte contre la sp\u00e9culation et l&rsquo;inflation et la poursuite de l&rsquo;augmentation des salaires des travailleurs\u00a0\u00bb.<\/p>\n<p>Au volet \u00e9conomique, le candidat ind\u00e9pendant s&rsquo;est engag\u00e9 \u00e0 faire du prochain mandat pr\u00e9sidentiel \u00ab\u00a0un mandat \u00e9conomique par excellence\u00a0\u00bb \u00e0 travers plusieurs mesures, dont la r\u00e9duction de l&rsquo;importation de certains produits de consommation comme le bl\u00e9 dur, l&rsquo;orge et le ma\u00efs, l&rsquo;exploitation de la mine de Gara Djebilet et l&rsquo;augmentation des recettes du pays en devises.<\/p>\n<p>La croissance \u00e9conomique a atteint 4,2%, un taux reconnu par les institutions internationales, a-t-il rappel\u00e9, notant que cette r\u00e9alisation avait \u00e9t\u00e9 \u00ab\u00a0rendue possible gr\u00e2ce au niveau de conscience et d&rsquo;int\u00e9grit\u00e9 et aux efforts de pr\u00e9servation des deniers publics\u00a0\u00bb.<\/p>\n<p>Et de pr\u00e9ciser, \u00e0 cet \u00e9gard, qu&rsquo;au cours des derni\u00e8res ann\u00e9es, \u00ab\u00a0l&rsquo;Alg\u00e9rie a r\u00e9cup\u00e9r\u00e9 les biens pill\u00e9s de son peuple, dont 51 usines et un h\u00f4tel 5 \u00e9toiles en Espagne\u00a0\u00bb et \u00ab\u00a0\u00e9mis des commissions rogatoires \u00e0 travers 32 pays pour la r\u00e9cup\u00e9ration de fonds de 755 comptes bancaires \u00e0 l&rsquo;\u00e9tranger\u00a0\u00bb, soutenant que \u00ab\u00a0l&rsquo;Alg\u00e9rie est aujourd&rsquo;hui respect\u00e9e dans le concert des nations apr\u00e8s s&rsquo;\u00eatre affranchie de la dette ext\u00e9rieure\u00a0\u00bb.<\/p>\n<p>Concernant la politique \u00e9trang\u00e8re, le candidat ind\u00e9pendant Abdelmadjid Tebboune a affirm\u00e9 que l&rsquo;Alg\u00e9rie \u00ab\u00a0\u0153uvre en faveur de la stabilit\u00e9 dans la r\u00e9gion en traitant avec ses partenaires internationaux et ne renoncera pas \u00e0 ses engagements quelles que soient les circonstances\u00a0\u00bb, assurant que l&rsquo;Alg\u00e9rie \u00ab\u00a0se tient aux c\u00f4t\u00e9s des peuples opprim\u00e9s et ne renoncera pas \u00e0 son soutien aux justes causes palestinienne et sahraouie\u00a0\u00bb.\u00a0 Il s&rsquo;est, par l\u00e0 m\u00eame, engag\u00e9 \u00e0 ne pas abandonner le Liban.<\/p>\n<p>Apr\u00e8s avoir soulign\u00e9 que \u00ab\u00a0le territoire national est prot\u00e9g\u00e9 gr\u00e2ce \u00e0 la puissance de l&rsquo;Arm\u00e9e nationale populaire\u00a0\u00bb, le candidat Abdelmadjid Tebboune a insist\u00e9 sur la n\u00e9cessit\u00e9 de \u00ab\u00a0pr\u00e9server le legs des Chouhada de la glorieuse R\u00e9volution de Novembre\u00a0\u00bb, appelant le peuple alg\u00e9rien \u00e0 \u00ab\u00a0se diriger massivement aux urnes le 7 septembre prochain\u00a0\u00bbAps.<\/p>\n<\/div>\n","protected":false},"excerpt":{"rendered":"<p>CONSTANTINE &#8211; Le candidat ind\u00e9pendant \u00e0 la Pr\u00e9sidentielle du 7 septembre prochain, M. Abdelmadjid Tebboune, s&rsquo;est engag\u00e9, dimanche depuis Constantine, \u00e0 r\u00e9aliser deux millions de logements, toutes formules confondues, et \u00e0 r\u00e9viser les codes communal et de wilaya afin de conf\u00e9rer de plus larges pr\u00e9rogatives aux \u00e9lus locaux. Animant un meeting \u00e0 la salle Ahmed-Bey &hellip;<\/p>\n","protected":false},"author":3,"featured_media":4006,"comment_status":"open","ping_status":"open","sticky":false,"template":"","format":"standard","meta":{"footnotes":""},"categories":[47],"tags":[213,91],"class_list":["post-4004","post","type-post","status-publish","format-standard","has-post-thumbnail","hentry","category-national","tag-abdelmadjid-tebboune","tag-election-presidentielle"],"yoast_head":"<!-- This site is optimized with the Yoast SEO Premium plugin v22.6 (Yoast SEO v22.6) - https:\/\/yoast.com\/wordpress\/plugins\/seo\/ -->\n<title>Abdelmadjid Tebboune s&#039;est engag\u00e9 \u00e0 faire &quot;un prochain mandat \u00e9conomique par excellence&quot; - El Mawkie<\/title>\n<meta name=\"robots\" content=\"index, follow, max-snippet:-1, max-image-preview:large, max-video-preview:-1\" \/>\n<link rel=\"canonical\" href=\"https:\/\/elmawkie.dz\/fr\/abdelmadjid-tebboune-sest-engage-a-faire-un-prochain-mandat-economique-par-excellence\/\" \/>\n<meta property=\"og:locale\" content=\"fr_FR\" \/>\n<meta property=\"og:type\" content=\"article\" \/>\n<meta property=\"og:title\" content=\"Abdelmadjid Tebboune s&#039;est engag\u00e9 \u00e0 faire &quot;un prochain mandat \u00e9conomique par excellence&quot;\" \/>\n<meta property=\"og:description\" content=\"CONSTANTINE &#8211; Le candidat ind\u00e9pendant \u00e0 la Pr\u00e9sidentielle du 7 septembre prochain, M. Abdelmadjid Tebboune, s&rsquo;est engag\u00e9, dimanche depuis Constantine, \u00e0 r\u00e9aliser deux millions de logements, toutes formules confondues, et \u00e0 r\u00e9viser les codes communal et de wilaya afin de conf\u00e9rer de plus larges pr\u00e9rogatives aux \u00e9lus locaux. Animant un meeting \u00e0 la salle Ahmed-Bey &hellip;\" \/>\n<meta property=\"og:url\" content=\"https:\/\/elmawkie.dz\/fr\/abdelmadjid-tebboune-sest-engage-a-faire-un-prochain-mandat-economique-par-excellence\/\" \/>\n<meta property=\"og:site_name\" content=\"El Mawkie\" \/>\n<meta property=\"article:publisher\" content=\"https:\/\/www.facebook.com\/profile.php?id=100088407094989&amp;locale=fr_FR\" \/>\n<meta property=\"article:published_time\" content=\"2024-08-19T00:41:15+00:00\" \/>\n<meta property=\"og:image\" content=\"https:\/\/elmawkie.dz\/fr\/wp-content\/uploads\/2024\/08\/IMG_0300.jpeg\" \/>\n\t<meta property=\"og:image:width\" content=\"1080\" \/>\n\t<meta property=\"og:image:height\" content=\"720\" \/>\n\t<meta property=\"og:image:type\" content=\"image\/jpeg\" \/>\n<meta name=\"author\" content=\"Hamra Fouzia\" \/>\n<meta name=\"twitter:card\" content=\"summary_large_image\" \/>\n<meta name=\"twitter:label1\" content=\"Written by\" \/>\n\t<meta name=\"twitter:data1\" content=\"Hamra Fouzia\" \/>\n\t<meta name=\"twitter:label2\" content=\"Est. reading time\" \/>\n\t<meta name=\"twitter:data2\" content=\"3 minutes\" \/>\n<script type=\"application\/ld+json\" class=\"yoast-schema-graph\">{\"@context\":\"https:\/\/schema.org\",\"@graph\":[{\"@type\":\"Article\",\"@id\":\"https:\/\/elmawkie.dz\/fr\/abdelmadjid-tebboune-sest-engage-a-faire-un-prochain-mandat-economique-par-excellence\/#article\",\"isPartOf\":{\"@id\":\"https:\/\/elmawkie.dz\/fr\/abdelmadjid-tebboune-sest-engage-a-faire-un-prochain-mandat-economique-par-excellence\/\"},\"author\":{\"name\":\"Hamra Fouzia\",\"@id\":\"https:\/\/elmawkie.dz\/fr\/#\/schema\/person\/4ed8433201bc23634185d8dd37097c64\"},\"headline\":\"Abdelmadjid Tebboune s&rsquo;est engag\u00e9 \u00e0 faire \u00ab\u00a0un prochain mandat \u00e9conomique par excellence\u00a0\u00bb\",\"datePublished\":\"2024-08-19T00:41:15+00:00\",\"dateModified\":\"2024-08-19T00:41:15+00:00\",\"mainEntityOfPage\":{\"@id\":\"https:\/\/elmawkie.dz\/fr\/abdelmadjid-tebboune-sest-engage-a-faire-un-prochain-mandat-economique-par-excellence\/\"},\"wordCount\":570,\"commentCount\":0,\"publisher\":{\"@id\":\"https:\/\/elmawkie.dz\/fr\/#organization\"},\"image\":{\"@id\":\"https:\/\/elmawkie.dz\/fr\/abdelmadjid-tebboune-sest-engage-a-faire-un-prochain-mandat-economique-par-excellence\/#primaryimage\"},\"thumbnailUrl\":\"https:\/\/elmawkie.dz\/fr\/wp-content\/uploads\/2024\/08\/IMG_0300.jpeg\",\"keywords\":[\"Abdelmadjid Tebboune\",\"Election pr\u00e9sidentielle\"],\"articleSection\":[\"National\"],\"inLanguage\":\"fr-FR\",\"potentialAction\":[{\"@type\":\"CommentAction\",\"name\":\"Comment\",\"target\":[\"https:\/\/elmawkie.dz\/fr\/abdelmadjid-tebboune-sest-engage-a-faire-un-prochain-mandat-economique-par-excellence\/#respond\"]}]},{\"@type\":\"WebPage\",\"@id\":\"https:\/\/elmawkie.dz\/fr\/abdelmadjid-tebboune-sest-engage-a-faire-un-prochain-mandat-economique-par-excellence\/\",\"url\":\"https:\/\/elmawkie.dz\/fr\/abdelmadjid-tebboune-sest-engage-a-faire-un-prochain-mandat-economique-par-excellence\/\",\"name\":\"Abdelmadjid Tebboune s'est engag\u00e9 \u00e0 faire \\\"un prochain mandat \u00e9conomique par excellence\\\" - El Mawkie\",\"isPartOf\":{\"@id\":\"https:\/\/elmawkie.dz\/fr\/#website\"},\"primaryImageOfPage\":{\"@id\":\"https:\/\/elmawkie.dz\/fr\/abdelmadjid-tebboune-sest-engage-a-faire-un-prochain-mandat-economique-par-excellence\/#primaryimage\"},\"image\":{\"@id\":\"https:\/\/elmawkie.dz\/fr\/abdelmadjid-tebboune-sest-engage-a-faire-un-prochain-mandat-economique-par-excellence\/#primaryimage\"},\"thumbnailUrl\":\"https:\/\/elmawkie.dz\/fr\/wp-content\/uploads\/2024\/08\/IMG_0300.jpeg\",\"datePublished\":\"2024-08-19T00:41:15+00:00\",\"dateModified\":\"2024-08-19T00:41:15+00:00\",\"breadcrumb\":{\"@id\":\"https:\/\/elmawkie.dz\/fr\/abdelmadjid-tebboune-sest-engage-a-faire-un-prochain-mandat-economique-par-excellence\/#breadcrumb\"},\"inLanguage\":\"fr-FR\",\"potentialAction\":[{\"@type\":\"ReadAction\",\"target\":[\"https:\/\/elmawkie.dz\/fr\/abdelmadjid-tebboune-sest-engage-a-faire-un-prochain-mandat-economique-par-excellence\/\"]}]},{\"@type\":\"ImageObject\",\"inLanguage\":\"fr-FR\",\"@id\":\"https:\/\/elmawkie.dz\/fr\/abdelmadjid-tebboune-sest-engage-a-faire-un-prochain-mandat-economique-par-excellence\/#primaryimage\",\"url\":\"https:\/\/elmawkie.dz\/fr\/wp-content\/uploads\/2024\/08\/IMG_0300.jpeg\",\"contentUrl\":\"https:\/\/elmawkie.dz\/fr\/wp-content\/uploads\/2024\/08\/IMG_0300.jpeg\",\"width\":1080,\"height\":720},{\"@type\":\"BreadcrumbList\",\"@id\":\"https:\/\/elmawkie.dz\/fr\/abdelmadjid-tebboune-sest-engage-a-faire-un-prochain-mandat-economique-par-excellence\/#breadcrumb\",\"itemListElement\":[{\"@type\":\"ListItem\",\"position\":1,\"name\":\"Home\",\"item\":\"https:\/\/elmawkie.dz\/fr\/\"},{\"@type\":\"ListItem\",\"position\":2,\"name\":\"Abdelmadjid Tebboune s&rsquo;est engag\u00e9 \u00e0 faire \u00ab\u00a0un prochain mandat \u00e9conomique par excellence\u00a0\u00bb\"}]},{\"@type\":\"WebSite\",\"@id\":\"https:\/\/elmawkie.dz\/fr\/#website\",\"url\":\"https:\/\/elmawkie.dz\/fr\/\",\"name\":\"EL MAWKIE\",\"description\":\"Journal \u00c9lectronique Alg\u00e9rien\",\"publisher\":{\"@id\":\"https:\/\/elmawkie.dz\/fr\/#organization\"},\"potentialAction\":[{\"@type\":\"SearchAction\",\"target\":{\"@type\":\"EntryPoint\",\"urlTemplate\":\"https:\/\/elmawkie.dz\/fr\/?s={search_term_string}\"},\"query-input\":\"required name=search_term_string\"}],\"inLanguage\":\"fr-FR\"},{\"@type\":\"Organization\",\"@id\":\"https:\/\/elmawkie.dz\/fr\/#organization\",\"name\":\"EL MAWKIE\",\"url\":\"https:\/\/elmawkie.dz\/fr\/\",\"logo\":{\"@type\":\"ImageObject\",\"inLanguage\":\"fr-FR\",\"@id\":\"https:\/\/elmawkie.dz\/fr\/#\/schema\/logo\/image\/\",\"url\":\"https:\/\/elmawkie.dz\/fr\/wp-content\/uploads\/2024\/05\/logo1.png\",\"contentUrl\":\"https:\/\/elmawkie.dz\/fr\/wp-content\/uploads\/2024\/05\/logo1.png\",\"width\":1648,\"height\":652,\"caption\":\"EL MAWKIE\"},\"image\":{\"@id\":\"https:\/\/elmawkie.dz\/fr\/#\/schema\/logo\/image\/\"},\"sameAs\":[\"https:\/\/www.facebook.com\/profile.php?id=100088407094989&locale=fr_FR\"]},{\"@type\":\"Person\",\"@id\":\"https:\/\/elmawkie.dz\/fr\/#\/schema\/person\/4ed8433201bc23634185d8dd37097c64\",\"name\":\"Hamra Fouzia\",\"image\":{\"@type\":\"ImageObject\",\"inLanguage\":\"fr-FR\",\"@id\":\"https:\/\/elmawkie.dz\/fr\/#\/schema\/person\/image\/\",\"url\":\"https:\/\/secure.gravatar.com\/avatar\/ea215268aad51f3219f9a59227db6fa1?s=96&d=mm&r=g\",\"contentUrl\":\"https:\/\/secure.gravatar.com\/avatar\/ea215268aad51f3219f9a59227db6fa1?s=96&d=mm&r=g\",\"caption\":\"Hamra Fouzia\"},\"sameAs\":[\"https:\/\/elmawkie.dz\/fr\"],\"url\":\"https:\/\/elmawkie.dz\/fr\/author\/elmawkie\/\"}]}<\/script>\n<!-- \/ Yoast SEO Premium plugin. -->","yoast_head_json":{"title":"Abdelmadjid Tebboune s'est engag\u00e9 \u00e0 faire \"un prochain mandat \u00e9conomique par excellence\" - El Mawkie","robots":{"index":"index","follow":"follow","max-snippet":"max-snippet:-1","max-image-preview":"max-image-preview:large","max-video-preview":"max-video-preview:-1"},"canonical":"https:\/\/elmawkie.dz\/fr\/abdelmadjid-tebboune-sest-engage-a-faire-un-prochain-mandat-economique-par-excellence\/","og_locale":"fr_FR","og_type":"article","og_title":"Abdelmadjid Tebboune s'est engag\u00e9 \u00e0 faire \"un prochain mandat \u00e9conomique par excellence\"","og_description":"CONSTANTINE &#8211; Le candidat ind\u00e9pendant \u00e0 la Pr\u00e9sidentielle du 7 septembre prochain, M. Abdelmadjid Tebboune, s&rsquo;est engag\u00e9, dimanche depuis Constantine, \u00e0 r\u00e9aliser deux millions de logements, toutes formules confondues, et \u00e0 r\u00e9viser les codes communal et de wilaya afin de conf\u00e9rer de plus larges pr\u00e9rogatives aux \u00e9lus locaux. Animant un meeting \u00e0 la salle Ahmed-Bey &hellip;","og_url":"https:\/\/elmawkie.dz\/fr\/abdelmadjid-tebboune-sest-engage-a-faire-un-prochain-mandat-economique-par-excellence\/","og_site_name":"El Mawkie","article_publisher":"https:\/\/www.facebook.com\/profile.php?id=100088407094989&locale=fr_FR","article_published_time":"2024-08-19T00:41:15+00:00","og_image":[{"width":1080,"height":720,"url":"https:\/\/elmawkie.dz\/fr\/wp-content\/uploads\/2024\/08\/IMG_0300.jpeg","type":"image\/jpeg"}],"author":"Hamra Fouzia","twitter_card":"summary_large_image","twitter_misc":{"Written by":"Hamra Fouzia","Est. reading time":"3 minutes"},"schema":{"@context":"https:\/\/schema.org","@graph":[{"@type":"Article","@id":"https:\/\/elmawkie.dz\/fr\/abdelmadjid-tebboune-sest-engage-a-faire-un-prochain-mandat-economique-par-excellence\/#article","isPartOf":{"@id":"https:\/\/elmawkie.dz\/fr\/abdelmadjid-tebboune-sest-engage-a-faire-un-prochain-mandat-economique-par-excellence\/"},"author":{"name":"Hamra Fouzia","@id":"https:\/\/elmawkie.dz\/fr\/#\/schema\/person\/4ed8433201bc23634185d8dd37097c64"},"headline":"Abdelmadjid Tebboune s&rsquo;est engag\u00e9 \u00e0 faire \u00ab\u00a0un prochain mandat \u00e9conomique par excellence\u00a0\u00bb","datePublished":"2024-08-19T00:41:15+00:00","dateModified":"2024-08-19T00:41:15+00:00","mainEntityOfPage":{"@id":"https:\/\/elmawkie.dz\/fr\/abdelmadjid-tebboune-sest-engage-a-faire-un-prochain-mandat-economique-par-excellence\/"},"wordCount":570,"commentCount":0,"publisher":{"@id":"https:\/\/elmawkie.dz\/fr\/#organization"},"image":{"@id":"https:\/\/elmawkie.dz\/fr\/abdelmadjid-tebboune-sest-engage-a-faire-un-prochain-mandat-economique-par-excellence\/#primaryimage"},"thumbnailUrl":"https:\/\/elmawkie.dz\/fr\/wp-content\/uploads\/2024\/08\/IMG_0300.jpeg","keywords":["Abdelmadjid Tebboune","Election pr\u00e9sidentielle"],"articleSection":["National"],"inLanguage":"fr-FR","potentialAction":[{"@type":"CommentAction","name":"Comment","target":["https:\/\/elmawkie.dz\/fr\/abdelmadjid-tebboune-sest-engage-a-faire-un-prochain-mandat-economique-par-excellence\/#respond"]}]},{"@type":"WebPage","@id":"https:\/\/elmawkie.dz\/fr\/abdelmadjid-tebboune-sest-engage-a-faire-un-prochain-mandat-economique-par-excellence\/","url":"https:\/\/elmawkie.dz\/fr\/abdelmadjid-tebboune-sest-engage-a-faire-un-prochain-mandat-economique-par-excellence\/","name":"Abdelmadjid Tebboune s'est engag\u00e9 \u00e0 faire \"un prochain mandat \u00e9conomique par excellence\" - El Mawkie","isPartOf":{"@id":"https:\/\/elmawkie.dz\/fr\/#website"},"primaryImageOfPage":{"@id":"https:\/\/elmawkie.dz\/fr\/abdelmadjid-tebboune-sest-engage-a-faire-un-prochain-mandat-economique-par-excellence\/#primaryimage"},"image":{"@id":"https:\/\/elmawkie.dz\/fr\/abdelmadjid-tebboune-sest-engage-a-faire-un-prochain-mandat-economique-par-excellence\/#primaryimage"},"thumbnailUrl":"https:\/\/elmawkie.dz\/fr\/wp-content\/uploads\/2024\/08\/IMG_0300.jpeg","datePublished":"2024-08-19T00:41:15+00:00","dateModified":"2024-08-19T00:41:15+00:00","breadcrumb":{"@id":"https:\/\/elmawkie.dz\/fr\/abdelmadjid-tebboune-sest-engage-a-faire-un-prochain-mandat-economique-par-excellence\/#breadcrumb"},"inLanguage":"fr-FR","potentialAction":[{"@type":"ReadAction","target":["https:\/\/elmawkie.dz\/fr\/abdelmadjid-tebboune-sest-engage-a-faire-un-prochain-mandat-economique-par-excellence\/"]}]},{"@type":"ImageObject","inLanguage":"fr-FR","@id":"https:\/\/elmawkie.dz\/fr\/abdelmadjid-tebboune-sest-engage-a-faire-un-prochain-mandat-economique-par-excellence\/#primaryimage","url":"https:\/\/elmawkie.dz\/fr\/wp-content\/uploads\/2024\/08\/IMG_0300.jpeg","contentUrl":"https:\/\/elmawkie.dz\/fr\/wp-content\/uploads\/2024\/08\/IMG_0300.jpeg","width":1080,"height":720},{"@type":"BreadcrumbList","@id":"https:\/\/elmawkie.dz\/fr\/abdelmadjid-tebboune-sest-engage-a-faire-un-prochain-mandat-economique-par-excellence\/#breadcrumb","itemListElement":[{"@type":"ListItem","position":1,"name":"Home","item":"https:\/\/elmawkie.dz\/fr\/"},{"@type":"ListItem","position":2,"name":"Abdelmadjid Tebboune s&rsquo;est engag\u00e9 \u00e0 faire \u00ab\u00a0un prochain mandat \u00e9conomique par excellence\u00a0\u00bb"}]},{"@type":"WebSite","@id":"https:\/\/elmawkie.dz\/fr\/#website","url":"https:\/\/elmawkie.dz\/fr\/","name":"EL MAWKIE","description":"Journal \u00c9lectronique Alg\u00e9rien","publisher":{"@id":"https:\/\/elmawkie.dz\/fr\/#organization"},"potentialAction":[{"@type":"SearchAction","target":{"@type":"EntryPoint","urlTemplate":"https:\/\/elmawkie.dz\/fr\/?s={search_term_string}"},"query-input":"required name=search_term_string"}],"inLanguage":"fr-FR"},{"@type":"Organization","@id":"https:\/\/elmawkie.dz\/fr\/#organization","name":"EL MAWKIE","url":"https:\/\/elmawkie.dz\/fr\/","logo":{"@type":"ImageObject","inLanguage":"fr-FR","@id":"https:\/\/elmawkie.dz\/fr\/#\/schema\/logo\/image\/","url":"https:\/\/elmawkie.dz\/fr\/wp-content\/uploads\/2024\/05\/logo1.png","contentUrl":"https:\/\/elmawkie.dz\/fr\/wp-content\/uploads\/2024\/05\/logo1.png","width":1648,"height":652,"caption":"EL MAWKIE"},"image":{"@id":"https:\/\/elmawkie.dz\/fr\/#\/schema\/logo\/image\/"},"sameAs":["https:\/\/www.facebook.com\/profile.php?id=100088407094989&locale=fr_FR"]},{"@type":"Person","@id":"https:\/\/elmawkie.dz\/fr\/#\/schema\/person\/4ed8433201bc23634185d8dd37097c64","name":"Hamra Fouzia","image":{"@type":"ImageObject","inLanguage":"fr-FR","@id":"https:\/\/elmawkie.dz\/fr\/#\/schema\/person\/image\/","url":"https:\/\/secure.gravatar.com\/avatar\/ea215268aad51f3219f9a59227db6fa1?s=96&d=mm&r=g","contentUrl":"https:\/\/secure.gravatar.com\/avatar\/ea215268aad51f3219f9a59227db6fa1?s=96&d=mm&r=g","caption":"Hamra Fouzia"},"sameAs":["https:\/\/elmawkie.dz\/fr"],"url":"https:\/\/elmawkie.dz\/fr\/author\/elmawkie\/"}]}},"_links":{"self":[{"href":"https:\/\/elmawkie.dz\/fr\/wp-json\/wp\/v2\/posts\/4004","targetHints":{"allow":["GET"]}}],"collection":[{"href":"https:\/\/elmawkie.dz\/fr\/wp-json\/wp\/v2\/posts"}],"about":[{"href":"https:\/\/elmawkie.dz\/fr\/wp-json\/wp\/v2\/types\/post"}],"author":[{"embeddable":true,"href":"https:\/\/elmawkie.dz\/fr\/wp-json\/wp\/v2\/users\/3"}],"replies":[{"embeddable":true,"href":"https:\/\/elmawkie.dz\/fr\/wp-json\/wp\/v2\/comments?post=4004"}],"version-history":[{"count":0,"href":"https:\/\/elmawkie.dz\/fr\/wp-json\/wp\/v2\/posts\/4004\/revisions"}],"wp:featuredmedia":[{"embeddable":true,"href":"https:\/\/elmawkie.dz\/fr\/wp-json\/wp\/v2\/media\/4006"}],"wp:attachment":[{"href":"https:\/\/elmawkie.dz\/fr\/wp-json\/wp\/v2\/media?parent=4004"}],"wp:term":[{"taxonomy":"category","embeddable":true,"href":"https:\/\/elmawkie.dz\/fr\/wp-json\/wp\/v2\/categories?post=4004"},{"taxonomy":"post_tag","embeddable":true,"href":"https:\/\/elmawkie.dz\/fr\/wp-json\/wp\/v2\/tags?post=4004"}],"curies":[{"name":"wp","href":"https:\/\/api.w.org\/{rel}","templated":true}]}}