{"id":373,"date":"2024-05-12T22:07:32","date_gmt":"2024-05-12T22:07:32","guid":{"rendered":"https:\/\/elmawkie.dz\/fr\/?p=373"},"modified":"2024-05-16T14:13:14","modified_gmt":"2024-05-16T14:13:14","slug":"condoleances-du-president-de-la-republique-aux-familles-des-enfants-victimes-de-la-tragedie-des-sablettes","status":"publish","type":"post","link":"https:\/\/elmawkie.dz\/fr\/condoleances-du-president-de-la-republique-aux-familles-des-enfants-victimes-de-la-tragedie-des-sablettes\/","title":{"rendered":"Condol\u00e9ances Du Pr\u00e9sident De La R\u00e9publique Aux Familles Des Enfants Victimes De La Trag\u00e9die  Des Sablettes"},"content":{"rendered":"<div class=\"itemIntroText col-xs-hidden \">\n<p><strong>\u00a0Le pr\u00e9sident de la R\u00e9publique, M. Abdelmadjid Tebboune a pr\u00e9sent\u00e9, dimanche, ses sinc\u00e8res condol\u00e9ances et a exprim\u00e9 sa profonde compassion aux familles des cinq enfants d\u00e9c\u00e9d\u00e9s par noyade au niveau de la Promenade des Sablettes, indique un communiqu\u00e9 de la pr\u00e9sidence de la r\u00e9publique.<\/strong><\/p>\n<\/div>\n<p><!--more--><\/p>\n<div class=\"itemFullText\">\n<p>C&rsquo;est avec une profonde consternation et une immense douleur que nous venons de perdre, tout comme les familles endeuill\u00e9es, nos enfants \u00e0 la fleur de l&rsquo;\u00e2ge qui ont rendu l&rsquo;\u00e2me dans une terrible trag\u00e9die \u00e0 la Promenade des Sablettes \u00e0 Alger, morts par noyade alors qu&rsquo;ils venaient d&rsquo;arriver de la ville de M\u00e9d\u00e9a pour une excursion\u00a0\u00bb, a \u00e9crit le pr\u00e9sident de la R\u00e9publique dans son message de condol\u00e9ances.<\/p>\n<blockquote><p><em><strong>\u00ab\u00a0En cette p\u00e9nible \u00e9preuve et en ces moments \u00f4 combien douloureux que nous partageons avec les parents, les proches et les amis des victimes: Mahmoudi Hamza, Ben Kaida Soha\u00efb, Rabehi Anas, Deroua\u00efa Alaeddine et Ben Kaida Younes Abdelmoutalib, je tiens \u00e0 leur pr\u00e9senter, eux qui s&rsquo;arment de patience et de foi face \u00e0 cette circonstance \u00e9prouvante, mes condol\u00e9ances les plus attrist\u00e9es et ma profonde compassion, priant Allah le Tout Puissant de leur pr\u00eater patience et r\u00e9confort ainsi qu&rsquo;un prompt r\u00e9tablissement aux camarades des victimes qui re\u00e7oivent les soins\u00a0\u00bb.<\/strong><\/em><\/p><\/blockquote>\n<\/div>\n<p>&nbsp;<\/p>\n<p><!--more--><\/p>\n","protected":false},"excerpt":{"rendered":"<p>\u00a0Le pr\u00e9sident de la R\u00e9publique, M. Abdelmadjid Tebboune a pr\u00e9sent\u00e9, dimanche, ses sinc\u00e8res condol\u00e9ances et a exprim\u00e9 sa profonde compassion aux familles des cinq enfants d\u00e9c\u00e9d\u00e9s par noyade au niveau de la Promenade des Sablettes, indique un communiqu\u00e9 de la pr\u00e9sidence de la r\u00e9publique. C&rsquo;est avec une profonde consternation et une immense douleur que nous &hellip;<\/p>\n","protected":false},"author":3,"featured_media":374,"comment_status":"open","ping_status":"open","sticky":false,"template":"","format":"standard","meta":{"footnotes":""},"categories":[47],"tags":[],"class_list":["post-373","post","type-post","status-publish","format-standard","has-post-thumbnail","hentry","category-national"],"yoast_head":"<!-- This site is optimized with the Yoast SEO Premium plugin v22.6 (Yoast SEO v22.6) - https:\/\/yoast.com\/wordpress\/plugins\/seo\/ -->\n<title>Condol\u00e9ances Du Pr\u00e9sident De La R\u00e9publique Aux Familles Des Enfants Victimes De La Trag\u00e9die Des Sablettes - El Mawkie<\/title>\n<meta name=\"robots\" content=\"index, follow, max-snippet:-1, max-image-preview:large, max-video-preview:-1\" \/>\n<link rel=\"canonical\" href=\"https:\/\/elmawkie.dz\/fr\/condoleances-du-president-de-la-republique-aux-familles-des-enfants-victimes-de-la-tragedie-des-sablettes\/\" \/>\n<meta property=\"og:locale\" content=\"fr_FR\" \/>\n<meta property=\"og:type\" content=\"article\" \/>\n<meta property=\"og:title\" content=\"Condol\u00e9ances Du Pr\u00e9sident De La R\u00e9publique Aux Familles Des Enfants Victimes De La Trag\u00e9die Des Sablettes\" \/>\n<meta property=\"og:description\" content=\"\u00a0Le pr\u00e9sident de la R\u00e9publique, M. Abdelmadjid Tebboune a pr\u00e9sent\u00e9, dimanche, ses sinc\u00e8res condol\u00e9ances et a exprim\u00e9 sa profonde compassion aux familles des cinq enfants d\u00e9c\u00e9d\u00e9s par noyade au niveau de la Promenade des Sablettes, indique un communiqu\u00e9 de la pr\u00e9sidence de la r\u00e9publique. C&rsquo;est avec une profonde consternation et une immense douleur que nous &hellip;\" \/>\n<meta property=\"og:url\" content=\"https:\/\/elmawkie.dz\/fr\/condoleances-du-president-de-la-republique-aux-familles-des-enfants-victimes-de-la-tragedie-des-sablettes\/\" \/>\n<meta property=\"og:site_name\" content=\"El Mawkie\" \/>\n<meta property=\"article:publisher\" content=\"https:\/\/www.facebook.com\/profile.php?id=100088407094989&amp;locale=fr_FR\" \/>\n<meta property=\"article:published_time\" content=\"2024-05-12T22:07:32+00:00\" \/>\n<meta property=\"article:modified_time\" content=\"2024-05-16T14:13:14+00:00\" \/>\n<meta property=\"og:image\" content=\"https:\/\/elmawkie.dz\/fr\/wp-content\/uploads\/2024\/05\/IMG_5299.jpeg\" \/>\n\t<meta property=\"og:image:width\" content=\"283\" \/>\n\t<meta property=\"og:image:height\" content=\"178\" \/>\n\t<meta property=\"og:image:type\" content=\"image\/jpeg\" \/>\n<meta name=\"author\" content=\"Hamra Fouzia\" \/>\n<meta name=\"twitter:card\" content=\"summary_large_image\" \/>\n<meta name=\"twitter:label1\" content=\"Written by\" \/>\n\t<meta name=\"twitter:data1\" content=\"Hamra Fouzia\" \/>\n\t<meta name=\"twitter:label2\" content=\"Est. reading time\" \/>\n\t<meta name=\"twitter:data2\" content=\"1 minute\" \/>\n<script type=\"application\/ld+json\" class=\"yoast-schema-graph\">{\"@context\":\"https:\/\/schema.org\",\"@graph\":[{\"@type\":\"Article\",\"@id\":\"https:\/\/elmawkie.dz\/fr\/condoleances-du-president-de-la-republique-aux-familles-des-enfants-victimes-de-la-tragedie-des-sablettes\/#article\",\"isPartOf\":{\"@id\":\"https:\/\/elmawkie.dz\/fr\/condoleances-du-president-de-la-republique-aux-familles-des-enfants-victimes-de-la-tragedie-des-sablettes\/\"},\"author\":{\"name\":\"Hamra Fouzia\",\"@id\":\"https:\/\/elmawkie.dz\/fr\/#\/schema\/person\/4ed8433201bc23634185d8dd37097c64\"},\"headline\":\"Condol\u00e9ances Du Pr\u00e9sident De La R\u00e9publique Aux Familles Des Enfants Victimes De La Trag\u00e9die Des Sablettes\",\"datePublished\":\"2024-05-12T22:07:32+00:00\",\"dateModified\":\"2024-05-16T14:13:14+00:00\",\"mainEntityOfPage\":{\"@id\":\"https:\/\/elmawkie.dz\/fr\/condoleances-du-president-de-la-republique-aux-familles-des-enfants-victimes-de-la-tragedie-des-sablettes\/\"},\"wordCount\":249,\"commentCount\":0,\"publisher\":{\"@id\":\"https:\/\/elmawkie.dz\/fr\/#organization\"},\"image\":{\"@id\":\"https:\/\/elmawkie.dz\/fr\/condoleances-du-president-de-la-republique-aux-familles-des-enfants-victimes-de-la-tragedie-des-sablettes\/#primaryimage\"},\"thumbnailUrl\":\"https:\/\/elmawkie.dz\/fr\/wp-content\/uploads\/2024\/05\/IMG_5299.jpeg\",\"articleSection\":[\"National\"],\"inLanguage\":\"fr-FR\",\"potentialAction\":[{\"@type\":\"CommentAction\",\"name\":\"Comment\",\"target\":[\"https:\/\/elmawkie.dz\/fr\/condoleances-du-president-de-la-republique-aux-familles-des-enfants-victimes-de-la-tragedie-des-sablettes\/#respond\"]}]},{\"@type\":\"WebPage\",\"@id\":\"https:\/\/elmawkie.dz\/fr\/condoleances-du-president-de-la-republique-aux-familles-des-enfants-victimes-de-la-tragedie-des-sablettes\/\",\"url\":\"https:\/\/elmawkie.dz\/fr\/condoleances-du-president-de-la-republique-aux-familles-des-enfants-victimes-de-la-tragedie-des-sablettes\/\",\"name\":\"Condol\u00e9ances Du Pr\u00e9sident De La R\u00e9publique Aux Familles Des Enfants Victimes De La Trag\u00e9die Des Sablettes - El Mawkie\",\"isPartOf\":{\"@id\":\"https:\/\/elmawkie.dz\/fr\/#website\"},\"primaryImageOfPage\":{\"@id\":\"https:\/\/elmawkie.dz\/fr\/condoleances-du-president-de-la-republique-aux-familles-des-enfants-victimes-de-la-tragedie-des-sablettes\/#primaryimage\"},\"image\":{\"@id\":\"https:\/\/elmawkie.dz\/fr\/condoleances-du-president-de-la-republique-aux-familles-des-enfants-victimes-de-la-tragedie-des-sablettes\/#primaryimage\"},\"thumbnailUrl\":\"https:\/\/elmawkie.dz\/fr\/wp-content\/uploads\/2024\/05\/IMG_5299.jpeg\",\"datePublished\":\"2024-05-12T22:07:32+00:00\",\"dateModified\":\"2024-05-16T14:13:14+00:00\",\"breadcrumb\":{\"@id\":\"https:\/\/elmawkie.dz\/fr\/condoleances-du-president-de-la-republique-aux-familles-des-enfants-victimes-de-la-tragedie-des-sablettes\/#breadcrumb\"},\"inLanguage\":\"fr-FR\",\"potentialAction\":[{\"@type\":\"ReadAction\",\"target\":[\"https:\/\/elmawkie.dz\/fr\/condoleances-du-president-de-la-republique-aux-familles-des-enfants-victimes-de-la-tragedie-des-sablettes\/\"]}]},{\"@type\":\"ImageObject\",\"inLanguage\":\"fr-FR\",\"@id\":\"https:\/\/elmawkie.dz\/fr\/condoleances-du-president-de-la-republique-aux-familles-des-enfants-victimes-de-la-tragedie-des-sablettes\/#primaryimage\",\"url\":\"https:\/\/elmawkie.dz\/fr\/wp-content\/uploads\/2024\/05\/IMG_5299.jpeg\",\"contentUrl\":\"https:\/\/elmawkie.dz\/fr\/wp-content\/uploads\/2024\/05\/IMG_5299.jpeg\",\"width\":283,\"height\":178},{\"@type\":\"BreadcrumbList\",\"@id\":\"https:\/\/elmawkie.dz\/fr\/condoleances-du-president-de-la-republique-aux-familles-des-enfants-victimes-de-la-tragedie-des-sablettes\/#breadcrumb\",\"itemListElement\":[{\"@type\":\"ListItem\",\"position\":1,\"name\":\"Home\",\"item\":\"https:\/\/elmawkie.dz\/fr\/\"},{\"@type\":\"ListItem\",\"position\":2,\"name\":\"Condol\u00e9ances Du Pr\u00e9sident De La R\u00e9publique Aux Familles Des Enfants Victimes De La Trag\u00e9die Des Sablettes\"}]},{\"@type\":\"WebSite\",\"@id\":\"https:\/\/elmawkie.dz\/fr\/#website\",\"url\":\"https:\/\/elmawkie.dz\/fr\/\",\"name\":\"EL MAWKIE\",\"description\":\"Journal \u00c9lectronique Alg\u00e9rien\",\"publisher\":{\"@id\":\"https:\/\/elmawkie.dz\/fr\/#organization\"},\"potentialAction\":[{\"@type\":\"SearchAction\",\"target\":{\"@type\":\"EntryPoint\",\"urlTemplate\":\"https:\/\/elmawkie.dz\/fr\/?s={search_term_string}\"},\"query-input\":\"required name=search_term_string\"}],\"inLanguage\":\"fr-FR\"},{\"@type\":\"Organization\",\"@id\":\"https:\/\/elmawkie.dz\/fr\/#organization\",\"name\":\"EL MAWKIE\",\"url\":\"https:\/\/elmawkie.dz\/fr\/\",\"logo\":{\"@type\":\"ImageObject\",\"inLanguage\":\"fr-FR\",\"@id\":\"https:\/\/elmawkie.dz\/fr\/#\/schema\/logo\/image\/\",\"url\":\"https:\/\/elmawkie.dz\/fr\/wp-content\/uploads\/2024\/05\/logo1.png\",\"contentUrl\":\"https:\/\/elmawkie.dz\/fr\/wp-content\/uploads\/2024\/05\/logo1.png\",\"width\":1648,\"height\":652,\"caption\":\"EL MAWKIE\"},\"image\":{\"@id\":\"https:\/\/elmawkie.dz\/fr\/#\/schema\/logo\/image\/\"},\"sameAs\":[\"https:\/\/www.facebook.com\/profile.php?id=100088407094989&locale=fr_FR\"]},{\"@type\":\"Person\",\"@id\":\"https:\/\/elmawkie.dz\/fr\/#\/schema\/person\/4ed8433201bc23634185d8dd37097c64\",\"name\":\"Hamra Fouzia\",\"image\":{\"@type\":\"ImageObject\",\"inLanguage\":\"fr-FR\",\"@id\":\"https:\/\/elmawkie.dz\/fr\/#\/schema\/person\/image\/\",\"url\":\"https:\/\/secure.gravatar.com\/avatar\/ea215268aad51f3219f9a59227db6fa1?s=96&d=mm&r=g\",\"contentUrl\":\"https:\/\/secure.gravatar.com\/avatar\/ea215268aad51f3219f9a59227db6fa1?s=96&d=mm&r=g\",\"caption\":\"Hamra Fouzia\"},\"sameAs\":[\"https:\/\/elmawkie.dz\/fr\"],\"url\":\"https:\/\/elmawkie.dz\/fr\/author\/elmawkie\/\"}]}<\/script>\n<!-- \/ Yoast SEO Premium plugin. -->","yoast_head_json":{"title":"Condol\u00e9ances Du Pr\u00e9sident De La R\u00e9publique Aux Familles Des Enfants Victimes De La Trag\u00e9die Des Sablettes - El Mawkie","robots":{"index":"index","follow":"follow","max-snippet":"max-snippet:-1","max-image-preview":"max-image-preview:large","max-video-preview":"max-video-preview:-1"},"canonical":"https:\/\/elmawkie.dz\/fr\/condoleances-du-president-de-la-republique-aux-familles-des-enfants-victimes-de-la-tragedie-des-sablettes\/","og_locale":"fr_FR","og_type":"article","og_title":"Condol\u00e9ances Du Pr\u00e9sident De La R\u00e9publique Aux Familles Des Enfants Victimes De La Trag\u00e9die Des Sablettes","og_description":"\u00a0Le pr\u00e9sident de la R\u00e9publique, M. Abdelmadjid Tebboune a pr\u00e9sent\u00e9, dimanche, ses sinc\u00e8res condol\u00e9ances et a exprim\u00e9 sa profonde compassion aux familles des cinq enfants d\u00e9c\u00e9d\u00e9s par noyade au niveau de la Promenade des Sablettes, indique un communiqu\u00e9 de la pr\u00e9sidence de la r\u00e9publique. C&rsquo;est avec une profonde consternation et une immense douleur que nous &hellip;","og_url":"https:\/\/elmawkie.dz\/fr\/condoleances-du-president-de-la-republique-aux-familles-des-enfants-victimes-de-la-tragedie-des-sablettes\/","og_site_name":"El Mawkie","article_publisher":"https:\/\/www.facebook.com\/profile.php?id=100088407094989&locale=fr_FR","article_published_time":"2024-05-12T22:07:32+00:00","article_modified_time":"2024-05-16T14:13:14+00:00","og_image":[{"width":283,"height":178,"url":"https:\/\/elmawkie.dz\/fr\/wp-content\/uploads\/2024\/05\/IMG_5299.jpeg","type":"image\/jpeg"}],"author":"Hamra Fouzia","twitter_card":"summary_large_image","twitter_misc":{"Written by":"Hamra Fouzia","Est. reading time":"1 minute"},"schema":{"@context":"https:\/\/schema.org","@graph":[{"@type":"Article","@id":"https:\/\/elmawkie.dz\/fr\/condoleances-du-president-de-la-republique-aux-familles-des-enfants-victimes-de-la-tragedie-des-sablettes\/#article","isPartOf":{"@id":"https:\/\/elmawkie.dz\/fr\/condoleances-du-president-de-la-republique-aux-familles-des-enfants-victimes-de-la-tragedie-des-sablettes\/"},"author":{"name":"Hamra Fouzia","@id":"https:\/\/elmawkie.dz\/fr\/#\/schema\/person\/4ed8433201bc23634185d8dd37097c64"},"headline":"Condol\u00e9ances Du Pr\u00e9sident De La R\u00e9publique Aux Familles Des Enfants Victimes De La Trag\u00e9die Des Sablettes","datePublished":"2024-05-12T22:07:32+00:00","dateModified":"2024-05-16T14:13:14+00:00","mainEntityOfPage":{"@id":"https:\/\/elmawkie.dz\/fr\/condoleances-du-president-de-la-republique-aux-familles-des-enfants-victimes-de-la-tragedie-des-sablettes\/"},"wordCount":249,"commentCount":0,"publisher":{"@id":"https:\/\/elmawkie.dz\/fr\/#organization"},"image":{"@id":"https:\/\/elmawkie.dz\/fr\/condoleances-du-president-de-la-republique-aux-familles-des-enfants-victimes-de-la-tragedie-des-sablettes\/#primaryimage"},"thumbnailUrl":"https:\/\/elmawkie.dz\/fr\/wp-content\/uploads\/2024\/05\/IMG_5299.jpeg","articleSection":["National"],"inLanguage":"fr-FR","potentialAction":[{"@type":"CommentAction","name":"Comment","target":["https:\/\/elmawkie.dz\/fr\/condoleances-du-president-de-la-republique-aux-familles-des-enfants-victimes-de-la-tragedie-des-sablettes\/#respond"]}]},{"@type":"WebPage","@id":"https:\/\/elmawkie.dz\/fr\/condoleances-du-president-de-la-republique-aux-familles-des-enfants-victimes-de-la-tragedie-des-sablettes\/","url":"https:\/\/elmawkie.dz\/fr\/condoleances-du-president-de-la-republique-aux-familles-des-enfants-victimes-de-la-tragedie-des-sablettes\/","name":"Condol\u00e9ances Du Pr\u00e9sident De La R\u00e9publique Aux Familles Des Enfants Victimes De La Trag\u00e9die Des Sablettes - El Mawkie","isPartOf":{"@id":"https:\/\/elmawkie.dz\/fr\/#website"},"primaryImageOfPage":{"@id":"https:\/\/elmawkie.dz\/fr\/condoleances-du-president-de-la-republique-aux-familles-des-enfants-victimes-de-la-tragedie-des-sablettes\/#primaryimage"},"image":{"@id":"https:\/\/elmawkie.dz\/fr\/condoleances-du-president-de-la-republique-aux-familles-des-enfants-victimes-de-la-tragedie-des-sablettes\/#primaryimage"},"thumbnailUrl":"https:\/\/elmawkie.dz\/fr\/wp-content\/uploads\/2024\/05\/IMG_5299.jpeg","datePublished":"2024-05-12T22:07:32+00:00","dateModified":"2024-05-16T14:13:14+00:00","breadcrumb":{"@id":"https:\/\/elmawkie.dz\/fr\/condoleances-du-president-de-la-republique-aux-familles-des-enfants-victimes-de-la-tragedie-des-sablettes\/#breadcrumb"},"inLanguage":"fr-FR","potentialAction":[{"@type":"ReadAction","target":["https:\/\/elmawkie.dz\/fr\/condoleances-du-president-de-la-republique-aux-familles-des-enfants-victimes-de-la-tragedie-des-sablettes\/"]}]},{"@type":"ImageObject","inLanguage":"fr-FR","@id":"https:\/\/elmawkie.dz\/fr\/condoleances-du-president-de-la-republique-aux-familles-des-enfants-victimes-de-la-tragedie-des-sablettes\/#primaryimage","url":"https:\/\/elmawkie.dz\/fr\/wp-content\/uploads\/2024\/05\/IMG_5299.jpeg","contentUrl":"https:\/\/elmawkie.dz\/fr\/wp-content\/uploads\/2024\/05\/IMG_5299.jpeg","width":283,"height":178},{"@type":"BreadcrumbList","@id":"https:\/\/elmawkie.dz\/fr\/condoleances-du-president-de-la-republique-aux-familles-des-enfants-victimes-de-la-tragedie-des-sablettes\/#breadcrumb","itemListElement":[{"@type":"ListItem","position":1,"name":"Home","item":"https:\/\/elmawkie.dz\/fr\/"},{"@type":"ListItem","position":2,"name":"Condol\u00e9ances Du Pr\u00e9sident De La R\u00e9publique Aux Familles Des Enfants Victimes De La Trag\u00e9die Des Sablettes"}]},{"@type":"WebSite","@id":"https:\/\/elmawkie.dz\/fr\/#website","url":"https:\/\/elmawkie.dz\/fr\/","name":"EL MAWKIE","description":"Journal \u00c9lectronique Alg\u00e9rien","publisher":{"@id":"https:\/\/elmawkie.dz\/fr\/#organization"},"potentialAction":[{"@type":"SearchAction","target":{"@type":"EntryPoint","urlTemplate":"https:\/\/elmawkie.dz\/fr\/?s={search_term_string}"},"query-input":"required name=search_term_string"}],"inLanguage":"fr-FR"},{"@type":"Organization","@id":"https:\/\/elmawkie.dz\/fr\/#organization","name":"EL MAWKIE","url":"https:\/\/elmawkie.dz\/fr\/","logo":{"@type":"ImageObject","inLanguage":"fr-FR","@id":"https:\/\/elmawkie.dz\/fr\/#\/schema\/logo\/image\/","url":"https:\/\/elmawkie.dz\/fr\/wp-content\/uploads\/2024\/05\/logo1.png","contentUrl":"https:\/\/elmawkie.dz\/fr\/wp-content\/uploads\/2024\/05\/logo1.png","width":1648,"height":652,"caption":"EL MAWKIE"},"image":{"@id":"https:\/\/elmawkie.dz\/fr\/#\/schema\/logo\/image\/"},"sameAs":["https:\/\/www.facebook.com\/profile.php?id=100088407094989&locale=fr_FR"]},{"@type":"Person","@id":"https:\/\/elmawkie.dz\/fr\/#\/schema\/person\/4ed8433201bc23634185d8dd37097c64","name":"Hamra Fouzia","image":{"@type":"ImageObject","inLanguage":"fr-FR","@id":"https:\/\/elmawkie.dz\/fr\/#\/schema\/person\/image\/","url":"https:\/\/secure.gravatar.com\/avatar\/ea215268aad51f3219f9a59227db6fa1?s=96&d=mm&r=g","contentUrl":"https:\/\/secure.gravatar.com\/avatar\/ea215268aad51f3219f9a59227db6fa1?s=96&d=mm&r=g","caption":"Hamra Fouzia"},"sameAs":["https:\/\/elmawkie.dz\/fr"],"url":"https:\/\/elmawkie.dz\/fr\/author\/elmawkie\/"}]}},"_links":{"self":[{"href":"https:\/\/elmawkie.dz\/fr\/wp-json\/wp\/v2\/posts\/373","targetHints":{"allow":["GET"]}}],"collection":[{"href":"https:\/\/elmawkie.dz\/fr\/wp-json\/wp\/v2\/posts"}],"about":[{"href":"https:\/\/elmawkie.dz\/fr\/wp-json\/wp\/v2\/types\/post"}],"author":[{"embeddable":true,"href":"https:\/\/elmawkie.dz\/fr\/wp-json\/wp\/v2\/users\/3"}],"replies":[{"embeddable":true,"href":"https:\/\/elmawkie.dz\/fr\/wp-json\/wp\/v2\/comments?post=373"}],"version-history":[{"count":0,"href":"https:\/\/elmawkie.dz\/fr\/wp-json\/wp\/v2\/posts\/373\/revisions"}],"wp:featuredmedia":[{"embeddable":true,"href":"https:\/\/elmawkie.dz\/fr\/wp-json\/wp\/v2\/media\/374"}],"wp:attachment":[{"href":"https:\/\/elmawkie.dz\/fr\/wp-json\/wp\/v2\/media?parent=373"}],"wp:term":[{"taxonomy":"category","embeddable":true,"href":"https:\/\/elmawkie.dz\/fr\/wp-json\/wp\/v2\/categories?post=373"},{"taxonomy":"post_tag","embeddable":true,"href":"https:\/\/elmawkie.dz\/fr\/wp-json\/wp\/v2\/tags?post=373"}],"curies":[{"name":"wp","href":"https:\/\/api.w.org\/{rel}","templated":true}]}}