{"id":3485,"date":"2024-07-31T22:25:16","date_gmt":"2024-07-31T21:25:16","guid":{"rendered":"https:\/\/elmawkie.dz\/fr\/?p=3485"},"modified":"2024-07-31T22:28:05","modified_gmt":"2024-07-31T21:28:05","slug":"le-ffs-condamne-fermement-lassassinat-dismail-haniyeh","status":"publish","type":"post","link":"https:\/\/elmawkie.dz\/fr\/le-ffs-condamne-fermement-lassassinat-dismail-haniyeh\/","title":{"rendered":"Le FFS condamne fermement l\u2019assassinat d\u2019Isma\u00efl Haniyeh"},"content":{"rendered":"<p><em><strong>Le Front des forces socialistes (FFS), a fermement condamn\u00e9, ce mercredi, l\u2019assassinat du chef du mouvement Hamas, le haut dirigeant Ismail Haniyeh,\u00a0dans une frappe sioniste \u00e0 T\u00e9h\u00e9ran (Iran) en marge de sa participation \u00e0 la c\u00e9r\u00e9monie d&rsquo;investiture du nouveau pr\u00e9sident iranien en R\u00e9publique Islamique de l\u2019Iran .<\/strong><\/em><\/p>\n<p><em>Dans un communiqu\u00e9 sign\u00e9 par son Premier secr\u00e9taire national, le candidat \u00e0 la pr\u00e9sidentielle M.Youcef Aouchiche, le FFS a condamn\u00e9 \u00a0\u00bb fermement l\u2019assassinat politique odieux d\u2019Isma\u00efl Han.iyeh, chef du bureau politique du Hamas et l\u2019un des leaders les plus importants des mouvements de la r\u00e9sistance palestinienne face \u00e0 l\u2019occupation sioniste et son projet colonialiste et expansionniste visant \u00e0 annexer l\u2019ensemble des territoires de la Palestine. Et ce, en violation flagrante des lois internationales et des principes fondamentaux des droits humains\u00a0\u00bb .<\/em><\/p>\n<p><em>Cela intervient dans le contexte de la guerre g\u00e9nocidaire que m\u00e8ne l\u2019arm\u00e9e isra\u00e9lienne \u00e0 Gaza depuis le 7 octobre dernier. Les attaques indiscrimin\u00e9es contre les civils, notamment les femmes et les enfants, se poursuivent, en d\u00e9pit de toutes les r\u00e9solutions des Nations Unies et les d\u00e9cisions de la justice internationale, \u00e0 t-il ajout\u00e9.<\/em><br \/>\n<em>\u00a0Le FFS exprime sa profonde inqui\u00e9tude \u00a0\u00bb \u00a0face \u00e0 la possibilit\u00e9 de la g\u00e9n\u00e9ralisation du conflit \u00e0 toute la r\u00e9gion, notamment en Iran et au Liban, dont la capitale Beyrouth a \u00e9t\u00e9 bombard\u00e9e hier. Cette escalade met en p\u00e9ril la stabilit\u00e9 de l&rsquo;ensemble du Moyen-Orient et pourrait entra\u00eener des cons\u00e9quences d\u00e9vastatrices pour la paix mondiale \u00a0\u00bb , pr\u00e9cise le communiqu\u00e9 du (FFS). \u00a0<\/em><br \/>\n<em><br \/>\nLe soutien inconditionnel et l\u2019impunit\u00e9 accord\u00e9e \u00a0\u00bb au gouvernement fasciste de l\u2019entit\u00e9 sioniste par ses alli\u00e9s occidentaux et arabes participent \u00e0 la perp\u00e9tuation de ses crimes et \u00e0 l&rsquo;application d\u2019un double standard honteux qui dissimule tr\u00e8s mal une vision raciste et n\u00e9o-colonialiste des relations internationales\u00a0\u00bba-t-il soutenu. <\/em><br \/>\n<em>Le FFS appelle \u00a0\u00bb la communaut\u00e9 internationale \u00e0 prendre ses responsabilit\u00e9s et \u00e0 r\u00e9agir avec plus de fermet\u00e9 afin de mettre un terme \u00e0 ces agissements criminels. Il est imp\u00e9ratif que l\u2019entit\u00e9 sioniste soit contrainte de respecter ses obligations internationales en mati\u00e8re de droits humains et les trait\u00e9s internationaux relatifs aux conflits politiques et arm\u00e9s. La protection des populations civiles et le respect de la souverainet\u00e9 des \u00c9tats doivent \u00eatre des priorit\u00e9s absolues pour garantir la paix et la justice dans la r\u00e9gion et dans le monde\u00a0\u00bb, conclut le communiqu\u00e9.\u00a0<\/em><\/p>\n","protected":false},"excerpt":{"rendered":"<p>Le Front des forces socialistes (FFS), a fermement condamn\u00e9, ce mercredi, l\u2019assassinat du chef du mouvement Hamas, le haut dirigeant Ismail Haniyeh,\u00a0dans une frappe sioniste \u00e0 T\u00e9h\u00e9ran (Iran) en marge de sa participation \u00e0 la c\u00e9r\u00e9monie d&rsquo;investiture du nouveau pr\u00e9sident iranien en R\u00e9publique Islamique de l\u2019Iran . Dans un communiqu\u00e9 sign\u00e9 par son Premier secr\u00e9taire &hellip;<\/p>\n","protected":false},"author":3,"featured_media":3486,"comment_status":"open","ping_status":"open","sticky":false,"template":"","format":"standard","meta":{"footnotes":""},"categories":[47],"tags":[],"class_list":["post-3485","post","type-post","status-publish","format-standard","has-post-thumbnail","hentry","category-national"],"yoast_head":"<!-- This site is optimized with the Yoast SEO Premium plugin v22.6 (Yoast SEO v22.6) - https:\/\/yoast.com\/wordpress\/plugins\/seo\/ -->\n<title>Le FFS condamne fermement l\u2019assassinat d\u2019Isma\u00efl Haniyeh - El Mawkie<\/title>\n<meta name=\"robots\" content=\"index, follow, max-snippet:-1, max-image-preview:large, max-video-preview:-1\" \/>\n<link rel=\"canonical\" href=\"https:\/\/elmawkie.dz\/fr\/le-ffs-condamne-fermement-lassassinat-dismail-haniyeh\/\" \/>\n<meta property=\"og:locale\" content=\"fr_FR\" \/>\n<meta property=\"og:type\" content=\"article\" \/>\n<meta property=\"og:title\" content=\"Le FFS condamne fermement l\u2019assassinat d\u2019Isma\u00efl Haniyeh\" \/>\n<meta property=\"og:description\" content=\"Le Front des forces socialistes (FFS), a fermement condamn\u00e9, ce mercredi, l\u2019assassinat du chef du mouvement Hamas, le haut dirigeant Ismail Haniyeh,\u00a0dans une frappe sioniste \u00e0 T\u00e9h\u00e9ran (Iran) en marge de sa participation \u00e0 la c\u00e9r\u00e9monie d&rsquo;investiture du nouveau pr\u00e9sident iranien en R\u00e9publique Islamique de l\u2019Iran . Dans un communiqu\u00e9 sign\u00e9 par son Premier secr\u00e9taire &hellip;\" \/>\n<meta property=\"og:url\" content=\"https:\/\/elmawkie.dz\/fr\/le-ffs-condamne-fermement-lassassinat-dismail-haniyeh\/\" \/>\n<meta property=\"og:site_name\" content=\"El Mawkie\" \/>\n<meta property=\"article:publisher\" content=\"https:\/\/www.facebook.com\/profile.php?id=100088407094989&amp;locale=fr_FR\" \/>\n<meta property=\"article:published_time\" content=\"2024-07-31T21:25:16+00:00\" \/>\n<meta property=\"article:modified_time\" content=\"2024-07-31T21:28:05+00:00\" \/>\n<meta property=\"og:image\" content=\"https:\/\/elmawkie.dz\/fr\/wp-content\/uploads\/2024\/07\/IMG_9290.webp\" \/>\n\t<meta property=\"og:image:width\" content=\"800\" \/>\n\t<meta property=\"og:image:height\" content=\"600\" \/>\n\t<meta property=\"og:image:type\" content=\"image\/webp\" \/>\n<meta name=\"author\" content=\"Hamra Fouzia\" \/>\n<meta name=\"twitter:card\" content=\"summary_large_image\" \/>\n<meta name=\"twitter:label1\" content=\"Written by\" \/>\n\t<meta name=\"twitter:data1\" content=\"Hamra Fouzia\" \/>\n\t<meta name=\"twitter:label2\" content=\"Est. reading time\" \/>\n\t<meta name=\"twitter:data2\" content=\"2 minutes\" \/>\n<script type=\"application\/ld+json\" class=\"yoast-schema-graph\">{\"@context\":\"https:\/\/schema.org\",\"@graph\":[{\"@type\":\"Article\",\"@id\":\"https:\/\/elmawkie.dz\/fr\/le-ffs-condamne-fermement-lassassinat-dismail-haniyeh\/#article\",\"isPartOf\":{\"@id\":\"https:\/\/elmawkie.dz\/fr\/le-ffs-condamne-fermement-lassassinat-dismail-haniyeh\/\"},\"author\":{\"name\":\"Hamra Fouzia\",\"@id\":\"https:\/\/elmawkie.dz\/fr\/#\/schema\/person\/4ed8433201bc23634185d8dd37097c64\"},\"headline\":\"Le FFS condamne fermement l\u2019assassinat d\u2019Isma\u00efl Haniyeh\",\"datePublished\":\"2024-07-31T21:25:16+00:00\",\"dateModified\":\"2024-07-31T21:28:05+00:00\",\"mainEntityOfPage\":{\"@id\":\"https:\/\/elmawkie.dz\/fr\/le-ffs-condamne-fermement-lassassinat-dismail-haniyeh\/\"},\"wordCount\":426,\"commentCount\":0,\"publisher\":{\"@id\":\"https:\/\/elmawkie.dz\/fr\/#organization\"},\"image\":{\"@id\":\"https:\/\/elmawkie.dz\/fr\/le-ffs-condamne-fermement-lassassinat-dismail-haniyeh\/#primaryimage\"},\"thumbnailUrl\":\"https:\/\/elmawkie.dz\/fr\/wp-content\/uploads\/2024\/07\/IMG_9290.webp\",\"articleSection\":[\"National\"],\"inLanguage\":\"fr-FR\",\"potentialAction\":[{\"@type\":\"CommentAction\",\"name\":\"Comment\",\"target\":[\"https:\/\/elmawkie.dz\/fr\/le-ffs-condamne-fermement-lassassinat-dismail-haniyeh\/#respond\"]}]},{\"@type\":\"WebPage\",\"@id\":\"https:\/\/elmawkie.dz\/fr\/le-ffs-condamne-fermement-lassassinat-dismail-haniyeh\/\",\"url\":\"https:\/\/elmawkie.dz\/fr\/le-ffs-condamne-fermement-lassassinat-dismail-haniyeh\/\",\"name\":\"Le FFS condamne fermement l\u2019assassinat d\u2019Isma\u00efl Haniyeh - El Mawkie\",\"isPartOf\":{\"@id\":\"https:\/\/elmawkie.dz\/fr\/#website\"},\"primaryImageOfPage\":{\"@id\":\"https:\/\/elmawkie.dz\/fr\/le-ffs-condamne-fermement-lassassinat-dismail-haniyeh\/#primaryimage\"},\"image\":{\"@id\":\"https:\/\/elmawkie.dz\/fr\/le-ffs-condamne-fermement-lassassinat-dismail-haniyeh\/#primaryimage\"},\"thumbnailUrl\":\"https:\/\/elmawkie.dz\/fr\/wp-content\/uploads\/2024\/07\/IMG_9290.webp\",\"datePublished\":\"2024-07-31T21:25:16+00:00\",\"dateModified\":\"2024-07-31T21:28:05+00:00\",\"breadcrumb\":{\"@id\":\"https:\/\/elmawkie.dz\/fr\/le-ffs-condamne-fermement-lassassinat-dismail-haniyeh\/#breadcrumb\"},\"inLanguage\":\"fr-FR\",\"potentialAction\":[{\"@type\":\"ReadAction\",\"target\":[\"https:\/\/elmawkie.dz\/fr\/le-ffs-condamne-fermement-lassassinat-dismail-haniyeh\/\"]}]},{\"@type\":\"ImageObject\",\"inLanguage\":\"fr-FR\",\"@id\":\"https:\/\/elmawkie.dz\/fr\/le-ffs-condamne-fermement-lassassinat-dismail-haniyeh\/#primaryimage\",\"url\":\"https:\/\/elmawkie.dz\/fr\/wp-content\/uploads\/2024\/07\/IMG_9290.webp\",\"contentUrl\":\"https:\/\/elmawkie.dz\/fr\/wp-content\/uploads\/2024\/07\/IMG_9290.webp\",\"width\":800,\"height\":600},{\"@type\":\"BreadcrumbList\",\"@id\":\"https:\/\/elmawkie.dz\/fr\/le-ffs-condamne-fermement-lassassinat-dismail-haniyeh\/#breadcrumb\",\"itemListElement\":[{\"@type\":\"ListItem\",\"position\":1,\"name\":\"Home\",\"item\":\"https:\/\/elmawkie.dz\/fr\/\"},{\"@type\":\"ListItem\",\"position\":2,\"name\":\"Le FFS condamne fermement l\u2019assassinat d\u2019Isma\u00efl Haniyeh\"}]},{\"@type\":\"WebSite\",\"@id\":\"https:\/\/elmawkie.dz\/fr\/#website\",\"url\":\"https:\/\/elmawkie.dz\/fr\/\",\"name\":\"EL MAWKIE\",\"description\":\"Journal \u00c9lectronique Alg\u00e9rien\",\"publisher\":{\"@id\":\"https:\/\/elmawkie.dz\/fr\/#organization\"},\"potentialAction\":[{\"@type\":\"SearchAction\",\"target\":{\"@type\":\"EntryPoint\",\"urlTemplate\":\"https:\/\/elmawkie.dz\/fr\/?s={search_term_string}\"},\"query-input\":\"required name=search_term_string\"}],\"inLanguage\":\"fr-FR\"},{\"@type\":\"Organization\",\"@id\":\"https:\/\/elmawkie.dz\/fr\/#organization\",\"name\":\"EL MAWKIE\",\"url\":\"https:\/\/elmawkie.dz\/fr\/\",\"logo\":{\"@type\":\"ImageObject\",\"inLanguage\":\"fr-FR\",\"@id\":\"https:\/\/elmawkie.dz\/fr\/#\/schema\/logo\/image\/\",\"url\":\"https:\/\/elmawkie.dz\/fr\/wp-content\/uploads\/2024\/05\/logo1.png\",\"contentUrl\":\"https:\/\/elmawkie.dz\/fr\/wp-content\/uploads\/2024\/05\/logo1.png\",\"width\":1648,\"height\":652,\"caption\":\"EL MAWKIE\"},\"image\":{\"@id\":\"https:\/\/elmawkie.dz\/fr\/#\/schema\/logo\/image\/\"},\"sameAs\":[\"https:\/\/www.facebook.com\/profile.php?id=100088407094989&locale=fr_FR\"]},{\"@type\":\"Person\",\"@id\":\"https:\/\/elmawkie.dz\/fr\/#\/schema\/person\/4ed8433201bc23634185d8dd37097c64\",\"name\":\"Hamra Fouzia\",\"image\":{\"@type\":\"ImageObject\",\"inLanguage\":\"fr-FR\",\"@id\":\"https:\/\/elmawkie.dz\/fr\/#\/schema\/person\/image\/\",\"url\":\"https:\/\/secure.gravatar.com\/avatar\/ea215268aad51f3219f9a59227db6fa1?s=96&d=mm&r=g\",\"contentUrl\":\"https:\/\/secure.gravatar.com\/avatar\/ea215268aad51f3219f9a59227db6fa1?s=96&d=mm&r=g\",\"caption\":\"Hamra Fouzia\"},\"sameAs\":[\"https:\/\/elmawkie.dz\/fr\"],\"url\":\"https:\/\/elmawkie.dz\/fr\/author\/elmawkie\/\"}]}<\/script>\n<!-- \/ Yoast SEO Premium plugin. -->","yoast_head_json":{"title":"Le FFS condamne fermement l\u2019assassinat d\u2019Isma\u00efl Haniyeh - El Mawkie","robots":{"index":"index","follow":"follow","max-snippet":"max-snippet:-1","max-image-preview":"max-image-preview:large","max-video-preview":"max-video-preview:-1"},"canonical":"https:\/\/elmawkie.dz\/fr\/le-ffs-condamne-fermement-lassassinat-dismail-haniyeh\/","og_locale":"fr_FR","og_type":"article","og_title":"Le FFS condamne fermement l\u2019assassinat d\u2019Isma\u00efl Haniyeh","og_description":"Le Front des forces socialistes (FFS), a fermement condamn\u00e9, ce mercredi, l\u2019assassinat du chef du mouvement Hamas, le haut dirigeant Ismail Haniyeh,\u00a0dans une frappe sioniste \u00e0 T\u00e9h\u00e9ran (Iran) en marge de sa participation \u00e0 la c\u00e9r\u00e9monie d&rsquo;investiture du nouveau pr\u00e9sident iranien en R\u00e9publique Islamique de l\u2019Iran . Dans un communiqu\u00e9 sign\u00e9 par son Premier secr\u00e9taire &hellip;","og_url":"https:\/\/elmawkie.dz\/fr\/le-ffs-condamne-fermement-lassassinat-dismail-haniyeh\/","og_site_name":"El Mawkie","article_publisher":"https:\/\/www.facebook.com\/profile.php?id=100088407094989&locale=fr_FR","article_published_time":"2024-07-31T21:25:16+00:00","article_modified_time":"2024-07-31T21:28:05+00:00","og_image":[{"width":800,"height":600,"url":"https:\/\/elmawkie.dz\/fr\/wp-content\/uploads\/2024\/07\/IMG_9290.webp","type":"image\/webp"}],"author":"Hamra Fouzia","twitter_card":"summary_large_image","twitter_misc":{"Written by":"Hamra Fouzia","Est. reading time":"2 minutes"},"schema":{"@context":"https:\/\/schema.org","@graph":[{"@type":"Article","@id":"https:\/\/elmawkie.dz\/fr\/le-ffs-condamne-fermement-lassassinat-dismail-haniyeh\/#article","isPartOf":{"@id":"https:\/\/elmawkie.dz\/fr\/le-ffs-condamne-fermement-lassassinat-dismail-haniyeh\/"},"author":{"name":"Hamra Fouzia","@id":"https:\/\/elmawkie.dz\/fr\/#\/schema\/person\/4ed8433201bc23634185d8dd37097c64"},"headline":"Le FFS condamne fermement l\u2019assassinat d\u2019Isma\u00efl Haniyeh","datePublished":"2024-07-31T21:25:16+00:00","dateModified":"2024-07-31T21:28:05+00:00","mainEntityOfPage":{"@id":"https:\/\/elmawkie.dz\/fr\/le-ffs-condamne-fermement-lassassinat-dismail-haniyeh\/"},"wordCount":426,"commentCount":0,"publisher":{"@id":"https:\/\/elmawkie.dz\/fr\/#organization"},"image":{"@id":"https:\/\/elmawkie.dz\/fr\/le-ffs-condamne-fermement-lassassinat-dismail-haniyeh\/#primaryimage"},"thumbnailUrl":"https:\/\/elmawkie.dz\/fr\/wp-content\/uploads\/2024\/07\/IMG_9290.webp","articleSection":["National"],"inLanguage":"fr-FR","potentialAction":[{"@type":"CommentAction","name":"Comment","target":["https:\/\/elmawkie.dz\/fr\/le-ffs-condamne-fermement-lassassinat-dismail-haniyeh\/#respond"]}]},{"@type":"WebPage","@id":"https:\/\/elmawkie.dz\/fr\/le-ffs-condamne-fermement-lassassinat-dismail-haniyeh\/","url":"https:\/\/elmawkie.dz\/fr\/le-ffs-condamne-fermement-lassassinat-dismail-haniyeh\/","name":"Le FFS condamne fermement l\u2019assassinat d\u2019Isma\u00efl Haniyeh - El Mawkie","isPartOf":{"@id":"https:\/\/elmawkie.dz\/fr\/#website"},"primaryImageOfPage":{"@id":"https:\/\/elmawkie.dz\/fr\/le-ffs-condamne-fermement-lassassinat-dismail-haniyeh\/#primaryimage"},"image":{"@id":"https:\/\/elmawkie.dz\/fr\/le-ffs-condamne-fermement-lassassinat-dismail-haniyeh\/#primaryimage"},"thumbnailUrl":"https:\/\/elmawkie.dz\/fr\/wp-content\/uploads\/2024\/07\/IMG_9290.webp","datePublished":"2024-07-31T21:25:16+00:00","dateModified":"2024-07-31T21:28:05+00:00","breadcrumb":{"@id":"https:\/\/elmawkie.dz\/fr\/le-ffs-condamne-fermement-lassassinat-dismail-haniyeh\/#breadcrumb"},"inLanguage":"fr-FR","potentialAction":[{"@type":"ReadAction","target":["https:\/\/elmawkie.dz\/fr\/le-ffs-condamne-fermement-lassassinat-dismail-haniyeh\/"]}]},{"@type":"ImageObject","inLanguage":"fr-FR","@id":"https:\/\/elmawkie.dz\/fr\/le-ffs-condamne-fermement-lassassinat-dismail-haniyeh\/#primaryimage","url":"https:\/\/elmawkie.dz\/fr\/wp-content\/uploads\/2024\/07\/IMG_9290.webp","contentUrl":"https:\/\/elmawkie.dz\/fr\/wp-content\/uploads\/2024\/07\/IMG_9290.webp","width":800,"height":600},{"@type":"BreadcrumbList","@id":"https:\/\/elmawkie.dz\/fr\/le-ffs-condamne-fermement-lassassinat-dismail-haniyeh\/#breadcrumb","itemListElement":[{"@type":"ListItem","position":1,"name":"Home","item":"https:\/\/elmawkie.dz\/fr\/"},{"@type":"ListItem","position":2,"name":"Le FFS condamne fermement l\u2019assassinat d\u2019Isma\u00efl Haniyeh"}]},{"@type":"WebSite","@id":"https:\/\/elmawkie.dz\/fr\/#website","url":"https:\/\/elmawkie.dz\/fr\/","name":"EL MAWKIE","description":"Journal \u00c9lectronique Alg\u00e9rien","publisher":{"@id":"https:\/\/elmawkie.dz\/fr\/#organization"},"potentialAction":[{"@type":"SearchAction","target":{"@type":"EntryPoint","urlTemplate":"https:\/\/elmawkie.dz\/fr\/?s={search_term_string}"},"query-input":"required name=search_term_string"}],"inLanguage":"fr-FR"},{"@type":"Organization","@id":"https:\/\/elmawkie.dz\/fr\/#organization","name":"EL MAWKIE","url":"https:\/\/elmawkie.dz\/fr\/","logo":{"@type":"ImageObject","inLanguage":"fr-FR","@id":"https:\/\/elmawkie.dz\/fr\/#\/schema\/logo\/image\/","url":"https:\/\/elmawkie.dz\/fr\/wp-content\/uploads\/2024\/05\/logo1.png","contentUrl":"https:\/\/elmawkie.dz\/fr\/wp-content\/uploads\/2024\/05\/logo1.png","width":1648,"height":652,"caption":"EL MAWKIE"},"image":{"@id":"https:\/\/elmawkie.dz\/fr\/#\/schema\/logo\/image\/"},"sameAs":["https:\/\/www.facebook.com\/profile.php?id=100088407094989&locale=fr_FR"]},{"@type":"Person","@id":"https:\/\/elmawkie.dz\/fr\/#\/schema\/person\/4ed8433201bc23634185d8dd37097c64","name":"Hamra Fouzia","image":{"@type":"ImageObject","inLanguage":"fr-FR","@id":"https:\/\/elmawkie.dz\/fr\/#\/schema\/person\/image\/","url":"https:\/\/secure.gravatar.com\/avatar\/ea215268aad51f3219f9a59227db6fa1?s=96&d=mm&r=g","contentUrl":"https:\/\/secure.gravatar.com\/avatar\/ea215268aad51f3219f9a59227db6fa1?s=96&d=mm&r=g","caption":"Hamra Fouzia"},"sameAs":["https:\/\/elmawkie.dz\/fr"],"url":"https:\/\/elmawkie.dz\/fr\/author\/elmawkie\/"}]}},"_links":{"self":[{"href":"https:\/\/elmawkie.dz\/fr\/wp-json\/wp\/v2\/posts\/3485","targetHints":{"allow":["GET"]}}],"collection":[{"href":"https:\/\/elmawkie.dz\/fr\/wp-json\/wp\/v2\/posts"}],"about":[{"href":"https:\/\/elmawkie.dz\/fr\/wp-json\/wp\/v2\/types\/post"}],"author":[{"embeddable":true,"href":"https:\/\/elmawkie.dz\/fr\/wp-json\/wp\/v2\/users\/3"}],"replies":[{"embeddable":true,"href":"https:\/\/elmawkie.dz\/fr\/wp-json\/wp\/v2\/comments?post=3485"}],"version-history":[{"count":0,"href":"https:\/\/elmawkie.dz\/fr\/wp-json\/wp\/v2\/posts\/3485\/revisions"}],"wp:featuredmedia":[{"embeddable":true,"href":"https:\/\/elmawkie.dz\/fr\/wp-json\/wp\/v2\/media\/3486"}],"wp:attachment":[{"href":"https:\/\/elmawkie.dz\/fr\/wp-json\/wp\/v2\/media?parent=3485"}],"wp:term":[{"taxonomy":"category","embeddable":true,"href":"https:\/\/elmawkie.dz\/fr\/wp-json\/wp\/v2\/categories?post=3485"},{"taxonomy":"post_tag","embeddable":true,"href":"https:\/\/elmawkie.dz\/fr\/wp-json\/wp\/v2\/tags?post=3485"}],"curies":[{"name":"wp","href":"https:\/\/api.w.org\/{rel}","templated":true}]}}