{"id":3471,"date":"2024-07-31T16:38:29","date_gmt":"2024-07-31T15:38:29","guid":{"rendered":"https:\/\/elmawkie.dz\/fr\/?p=3471"},"modified":"2024-07-31T16:38:29","modified_gmt":"2024-07-31T15:38:29","slug":"lalgerie-condamne-fermement-lassassinat-du-chef-du-bureau-politique-du-mouvement-hamas-haniyeh","status":"publish","type":"post","link":"https:\/\/elmawkie.dz\/fr\/lalgerie-condamne-fermement-lassassinat-du-chef-du-bureau-politique-du-mouvement-hamas-haniyeh\/","title":{"rendered":"L&rsquo;Alg\u00e9rie condamne fermement l&rsquo;assassinat du chef du bureau politique du mouvement Hamas Haniyeh"},"content":{"rendered":"<p style=\"font-weight: 400;\"><em><b><strong>L&rsquo;Alg\u00e9rie a condamn\u00e9 \u00ab\u00a0fermement\u00a0\u00bb l&rsquo;assassinat, mercredi, d&rsquo;Isma\u00efl Haniyeh, chef du bureau politique du mouvement de r\u00e9sistance islamique Hamas, \u00e0 T\u00e9h\u00e9ran en marge de sa participation \u00e0 la c\u00e9r\u00e9monie d&rsquo;investiture du nouveau pr\u00e9sident iranien.<\/strong><\/b><\/em><\/p>\n<p style=\"font-weight: 400;\"><em>\u00ab\u00a0Nous condamnons fermement cet attentat terroriste l\u00e2che et abject commis par les forces d&rsquo;occupation sionistes, qui continuent de fouler aux pieds les r\u00e8gles humanitaires, juridiques, politiques et morales les plus \u00e9l\u00e9mentaires\u00a0\u00bb, a dit le ministre des Affaires \u00e9trang\u00e8res et de la Communaut\u00e9 nationale \u00e0 l&rsquo;\u00e9tranger, Ahmed Attaf, lors d&rsquo;une conf\u00e9rence de presse au si\u00e8ge du minist\u00e8re.<\/em><\/p>\n","protected":false},"excerpt":{"rendered":"<p>L&rsquo;Alg\u00e9rie a condamn\u00e9 \u00ab\u00a0fermement\u00a0\u00bb l&rsquo;assassinat, mercredi, d&rsquo;Isma\u00efl Haniyeh, chef du bureau politique du mouvement de r\u00e9sistance islamique Hamas, \u00e0 T\u00e9h\u00e9ran en marge de sa participation \u00e0 la c\u00e9r\u00e9monie d&rsquo;investiture du nouveau pr\u00e9sident iranien. \u00ab\u00a0Nous condamnons fermement cet attentat terroriste l\u00e2che et abject commis par les forces d&rsquo;occupation sionistes, qui continuent de fouler aux pieds les &hellip;<\/p>\n","protected":false},"author":3,"featured_media":3472,"comment_status":"open","ping_status":"open","sticky":false,"template":"","format":"standard","meta":{"footnotes":""},"categories":[35],"tags":[],"class_list":["post-3471","post","type-post","status-publish","format-standard","has-post-thumbnail","hentry","category-diplomatie"],"yoast_head":"<!-- This site is optimized with the Yoast SEO Premium plugin v22.6 (Yoast SEO v22.6) - https:\/\/yoast.com\/wordpress\/plugins\/seo\/ -->\n<title>L&#039;Alg\u00e9rie condamne fermement l&#039;assassinat du chef du bureau politique du mouvement Hamas Haniyeh - El Mawkie<\/title>\n<meta name=\"robots\" content=\"index, follow, max-snippet:-1, max-image-preview:large, max-video-preview:-1\" \/>\n<link rel=\"canonical\" href=\"https:\/\/elmawkie.dz\/fr\/lalgerie-condamne-fermement-lassassinat-du-chef-du-bureau-politique-du-mouvement-hamas-haniyeh\/\" \/>\n<meta property=\"og:locale\" content=\"fr_FR\" \/>\n<meta property=\"og:type\" content=\"article\" \/>\n<meta property=\"og:title\" content=\"L&#039;Alg\u00e9rie condamne fermement l&#039;assassinat du chef du bureau politique du mouvement Hamas Haniyeh\" \/>\n<meta property=\"og:description\" content=\"L&rsquo;Alg\u00e9rie a condamn\u00e9 \u00ab\u00a0fermement\u00a0\u00bb l&rsquo;assassinat, mercredi, d&rsquo;Isma\u00efl Haniyeh, chef du bureau politique du mouvement de r\u00e9sistance islamique Hamas, \u00e0 T\u00e9h\u00e9ran en marge de sa participation \u00e0 la c\u00e9r\u00e9monie d&rsquo;investiture du nouveau pr\u00e9sident iranien. \u00ab\u00a0Nous condamnons fermement cet attentat terroriste l\u00e2che et abject commis par les forces d&rsquo;occupation sionistes, qui continuent de fouler aux pieds les &hellip;\" \/>\n<meta property=\"og:url\" content=\"https:\/\/elmawkie.dz\/fr\/lalgerie-condamne-fermement-lassassinat-du-chef-du-bureau-politique-du-mouvement-hamas-haniyeh\/\" \/>\n<meta property=\"og:site_name\" content=\"El Mawkie\" \/>\n<meta property=\"article:publisher\" content=\"https:\/\/www.facebook.com\/profile.php?id=100088407094989&amp;locale=fr_FR\" \/>\n<meta property=\"article:published_time\" content=\"2024-07-31T15:38:29+00:00\" \/>\n<meta property=\"og:image\" content=\"https:\/\/elmawkie.dz\/fr\/wp-content\/uploads\/2024\/07\/IMG_9269.webp\" \/>\n\t<meta property=\"og:image:width\" content=\"800\" \/>\n\t<meta property=\"og:image:height\" content=\"600\" \/>\n\t<meta property=\"og:image:type\" content=\"image\/webp\" \/>\n<meta name=\"author\" content=\"Hamra Fouzia\" \/>\n<meta name=\"twitter:card\" content=\"summary_large_image\" \/>\n<meta name=\"twitter:label1\" content=\"Written by\" \/>\n\t<meta name=\"twitter:data1\" content=\"Hamra Fouzia\" \/>\n\t<meta name=\"twitter:label2\" content=\"Est. reading time\" \/>\n\t<meta name=\"twitter:data2\" content=\"1 minute\" \/>\n<script type=\"application\/ld+json\" class=\"yoast-schema-graph\">{\"@context\":\"https:\/\/schema.org\",\"@graph\":[{\"@type\":\"Article\",\"@id\":\"https:\/\/elmawkie.dz\/fr\/lalgerie-condamne-fermement-lassassinat-du-chef-du-bureau-politique-du-mouvement-hamas-haniyeh\/#article\",\"isPartOf\":{\"@id\":\"https:\/\/elmawkie.dz\/fr\/lalgerie-condamne-fermement-lassassinat-du-chef-du-bureau-politique-du-mouvement-hamas-haniyeh\/\"},\"author\":{\"name\":\"Hamra Fouzia\",\"@id\":\"https:\/\/elmawkie.dz\/fr\/#\/schema\/person\/4ed8433201bc23634185d8dd37097c64\"},\"headline\":\"L&rsquo;Alg\u00e9rie condamne fermement l&rsquo;assassinat du chef du bureau politique du mouvement Hamas Haniyeh\",\"datePublished\":\"2024-07-31T15:38:29+00:00\",\"dateModified\":\"2024-07-31T15:38:29+00:00\",\"mainEntityOfPage\":{\"@id\":\"https:\/\/elmawkie.dz\/fr\/lalgerie-condamne-fermement-lassassinat-du-chef-du-bureau-politique-du-mouvement-hamas-haniyeh\/\"},\"wordCount\":124,\"commentCount\":0,\"publisher\":{\"@id\":\"https:\/\/elmawkie.dz\/fr\/#organization\"},\"image\":{\"@id\":\"https:\/\/elmawkie.dz\/fr\/lalgerie-condamne-fermement-lassassinat-du-chef-du-bureau-politique-du-mouvement-hamas-haniyeh\/#primaryimage\"},\"thumbnailUrl\":\"https:\/\/elmawkie.dz\/fr\/wp-content\/uploads\/2024\/07\/IMG_9269.webp\",\"articleSection\":[\"Diplomatie\"],\"inLanguage\":\"fr-FR\",\"potentialAction\":[{\"@type\":\"CommentAction\",\"name\":\"Comment\",\"target\":[\"https:\/\/elmawkie.dz\/fr\/lalgerie-condamne-fermement-lassassinat-du-chef-du-bureau-politique-du-mouvement-hamas-haniyeh\/#respond\"]}]},{\"@type\":\"WebPage\",\"@id\":\"https:\/\/elmawkie.dz\/fr\/lalgerie-condamne-fermement-lassassinat-du-chef-du-bureau-politique-du-mouvement-hamas-haniyeh\/\",\"url\":\"https:\/\/elmawkie.dz\/fr\/lalgerie-condamne-fermement-lassassinat-du-chef-du-bureau-politique-du-mouvement-hamas-haniyeh\/\",\"name\":\"L'Alg\u00e9rie condamne fermement l'assassinat du chef du bureau politique du mouvement Hamas Haniyeh - El Mawkie\",\"isPartOf\":{\"@id\":\"https:\/\/elmawkie.dz\/fr\/#website\"},\"primaryImageOfPage\":{\"@id\":\"https:\/\/elmawkie.dz\/fr\/lalgerie-condamne-fermement-lassassinat-du-chef-du-bureau-politique-du-mouvement-hamas-haniyeh\/#primaryimage\"},\"image\":{\"@id\":\"https:\/\/elmawkie.dz\/fr\/lalgerie-condamne-fermement-lassassinat-du-chef-du-bureau-politique-du-mouvement-hamas-haniyeh\/#primaryimage\"},\"thumbnailUrl\":\"https:\/\/elmawkie.dz\/fr\/wp-content\/uploads\/2024\/07\/IMG_9269.webp\",\"datePublished\":\"2024-07-31T15:38:29+00:00\",\"dateModified\":\"2024-07-31T15:38:29+00:00\",\"breadcrumb\":{\"@id\":\"https:\/\/elmawkie.dz\/fr\/lalgerie-condamne-fermement-lassassinat-du-chef-du-bureau-politique-du-mouvement-hamas-haniyeh\/#breadcrumb\"},\"inLanguage\":\"fr-FR\",\"potentialAction\":[{\"@type\":\"ReadAction\",\"target\":[\"https:\/\/elmawkie.dz\/fr\/lalgerie-condamne-fermement-lassassinat-du-chef-du-bureau-politique-du-mouvement-hamas-haniyeh\/\"]}]},{\"@type\":\"ImageObject\",\"inLanguage\":\"fr-FR\",\"@id\":\"https:\/\/elmawkie.dz\/fr\/lalgerie-condamne-fermement-lassassinat-du-chef-du-bureau-politique-du-mouvement-hamas-haniyeh\/#primaryimage\",\"url\":\"https:\/\/elmawkie.dz\/fr\/wp-content\/uploads\/2024\/07\/IMG_9269.webp\",\"contentUrl\":\"https:\/\/elmawkie.dz\/fr\/wp-content\/uploads\/2024\/07\/IMG_9269.webp\",\"width\":800,\"height\":600},{\"@type\":\"BreadcrumbList\",\"@id\":\"https:\/\/elmawkie.dz\/fr\/lalgerie-condamne-fermement-lassassinat-du-chef-du-bureau-politique-du-mouvement-hamas-haniyeh\/#breadcrumb\",\"itemListElement\":[{\"@type\":\"ListItem\",\"position\":1,\"name\":\"Home\",\"item\":\"https:\/\/elmawkie.dz\/fr\/\"},{\"@type\":\"ListItem\",\"position\":2,\"name\":\"L&rsquo;Alg\u00e9rie condamne fermement l&rsquo;assassinat du chef du bureau politique du mouvement Hamas Haniyeh\"}]},{\"@type\":\"WebSite\",\"@id\":\"https:\/\/elmawkie.dz\/fr\/#website\",\"url\":\"https:\/\/elmawkie.dz\/fr\/\",\"name\":\"EL MAWKIE\",\"description\":\"Journal \u00c9lectronique Alg\u00e9rien\",\"publisher\":{\"@id\":\"https:\/\/elmawkie.dz\/fr\/#organization\"},\"potentialAction\":[{\"@type\":\"SearchAction\",\"target\":{\"@type\":\"EntryPoint\",\"urlTemplate\":\"https:\/\/elmawkie.dz\/fr\/?s={search_term_string}\"},\"query-input\":\"required name=search_term_string\"}],\"inLanguage\":\"fr-FR\"},{\"@type\":\"Organization\",\"@id\":\"https:\/\/elmawkie.dz\/fr\/#organization\",\"name\":\"EL MAWKIE\",\"url\":\"https:\/\/elmawkie.dz\/fr\/\",\"logo\":{\"@type\":\"ImageObject\",\"inLanguage\":\"fr-FR\",\"@id\":\"https:\/\/elmawkie.dz\/fr\/#\/schema\/logo\/image\/\",\"url\":\"https:\/\/elmawkie.dz\/fr\/wp-content\/uploads\/2024\/05\/logo1.png\",\"contentUrl\":\"https:\/\/elmawkie.dz\/fr\/wp-content\/uploads\/2024\/05\/logo1.png\",\"width\":1648,\"height\":652,\"caption\":\"EL MAWKIE\"},\"image\":{\"@id\":\"https:\/\/elmawkie.dz\/fr\/#\/schema\/logo\/image\/\"},\"sameAs\":[\"https:\/\/www.facebook.com\/profile.php?id=100088407094989&locale=fr_FR\"]},{\"@type\":\"Person\",\"@id\":\"https:\/\/elmawkie.dz\/fr\/#\/schema\/person\/4ed8433201bc23634185d8dd37097c64\",\"name\":\"Hamra Fouzia\",\"image\":{\"@type\":\"ImageObject\",\"inLanguage\":\"fr-FR\",\"@id\":\"https:\/\/elmawkie.dz\/fr\/#\/schema\/person\/image\/\",\"url\":\"https:\/\/secure.gravatar.com\/avatar\/ea215268aad51f3219f9a59227db6fa1?s=96&d=mm&r=g\",\"contentUrl\":\"https:\/\/secure.gravatar.com\/avatar\/ea215268aad51f3219f9a59227db6fa1?s=96&d=mm&r=g\",\"caption\":\"Hamra Fouzia\"},\"sameAs\":[\"https:\/\/elmawkie.dz\/fr\"],\"url\":\"https:\/\/elmawkie.dz\/fr\/author\/elmawkie\/\"}]}<\/script>\n<!-- \/ Yoast SEO Premium plugin. -->","yoast_head_json":{"title":"L'Alg\u00e9rie condamne fermement l'assassinat du chef du bureau politique du mouvement Hamas Haniyeh - El Mawkie","robots":{"index":"index","follow":"follow","max-snippet":"max-snippet:-1","max-image-preview":"max-image-preview:large","max-video-preview":"max-video-preview:-1"},"canonical":"https:\/\/elmawkie.dz\/fr\/lalgerie-condamne-fermement-lassassinat-du-chef-du-bureau-politique-du-mouvement-hamas-haniyeh\/","og_locale":"fr_FR","og_type":"article","og_title":"L'Alg\u00e9rie condamne fermement l'assassinat du chef du bureau politique du mouvement Hamas Haniyeh","og_description":"L&rsquo;Alg\u00e9rie a condamn\u00e9 \u00ab\u00a0fermement\u00a0\u00bb l&rsquo;assassinat, mercredi, d&rsquo;Isma\u00efl Haniyeh, chef du bureau politique du mouvement de r\u00e9sistance islamique Hamas, \u00e0 T\u00e9h\u00e9ran en marge de sa participation \u00e0 la c\u00e9r\u00e9monie d&rsquo;investiture du nouveau pr\u00e9sident iranien. \u00ab\u00a0Nous condamnons fermement cet attentat terroriste l\u00e2che et abject commis par les forces d&rsquo;occupation sionistes, qui continuent de fouler aux pieds les &hellip;","og_url":"https:\/\/elmawkie.dz\/fr\/lalgerie-condamne-fermement-lassassinat-du-chef-du-bureau-politique-du-mouvement-hamas-haniyeh\/","og_site_name":"El Mawkie","article_publisher":"https:\/\/www.facebook.com\/profile.php?id=100088407094989&locale=fr_FR","article_published_time":"2024-07-31T15:38:29+00:00","og_image":[{"width":800,"height":600,"url":"https:\/\/elmawkie.dz\/fr\/wp-content\/uploads\/2024\/07\/IMG_9269.webp","type":"image\/webp"}],"author":"Hamra Fouzia","twitter_card":"summary_large_image","twitter_misc":{"Written by":"Hamra Fouzia","Est. reading time":"1 minute"},"schema":{"@context":"https:\/\/schema.org","@graph":[{"@type":"Article","@id":"https:\/\/elmawkie.dz\/fr\/lalgerie-condamne-fermement-lassassinat-du-chef-du-bureau-politique-du-mouvement-hamas-haniyeh\/#article","isPartOf":{"@id":"https:\/\/elmawkie.dz\/fr\/lalgerie-condamne-fermement-lassassinat-du-chef-du-bureau-politique-du-mouvement-hamas-haniyeh\/"},"author":{"name":"Hamra Fouzia","@id":"https:\/\/elmawkie.dz\/fr\/#\/schema\/person\/4ed8433201bc23634185d8dd37097c64"},"headline":"L&rsquo;Alg\u00e9rie condamne fermement l&rsquo;assassinat du chef du bureau politique du mouvement Hamas Haniyeh","datePublished":"2024-07-31T15:38:29+00:00","dateModified":"2024-07-31T15:38:29+00:00","mainEntityOfPage":{"@id":"https:\/\/elmawkie.dz\/fr\/lalgerie-condamne-fermement-lassassinat-du-chef-du-bureau-politique-du-mouvement-hamas-haniyeh\/"},"wordCount":124,"commentCount":0,"publisher":{"@id":"https:\/\/elmawkie.dz\/fr\/#organization"},"image":{"@id":"https:\/\/elmawkie.dz\/fr\/lalgerie-condamne-fermement-lassassinat-du-chef-du-bureau-politique-du-mouvement-hamas-haniyeh\/#primaryimage"},"thumbnailUrl":"https:\/\/elmawkie.dz\/fr\/wp-content\/uploads\/2024\/07\/IMG_9269.webp","articleSection":["Diplomatie"],"inLanguage":"fr-FR","potentialAction":[{"@type":"CommentAction","name":"Comment","target":["https:\/\/elmawkie.dz\/fr\/lalgerie-condamne-fermement-lassassinat-du-chef-du-bureau-politique-du-mouvement-hamas-haniyeh\/#respond"]}]},{"@type":"WebPage","@id":"https:\/\/elmawkie.dz\/fr\/lalgerie-condamne-fermement-lassassinat-du-chef-du-bureau-politique-du-mouvement-hamas-haniyeh\/","url":"https:\/\/elmawkie.dz\/fr\/lalgerie-condamne-fermement-lassassinat-du-chef-du-bureau-politique-du-mouvement-hamas-haniyeh\/","name":"L'Alg\u00e9rie condamne fermement l'assassinat du chef du bureau politique du mouvement Hamas Haniyeh - El Mawkie","isPartOf":{"@id":"https:\/\/elmawkie.dz\/fr\/#website"},"primaryImageOfPage":{"@id":"https:\/\/elmawkie.dz\/fr\/lalgerie-condamne-fermement-lassassinat-du-chef-du-bureau-politique-du-mouvement-hamas-haniyeh\/#primaryimage"},"image":{"@id":"https:\/\/elmawkie.dz\/fr\/lalgerie-condamne-fermement-lassassinat-du-chef-du-bureau-politique-du-mouvement-hamas-haniyeh\/#primaryimage"},"thumbnailUrl":"https:\/\/elmawkie.dz\/fr\/wp-content\/uploads\/2024\/07\/IMG_9269.webp","datePublished":"2024-07-31T15:38:29+00:00","dateModified":"2024-07-31T15:38:29+00:00","breadcrumb":{"@id":"https:\/\/elmawkie.dz\/fr\/lalgerie-condamne-fermement-lassassinat-du-chef-du-bureau-politique-du-mouvement-hamas-haniyeh\/#breadcrumb"},"inLanguage":"fr-FR","potentialAction":[{"@type":"ReadAction","target":["https:\/\/elmawkie.dz\/fr\/lalgerie-condamne-fermement-lassassinat-du-chef-du-bureau-politique-du-mouvement-hamas-haniyeh\/"]}]},{"@type":"ImageObject","inLanguage":"fr-FR","@id":"https:\/\/elmawkie.dz\/fr\/lalgerie-condamne-fermement-lassassinat-du-chef-du-bureau-politique-du-mouvement-hamas-haniyeh\/#primaryimage","url":"https:\/\/elmawkie.dz\/fr\/wp-content\/uploads\/2024\/07\/IMG_9269.webp","contentUrl":"https:\/\/elmawkie.dz\/fr\/wp-content\/uploads\/2024\/07\/IMG_9269.webp","width":800,"height":600},{"@type":"BreadcrumbList","@id":"https:\/\/elmawkie.dz\/fr\/lalgerie-condamne-fermement-lassassinat-du-chef-du-bureau-politique-du-mouvement-hamas-haniyeh\/#breadcrumb","itemListElement":[{"@type":"ListItem","position":1,"name":"Home","item":"https:\/\/elmawkie.dz\/fr\/"},{"@type":"ListItem","position":2,"name":"L&rsquo;Alg\u00e9rie condamne fermement l&rsquo;assassinat du chef du bureau politique du mouvement Hamas Haniyeh"}]},{"@type":"WebSite","@id":"https:\/\/elmawkie.dz\/fr\/#website","url":"https:\/\/elmawkie.dz\/fr\/","name":"EL MAWKIE","description":"Journal \u00c9lectronique Alg\u00e9rien","publisher":{"@id":"https:\/\/elmawkie.dz\/fr\/#organization"},"potentialAction":[{"@type":"SearchAction","target":{"@type":"EntryPoint","urlTemplate":"https:\/\/elmawkie.dz\/fr\/?s={search_term_string}"},"query-input":"required name=search_term_string"}],"inLanguage":"fr-FR"},{"@type":"Organization","@id":"https:\/\/elmawkie.dz\/fr\/#organization","name":"EL MAWKIE","url":"https:\/\/elmawkie.dz\/fr\/","logo":{"@type":"ImageObject","inLanguage":"fr-FR","@id":"https:\/\/elmawkie.dz\/fr\/#\/schema\/logo\/image\/","url":"https:\/\/elmawkie.dz\/fr\/wp-content\/uploads\/2024\/05\/logo1.png","contentUrl":"https:\/\/elmawkie.dz\/fr\/wp-content\/uploads\/2024\/05\/logo1.png","width":1648,"height":652,"caption":"EL MAWKIE"},"image":{"@id":"https:\/\/elmawkie.dz\/fr\/#\/schema\/logo\/image\/"},"sameAs":["https:\/\/www.facebook.com\/profile.php?id=100088407094989&locale=fr_FR"]},{"@type":"Person","@id":"https:\/\/elmawkie.dz\/fr\/#\/schema\/person\/4ed8433201bc23634185d8dd37097c64","name":"Hamra Fouzia","image":{"@type":"ImageObject","inLanguage":"fr-FR","@id":"https:\/\/elmawkie.dz\/fr\/#\/schema\/person\/image\/","url":"https:\/\/secure.gravatar.com\/avatar\/ea215268aad51f3219f9a59227db6fa1?s=96&d=mm&r=g","contentUrl":"https:\/\/secure.gravatar.com\/avatar\/ea215268aad51f3219f9a59227db6fa1?s=96&d=mm&r=g","caption":"Hamra Fouzia"},"sameAs":["https:\/\/elmawkie.dz\/fr"],"url":"https:\/\/elmawkie.dz\/fr\/author\/elmawkie\/"}]}},"_links":{"self":[{"href":"https:\/\/elmawkie.dz\/fr\/wp-json\/wp\/v2\/posts\/3471","targetHints":{"allow":["GET"]}}],"collection":[{"href":"https:\/\/elmawkie.dz\/fr\/wp-json\/wp\/v2\/posts"}],"about":[{"href":"https:\/\/elmawkie.dz\/fr\/wp-json\/wp\/v2\/types\/post"}],"author":[{"embeddable":true,"href":"https:\/\/elmawkie.dz\/fr\/wp-json\/wp\/v2\/users\/3"}],"replies":[{"embeddable":true,"href":"https:\/\/elmawkie.dz\/fr\/wp-json\/wp\/v2\/comments?post=3471"}],"version-history":[{"count":0,"href":"https:\/\/elmawkie.dz\/fr\/wp-json\/wp\/v2\/posts\/3471\/revisions"}],"wp:featuredmedia":[{"embeddable":true,"href":"https:\/\/elmawkie.dz\/fr\/wp-json\/wp\/v2\/media\/3472"}],"wp:attachment":[{"href":"https:\/\/elmawkie.dz\/fr\/wp-json\/wp\/v2\/media?parent=3471"}],"wp:term":[{"taxonomy":"category","embeddable":true,"href":"https:\/\/elmawkie.dz\/fr\/wp-json\/wp\/v2\/categories?post=3471"},{"taxonomy":"post_tag","embeddable":true,"href":"https:\/\/elmawkie.dz\/fr\/wp-json\/wp\/v2\/tags?post=3471"}],"curies":[{"name":"wp","href":"https:\/\/api.w.org\/{rel}","templated":true}]}}