{"id":3468,"date":"2024-07-31T15:09:08","date_gmt":"2024-07-31T14:09:08","guid":{"rendered":"https:\/\/elmawkie.dz\/fr\/?p=3468"},"modified":"2024-07-31T15:09:08","modified_gmt":"2024-07-31T14:09:08","slug":"la-cour-constitutionnelle-valide-la-liste-definitive-des-candidats-a-la-presidentielle","status":"publish","type":"post","link":"https:\/\/elmawkie.dz\/fr\/la-cour-constitutionnelle-valide-la-liste-definitive-des-candidats-a-la-presidentielle\/","title":{"rendered":"la Cour constitutionnelle valide la liste d\u00e9finitive des candidats \u00e0 la pr\u00e9sidentielle"},"content":{"rendered":"<p><strong><em>Dans un communiqu\u00e9 diffus\u00e9 ce mercredi, la Cour constitutionnelle a r\u00e9v\u00e9l\u00e9 la liste d\u00e9finitive des candidats \u00e0 l&rsquo;\u00e9lection pr\u00e9sidentielle pr\u00e9vue le 7 septembre prochain. Les candidats retenus sont\u00a0 Youcef Aouchiche du FFS, Abdelmadjid Tebboune, candidat ind\u00e9pendant, et\u00a0 Abdelaali Hassani Cherif du MSP.<\/em><\/strong><\/p>\n<p><em> Par ailleurs, la Cour Constitutionnelle a rejet\u00e9 les recours introduits \u00e0 ses services par cinq pr\u00e9tendants \u00e0 la candidature \u00e0 la magistrature supr\u00eame. Quatre recours ont \u00e9t\u00e9 accept\u00e9s dans la forme, mais rejet\u00e9s dans le fond, car selon la Cour ils sont non fondus .<\/em><\/p>\n","protected":false},"excerpt":{"rendered":"<p>Dans un communiqu\u00e9 diffus\u00e9 ce mercredi, la Cour constitutionnelle a r\u00e9v\u00e9l\u00e9 la liste d\u00e9finitive des candidats \u00e0 l&rsquo;\u00e9lection pr\u00e9sidentielle pr\u00e9vue le 7 septembre prochain. Les candidats retenus sont\u00a0 Youcef Aouchiche du FFS, Abdelmadjid Tebboune, candidat ind\u00e9pendant, et\u00a0 Abdelaali Hassani Cherif du MSP. Par ailleurs, la Cour Constitutionnelle a rejet\u00e9 les recours introduits \u00e0 ses services &hellip;<\/p>\n","protected":false},"author":3,"featured_media":3469,"comment_status":"open","ping_status":"open","sticky":false,"template":"","format":"standard","meta":{"footnotes":""},"categories":[47],"tags":[],"class_list":["post-3468","post","type-post","status-publish","format-standard","has-post-thumbnail","hentry","category-national"],"yoast_head":"<!-- This site is optimized with the Yoast SEO Premium plugin v22.6 (Yoast SEO v22.6) - https:\/\/yoast.com\/wordpress\/plugins\/seo\/ -->\n<title>la Cour constitutionnelle valide la liste d\u00e9finitive des candidats \u00e0 la pr\u00e9sidentielle - El Mawkie<\/title>\n<meta name=\"robots\" content=\"index, follow, max-snippet:-1, max-image-preview:large, max-video-preview:-1\" \/>\n<link rel=\"canonical\" href=\"https:\/\/elmawkie.dz\/fr\/la-cour-constitutionnelle-valide-la-liste-definitive-des-candidats-a-la-presidentielle\/\" \/>\n<meta property=\"og:locale\" content=\"fr_FR\" \/>\n<meta property=\"og:type\" content=\"article\" \/>\n<meta property=\"og:title\" content=\"la Cour constitutionnelle valide la liste d\u00e9finitive des candidats \u00e0 la pr\u00e9sidentielle\" \/>\n<meta property=\"og:description\" content=\"Dans un communiqu\u00e9 diffus\u00e9 ce mercredi, la Cour constitutionnelle a r\u00e9v\u00e9l\u00e9 la liste d\u00e9finitive des candidats \u00e0 l&rsquo;\u00e9lection pr\u00e9sidentielle pr\u00e9vue le 7 septembre prochain. Les candidats retenus sont\u00a0 Youcef Aouchiche du FFS, Abdelmadjid Tebboune, candidat ind\u00e9pendant, et\u00a0 Abdelaali Hassani Cherif du MSP. Par ailleurs, la Cour Constitutionnelle a rejet\u00e9 les recours introduits \u00e0 ses services &hellip;\" \/>\n<meta property=\"og:url\" content=\"https:\/\/elmawkie.dz\/fr\/la-cour-constitutionnelle-valide-la-liste-definitive-des-candidats-a-la-presidentielle\/\" \/>\n<meta property=\"og:site_name\" content=\"El Mawkie\" \/>\n<meta property=\"article:publisher\" content=\"https:\/\/www.facebook.com\/profile.php?id=100088407094989&amp;locale=fr_FR\" \/>\n<meta property=\"article:published_time\" content=\"2024-07-31T14:09:08+00:00\" \/>\n<meta property=\"og:image\" content=\"https:\/\/elmawkie.dz\/fr\/wp-content\/uploads\/2024\/07\/IMG_9261.jpeg\" \/>\n\t<meta property=\"og:image:width\" content=\"299\" \/>\n\t<meta property=\"og:image:height\" content=\"168\" \/>\n\t<meta property=\"og:image:type\" content=\"image\/jpeg\" \/>\n<meta name=\"author\" content=\"Hamra Fouzia\" \/>\n<meta name=\"twitter:card\" content=\"summary_large_image\" \/>\n<meta name=\"twitter:label1\" content=\"Written by\" \/>\n\t<meta name=\"twitter:data1\" content=\"Hamra Fouzia\" \/>\n<script type=\"application\/ld+json\" class=\"yoast-schema-graph\">{\"@context\":\"https:\/\/schema.org\",\"@graph\":[{\"@type\":\"Article\",\"@id\":\"https:\/\/elmawkie.dz\/fr\/la-cour-constitutionnelle-valide-la-liste-definitive-des-candidats-a-la-presidentielle\/#article\",\"isPartOf\":{\"@id\":\"https:\/\/elmawkie.dz\/fr\/la-cour-constitutionnelle-valide-la-liste-definitive-des-candidats-a-la-presidentielle\/\"},\"author\":{\"name\":\"Hamra Fouzia\",\"@id\":\"https:\/\/elmawkie.dz\/fr\/#\/schema\/person\/4ed8433201bc23634185d8dd37097c64\"},\"headline\":\"la Cour constitutionnelle valide la liste d\u00e9finitive des candidats \u00e0 la pr\u00e9sidentielle\",\"datePublished\":\"2024-07-31T14:09:08+00:00\",\"dateModified\":\"2024-07-31T14:09:08+00:00\",\"mainEntityOfPage\":{\"@id\":\"https:\/\/elmawkie.dz\/fr\/la-cour-constitutionnelle-valide-la-liste-definitive-des-candidats-a-la-presidentielle\/\"},\"wordCount\":105,\"commentCount\":0,\"publisher\":{\"@id\":\"https:\/\/elmawkie.dz\/fr\/#organization\"},\"image\":{\"@id\":\"https:\/\/elmawkie.dz\/fr\/la-cour-constitutionnelle-valide-la-liste-definitive-des-candidats-a-la-presidentielle\/#primaryimage\"},\"thumbnailUrl\":\"https:\/\/elmawkie.dz\/fr\/wp-content\/uploads\/2024\/07\/IMG_9261.jpeg\",\"articleSection\":[\"National\"],\"inLanguage\":\"fr-FR\",\"potentialAction\":[{\"@type\":\"CommentAction\",\"name\":\"Comment\",\"target\":[\"https:\/\/elmawkie.dz\/fr\/la-cour-constitutionnelle-valide-la-liste-definitive-des-candidats-a-la-presidentielle\/#respond\"]}]},{\"@type\":\"WebPage\",\"@id\":\"https:\/\/elmawkie.dz\/fr\/la-cour-constitutionnelle-valide-la-liste-definitive-des-candidats-a-la-presidentielle\/\",\"url\":\"https:\/\/elmawkie.dz\/fr\/la-cour-constitutionnelle-valide-la-liste-definitive-des-candidats-a-la-presidentielle\/\",\"name\":\"la Cour constitutionnelle valide la liste d\u00e9finitive des candidats \u00e0 la pr\u00e9sidentielle - El Mawkie\",\"isPartOf\":{\"@id\":\"https:\/\/elmawkie.dz\/fr\/#website\"},\"primaryImageOfPage\":{\"@id\":\"https:\/\/elmawkie.dz\/fr\/la-cour-constitutionnelle-valide-la-liste-definitive-des-candidats-a-la-presidentielle\/#primaryimage\"},\"image\":{\"@id\":\"https:\/\/elmawkie.dz\/fr\/la-cour-constitutionnelle-valide-la-liste-definitive-des-candidats-a-la-presidentielle\/#primaryimage\"},\"thumbnailUrl\":\"https:\/\/elmawkie.dz\/fr\/wp-content\/uploads\/2024\/07\/IMG_9261.jpeg\",\"datePublished\":\"2024-07-31T14:09:08+00:00\",\"dateModified\":\"2024-07-31T14:09:08+00:00\",\"breadcrumb\":{\"@id\":\"https:\/\/elmawkie.dz\/fr\/la-cour-constitutionnelle-valide-la-liste-definitive-des-candidats-a-la-presidentielle\/#breadcrumb\"},\"inLanguage\":\"fr-FR\",\"potentialAction\":[{\"@type\":\"ReadAction\",\"target\":[\"https:\/\/elmawkie.dz\/fr\/la-cour-constitutionnelle-valide-la-liste-definitive-des-candidats-a-la-presidentielle\/\"]}]},{\"@type\":\"ImageObject\",\"inLanguage\":\"fr-FR\",\"@id\":\"https:\/\/elmawkie.dz\/fr\/la-cour-constitutionnelle-valide-la-liste-definitive-des-candidats-a-la-presidentielle\/#primaryimage\",\"url\":\"https:\/\/elmawkie.dz\/fr\/wp-content\/uploads\/2024\/07\/IMG_9261.jpeg\",\"contentUrl\":\"https:\/\/elmawkie.dz\/fr\/wp-content\/uploads\/2024\/07\/IMG_9261.jpeg\",\"width\":299,\"height\":168},{\"@type\":\"BreadcrumbList\",\"@id\":\"https:\/\/elmawkie.dz\/fr\/la-cour-constitutionnelle-valide-la-liste-definitive-des-candidats-a-la-presidentielle\/#breadcrumb\",\"itemListElement\":[{\"@type\":\"ListItem\",\"position\":1,\"name\":\"Home\",\"item\":\"https:\/\/elmawkie.dz\/fr\/\"},{\"@type\":\"ListItem\",\"position\":2,\"name\":\"la Cour constitutionnelle valide la liste d\u00e9finitive des candidats \u00e0 la pr\u00e9sidentielle\"}]},{\"@type\":\"WebSite\",\"@id\":\"https:\/\/elmawkie.dz\/fr\/#website\",\"url\":\"https:\/\/elmawkie.dz\/fr\/\",\"name\":\"EL MAWKIE\",\"description\":\"Journal \u00c9lectronique Alg\u00e9rien\",\"publisher\":{\"@id\":\"https:\/\/elmawkie.dz\/fr\/#organization\"},\"potentialAction\":[{\"@type\":\"SearchAction\",\"target\":{\"@type\":\"EntryPoint\",\"urlTemplate\":\"https:\/\/elmawkie.dz\/fr\/?s={search_term_string}\"},\"query-input\":\"required name=search_term_string\"}],\"inLanguage\":\"fr-FR\"},{\"@type\":\"Organization\",\"@id\":\"https:\/\/elmawkie.dz\/fr\/#organization\",\"name\":\"EL MAWKIE\",\"url\":\"https:\/\/elmawkie.dz\/fr\/\",\"logo\":{\"@type\":\"ImageObject\",\"inLanguage\":\"fr-FR\",\"@id\":\"https:\/\/elmawkie.dz\/fr\/#\/schema\/logo\/image\/\",\"url\":\"https:\/\/elmawkie.dz\/fr\/wp-content\/uploads\/2024\/05\/logo1.png\",\"contentUrl\":\"https:\/\/elmawkie.dz\/fr\/wp-content\/uploads\/2024\/05\/logo1.png\",\"width\":1648,\"height\":652,\"caption\":\"EL MAWKIE\"},\"image\":{\"@id\":\"https:\/\/elmawkie.dz\/fr\/#\/schema\/logo\/image\/\"},\"sameAs\":[\"https:\/\/www.facebook.com\/profile.php?id=100088407094989&locale=fr_FR\"]},{\"@type\":\"Person\",\"@id\":\"https:\/\/elmawkie.dz\/fr\/#\/schema\/person\/4ed8433201bc23634185d8dd37097c64\",\"name\":\"Hamra Fouzia\",\"image\":{\"@type\":\"ImageObject\",\"inLanguage\":\"fr-FR\",\"@id\":\"https:\/\/elmawkie.dz\/fr\/#\/schema\/person\/image\/\",\"url\":\"https:\/\/secure.gravatar.com\/avatar\/ea215268aad51f3219f9a59227db6fa1?s=96&d=mm&r=g\",\"contentUrl\":\"https:\/\/secure.gravatar.com\/avatar\/ea215268aad51f3219f9a59227db6fa1?s=96&d=mm&r=g\",\"caption\":\"Hamra Fouzia\"},\"sameAs\":[\"https:\/\/elmawkie.dz\/fr\"],\"url\":\"https:\/\/elmawkie.dz\/fr\/author\/elmawkie\/\"}]}<\/script>\n<!-- \/ Yoast SEO Premium plugin. -->","yoast_head_json":{"title":"la Cour constitutionnelle valide la liste d\u00e9finitive des candidats \u00e0 la pr\u00e9sidentielle - El Mawkie","robots":{"index":"index","follow":"follow","max-snippet":"max-snippet:-1","max-image-preview":"max-image-preview:large","max-video-preview":"max-video-preview:-1"},"canonical":"https:\/\/elmawkie.dz\/fr\/la-cour-constitutionnelle-valide-la-liste-definitive-des-candidats-a-la-presidentielle\/","og_locale":"fr_FR","og_type":"article","og_title":"la Cour constitutionnelle valide la liste d\u00e9finitive des candidats \u00e0 la pr\u00e9sidentielle","og_description":"Dans un communiqu\u00e9 diffus\u00e9 ce mercredi, la Cour constitutionnelle a r\u00e9v\u00e9l\u00e9 la liste d\u00e9finitive des candidats \u00e0 l&rsquo;\u00e9lection pr\u00e9sidentielle pr\u00e9vue le 7 septembre prochain. Les candidats retenus sont\u00a0 Youcef Aouchiche du FFS, Abdelmadjid Tebboune, candidat ind\u00e9pendant, et\u00a0 Abdelaali Hassani Cherif du MSP. Par ailleurs, la Cour Constitutionnelle a rejet\u00e9 les recours introduits \u00e0 ses services &hellip;","og_url":"https:\/\/elmawkie.dz\/fr\/la-cour-constitutionnelle-valide-la-liste-definitive-des-candidats-a-la-presidentielle\/","og_site_name":"El Mawkie","article_publisher":"https:\/\/www.facebook.com\/profile.php?id=100088407094989&locale=fr_FR","article_published_time":"2024-07-31T14:09:08+00:00","og_image":[{"width":299,"height":168,"url":"https:\/\/elmawkie.dz\/fr\/wp-content\/uploads\/2024\/07\/IMG_9261.jpeg","type":"image\/jpeg"}],"author":"Hamra Fouzia","twitter_card":"summary_large_image","twitter_misc":{"Written by":"Hamra Fouzia"},"schema":{"@context":"https:\/\/schema.org","@graph":[{"@type":"Article","@id":"https:\/\/elmawkie.dz\/fr\/la-cour-constitutionnelle-valide-la-liste-definitive-des-candidats-a-la-presidentielle\/#article","isPartOf":{"@id":"https:\/\/elmawkie.dz\/fr\/la-cour-constitutionnelle-valide-la-liste-definitive-des-candidats-a-la-presidentielle\/"},"author":{"name":"Hamra Fouzia","@id":"https:\/\/elmawkie.dz\/fr\/#\/schema\/person\/4ed8433201bc23634185d8dd37097c64"},"headline":"la Cour constitutionnelle valide la liste d\u00e9finitive des candidats \u00e0 la pr\u00e9sidentielle","datePublished":"2024-07-31T14:09:08+00:00","dateModified":"2024-07-31T14:09:08+00:00","mainEntityOfPage":{"@id":"https:\/\/elmawkie.dz\/fr\/la-cour-constitutionnelle-valide-la-liste-definitive-des-candidats-a-la-presidentielle\/"},"wordCount":105,"commentCount":0,"publisher":{"@id":"https:\/\/elmawkie.dz\/fr\/#organization"},"image":{"@id":"https:\/\/elmawkie.dz\/fr\/la-cour-constitutionnelle-valide-la-liste-definitive-des-candidats-a-la-presidentielle\/#primaryimage"},"thumbnailUrl":"https:\/\/elmawkie.dz\/fr\/wp-content\/uploads\/2024\/07\/IMG_9261.jpeg","articleSection":["National"],"inLanguage":"fr-FR","potentialAction":[{"@type":"CommentAction","name":"Comment","target":["https:\/\/elmawkie.dz\/fr\/la-cour-constitutionnelle-valide-la-liste-definitive-des-candidats-a-la-presidentielle\/#respond"]}]},{"@type":"WebPage","@id":"https:\/\/elmawkie.dz\/fr\/la-cour-constitutionnelle-valide-la-liste-definitive-des-candidats-a-la-presidentielle\/","url":"https:\/\/elmawkie.dz\/fr\/la-cour-constitutionnelle-valide-la-liste-definitive-des-candidats-a-la-presidentielle\/","name":"la Cour constitutionnelle valide la liste d\u00e9finitive des candidats \u00e0 la pr\u00e9sidentielle - El Mawkie","isPartOf":{"@id":"https:\/\/elmawkie.dz\/fr\/#website"},"primaryImageOfPage":{"@id":"https:\/\/elmawkie.dz\/fr\/la-cour-constitutionnelle-valide-la-liste-definitive-des-candidats-a-la-presidentielle\/#primaryimage"},"image":{"@id":"https:\/\/elmawkie.dz\/fr\/la-cour-constitutionnelle-valide-la-liste-definitive-des-candidats-a-la-presidentielle\/#primaryimage"},"thumbnailUrl":"https:\/\/elmawkie.dz\/fr\/wp-content\/uploads\/2024\/07\/IMG_9261.jpeg","datePublished":"2024-07-31T14:09:08+00:00","dateModified":"2024-07-31T14:09:08+00:00","breadcrumb":{"@id":"https:\/\/elmawkie.dz\/fr\/la-cour-constitutionnelle-valide-la-liste-definitive-des-candidats-a-la-presidentielle\/#breadcrumb"},"inLanguage":"fr-FR","potentialAction":[{"@type":"ReadAction","target":["https:\/\/elmawkie.dz\/fr\/la-cour-constitutionnelle-valide-la-liste-definitive-des-candidats-a-la-presidentielle\/"]}]},{"@type":"ImageObject","inLanguage":"fr-FR","@id":"https:\/\/elmawkie.dz\/fr\/la-cour-constitutionnelle-valide-la-liste-definitive-des-candidats-a-la-presidentielle\/#primaryimage","url":"https:\/\/elmawkie.dz\/fr\/wp-content\/uploads\/2024\/07\/IMG_9261.jpeg","contentUrl":"https:\/\/elmawkie.dz\/fr\/wp-content\/uploads\/2024\/07\/IMG_9261.jpeg","width":299,"height":168},{"@type":"BreadcrumbList","@id":"https:\/\/elmawkie.dz\/fr\/la-cour-constitutionnelle-valide-la-liste-definitive-des-candidats-a-la-presidentielle\/#breadcrumb","itemListElement":[{"@type":"ListItem","position":1,"name":"Home","item":"https:\/\/elmawkie.dz\/fr\/"},{"@type":"ListItem","position":2,"name":"la Cour constitutionnelle valide la liste d\u00e9finitive des candidats \u00e0 la pr\u00e9sidentielle"}]},{"@type":"WebSite","@id":"https:\/\/elmawkie.dz\/fr\/#website","url":"https:\/\/elmawkie.dz\/fr\/","name":"EL MAWKIE","description":"Journal \u00c9lectronique Alg\u00e9rien","publisher":{"@id":"https:\/\/elmawkie.dz\/fr\/#organization"},"potentialAction":[{"@type":"SearchAction","target":{"@type":"EntryPoint","urlTemplate":"https:\/\/elmawkie.dz\/fr\/?s={search_term_string}"},"query-input":"required name=search_term_string"}],"inLanguage":"fr-FR"},{"@type":"Organization","@id":"https:\/\/elmawkie.dz\/fr\/#organization","name":"EL MAWKIE","url":"https:\/\/elmawkie.dz\/fr\/","logo":{"@type":"ImageObject","inLanguage":"fr-FR","@id":"https:\/\/elmawkie.dz\/fr\/#\/schema\/logo\/image\/","url":"https:\/\/elmawkie.dz\/fr\/wp-content\/uploads\/2024\/05\/logo1.png","contentUrl":"https:\/\/elmawkie.dz\/fr\/wp-content\/uploads\/2024\/05\/logo1.png","width":1648,"height":652,"caption":"EL MAWKIE"},"image":{"@id":"https:\/\/elmawkie.dz\/fr\/#\/schema\/logo\/image\/"},"sameAs":["https:\/\/www.facebook.com\/profile.php?id=100088407094989&locale=fr_FR"]},{"@type":"Person","@id":"https:\/\/elmawkie.dz\/fr\/#\/schema\/person\/4ed8433201bc23634185d8dd37097c64","name":"Hamra Fouzia","image":{"@type":"ImageObject","inLanguage":"fr-FR","@id":"https:\/\/elmawkie.dz\/fr\/#\/schema\/person\/image\/","url":"https:\/\/secure.gravatar.com\/avatar\/ea215268aad51f3219f9a59227db6fa1?s=96&d=mm&r=g","contentUrl":"https:\/\/secure.gravatar.com\/avatar\/ea215268aad51f3219f9a59227db6fa1?s=96&d=mm&r=g","caption":"Hamra Fouzia"},"sameAs":["https:\/\/elmawkie.dz\/fr"],"url":"https:\/\/elmawkie.dz\/fr\/author\/elmawkie\/"}]}},"_links":{"self":[{"href":"https:\/\/elmawkie.dz\/fr\/wp-json\/wp\/v2\/posts\/3468","targetHints":{"allow":["GET"]}}],"collection":[{"href":"https:\/\/elmawkie.dz\/fr\/wp-json\/wp\/v2\/posts"}],"about":[{"href":"https:\/\/elmawkie.dz\/fr\/wp-json\/wp\/v2\/types\/post"}],"author":[{"embeddable":true,"href":"https:\/\/elmawkie.dz\/fr\/wp-json\/wp\/v2\/users\/3"}],"replies":[{"embeddable":true,"href":"https:\/\/elmawkie.dz\/fr\/wp-json\/wp\/v2\/comments?post=3468"}],"version-history":[{"count":0,"href":"https:\/\/elmawkie.dz\/fr\/wp-json\/wp\/v2\/posts\/3468\/revisions"}],"wp:featuredmedia":[{"embeddable":true,"href":"https:\/\/elmawkie.dz\/fr\/wp-json\/wp\/v2\/media\/3469"}],"wp:attachment":[{"href":"https:\/\/elmawkie.dz\/fr\/wp-json\/wp\/v2\/media?parent=3468"}],"wp:term":[{"taxonomy":"category","embeddable":true,"href":"https:\/\/elmawkie.dz\/fr\/wp-json\/wp\/v2\/categories?post=3468"},{"taxonomy":"post_tag","embeddable":true,"href":"https:\/\/elmawkie.dz\/fr\/wp-json\/wp\/v2\/tags?post=3468"}],"curies":[{"name":"wp","href":"https:\/\/api.w.org\/{rel}","templated":true}]}}