{"id":3460,"date":"2024-07-31T14:58:25","date_gmt":"2024-07-31T13:58:25","guid":{"rendered":"https:\/\/elmawkie.dz\/fr\/?p=3460"},"modified":"2024-07-31T14:58:25","modified_gmt":"2024-07-31T13:58:25","slug":"rappel-de-lambassadeur-dalgerie-a-paris-les-partis-politiques-soutiennent-la-decision","status":"publish","type":"post","link":"https:\/\/elmawkie.dz\/fr\/rappel-de-lambassadeur-dalgerie-a-paris-les-partis-politiques-soutiennent-la-decision\/","title":{"rendered":"Rappel de l&rsquo;ambassadeur d&rsquo;Alg\u00e9rie \u00e0 Paris : Les Partis politiques soutiennent la d\u00e9cision"},"content":{"rendered":"<p>Le monde diplomatique vient d&rsquo;\u00eatre secou\u00e9 par une nouvelle crise entre l&rsquo;Alg\u00e9rie et la France. Au c\u0153ur de cette temp\u00eate se trouve la question \u00e9pineuse du Sahara Occidental. La France, par une d\u00e9claration audacieuse reconnaissant le plan d&rsquo;autonomie marocain comme \u00ab seule base \u00bb de r\u00e9solution du conflit sahraoui, a provoqu\u00e9 un v\u00e9ritable s\u00e9isme politique \u00e0 Alger. Cette prise de position, interpr\u00e9t\u00e9e comme un soutien explicite aux revendications territoriales du Maroc, a imm\u00e9diatement d\u00e9clench\u00e9 une r\u00e9action imm\u00e9diate de la part des autorit\u00e9s alg\u00e9riennes en rappelant son ambassadeur en France. Face \u00e0 cette d\u00e9cision, la classe politique alg\u00e9rienne a fait front commun derri\u00e8re la r\u00e9ponse diplomatique du gouvernement.<\/p>\n<p>En effet, le parti du FLN a consid\u00e9r\u00e9 que cette d\u00e9cision \u00ab\u00a0se veut une r\u00e9ponse directe et appropri\u00e9e \u00e0 la d\u00e9marche dangereuse, irresponsable et irr\u00e9fl\u00e9chie, du Gouvernement fran\u00e7ais, en reconnaissant le plan dit +autonomie du Sahara occidental dans le cadre de la souverainet\u00e9 marocaine\u00a0\u00bb.<\/p>\n<p>\u00ab\u00a0Par cette d\u00e9cision motiv\u00e9e par des calculs politiques douteux et soutenant l&rsquo;Etat d&rsquo;occupation marocain, la France r\u00e9affirme encore une fois, qu&rsquo;elle est otage de son complexe colonial en tentant d&rsquo;ignorer les v\u00e9rit\u00e9s historiques et les droits des peuples \u00e0 la libert\u00e9\u00a0\u00bb, a-t-il ajout\u00e9.<\/p>\n<p>Le parti a affirm\u00e9 que le conflit au Sahara Occidental \u00e9tait \u00ab\u00a0une question de d\u00e9colonisation qui ne peut \u00eatre r\u00e9solue que dans le cadre de ce que d\u00e9cidera le peuple sahraoui non d\u00e9plaise aux puissances coloniales, anciennes et nouvelles, qui s&rsquo;allient aujourd&rsquo;hui pour opprimer les peuples\u00a0\u00bb.<\/p>\n<p>La position fran\u00e7aise refl\u00e8te selon le FLN Cette position refl\u00e8te \u00ab\u00a0une contradiction flagrante de cet Etat qui pr\u00e9tend d\u00e9fendre les droits de l&rsquo;Homme et la d\u00e9mocratie, alors qu&rsquo;il n&rsquo;h\u00e9site pas \u00e0 violer toutes les chartes et les us internationaux, en violation claire de la l\u00e9galit\u00e9 internationale, avec un d\u00e9ni flagrant du droit du peuple sahraoui \u00e0 l&rsquo;autod\u00e9termination\u00a0\u00bb.<\/p>\n<p>Apr\u00e8s avoir r\u00e9affirm\u00e9 son \u00ab\u00a0soutien absolu aux d\u00e9cisions souveraines du Gouvernement alg\u00e9rien et son adh\u00e9sion \u00e0 toutes les d\u00e9cisions qui seront prises pour d\u00e9fendre ses positions immuables vis-\u00e0-vis des causes de lib\u00e9ration \u00e0 travers le monde et pr\u00e9server la souverainet\u00e9 de sa d\u00e9cision politique\u00a0\u00bb, le parti du FLN a r\u00e9it\u00e9r\u00e9 son \u00ab\u00a0soutien au droit du peuple sahraoui combattant \u00e0 l&rsquo;autod\u00e9termination et \u00e0 l&rsquo;ind\u00e9pendance\u00a0\u00bb.<\/p>\n<p>De son cot\u00e9, le RND a soulign\u00e9 \u00ab\u00a0soutenir et appuyer la d\u00e9cision prise par l&rsquo;Alg\u00e9rie de rappeler l&rsquo;ambassadeur alg\u00e9rien en France\u00a0\u00bb, tout en qualifiant cette d\u00e9cision de \u00ab\u00a0souveraine, responsable et appropri\u00e9e\u00a0\u00bb, laquelle \u00ab\u00a0intervient en r\u00e9ponse \u00e0 la d\u00e9cision irresponsable de l&rsquo;Etat fran\u00e7ais reconnaissant le plan d&rsquo;autonomie marocain comme seule base de r\u00e8glement du conflit au Sahara occidental dans le cadre de la pr\u00e9tendue souverainet\u00e9 du Maroc\u00a0\u00bb.<\/p>\n<p>\u00ab\u00a0Il s&rsquo;agit d&rsquo;une faute grave et d&rsquo;une violation flagrante de l&rsquo;ensemble des chartes et des us internationaux, \u00e9tant donn\u00e9 que la cause sahraouie est inscrite \u00e0 la quatri\u00e8me commission de l&rsquo;ONU comme une question de d\u00e9colonisation\u00a0\u00bb, a estim\u00e9 le parti.<\/p>\n<p>Ce comportement ne fait que \u00ab\u00a0d\u00e9voiler, encore une fois, la doctrine colonialiste enracin\u00e9e chez le d\u00e9cideur fran\u00e7ais qui va de pair avec la vis\u00e9e colonialiste du r\u00e9gime du makhzen. Il s&rsquo;agit d&rsquo;une tradition consacr\u00e9e par les puissances coloniales qui se soutiennent mutuellement\u00a0\u00bb, poursuit le RND.<\/p>\n<p>Le parti a indiqu\u00e9, dans ce sens, que \u00ab\u00a0le lobby sioniste et le lobby colonial fran\u00e7ais sont derri\u00e8re cette d\u00e9cision\u00a0\u00bb, qui intervient \u00ab\u00a0en r\u00e9ponse aux positions fortes et honorables de l&rsquo;Etat alg\u00e9rien vis-\u00e0-vis des causes palestinienne et sahraouie\u00a0\u00bb.<\/p>\n<p>Dans un communiqu\u00e9 sign\u00e9 par son Premier secr\u00e9taire national, le FFS a d\u00e9nonc\u00e9, \u00ab\u00a0avec la plus grande fermet\u00e9 la position irresponsable et indigne de la France officielle qui traduit une logique n\u00e9ocolonialiste consistant \u00e0 faire du makhzen un cheval de Troie pour faire triompher ses plans imp\u00e9rialistes en Afrique\u00a0\u00bb.<\/p>\n<p>La d\u00e9cision de l\u2019Alg\u00e9rie de rappeler avec effet imm\u00e9diat son ambassadeur \u00e0 Paris, \u00ab\u00a0a \u00e9t\u00e9 tr\u00e8s pr\u00e9visible apr\u00e8s le choix de la France d\u2019appuyer officiellement le plan marocain d&rsquo;+autonomie+ du Sahara occidental comme +la seule base+ de r\u00e8glement du conflit, et ce vu sa longue tradition diplomatique et son intransigeance, depuis l\u2019ind\u00e9pendance, quant au droit fondamental et inali\u00e9nable des peuples \u00e0 l\u2019autod\u00e9termination\u00a0\u00bb, a-t-il ajout\u00e9.<\/p>\n<p>\u00ab\u00a0Par sa connivence avec le r\u00e9gime marocain sur le dossier sahraoui, non seulement la France bafoue le droit international et les r\u00e9solutions des Nations unies, mais elle se fait la complice de toutes les souffrances du peuple sahraoui \u00e0 qui elle d\u00e9nie le droit de disposer de lui-m\u00eame\u00a0\u00bb, a-t-il soutenu.<\/p>\n<p>Pour sa part, le mouvement El-Binaa a estim\u00e9 que la d\u00e9cision souveraine du Gouvernement alg\u00e9rien de rappeler son ambassadeur \u00e0 Paris avec effet imm\u00e9diat est \u00ab\u00a0une r\u00e9ponse appropri\u00e9e \u00e0 la d\u00e9cision irr\u00e9fl\u00e9chie de la France ayant reconnu le plan marocain d&rsquo;autonomie au Sahara occidental dans le cadre de la pr\u00e9tendue souverainet\u00e9 du Maroc\u00a0\u00bb, ajoutant que la France qui \u00ab\u00a0n&rsquo;arrive pas \u00e0 s&rsquo;affranchir de son complexe colonial, passe outre la r\u00e9alit\u00e9 n\u00e9ocolonialiste du conflit, au moment o\u00f9 elle devait contribuer, aux c\u00f4t\u00e9s de l&rsquo;Alg\u00e9rie, aux efforts internationaux pour parvenir \u00e0 un r\u00e8glement politique, \u00e9quitable, durable et acceptable de la cause du peuple sahraoui occup\u00e9\u00a0\u00bb.<\/p>\n<p>Le mouvement a exprim\u00e9 \u00ab\u00a0sa pleine confiance en la personne du Pr\u00e9sident de la R\u00e9publique, M. Abdelmadjid Tebboune, et sa clairvoyance face \u00e0 la d\u00e9cision irresponsable du gouvernement fran\u00e7ais et souligne son soutien ferme et fort \u00e0 toute d\u00e9cision future qu&rsquo;il pourrait prendre en r\u00e9ponse \u00e0 la d\u00e9cision de la France qui doit assumer l&rsquo;enti\u00e8re responsabilit\u00e9 de ses actes d\u00e9shonorants et de son d\u00e9ni flagrant de ses engagements internationaux, en tant que membre permanent du Conseil de s\u00e9curit\u00e9 de l&rsquo;ONU, dans la mise en \u0153uvre des r\u00e9solutions des Nations unies qui ont reconnu la l\u00e9gitimit\u00e9 de la cause sahraouie et le droit du peuple sahraoui \u00e0 un r\u00e9f\u00e9rendum d&rsquo;autod\u00e9termination\u00a0\u00bb.<\/p>\n","protected":false},"excerpt":{"rendered":"<p>Le monde diplomatique vient d&rsquo;\u00eatre secou\u00e9 par une nouvelle crise entre l&rsquo;Alg\u00e9rie et la France. Au c\u0153ur de cette temp\u00eate se trouve la question \u00e9pineuse du Sahara Occidental. La France, par une d\u00e9claration audacieuse reconnaissant le plan d&rsquo;autonomie marocain comme \u00ab seule base \u00bb de r\u00e9solution du conflit sahraoui, a provoqu\u00e9 un v\u00e9ritable s\u00e9isme politique &hellip;<\/p>\n","protected":false},"author":8,"featured_media":3467,"comment_status":"open","ping_status":"open","sticky":false,"template":"","format":"standard","meta":{"footnotes":""},"categories":[47],"tags":[88,205,113,204],"class_list":["post-3460","post","type-post","status-publish","format-standard","has-post-thumbnail","hentry","category-national","tag-algerie","tag-ambassadeur","tag-france","tag-partis-politiques"],"yoast_head":"<!-- This site is optimized with the Yoast SEO Premium plugin v22.6 (Yoast SEO v22.6) - https:\/\/yoast.com\/wordpress\/plugins\/seo\/ -->\n<title>Rappel de l&#039;ambassadeur d&#039;Alg\u00e9rie \u00e0 Paris : Les Partis politiques soutiennent la d\u00e9cision - El Mawkie<\/title>\n<meta name=\"robots\" content=\"index, follow, max-snippet:-1, max-image-preview:large, max-video-preview:-1\" \/>\n<link rel=\"canonical\" href=\"https:\/\/elmawkie.dz\/fr\/rappel-de-lambassadeur-dalgerie-a-paris-les-partis-politiques-soutiennent-la-decision\/\" \/>\n<meta property=\"og:locale\" content=\"fr_FR\" \/>\n<meta property=\"og:type\" content=\"article\" \/>\n<meta property=\"og:title\" content=\"Rappel de l&#039;ambassadeur d&#039;Alg\u00e9rie \u00e0 Paris : Les Partis politiques soutiennent la d\u00e9cision\" \/>\n<meta property=\"og:description\" content=\"Le monde diplomatique vient d&rsquo;\u00eatre secou\u00e9 par une nouvelle crise entre l&rsquo;Alg\u00e9rie et la France. Au c\u0153ur de cette temp\u00eate se trouve la question \u00e9pineuse du Sahara Occidental. La France, par une d\u00e9claration audacieuse reconnaissant le plan d&rsquo;autonomie marocain comme \u00ab seule base \u00bb de r\u00e9solution du conflit sahraoui, a provoqu\u00e9 un v\u00e9ritable s\u00e9isme politique &hellip;\" \/>\n<meta property=\"og:url\" content=\"https:\/\/elmawkie.dz\/fr\/rappel-de-lambassadeur-dalgerie-a-paris-les-partis-politiques-soutiennent-la-decision\/\" \/>\n<meta property=\"og:site_name\" content=\"El Mawkie\" \/>\n<meta property=\"article:publisher\" content=\"https:\/\/www.facebook.com\/profile.php?id=100088407094989&amp;locale=fr_FR\" \/>\n<meta property=\"article:published_time\" content=\"2024-07-31T13:58:25+00:00\" \/>\n<meta property=\"og:image\" content=\"https:\/\/elmawkie.dz\/fr\/wp-content\/uploads\/2024\/07\/d8567a10-0ebc-44d8-8e74-fe93a7b82f9c.jpeg\" \/>\n\t<meta property=\"og:image:width\" content=\"885\" \/>\n\t<meta property=\"og:image:height\" content=\"500\" \/>\n\t<meta property=\"og:image:type\" content=\"image\/jpeg\" \/>\n<meta name=\"author\" content=\"khayro\" \/>\n<meta name=\"twitter:card\" content=\"summary_large_image\" \/>\n<meta name=\"twitter:label1\" content=\"Written by\" \/>\n\t<meta name=\"twitter:data1\" content=\"khayro\" \/>\n\t<meta name=\"twitter:label2\" content=\"Est. reading time\" \/>\n\t<meta name=\"twitter:data2\" content=\"5 minutes\" \/>\n<script type=\"application\/ld+json\" class=\"yoast-schema-graph\">{\"@context\":\"https:\/\/schema.org\",\"@graph\":[{\"@type\":\"Article\",\"@id\":\"https:\/\/elmawkie.dz\/fr\/rappel-de-lambassadeur-dalgerie-a-paris-les-partis-politiques-soutiennent-la-decision\/#article\",\"isPartOf\":{\"@id\":\"https:\/\/elmawkie.dz\/fr\/rappel-de-lambassadeur-dalgerie-a-paris-les-partis-politiques-soutiennent-la-decision\/\"},\"author\":{\"name\":\"khayro\",\"@id\":\"https:\/\/elmawkie.dz\/fr\/#\/schema\/person\/15cb7eba76e08e2d2d0ad4b4c4fbb6cb\"},\"headline\":\"Rappel de l&rsquo;ambassadeur d&rsquo;Alg\u00e9rie \u00e0 Paris : Les Partis politiques soutiennent la d\u00e9cision\",\"datePublished\":\"2024-07-31T13:58:25+00:00\",\"dateModified\":\"2024-07-31T13:58:25+00:00\",\"mainEntityOfPage\":{\"@id\":\"https:\/\/elmawkie.dz\/fr\/rappel-de-lambassadeur-dalgerie-a-paris-les-partis-politiques-soutiennent-la-decision\/\"},\"wordCount\":1088,\"commentCount\":0,\"publisher\":{\"@id\":\"https:\/\/elmawkie.dz\/fr\/#organization\"},\"image\":{\"@id\":\"https:\/\/elmawkie.dz\/fr\/rappel-de-lambassadeur-dalgerie-a-paris-les-partis-politiques-soutiennent-la-decision\/#primaryimage\"},\"thumbnailUrl\":\"https:\/\/elmawkie.dz\/fr\/wp-content\/uploads\/2024\/07\/d8567a10-0ebc-44d8-8e74-fe93a7b82f9c.jpeg\",\"keywords\":[\"Alg\u00e9rie\",\"Ambassadeur\",\"France\",\"Partis Politiques\"],\"articleSection\":[\"National\"],\"inLanguage\":\"fr-FR\",\"potentialAction\":[{\"@type\":\"CommentAction\",\"name\":\"Comment\",\"target\":[\"https:\/\/elmawkie.dz\/fr\/rappel-de-lambassadeur-dalgerie-a-paris-les-partis-politiques-soutiennent-la-decision\/#respond\"]}]},{\"@type\":\"WebPage\",\"@id\":\"https:\/\/elmawkie.dz\/fr\/rappel-de-lambassadeur-dalgerie-a-paris-les-partis-politiques-soutiennent-la-decision\/\",\"url\":\"https:\/\/elmawkie.dz\/fr\/rappel-de-lambassadeur-dalgerie-a-paris-les-partis-politiques-soutiennent-la-decision\/\",\"name\":\"Rappel de l'ambassadeur d'Alg\u00e9rie \u00e0 Paris : Les Partis politiques soutiennent la d\u00e9cision - El Mawkie\",\"isPartOf\":{\"@id\":\"https:\/\/elmawkie.dz\/fr\/#website\"},\"primaryImageOfPage\":{\"@id\":\"https:\/\/elmawkie.dz\/fr\/rappel-de-lambassadeur-dalgerie-a-paris-les-partis-politiques-soutiennent-la-decision\/#primaryimage\"},\"image\":{\"@id\":\"https:\/\/elmawkie.dz\/fr\/rappel-de-lambassadeur-dalgerie-a-paris-les-partis-politiques-soutiennent-la-decision\/#primaryimage\"},\"thumbnailUrl\":\"https:\/\/elmawkie.dz\/fr\/wp-content\/uploads\/2024\/07\/d8567a10-0ebc-44d8-8e74-fe93a7b82f9c.jpeg\",\"datePublished\":\"2024-07-31T13:58:25+00:00\",\"dateModified\":\"2024-07-31T13:58:25+00:00\",\"breadcrumb\":{\"@id\":\"https:\/\/elmawkie.dz\/fr\/rappel-de-lambassadeur-dalgerie-a-paris-les-partis-politiques-soutiennent-la-decision\/#breadcrumb\"},\"inLanguage\":\"fr-FR\",\"potentialAction\":[{\"@type\":\"ReadAction\",\"target\":[\"https:\/\/elmawkie.dz\/fr\/rappel-de-lambassadeur-dalgerie-a-paris-les-partis-politiques-soutiennent-la-decision\/\"]}]},{\"@type\":\"ImageObject\",\"inLanguage\":\"fr-FR\",\"@id\":\"https:\/\/elmawkie.dz\/fr\/rappel-de-lambassadeur-dalgerie-a-paris-les-partis-politiques-soutiennent-la-decision\/#primaryimage\",\"url\":\"https:\/\/elmawkie.dz\/fr\/wp-content\/uploads\/2024\/07\/d8567a10-0ebc-44d8-8e74-fe93a7b82f9c.jpeg\",\"contentUrl\":\"https:\/\/elmawkie.dz\/fr\/wp-content\/uploads\/2024\/07\/d8567a10-0ebc-44d8-8e74-fe93a7b82f9c.jpeg\",\"width\":885,\"height\":500},{\"@type\":\"BreadcrumbList\",\"@id\":\"https:\/\/elmawkie.dz\/fr\/rappel-de-lambassadeur-dalgerie-a-paris-les-partis-politiques-soutiennent-la-decision\/#breadcrumb\",\"itemListElement\":[{\"@type\":\"ListItem\",\"position\":1,\"name\":\"Home\",\"item\":\"https:\/\/elmawkie.dz\/fr\/\"},{\"@type\":\"ListItem\",\"position\":2,\"name\":\"Rappel de l&rsquo;ambassadeur d&rsquo;Alg\u00e9rie \u00e0 Paris : Les Partis politiques soutiennent la d\u00e9cision\"}]},{\"@type\":\"WebSite\",\"@id\":\"https:\/\/elmawkie.dz\/fr\/#website\",\"url\":\"https:\/\/elmawkie.dz\/fr\/\",\"name\":\"EL MAWKIE\",\"description\":\"Journal \u00c9lectronique Alg\u00e9rien\",\"publisher\":{\"@id\":\"https:\/\/elmawkie.dz\/fr\/#organization\"},\"potentialAction\":[{\"@type\":\"SearchAction\",\"target\":{\"@type\":\"EntryPoint\",\"urlTemplate\":\"https:\/\/elmawkie.dz\/fr\/?s={search_term_string}\"},\"query-input\":\"required name=search_term_string\"}],\"inLanguage\":\"fr-FR\"},{\"@type\":\"Organization\",\"@id\":\"https:\/\/elmawkie.dz\/fr\/#organization\",\"name\":\"EL MAWKIE\",\"url\":\"https:\/\/elmawkie.dz\/fr\/\",\"logo\":{\"@type\":\"ImageObject\",\"inLanguage\":\"fr-FR\",\"@id\":\"https:\/\/elmawkie.dz\/fr\/#\/schema\/logo\/image\/\",\"url\":\"https:\/\/elmawkie.dz\/fr\/wp-content\/uploads\/2024\/05\/logo1.png\",\"contentUrl\":\"https:\/\/elmawkie.dz\/fr\/wp-content\/uploads\/2024\/05\/logo1.png\",\"width\":1648,\"height\":652,\"caption\":\"EL MAWKIE\"},\"image\":{\"@id\":\"https:\/\/elmawkie.dz\/fr\/#\/schema\/logo\/image\/\"},\"sameAs\":[\"https:\/\/www.facebook.com\/profile.php?id=100088407094989&locale=fr_FR\"]},{\"@type\":\"Person\",\"@id\":\"https:\/\/elmawkie.dz\/fr\/#\/schema\/person\/15cb7eba76e08e2d2d0ad4b4c4fbb6cb\",\"name\":\"khayro\",\"image\":{\"@type\":\"ImageObject\",\"inLanguage\":\"fr-FR\",\"@id\":\"https:\/\/elmawkie.dz\/fr\/#\/schema\/person\/image\/\",\"url\":\"https:\/\/secure.gravatar.com\/avatar\/5d609f726f02f77f0ff2a1483fc81992?s=96&d=mm&r=g\",\"contentUrl\":\"https:\/\/secure.gravatar.com\/avatar\/5d609f726f02f77f0ff2a1483fc81992?s=96&d=mm&r=g\",\"caption\":\"khayro\"},\"url\":\"https:\/\/elmawkie.dz\/fr\/author\/khayro\/\"}]}<\/script>\n<!-- \/ Yoast SEO Premium plugin. -->","yoast_head_json":{"title":"Rappel de l'ambassadeur d'Alg\u00e9rie \u00e0 Paris : Les Partis politiques soutiennent la d\u00e9cision - El Mawkie","robots":{"index":"index","follow":"follow","max-snippet":"max-snippet:-1","max-image-preview":"max-image-preview:large","max-video-preview":"max-video-preview:-1"},"canonical":"https:\/\/elmawkie.dz\/fr\/rappel-de-lambassadeur-dalgerie-a-paris-les-partis-politiques-soutiennent-la-decision\/","og_locale":"fr_FR","og_type":"article","og_title":"Rappel de l'ambassadeur d'Alg\u00e9rie \u00e0 Paris : Les Partis politiques soutiennent la d\u00e9cision","og_description":"Le monde diplomatique vient d&rsquo;\u00eatre secou\u00e9 par une nouvelle crise entre l&rsquo;Alg\u00e9rie et la France. Au c\u0153ur de cette temp\u00eate se trouve la question \u00e9pineuse du Sahara Occidental. La France, par une d\u00e9claration audacieuse reconnaissant le plan d&rsquo;autonomie marocain comme \u00ab seule base \u00bb de r\u00e9solution du conflit sahraoui, a provoqu\u00e9 un v\u00e9ritable s\u00e9isme politique &hellip;","og_url":"https:\/\/elmawkie.dz\/fr\/rappel-de-lambassadeur-dalgerie-a-paris-les-partis-politiques-soutiennent-la-decision\/","og_site_name":"El Mawkie","article_publisher":"https:\/\/www.facebook.com\/profile.php?id=100088407094989&locale=fr_FR","article_published_time":"2024-07-31T13:58:25+00:00","og_image":[{"width":885,"height":500,"url":"https:\/\/elmawkie.dz\/fr\/wp-content\/uploads\/2024\/07\/d8567a10-0ebc-44d8-8e74-fe93a7b82f9c.jpeg","type":"image\/jpeg"}],"author":"khayro","twitter_card":"summary_large_image","twitter_misc":{"Written by":"khayro","Est. reading time":"5 minutes"},"schema":{"@context":"https:\/\/schema.org","@graph":[{"@type":"Article","@id":"https:\/\/elmawkie.dz\/fr\/rappel-de-lambassadeur-dalgerie-a-paris-les-partis-politiques-soutiennent-la-decision\/#article","isPartOf":{"@id":"https:\/\/elmawkie.dz\/fr\/rappel-de-lambassadeur-dalgerie-a-paris-les-partis-politiques-soutiennent-la-decision\/"},"author":{"name":"khayro","@id":"https:\/\/elmawkie.dz\/fr\/#\/schema\/person\/15cb7eba76e08e2d2d0ad4b4c4fbb6cb"},"headline":"Rappel de l&rsquo;ambassadeur d&rsquo;Alg\u00e9rie \u00e0 Paris : Les Partis politiques soutiennent la d\u00e9cision","datePublished":"2024-07-31T13:58:25+00:00","dateModified":"2024-07-31T13:58:25+00:00","mainEntityOfPage":{"@id":"https:\/\/elmawkie.dz\/fr\/rappel-de-lambassadeur-dalgerie-a-paris-les-partis-politiques-soutiennent-la-decision\/"},"wordCount":1088,"commentCount":0,"publisher":{"@id":"https:\/\/elmawkie.dz\/fr\/#organization"},"image":{"@id":"https:\/\/elmawkie.dz\/fr\/rappel-de-lambassadeur-dalgerie-a-paris-les-partis-politiques-soutiennent-la-decision\/#primaryimage"},"thumbnailUrl":"https:\/\/elmawkie.dz\/fr\/wp-content\/uploads\/2024\/07\/d8567a10-0ebc-44d8-8e74-fe93a7b82f9c.jpeg","keywords":["Alg\u00e9rie","Ambassadeur","France","Partis Politiques"],"articleSection":["National"],"inLanguage":"fr-FR","potentialAction":[{"@type":"CommentAction","name":"Comment","target":["https:\/\/elmawkie.dz\/fr\/rappel-de-lambassadeur-dalgerie-a-paris-les-partis-politiques-soutiennent-la-decision\/#respond"]}]},{"@type":"WebPage","@id":"https:\/\/elmawkie.dz\/fr\/rappel-de-lambassadeur-dalgerie-a-paris-les-partis-politiques-soutiennent-la-decision\/","url":"https:\/\/elmawkie.dz\/fr\/rappel-de-lambassadeur-dalgerie-a-paris-les-partis-politiques-soutiennent-la-decision\/","name":"Rappel de l'ambassadeur d'Alg\u00e9rie \u00e0 Paris : Les Partis politiques soutiennent la d\u00e9cision - El Mawkie","isPartOf":{"@id":"https:\/\/elmawkie.dz\/fr\/#website"},"primaryImageOfPage":{"@id":"https:\/\/elmawkie.dz\/fr\/rappel-de-lambassadeur-dalgerie-a-paris-les-partis-politiques-soutiennent-la-decision\/#primaryimage"},"image":{"@id":"https:\/\/elmawkie.dz\/fr\/rappel-de-lambassadeur-dalgerie-a-paris-les-partis-politiques-soutiennent-la-decision\/#primaryimage"},"thumbnailUrl":"https:\/\/elmawkie.dz\/fr\/wp-content\/uploads\/2024\/07\/d8567a10-0ebc-44d8-8e74-fe93a7b82f9c.jpeg","datePublished":"2024-07-31T13:58:25+00:00","dateModified":"2024-07-31T13:58:25+00:00","breadcrumb":{"@id":"https:\/\/elmawkie.dz\/fr\/rappel-de-lambassadeur-dalgerie-a-paris-les-partis-politiques-soutiennent-la-decision\/#breadcrumb"},"inLanguage":"fr-FR","potentialAction":[{"@type":"ReadAction","target":["https:\/\/elmawkie.dz\/fr\/rappel-de-lambassadeur-dalgerie-a-paris-les-partis-politiques-soutiennent-la-decision\/"]}]},{"@type":"ImageObject","inLanguage":"fr-FR","@id":"https:\/\/elmawkie.dz\/fr\/rappel-de-lambassadeur-dalgerie-a-paris-les-partis-politiques-soutiennent-la-decision\/#primaryimage","url":"https:\/\/elmawkie.dz\/fr\/wp-content\/uploads\/2024\/07\/d8567a10-0ebc-44d8-8e74-fe93a7b82f9c.jpeg","contentUrl":"https:\/\/elmawkie.dz\/fr\/wp-content\/uploads\/2024\/07\/d8567a10-0ebc-44d8-8e74-fe93a7b82f9c.jpeg","width":885,"height":500},{"@type":"BreadcrumbList","@id":"https:\/\/elmawkie.dz\/fr\/rappel-de-lambassadeur-dalgerie-a-paris-les-partis-politiques-soutiennent-la-decision\/#breadcrumb","itemListElement":[{"@type":"ListItem","position":1,"name":"Home","item":"https:\/\/elmawkie.dz\/fr\/"},{"@type":"ListItem","position":2,"name":"Rappel de l&rsquo;ambassadeur d&rsquo;Alg\u00e9rie \u00e0 Paris : Les Partis politiques soutiennent la d\u00e9cision"}]},{"@type":"WebSite","@id":"https:\/\/elmawkie.dz\/fr\/#website","url":"https:\/\/elmawkie.dz\/fr\/","name":"EL MAWKIE","description":"Journal \u00c9lectronique Alg\u00e9rien","publisher":{"@id":"https:\/\/elmawkie.dz\/fr\/#organization"},"potentialAction":[{"@type":"SearchAction","target":{"@type":"EntryPoint","urlTemplate":"https:\/\/elmawkie.dz\/fr\/?s={search_term_string}"},"query-input":"required name=search_term_string"}],"inLanguage":"fr-FR"},{"@type":"Organization","@id":"https:\/\/elmawkie.dz\/fr\/#organization","name":"EL MAWKIE","url":"https:\/\/elmawkie.dz\/fr\/","logo":{"@type":"ImageObject","inLanguage":"fr-FR","@id":"https:\/\/elmawkie.dz\/fr\/#\/schema\/logo\/image\/","url":"https:\/\/elmawkie.dz\/fr\/wp-content\/uploads\/2024\/05\/logo1.png","contentUrl":"https:\/\/elmawkie.dz\/fr\/wp-content\/uploads\/2024\/05\/logo1.png","width":1648,"height":652,"caption":"EL MAWKIE"},"image":{"@id":"https:\/\/elmawkie.dz\/fr\/#\/schema\/logo\/image\/"},"sameAs":["https:\/\/www.facebook.com\/profile.php?id=100088407094989&locale=fr_FR"]},{"@type":"Person","@id":"https:\/\/elmawkie.dz\/fr\/#\/schema\/person\/15cb7eba76e08e2d2d0ad4b4c4fbb6cb","name":"khayro","image":{"@type":"ImageObject","inLanguage":"fr-FR","@id":"https:\/\/elmawkie.dz\/fr\/#\/schema\/person\/image\/","url":"https:\/\/secure.gravatar.com\/avatar\/5d609f726f02f77f0ff2a1483fc81992?s=96&d=mm&r=g","contentUrl":"https:\/\/secure.gravatar.com\/avatar\/5d609f726f02f77f0ff2a1483fc81992?s=96&d=mm&r=g","caption":"khayro"},"url":"https:\/\/elmawkie.dz\/fr\/author\/khayro\/"}]}},"_links":{"self":[{"href":"https:\/\/elmawkie.dz\/fr\/wp-json\/wp\/v2\/posts\/3460","targetHints":{"allow":["GET"]}}],"collection":[{"href":"https:\/\/elmawkie.dz\/fr\/wp-json\/wp\/v2\/posts"}],"about":[{"href":"https:\/\/elmawkie.dz\/fr\/wp-json\/wp\/v2\/types\/post"}],"author":[{"embeddable":true,"href":"https:\/\/elmawkie.dz\/fr\/wp-json\/wp\/v2\/users\/8"}],"replies":[{"embeddable":true,"href":"https:\/\/elmawkie.dz\/fr\/wp-json\/wp\/v2\/comments?post=3460"}],"version-history":[{"count":0,"href":"https:\/\/elmawkie.dz\/fr\/wp-json\/wp\/v2\/posts\/3460\/revisions"}],"wp:featuredmedia":[{"embeddable":true,"href":"https:\/\/elmawkie.dz\/fr\/wp-json\/wp\/v2\/media\/3467"}],"wp:attachment":[{"href":"https:\/\/elmawkie.dz\/fr\/wp-json\/wp\/v2\/media?parent=3460"}],"wp:term":[{"taxonomy":"category","embeddable":true,"href":"https:\/\/elmawkie.dz\/fr\/wp-json\/wp\/v2\/categories?post=3460"},{"taxonomy":"post_tag","embeddable":true,"href":"https:\/\/elmawkie.dz\/fr\/wp-json\/wp\/v2\/tags?post=3460"}],"curies":[{"name":"wp","href":"https:\/\/api.w.org\/{rel}","templated":true}]}}