{"id":3451,"date":"2024-07-31T12:34:03","date_gmt":"2024-07-31T11:34:03","guid":{"rendered":"https:\/\/elmawkie.dz\/fr\/?p=3451"},"modified":"2024-07-31T12:41:58","modified_gmt":"2024-07-31T11:41:58","slug":"representant-le-president-tebboune-larbaoui-prend-part-jeudi-a-la-ceremonie-dinvestiture-du-president-mauritanien","status":"publish","type":"post","link":"https:\/\/elmawkie.dz\/fr\/representant-le-president-tebboune-larbaoui-prend-part-jeudi-a-la-ceremonie-dinvestiture-du-president-mauritanien\/","title":{"rendered":"Charg\u00e9 par pr\u00e9sident Tebboune, larbaoui prend part jeudi \u00e0 la c\u00e9r\u00e9monie d\u2019investiture du pr\u00e9sident mauritanien"},"content":{"rendered":"<p><strong><em>Le Premier ministre Nadir Larbaoui prendra part, ce jeudi , \u00e0 la c\u00e9r\u00e9monie officielle d&rsquo;investiture du pr\u00e9sident de la R\u00e9publique islamique de Mauritanie. Mohamed Ould Cheikh El Ghazouani, en tant que repr\u00e9sentant du pr\u00e9sident de la R\u00e9publique, M. Abdelmadjid Tebboune, indique Mercredi des \u00a0services du Premier ministre dans un communiqu\u00e9.<\/em><\/strong><\/p>\n<p><strong><em>\u00ab\u00a0Charg\u00e9 par le pr\u00e9sident de la R\u00e9publique, M. Abdelmadjid Tebboune, le premier ministre Nadir Larbaoui prendra part, jeudi, le 1er Aout 2024 \u00a0\u00e0 Nouakchott , \u00e0 la c\u00e9r\u00e9monie d&rsquo;investiture du pr\u00e9sident mauritanien \u00a0, Mohamed Ould Cheikh El Ghazouani \u00ab\u00a0, note la m\u00eame source.<br \/>\n<\/em><\/strong><em>A noter, que le pr\u00e9sident mauritanien Mohamed ould Cheikh El Ghazouani a \u00e9t\u00e9 r\u00e9\u00e9lu \u00e0 la t\u00eate de l&rsquo;\u00c9tat \u00e0 l&rsquo;issue du scrutin national le 29 juin dernier, El Ghazwani a obtenu 56 % des voix, battant six candidats .\u00a0<\/em><\/p>\n<p>&nbsp;<\/p>\n<p>&nbsp;<\/p>\n","protected":false},"excerpt":{"rendered":"<p>Le Premier ministre Nadir Larbaoui prendra part, ce jeudi , \u00e0 la c\u00e9r\u00e9monie officielle d&rsquo;investiture du pr\u00e9sident de la R\u00e9publique islamique de Mauritanie. Mohamed Ould Cheikh El Ghazouani, en tant que repr\u00e9sentant du pr\u00e9sident de la R\u00e9publique, M. Abdelmadjid Tebboune, indique Mercredi des \u00a0services du Premier ministre dans un communiqu\u00e9. \u00ab\u00a0Charg\u00e9 par le pr\u00e9sident de &hellip;<\/p>\n","protected":false},"author":3,"featured_media":3452,"comment_status":"open","ping_status":"open","sticky":false,"template":"","format":"standard","meta":{"footnotes":""},"categories":[47],"tags":[],"class_list":["post-3451","post","type-post","status-publish","format-standard","has-post-thumbnail","hentry","category-national"],"yoast_head":"<!-- This site is optimized with the Yoast SEO Premium plugin v22.6 (Yoast SEO v22.6) - https:\/\/yoast.com\/wordpress\/plugins\/seo\/ -->\n<title>Charg\u00e9 par pr\u00e9sident Tebboune, larbaoui prend part jeudi \u00e0 la c\u00e9r\u00e9monie d\u2019investiture du pr\u00e9sident mauritanien - El Mawkie<\/title>\n<meta name=\"robots\" content=\"index, follow, max-snippet:-1, max-image-preview:large, max-video-preview:-1\" \/>\n<link rel=\"canonical\" href=\"https:\/\/elmawkie.dz\/fr\/representant-le-president-tebboune-larbaoui-prend-part-jeudi-a-la-ceremonie-dinvestiture-du-president-mauritanien\/\" \/>\n<meta property=\"og:locale\" content=\"fr_FR\" \/>\n<meta property=\"og:type\" content=\"article\" \/>\n<meta property=\"og:title\" content=\"Charg\u00e9 par pr\u00e9sident Tebboune, larbaoui prend part jeudi \u00e0 la c\u00e9r\u00e9monie d\u2019investiture du pr\u00e9sident mauritanien\" \/>\n<meta property=\"og:description\" content=\"Le Premier ministre Nadir Larbaoui prendra part, ce jeudi , \u00e0 la c\u00e9r\u00e9monie officielle d&rsquo;investiture du pr\u00e9sident de la R\u00e9publique islamique de Mauritanie. Mohamed Ould Cheikh El Ghazouani, en tant que repr\u00e9sentant du pr\u00e9sident de la R\u00e9publique, M. Abdelmadjid Tebboune, indique Mercredi des \u00a0services du Premier ministre dans un communiqu\u00e9. \u00ab\u00a0Charg\u00e9 par le pr\u00e9sident de &hellip;\" \/>\n<meta property=\"og:url\" content=\"https:\/\/elmawkie.dz\/fr\/representant-le-president-tebboune-larbaoui-prend-part-jeudi-a-la-ceremonie-dinvestiture-du-president-mauritanien\/\" \/>\n<meta property=\"og:site_name\" content=\"El Mawkie\" \/>\n<meta property=\"article:publisher\" content=\"https:\/\/www.facebook.com\/profile.php?id=100088407094989&amp;locale=fr_FR\" \/>\n<meta property=\"article:published_time\" content=\"2024-07-31T11:34:03+00:00\" \/>\n<meta property=\"article:modified_time\" content=\"2024-07-31T11:41:58+00:00\" \/>\n<meta property=\"og:image\" content=\"https:\/\/elmawkie.dz\/fr\/wp-content\/uploads\/2024\/07\/IMG_9248.jpeg\" \/>\n\t<meta property=\"og:image:width\" content=\"273\" \/>\n\t<meta property=\"og:image:height\" content=\"183\" \/>\n\t<meta property=\"og:image:type\" content=\"image\/jpeg\" \/>\n<meta name=\"author\" content=\"Hamra Fouzia\" \/>\n<meta name=\"twitter:card\" content=\"summary_large_image\" \/>\n<meta name=\"twitter:label1\" content=\"Written by\" \/>\n\t<meta name=\"twitter:data1\" content=\"Hamra Fouzia\" \/>\n\t<meta name=\"twitter:label2\" content=\"Est. reading time\" \/>\n\t<meta name=\"twitter:data2\" content=\"1 minute\" \/>\n<script type=\"application\/ld+json\" class=\"yoast-schema-graph\">{\"@context\":\"https:\/\/schema.org\",\"@graph\":[{\"@type\":\"Article\",\"@id\":\"https:\/\/elmawkie.dz\/fr\/representant-le-president-tebboune-larbaoui-prend-part-jeudi-a-la-ceremonie-dinvestiture-du-president-mauritanien\/#article\",\"isPartOf\":{\"@id\":\"https:\/\/elmawkie.dz\/fr\/representant-le-president-tebboune-larbaoui-prend-part-jeudi-a-la-ceremonie-dinvestiture-du-president-mauritanien\/\"},\"author\":{\"name\":\"Hamra Fouzia\",\"@id\":\"https:\/\/elmawkie.dz\/fr\/#\/schema\/person\/4ed8433201bc23634185d8dd37097c64\"},\"headline\":\"Charg\u00e9 par pr\u00e9sident Tebboune, larbaoui prend part jeudi \u00e0 la c\u00e9r\u00e9monie d\u2019investiture du pr\u00e9sident mauritanien\",\"datePublished\":\"2024-07-31T11:34:03+00:00\",\"dateModified\":\"2024-07-31T11:41:58+00:00\",\"mainEntityOfPage\":{\"@id\":\"https:\/\/elmawkie.dz\/fr\/representant-le-president-tebboune-larbaoui-prend-part-jeudi-a-la-ceremonie-dinvestiture-du-president-mauritanien\/\"},\"wordCount\":160,\"commentCount\":0,\"publisher\":{\"@id\":\"https:\/\/elmawkie.dz\/fr\/#organization\"},\"image\":{\"@id\":\"https:\/\/elmawkie.dz\/fr\/representant-le-president-tebboune-larbaoui-prend-part-jeudi-a-la-ceremonie-dinvestiture-du-president-mauritanien\/#primaryimage\"},\"thumbnailUrl\":\"https:\/\/elmawkie.dz\/fr\/wp-content\/uploads\/2024\/07\/IMG_9248.jpeg\",\"articleSection\":[\"National\"],\"inLanguage\":\"fr-FR\",\"potentialAction\":[{\"@type\":\"CommentAction\",\"name\":\"Comment\",\"target\":[\"https:\/\/elmawkie.dz\/fr\/representant-le-president-tebboune-larbaoui-prend-part-jeudi-a-la-ceremonie-dinvestiture-du-president-mauritanien\/#respond\"]}]},{\"@type\":\"WebPage\",\"@id\":\"https:\/\/elmawkie.dz\/fr\/representant-le-president-tebboune-larbaoui-prend-part-jeudi-a-la-ceremonie-dinvestiture-du-president-mauritanien\/\",\"url\":\"https:\/\/elmawkie.dz\/fr\/representant-le-president-tebboune-larbaoui-prend-part-jeudi-a-la-ceremonie-dinvestiture-du-president-mauritanien\/\",\"name\":\"Charg\u00e9 par pr\u00e9sident Tebboune, larbaoui prend part jeudi \u00e0 la c\u00e9r\u00e9monie d\u2019investiture du pr\u00e9sident mauritanien - El Mawkie\",\"isPartOf\":{\"@id\":\"https:\/\/elmawkie.dz\/fr\/#website\"},\"primaryImageOfPage\":{\"@id\":\"https:\/\/elmawkie.dz\/fr\/representant-le-president-tebboune-larbaoui-prend-part-jeudi-a-la-ceremonie-dinvestiture-du-president-mauritanien\/#primaryimage\"},\"image\":{\"@id\":\"https:\/\/elmawkie.dz\/fr\/representant-le-president-tebboune-larbaoui-prend-part-jeudi-a-la-ceremonie-dinvestiture-du-president-mauritanien\/#primaryimage\"},\"thumbnailUrl\":\"https:\/\/elmawkie.dz\/fr\/wp-content\/uploads\/2024\/07\/IMG_9248.jpeg\",\"datePublished\":\"2024-07-31T11:34:03+00:00\",\"dateModified\":\"2024-07-31T11:41:58+00:00\",\"breadcrumb\":{\"@id\":\"https:\/\/elmawkie.dz\/fr\/representant-le-president-tebboune-larbaoui-prend-part-jeudi-a-la-ceremonie-dinvestiture-du-president-mauritanien\/#breadcrumb\"},\"inLanguage\":\"fr-FR\",\"potentialAction\":[{\"@type\":\"ReadAction\",\"target\":[\"https:\/\/elmawkie.dz\/fr\/representant-le-president-tebboune-larbaoui-prend-part-jeudi-a-la-ceremonie-dinvestiture-du-president-mauritanien\/\"]}]},{\"@type\":\"ImageObject\",\"inLanguage\":\"fr-FR\",\"@id\":\"https:\/\/elmawkie.dz\/fr\/representant-le-president-tebboune-larbaoui-prend-part-jeudi-a-la-ceremonie-dinvestiture-du-president-mauritanien\/#primaryimage\",\"url\":\"https:\/\/elmawkie.dz\/fr\/wp-content\/uploads\/2024\/07\/IMG_9248.jpeg\",\"contentUrl\":\"https:\/\/elmawkie.dz\/fr\/wp-content\/uploads\/2024\/07\/IMG_9248.jpeg\",\"width\":273,\"height\":183},{\"@type\":\"BreadcrumbList\",\"@id\":\"https:\/\/elmawkie.dz\/fr\/representant-le-president-tebboune-larbaoui-prend-part-jeudi-a-la-ceremonie-dinvestiture-du-president-mauritanien\/#breadcrumb\",\"itemListElement\":[{\"@type\":\"ListItem\",\"position\":1,\"name\":\"Home\",\"item\":\"https:\/\/elmawkie.dz\/fr\/\"},{\"@type\":\"ListItem\",\"position\":2,\"name\":\"Charg\u00e9 par pr\u00e9sident Tebboune, larbaoui prend part jeudi \u00e0 la c\u00e9r\u00e9monie d\u2019investiture du pr\u00e9sident mauritanien\"}]},{\"@type\":\"WebSite\",\"@id\":\"https:\/\/elmawkie.dz\/fr\/#website\",\"url\":\"https:\/\/elmawkie.dz\/fr\/\",\"name\":\"EL MAWKIE\",\"description\":\"Journal \u00c9lectronique Alg\u00e9rien\",\"publisher\":{\"@id\":\"https:\/\/elmawkie.dz\/fr\/#organization\"},\"potentialAction\":[{\"@type\":\"SearchAction\",\"target\":{\"@type\":\"EntryPoint\",\"urlTemplate\":\"https:\/\/elmawkie.dz\/fr\/?s={search_term_string}\"},\"query-input\":\"required name=search_term_string\"}],\"inLanguage\":\"fr-FR\"},{\"@type\":\"Organization\",\"@id\":\"https:\/\/elmawkie.dz\/fr\/#organization\",\"name\":\"EL MAWKIE\",\"url\":\"https:\/\/elmawkie.dz\/fr\/\",\"logo\":{\"@type\":\"ImageObject\",\"inLanguage\":\"fr-FR\",\"@id\":\"https:\/\/elmawkie.dz\/fr\/#\/schema\/logo\/image\/\",\"url\":\"https:\/\/elmawkie.dz\/fr\/wp-content\/uploads\/2024\/05\/logo1.png\",\"contentUrl\":\"https:\/\/elmawkie.dz\/fr\/wp-content\/uploads\/2024\/05\/logo1.png\",\"width\":1648,\"height\":652,\"caption\":\"EL MAWKIE\"},\"image\":{\"@id\":\"https:\/\/elmawkie.dz\/fr\/#\/schema\/logo\/image\/\"},\"sameAs\":[\"https:\/\/www.facebook.com\/profile.php?id=100088407094989&locale=fr_FR\"]},{\"@type\":\"Person\",\"@id\":\"https:\/\/elmawkie.dz\/fr\/#\/schema\/person\/4ed8433201bc23634185d8dd37097c64\",\"name\":\"Hamra Fouzia\",\"image\":{\"@type\":\"ImageObject\",\"inLanguage\":\"fr-FR\",\"@id\":\"https:\/\/elmawkie.dz\/fr\/#\/schema\/person\/image\/\",\"url\":\"https:\/\/secure.gravatar.com\/avatar\/ea215268aad51f3219f9a59227db6fa1?s=96&d=mm&r=g\",\"contentUrl\":\"https:\/\/secure.gravatar.com\/avatar\/ea215268aad51f3219f9a59227db6fa1?s=96&d=mm&r=g\",\"caption\":\"Hamra Fouzia\"},\"sameAs\":[\"https:\/\/elmawkie.dz\/fr\"],\"url\":\"https:\/\/elmawkie.dz\/fr\/author\/elmawkie\/\"}]}<\/script>\n<!-- \/ Yoast SEO Premium plugin. -->","yoast_head_json":{"title":"Charg\u00e9 par pr\u00e9sident Tebboune, larbaoui prend part jeudi \u00e0 la c\u00e9r\u00e9monie d\u2019investiture du pr\u00e9sident mauritanien - El Mawkie","robots":{"index":"index","follow":"follow","max-snippet":"max-snippet:-1","max-image-preview":"max-image-preview:large","max-video-preview":"max-video-preview:-1"},"canonical":"https:\/\/elmawkie.dz\/fr\/representant-le-president-tebboune-larbaoui-prend-part-jeudi-a-la-ceremonie-dinvestiture-du-president-mauritanien\/","og_locale":"fr_FR","og_type":"article","og_title":"Charg\u00e9 par pr\u00e9sident Tebboune, larbaoui prend part jeudi \u00e0 la c\u00e9r\u00e9monie d\u2019investiture du pr\u00e9sident mauritanien","og_description":"Le Premier ministre Nadir Larbaoui prendra part, ce jeudi , \u00e0 la c\u00e9r\u00e9monie officielle d&rsquo;investiture du pr\u00e9sident de la R\u00e9publique islamique de Mauritanie. Mohamed Ould Cheikh El Ghazouani, en tant que repr\u00e9sentant du pr\u00e9sident de la R\u00e9publique, M. Abdelmadjid Tebboune, indique Mercredi des \u00a0services du Premier ministre dans un communiqu\u00e9. \u00ab\u00a0Charg\u00e9 par le pr\u00e9sident de &hellip;","og_url":"https:\/\/elmawkie.dz\/fr\/representant-le-president-tebboune-larbaoui-prend-part-jeudi-a-la-ceremonie-dinvestiture-du-president-mauritanien\/","og_site_name":"El Mawkie","article_publisher":"https:\/\/www.facebook.com\/profile.php?id=100088407094989&locale=fr_FR","article_published_time":"2024-07-31T11:34:03+00:00","article_modified_time":"2024-07-31T11:41:58+00:00","og_image":[{"width":273,"height":183,"url":"https:\/\/elmawkie.dz\/fr\/wp-content\/uploads\/2024\/07\/IMG_9248.jpeg","type":"image\/jpeg"}],"author":"Hamra Fouzia","twitter_card":"summary_large_image","twitter_misc":{"Written by":"Hamra Fouzia","Est. reading time":"1 minute"},"schema":{"@context":"https:\/\/schema.org","@graph":[{"@type":"Article","@id":"https:\/\/elmawkie.dz\/fr\/representant-le-president-tebboune-larbaoui-prend-part-jeudi-a-la-ceremonie-dinvestiture-du-president-mauritanien\/#article","isPartOf":{"@id":"https:\/\/elmawkie.dz\/fr\/representant-le-president-tebboune-larbaoui-prend-part-jeudi-a-la-ceremonie-dinvestiture-du-president-mauritanien\/"},"author":{"name":"Hamra Fouzia","@id":"https:\/\/elmawkie.dz\/fr\/#\/schema\/person\/4ed8433201bc23634185d8dd37097c64"},"headline":"Charg\u00e9 par pr\u00e9sident Tebboune, larbaoui prend part jeudi \u00e0 la c\u00e9r\u00e9monie d\u2019investiture du pr\u00e9sident mauritanien","datePublished":"2024-07-31T11:34:03+00:00","dateModified":"2024-07-31T11:41:58+00:00","mainEntityOfPage":{"@id":"https:\/\/elmawkie.dz\/fr\/representant-le-president-tebboune-larbaoui-prend-part-jeudi-a-la-ceremonie-dinvestiture-du-president-mauritanien\/"},"wordCount":160,"commentCount":0,"publisher":{"@id":"https:\/\/elmawkie.dz\/fr\/#organization"},"image":{"@id":"https:\/\/elmawkie.dz\/fr\/representant-le-president-tebboune-larbaoui-prend-part-jeudi-a-la-ceremonie-dinvestiture-du-president-mauritanien\/#primaryimage"},"thumbnailUrl":"https:\/\/elmawkie.dz\/fr\/wp-content\/uploads\/2024\/07\/IMG_9248.jpeg","articleSection":["National"],"inLanguage":"fr-FR","potentialAction":[{"@type":"CommentAction","name":"Comment","target":["https:\/\/elmawkie.dz\/fr\/representant-le-president-tebboune-larbaoui-prend-part-jeudi-a-la-ceremonie-dinvestiture-du-president-mauritanien\/#respond"]}]},{"@type":"WebPage","@id":"https:\/\/elmawkie.dz\/fr\/representant-le-president-tebboune-larbaoui-prend-part-jeudi-a-la-ceremonie-dinvestiture-du-president-mauritanien\/","url":"https:\/\/elmawkie.dz\/fr\/representant-le-president-tebboune-larbaoui-prend-part-jeudi-a-la-ceremonie-dinvestiture-du-president-mauritanien\/","name":"Charg\u00e9 par pr\u00e9sident Tebboune, larbaoui prend part jeudi \u00e0 la c\u00e9r\u00e9monie d\u2019investiture du pr\u00e9sident mauritanien - El Mawkie","isPartOf":{"@id":"https:\/\/elmawkie.dz\/fr\/#website"},"primaryImageOfPage":{"@id":"https:\/\/elmawkie.dz\/fr\/representant-le-president-tebboune-larbaoui-prend-part-jeudi-a-la-ceremonie-dinvestiture-du-president-mauritanien\/#primaryimage"},"image":{"@id":"https:\/\/elmawkie.dz\/fr\/representant-le-president-tebboune-larbaoui-prend-part-jeudi-a-la-ceremonie-dinvestiture-du-president-mauritanien\/#primaryimage"},"thumbnailUrl":"https:\/\/elmawkie.dz\/fr\/wp-content\/uploads\/2024\/07\/IMG_9248.jpeg","datePublished":"2024-07-31T11:34:03+00:00","dateModified":"2024-07-31T11:41:58+00:00","breadcrumb":{"@id":"https:\/\/elmawkie.dz\/fr\/representant-le-president-tebboune-larbaoui-prend-part-jeudi-a-la-ceremonie-dinvestiture-du-president-mauritanien\/#breadcrumb"},"inLanguage":"fr-FR","potentialAction":[{"@type":"ReadAction","target":["https:\/\/elmawkie.dz\/fr\/representant-le-president-tebboune-larbaoui-prend-part-jeudi-a-la-ceremonie-dinvestiture-du-president-mauritanien\/"]}]},{"@type":"ImageObject","inLanguage":"fr-FR","@id":"https:\/\/elmawkie.dz\/fr\/representant-le-president-tebboune-larbaoui-prend-part-jeudi-a-la-ceremonie-dinvestiture-du-president-mauritanien\/#primaryimage","url":"https:\/\/elmawkie.dz\/fr\/wp-content\/uploads\/2024\/07\/IMG_9248.jpeg","contentUrl":"https:\/\/elmawkie.dz\/fr\/wp-content\/uploads\/2024\/07\/IMG_9248.jpeg","width":273,"height":183},{"@type":"BreadcrumbList","@id":"https:\/\/elmawkie.dz\/fr\/representant-le-president-tebboune-larbaoui-prend-part-jeudi-a-la-ceremonie-dinvestiture-du-president-mauritanien\/#breadcrumb","itemListElement":[{"@type":"ListItem","position":1,"name":"Home","item":"https:\/\/elmawkie.dz\/fr\/"},{"@type":"ListItem","position":2,"name":"Charg\u00e9 par pr\u00e9sident Tebboune, larbaoui prend part jeudi \u00e0 la c\u00e9r\u00e9monie d\u2019investiture du pr\u00e9sident mauritanien"}]},{"@type":"WebSite","@id":"https:\/\/elmawkie.dz\/fr\/#website","url":"https:\/\/elmawkie.dz\/fr\/","name":"EL MAWKIE","description":"Journal \u00c9lectronique Alg\u00e9rien","publisher":{"@id":"https:\/\/elmawkie.dz\/fr\/#organization"},"potentialAction":[{"@type":"SearchAction","target":{"@type":"EntryPoint","urlTemplate":"https:\/\/elmawkie.dz\/fr\/?s={search_term_string}"},"query-input":"required name=search_term_string"}],"inLanguage":"fr-FR"},{"@type":"Organization","@id":"https:\/\/elmawkie.dz\/fr\/#organization","name":"EL MAWKIE","url":"https:\/\/elmawkie.dz\/fr\/","logo":{"@type":"ImageObject","inLanguage":"fr-FR","@id":"https:\/\/elmawkie.dz\/fr\/#\/schema\/logo\/image\/","url":"https:\/\/elmawkie.dz\/fr\/wp-content\/uploads\/2024\/05\/logo1.png","contentUrl":"https:\/\/elmawkie.dz\/fr\/wp-content\/uploads\/2024\/05\/logo1.png","width":1648,"height":652,"caption":"EL MAWKIE"},"image":{"@id":"https:\/\/elmawkie.dz\/fr\/#\/schema\/logo\/image\/"},"sameAs":["https:\/\/www.facebook.com\/profile.php?id=100088407094989&locale=fr_FR"]},{"@type":"Person","@id":"https:\/\/elmawkie.dz\/fr\/#\/schema\/person\/4ed8433201bc23634185d8dd37097c64","name":"Hamra Fouzia","image":{"@type":"ImageObject","inLanguage":"fr-FR","@id":"https:\/\/elmawkie.dz\/fr\/#\/schema\/person\/image\/","url":"https:\/\/secure.gravatar.com\/avatar\/ea215268aad51f3219f9a59227db6fa1?s=96&d=mm&r=g","contentUrl":"https:\/\/secure.gravatar.com\/avatar\/ea215268aad51f3219f9a59227db6fa1?s=96&d=mm&r=g","caption":"Hamra Fouzia"},"sameAs":["https:\/\/elmawkie.dz\/fr"],"url":"https:\/\/elmawkie.dz\/fr\/author\/elmawkie\/"}]}},"_links":{"self":[{"href":"https:\/\/elmawkie.dz\/fr\/wp-json\/wp\/v2\/posts\/3451","targetHints":{"allow":["GET"]}}],"collection":[{"href":"https:\/\/elmawkie.dz\/fr\/wp-json\/wp\/v2\/posts"}],"about":[{"href":"https:\/\/elmawkie.dz\/fr\/wp-json\/wp\/v2\/types\/post"}],"author":[{"embeddable":true,"href":"https:\/\/elmawkie.dz\/fr\/wp-json\/wp\/v2\/users\/3"}],"replies":[{"embeddable":true,"href":"https:\/\/elmawkie.dz\/fr\/wp-json\/wp\/v2\/comments?post=3451"}],"version-history":[{"count":0,"href":"https:\/\/elmawkie.dz\/fr\/wp-json\/wp\/v2\/posts\/3451\/revisions"}],"wp:featuredmedia":[{"embeddable":true,"href":"https:\/\/elmawkie.dz\/fr\/wp-json\/wp\/v2\/media\/3452"}],"wp:attachment":[{"href":"https:\/\/elmawkie.dz\/fr\/wp-json\/wp\/v2\/media?parent=3451"}],"wp:term":[{"taxonomy":"category","embeddable":true,"href":"https:\/\/elmawkie.dz\/fr\/wp-json\/wp\/v2\/categories?post=3451"},{"taxonomy":"post_tag","embeddable":true,"href":"https:\/\/elmawkie.dz\/fr\/wp-json\/wp\/v2\/tags?post=3451"}],"curies":[{"name":"wp","href":"https:\/\/api.w.org\/{rel}","templated":true}]}}