{"id":3438,"date":"2024-07-30T20:55:34","date_gmt":"2024-07-30T19:55:34","guid":{"rendered":"https:\/\/elmawkie.dz\/fr\/?p=3438"},"modified":"2024-07-30T20:55:34","modified_gmt":"2024-07-30T19:55:34","slug":"attaf-recoit-lancien-premier-ministre-palestinien-shtayyeh","status":"publish","type":"post","link":"https:\/\/elmawkie.dz\/fr\/attaf-recoit-lancien-premier-ministre-palestinien-shtayyeh\/","title":{"rendered":"Attaf re\u00e7oit l\u2019ancien premier ministre palestinien Shtayyeh"},"content":{"rendered":"<div class=\"itemHeader\">\n<h2 class=\"itemTitle\"><em><strong style=\"font-size: 16px;\">Le ministre des Affaires \u00e9trang\u00e8res et de la Communaut\u00e9 nationale \u00e0 l&rsquo;\u00e9tranger, Ahmed Attaf, a re\u00e7u, mardi au si\u00e8ge du minist\u00e8re, le pr\u00e9sident du Conseil d&rsquo;administration du Centre de recherches palestinien et ancien Premier ministre de l&rsquo;Etat de Palestine, pays fr\u00e8re, Mohammad Shtayyeh, qui effectue une visite de travail en Alg\u00e9rie, indique un communiqu\u00e9 du minist\u00e8re .\u00a0<\/strong><\/em><\/h2>\n<p class=\"itemTitle\"><em>A cette occasion, la rencontre a permis de \u00ab\u00a0passer en revue les derniers d\u00e9veloppements dans les territoires palestiniens occup\u00e9s, sur fond de guerre g\u00e9nocidaire incessante contre le peuple palestinien fr\u00e8re dans la bande de Ghaza\u00a0\u00bb et d'\u00a0\u00bbexaminer les moyens de mobiliser davantage d&rsquo;efforts internationaux pour mettre fin \u00e0 l&rsquo;agression sioniste brutale et am\u00e9liorer la situation humanitaire catastrophique dans la bande\u00a0\u00bb, pr\u00e9cise le communiqu\u00e9.\u00a0<\/em><\/p>\n<\/div>\n<div class=\"itemBody\">\n<div class=\"itemFullText\">\n<p><em>La rencontre a en outre permis aux deux parties de discut\u00e9 des \u00ab\u00a0\u00e9tapes futures en faveur de la cause palestinienne au niveau du Conseil de s\u00e9curit\u00e9, entre autres organes des Nations unies, notamment \u00e0 la lumi\u00e8re des pr\u00e9cieuses conclusions et des arguments irr\u00e9futables contenus dans l&rsquo;avis consultatif historique \u00e9mis par la Cour internationale de justice (CIJ) le 19 juillet 2024\u00a0\u00bb,conclut le communiqu\u00e9.<br \/>\n<a href=\"https:\/\/www.facebook.com\/share\/v\/1myzjaD4w7QmTZBD\/?mibextid=WC7FNe\">https:\/\/www.facebook.com\/share\/v\/1myzjaD4w7QmTZBD\/?mibextid=WC7FNe<\/a><br \/>\n<\/em><\/p>\n<\/div>\n<\/div>\n","protected":false},"excerpt":{"rendered":"<p>Le ministre des Affaires \u00e9trang\u00e8res et de la Communaut\u00e9 nationale \u00e0 l&rsquo;\u00e9tranger, Ahmed Attaf, a re\u00e7u, mardi au si\u00e8ge du minist\u00e8re, le pr\u00e9sident du Conseil d&rsquo;administration du Centre de recherches palestinien et ancien Premier ministre de l&rsquo;Etat de Palestine, pays fr\u00e8re, Mohammad Shtayyeh, qui effectue une visite de travail en Alg\u00e9rie, indique un communiqu\u00e9 du &hellip;<\/p>\n","protected":false},"author":3,"featured_media":3439,"comment_status":"open","ping_status":"open","sticky":false,"template":"","format":"standard","meta":{"footnotes":""},"categories":[47],"tags":[],"class_list":["post-3438","post","type-post","status-publish","format-standard","has-post-thumbnail","hentry","category-national"],"yoast_head":"<!-- This site is optimized with the Yoast SEO Premium plugin v22.6 (Yoast SEO v22.6) - https:\/\/yoast.com\/wordpress\/plugins\/seo\/ -->\n<title>Attaf re\u00e7oit l\u2019ancien premier ministre palestinien Shtayyeh - El Mawkie<\/title>\n<meta name=\"robots\" content=\"index, follow, max-snippet:-1, max-image-preview:large, max-video-preview:-1\" \/>\n<link rel=\"canonical\" href=\"https:\/\/elmawkie.dz\/fr\/attaf-recoit-lancien-premier-ministre-palestinien-shtayyeh\/\" \/>\n<meta property=\"og:locale\" content=\"fr_FR\" \/>\n<meta property=\"og:type\" content=\"article\" \/>\n<meta property=\"og:title\" content=\"Attaf re\u00e7oit l\u2019ancien premier ministre palestinien Shtayyeh\" \/>\n<meta property=\"og:description\" content=\"Le ministre des Affaires \u00e9trang\u00e8res et de la Communaut\u00e9 nationale \u00e0 l&rsquo;\u00e9tranger, Ahmed Attaf, a re\u00e7u, mardi au si\u00e8ge du minist\u00e8re, le pr\u00e9sident du Conseil d&rsquo;administration du Centre de recherches palestinien et ancien Premier ministre de l&rsquo;Etat de Palestine, pays fr\u00e8re, Mohammad Shtayyeh, qui effectue une visite de travail en Alg\u00e9rie, indique un communiqu\u00e9 du &hellip;\" \/>\n<meta property=\"og:url\" content=\"https:\/\/elmawkie.dz\/fr\/attaf-recoit-lancien-premier-ministre-palestinien-shtayyeh\/\" \/>\n<meta property=\"og:site_name\" content=\"El Mawkie\" \/>\n<meta property=\"article:publisher\" content=\"https:\/\/www.facebook.com\/profile.php?id=100088407094989&amp;locale=fr_FR\" \/>\n<meta property=\"article:published_time\" content=\"2024-07-30T19:55:34+00:00\" \/>\n<meta property=\"og:image\" content=\"https:\/\/elmawkie.dz\/fr\/wp-content\/uploads\/2024\/07\/IMG_9226.jpeg\" \/>\n\t<meta property=\"og:image:width\" content=\"1920\" \/>\n\t<meta property=\"og:image:height\" content=\"1080\" \/>\n\t<meta property=\"og:image:type\" content=\"image\/jpeg\" \/>\n<meta name=\"author\" content=\"Hamra Fouzia\" \/>\n<meta name=\"twitter:card\" content=\"summary_large_image\" \/>\n<meta name=\"twitter:label1\" content=\"Written by\" \/>\n\t<meta name=\"twitter:data1\" content=\"Hamra Fouzia\" \/>\n\t<meta name=\"twitter:label2\" content=\"Est. reading time\" \/>\n\t<meta name=\"twitter:data2\" content=\"1 minute\" \/>\n<script type=\"application\/ld+json\" class=\"yoast-schema-graph\">{\"@context\":\"https:\/\/schema.org\",\"@graph\":[{\"@type\":\"Article\",\"@id\":\"https:\/\/elmawkie.dz\/fr\/attaf-recoit-lancien-premier-ministre-palestinien-shtayyeh\/#article\",\"isPartOf\":{\"@id\":\"https:\/\/elmawkie.dz\/fr\/attaf-recoit-lancien-premier-ministre-palestinien-shtayyeh\/\"},\"author\":{\"name\":\"Hamra Fouzia\",\"@id\":\"https:\/\/elmawkie.dz\/fr\/#\/schema\/person\/4ed8433201bc23634185d8dd37097c64\"},\"headline\":\"Attaf re\u00e7oit l\u2019ancien premier ministre palestinien Shtayyeh\",\"datePublished\":\"2024-07-30T19:55:34+00:00\",\"dateModified\":\"2024-07-30T19:55:34+00:00\",\"mainEntityOfPage\":{\"@id\":\"https:\/\/elmawkie.dz\/fr\/attaf-recoit-lancien-premier-ministre-palestinien-shtayyeh\/\"},\"wordCount\":223,\"commentCount\":0,\"publisher\":{\"@id\":\"https:\/\/elmawkie.dz\/fr\/#organization\"},\"image\":{\"@id\":\"https:\/\/elmawkie.dz\/fr\/attaf-recoit-lancien-premier-ministre-palestinien-shtayyeh\/#primaryimage\"},\"thumbnailUrl\":\"https:\/\/elmawkie.dz\/fr\/wp-content\/uploads\/2024\/07\/IMG_9226.jpeg\",\"articleSection\":[\"National\"],\"inLanguage\":\"fr-FR\",\"potentialAction\":[{\"@type\":\"CommentAction\",\"name\":\"Comment\",\"target\":[\"https:\/\/elmawkie.dz\/fr\/attaf-recoit-lancien-premier-ministre-palestinien-shtayyeh\/#respond\"]}]},{\"@type\":\"WebPage\",\"@id\":\"https:\/\/elmawkie.dz\/fr\/attaf-recoit-lancien-premier-ministre-palestinien-shtayyeh\/\",\"url\":\"https:\/\/elmawkie.dz\/fr\/attaf-recoit-lancien-premier-ministre-palestinien-shtayyeh\/\",\"name\":\"Attaf re\u00e7oit l\u2019ancien premier ministre palestinien Shtayyeh - El Mawkie\",\"isPartOf\":{\"@id\":\"https:\/\/elmawkie.dz\/fr\/#website\"},\"primaryImageOfPage\":{\"@id\":\"https:\/\/elmawkie.dz\/fr\/attaf-recoit-lancien-premier-ministre-palestinien-shtayyeh\/#primaryimage\"},\"image\":{\"@id\":\"https:\/\/elmawkie.dz\/fr\/attaf-recoit-lancien-premier-ministre-palestinien-shtayyeh\/#primaryimage\"},\"thumbnailUrl\":\"https:\/\/elmawkie.dz\/fr\/wp-content\/uploads\/2024\/07\/IMG_9226.jpeg\",\"datePublished\":\"2024-07-30T19:55:34+00:00\",\"dateModified\":\"2024-07-30T19:55:34+00:00\",\"breadcrumb\":{\"@id\":\"https:\/\/elmawkie.dz\/fr\/attaf-recoit-lancien-premier-ministre-palestinien-shtayyeh\/#breadcrumb\"},\"inLanguage\":\"fr-FR\",\"potentialAction\":[{\"@type\":\"ReadAction\",\"target\":[\"https:\/\/elmawkie.dz\/fr\/attaf-recoit-lancien-premier-ministre-palestinien-shtayyeh\/\"]}]},{\"@type\":\"ImageObject\",\"inLanguage\":\"fr-FR\",\"@id\":\"https:\/\/elmawkie.dz\/fr\/attaf-recoit-lancien-premier-ministre-palestinien-shtayyeh\/#primaryimage\",\"url\":\"https:\/\/elmawkie.dz\/fr\/wp-content\/uploads\/2024\/07\/IMG_9226.jpeg\",\"contentUrl\":\"https:\/\/elmawkie.dz\/fr\/wp-content\/uploads\/2024\/07\/IMG_9226.jpeg\",\"width\":1920,\"height\":1080},{\"@type\":\"BreadcrumbList\",\"@id\":\"https:\/\/elmawkie.dz\/fr\/attaf-recoit-lancien-premier-ministre-palestinien-shtayyeh\/#breadcrumb\",\"itemListElement\":[{\"@type\":\"ListItem\",\"position\":1,\"name\":\"Home\",\"item\":\"https:\/\/elmawkie.dz\/fr\/\"},{\"@type\":\"ListItem\",\"position\":2,\"name\":\"Attaf re\u00e7oit l\u2019ancien premier ministre palestinien Shtayyeh\"}]},{\"@type\":\"WebSite\",\"@id\":\"https:\/\/elmawkie.dz\/fr\/#website\",\"url\":\"https:\/\/elmawkie.dz\/fr\/\",\"name\":\"EL MAWKIE\",\"description\":\"Journal \u00c9lectronique Alg\u00e9rien\",\"publisher\":{\"@id\":\"https:\/\/elmawkie.dz\/fr\/#organization\"},\"potentialAction\":[{\"@type\":\"SearchAction\",\"target\":{\"@type\":\"EntryPoint\",\"urlTemplate\":\"https:\/\/elmawkie.dz\/fr\/?s={search_term_string}\"},\"query-input\":\"required name=search_term_string\"}],\"inLanguage\":\"fr-FR\"},{\"@type\":\"Organization\",\"@id\":\"https:\/\/elmawkie.dz\/fr\/#organization\",\"name\":\"EL MAWKIE\",\"url\":\"https:\/\/elmawkie.dz\/fr\/\",\"logo\":{\"@type\":\"ImageObject\",\"inLanguage\":\"fr-FR\",\"@id\":\"https:\/\/elmawkie.dz\/fr\/#\/schema\/logo\/image\/\",\"url\":\"https:\/\/elmawkie.dz\/fr\/wp-content\/uploads\/2024\/05\/logo1.png\",\"contentUrl\":\"https:\/\/elmawkie.dz\/fr\/wp-content\/uploads\/2024\/05\/logo1.png\",\"width\":1648,\"height\":652,\"caption\":\"EL MAWKIE\"},\"image\":{\"@id\":\"https:\/\/elmawkie.dz\/fr\/#\/schema\/logo\/image\/\"},\"sameAs\":[\"https:\/\/www.facebook.com\/profile.php?id=100088407094989&locale=fr_FR\"]},{\"@type\":\"Person\",\"@id\":\"https:\/\/elmawkie.dz\/fr\/#\/schema\/person\/4ed8433201bc23634185d8dd37097c64\",\"name\":\"Hamra Fouzia\",\"image\":{\"@type\":\"ImageObject\",\"inLanguage\":\"fr-FR\",\"@id\":\"https:\/\/elmawkie.dz\/fr\/#\/schema\/person\/image\/\",\"url\":\"https:\/\/secure.gravatar.com\/avatar\/ea215268aad51f3219f9a59227db6fa1?s=96&d=mm&r=g\",\"contentUrl\":\"https:\/\/secure.gravatar.com\/avatar\/ea215268aad51f3219f9a59227db6fa1?s=96&d=mm&r=g\",\"caption\":\"Hamra Fouzia\"},\"sameAs\":[\"https:\/\/elmawkie.dz\/fr\"],\"url\":\"https:\/\/elmawkie.dz\/fr\/author\/elmawkie\/\"}]}<\/script>\n<!-- \/ Yoast SEO Premium plugin. -->","yoast_head_json":{"title":"Attaf re\u00e7oit l\u2019ancien premier ministre palestinien Shtayyeh - El Mawkie","robots":{"index":"index","follow":"follow","max-snippet":"max-snippet:-1","max-image-preview":"max-image-preview:large","max-video-preview":"max-video-preview:-1"},"canonical":"https:\/\/elmawkie.dz\/fr\/attaf-recoit-lancien-premier-ministre-palestinien-shtayyeh\/","og_locale":"fr_FR","og_type":"article","og_title":"Attaf re\u00e7oit l\u2019ancien premier ministre palestinien Shtayyeh","og_description":"Le ministre des Affaires \u00e9trang\u00e8res et de la Communaut\u00e9 nationale \u00e0 l&rsquo;\u00e9tranger, Ahmed Attaf, a re\u00e7u, mardi au si\u00e8ge du minist\u00e8re, le pr\u00e9sident du Conseil d&rsquo;administration du Centre de recherches palestinien et ancien Premier ministre de l&rsquo;Etat de Palestine, pays fr\u00e8re, Mohammad Shtayyeh, qui effectue une visite de travail en Alg\u00e9rie, indique un communiqu\u00e9 du &hellip;","og_url":"https:\/\/elmawkie.dz\/fr\/attaf-recoit-lancien-premier-ministre-palestinien-shtayyeh\/","og_site_name":"El Mawkie","article_publisher":"https:\/\/www.facebook.com\/profile.php?id=100088407094989&locale=fr_FR","article_published_time":"2024-07-30T19:55:34+00:00","og_image":[{"width":1920,"height":1080,"url":"https:\/\/elmawkie.dz\/fr\/wp-content\/uploads\/2024\/07\/IMG_9226.jpeg","type":"image\/jpeg"}],"author":"Hamra Fouzia","twitter_card":"summary_large_image","twitter_misc":{"Written by":"Hamra Fouzia","Est. reading time":"1 minute"},"schema":{"@context":"https:\/\/schema.org","@graph":[{"@type":"Article","@id":"https:\/\/elmawkie.dz\/fr\/attaf-recoit-lancien-premier-ministre-palestinien-shtayyeh\/#article","isPartOf":{"@id":"https:\/\/elmawkie.dz\/fr\/attaf-recoit-lancien-premier-ministre-palestinien-shtayyeh\/"},"author":{"name":"Hamra Fouzia","@id":"https:\/\/elmawkie.dz\/fr\/#\/schema\/person\/4ed8433201bc23634185d8dd37097c64"},"headline":"Attaf re\u00e7oit l\u2019ancien premier ministre palestinien Shtayyeh","datePublished":"2024-07-30T19:55:34+00:00","dateModified":"2024-07-30T19:55:34+00:00","mainEntityOfPage":{"@id":"https:\/\/elmawkie.dz\/fr\/attaf-recoit-lancien-premier-ministre-palestinien-shtayyeh\/"},"wordCount":223,"commentCount":0,"publisher":{"@id":"https:\/\/elmawkie.dz\/fr\/#organization"},"image":{"@id":"https:\/\/elmawkie.dz\/fr\/attaf-recoit-lancien-premier-ministre-palestinien-shtayyeh\/#primaryimage"},"thumbnailUrl":"https:\/\/elmawkie.dz\/fr\/wp-content\/uploads\/2024\/07\/IMG_9226.jpeg","articleSection":["National"],"inLanguage":"fr-FR","potentialAction":[{"@type":"CommentAction","name":"Comment","target":["https:\/\/elmawkie.dz\/fr\/attaf-recoit-lancien-premier-ministre-palestinien-shtayyeh\/#respond"]}]},{"@type":"WebPage","@id":"https:\/\/elmawkie.dz\/fr\/attaf-recoit-lancien-premier-ministre-palestinien-shtayyeh\/","url":"https:\/\/elmawkie.dz\/fr\/attaf-recoit-lancien-premier-ministre-palestinien-shtayyeh\/","name":"Attaf re\u00e7oit l\u2019ancien premier ministre palestinien Shtayyeh - El Mawkie","isPartOf":{"@id":"https:\/\/elmawkie.dz\/fr\/#website"},"primaryImageOfPage":{"@id":"https:\/\/elmawkie.dz\/fr\/attaf-recoit-lancien-premier-ministre-palestinien-shtayyeh\/#primaryimage"},"image":{"@id":"https:\/\/elmawkie.dz\/fr\/attaf-recoit-lancien-premier-ministre-palestinien-shtayyeh\/#primaryimage"},"thumbnailUrl":"https:\/\/elmawkie.dz\/fr\/wp-content\/uploads\/2024\/07\/IMG_9226.jpeg","datePublished":"2024-07-30T19:55:34+00:00","dateModified":"2024-07-30T19:55:34+00:00","breadcrumb":{"@id":"https:\/\/elmawkie.dz\/fr\/attaf-recoit-lancien-premier-ministre-palestinien-shtayyeh\/#breadcrumb"},"inLanguage":"fr-FR","potentialAction":[{"@type":"ReadAction","target":["https:\/\/elmawkie.dz\/fr\/attaf-recoit-lancien-premier-ministre-palestinien-shtayyeh\/"]}]},{"@type":"ImageObject","inLanguage":"fr-FR","@id":"https:\/\/elmawkie.dz\/fr\/attaf-recoit-lancien-premier-ministre-palestinien-shtayyeh\/#primaryimage","url":"https:\/\/elmawkie.dz\/fr\/wp-content\/uploads\/2024\/07\/IMG_9226.jpeg","contentUrl":"https:\/\/elmawkie.dz\/fr\/wp-content\/uploads\/2024\/07\/IMG_9226.jpeg","width":1920,"height":1080},{"@type":"BreadcrumbList","@id":"https:\/\/elmawkie.dz\/fr\/attaf-recoit-lancien-premier-ministre-palestinien-shtayyeh\/#breadcrumb","itemListElement":[{"@type":"ListItem","position":1,"name":"Home","item":"https:\/\/elmawkie.dz\/fr\/"},{"@type":"ListItem","position":2,"name":"Attaf re\u00e7oit l\u2019ancien premier ministre palestinien Shtayyeh"}]},{"@type":"WebSite","@id":"https:\/\/elmawkie.dz\/fr\/#website","url":"https:\/\/elmawkie.dz\/fr\/","name":"EL MAWKIE","description":"Journal \u00c9lectronique Alg\u00e9rien","publisher":{"@id":"https:\/\/elmawkie.dz\/fr\/#organization"},"potentialAction":[{"@type":"SearchAction","target":{"@type":"EntryPoint","urlTemplate":"https:\/\/elmawkie.dz\/fr\/?s={search_term_string}"},"query-input":"required name=search_term_string"}],"inLanguage":"fr-FR"},{"@type":"Organization","@id":"https:\/\/elmawkie.dz\/fr\/#organization","name":"EL MAWKIE","url":"https:\/\/elmawkie.dz\/fr\/","logo":{"@type":"ImageObject","inLanguage":"fr-FR","@id":"https:\/\/elmawkie.dz\/fr\/#\/schema\/logo\/image\/","url":"https:\/\/elmawkie.dz\/fr\/wp-content\/uploads\/2024\/05\/logo1.png","contentUrl":"https:\/\/elmawkie.dz\/fr\/wp-content\/uploads\/2024\/05\/logo1.png","width":1648,"height":652,"caption":"EL MAWKIE"},"image":{"@id":"https:\/\/elmawkie.dz\/fr\/#\/schema\/logo\/image\/"},"sameAs":["https:\/\/www.facebook.com\/profile.php?id=100088407094989&locale=fr_FR"]},{"@type":"Person","@id":"https:\/\/elmawkie.dz\/fr\/#\/schema\/person\/4ed8433201bc23634185d8dd37097c64","name":"Hamra Fouzia","image":{"@type":"ImageObject","inLanguage":"fr-FR","@id":"https:\/\/elmawkie.dz\/fr\/#\/schema\/person\/image\/","url":"https:\/\/secure.gravatar.com\/avatar\/ea215268aad51f3219f9a59227db6fa1?s=96&d=mm&r=g","contentUrl":"https:\/\/secure.gravatar.com\/avatar\/ea215268aad51f3219f9a59227db6fa1?s=96&d=mm&r=g","caption":"Hamra Fouzia"},"sameAs":["https:\/\/elmawkie.dz\/fr"],"url":"https:\/\/elmawkie.dz\/fr\/author\/elmawkie\/"}]}},"_links":{"self":[{"href":"https:\/\/elmawkie.dz\/fr\/wp-json\/wp\/v2\/posts\/3438","targetHints":{"allow":["GET"]}}],"collection":[{"href":"https:\/\/elmawkie.dz\/fr\/wp-json\/wp\/v2\/posts"}],"about":[{"href":"https:\/\/elmawkie.dz\/fr\/wp-json\/wp\/v2\/types\/post"}],"author":[{"embeddable":true,"href":"https:\/\/elmawkie.dz\/fr\/wp-json\/wp\/v2\/users\/3"}],"replies":[{"embeddable":true,"href":"https:\/\/elmawkie.dz\/fr\/wp-json\/wp\/v2\/comments?post=3438"}],"version-history":[{"count":0,"href":"https:\/\/elmawkie.dz\/fr\/wp-json\/wp\/v2\/posts\/3438\/revisions"}],"wp:featuredmedia":[{"embeddable":true,"href":"https:\/\/elmawkie.dz\/fr\/wp-json\/wp\/v2\/media\/3439"}],"wp:attachment":[{"href":"https:\/\/elmawkie.dz\/fr\/wp-json\/wp\/v2\/media?parent=3438"}],"wp:term":[{"taxonomy":"category","embeddable":true,"href":"https:\/\/elmawkie.dz\/fr\/wp-json\/wp\/v2\/categories?post=3438"},{"taxonomy":"post_tag","embeddable":true,"href":"https:\/\/elmawkie.dz\/fr\/wp-json\/wp\/v2\/tags?post=3438"}],"curies":[{"name":"wp","href":"https:\/\/api.w.org\/{rel}","templated":true}]}}